{"id":69956,"date":"2025-05-21T15:20:05","date_gmt":"2025-05-21T18:20:05","guid":{"rendered":"https:\/\/noticiasribeiraopreto.com.br\/index.php\/2025\/05\/21\/videos-motociclista-morre-apos-bater-em-poste-na-zona-norte\/"},"modified":"2025-05-21T15:20:05","modified_gmt":"2025-05-21T18:20:05","slug":"videos-motociclista-morre-apos-bater-em-poste-na-zona-norte","status":"publish","type":"post","link":"https:\/\/noticiasribeiraopreto.com.br\/index.php\/2025\/05\/21\/videos-motociclista-morre-apos-bater-em-poste-na-zona-norte\/","title":{"rendered":"V\u00cdDEOS &#8211; Motociclista morre ap\u00f3s bater em poste na zona Norte"},"content":{"rendered":"<div class='code-block code-block-1' style='margin: 8px 0 8px auto; text-align: right; display: block; clear: both;'>\n<p><a href=\"https:\/\/wa.link\/vpicfd\"><img data-recalc-dims=\"1\" class=\"wp-image-4922\" style=\"aspect-ratio: 2.0253164556962027; width: 561px; height: auto;\" src=\"https:\/\/i0.wp.com\/ismaelcolosi.com.br\/wp-content\/uploads\/2023\/11\/grupo-de-empregos-whatsapp-e-facebook-ismael-colosi-vagas.jpg?ssl=1\" alt=\"\" \/><\/a><\/p>\n<!-- \/wp:image -->\n<\/div>\n<p> <br \/>\n<\/p>\n<div id=\"\">\n<h2 class=\"penci-post-subtitle\">V\u00edtima chegou a ser socorrida, mas morreu enquanto era atendida<\/h2>\n<p>\n\t\t\t\t\t\t\t\t\t<span class=\"entry-meta-item penci-posted-on\"><i class=\"fa fa-clock-o\"\/><time class=\"entry-date published\" datetime=\"2025-05-21T08:30:50-03:00\">21 de maio de 2025 08:30<\/time><time class=\"updated\" datetime=\"2025-05-21T08:42:42-03:00\">21 de maio de 2025 08:42<\/time><\/span><span class=\"entry-meta-item penci-post-countview\"><span class=\"entry-meta-item penci-post-countview penci_post-meta_item\"><i class=\"fa fa-eye\"\/><span class=\"penci-post-countview-number penci-post-countview-p426357\">28<\/span><\/span><\/span>\t\t\t\t\t\t\t\t<\/p>\n<p><!-- .entry-meta --><br \/>\n\t\t\t\t\t\t\t\t<span class=\"penci-social-buttons penci-social-share-footer\"><span class=\"penci-social-share-text\">Compartilhar<\/span><a href=\"#\" class=\"penci-post-like penci_post-meta_item  single-like-button penci-social-item like\" data-post_id=\"426357\" title=\"Like\" data-like=\"Like\" data-unlike=\"Unlike\"><i class=\"fa fa-thumbs-o-up\"\/><span class=\"penci-share-number\">2<\/span><\/a><i class=\"fa fa-facebook\"\/><a class=\"penci-social-item twitter\" target=\"_blank\" rel=\"noopener\" title=\"\" href=\"https:\/\/twitter.com\/intent\/tweet?text=V\u00cdDEOS%20-%20Motociclista%20morre%20ap\u00f3s%20bater%20em%20poste%20na%20zona%20Norte%20-%20https:\/\/www.tribunaribeirao.com.br\/videos-motociclista-morre-apos-bater-em-poste-na-zona-norte\/\"><i class=\"fa fa-twitter\"\/><\/a><i class=\"fa fa-linkedin\"\/><i class=\"fa fa-whatsapp\"\/><i class=\"fa fa-telegram\"\/><i class=\"fa fa-envelope\"\/><\/span>\t\t\t\t\t\t\t<\/div>\n<div>\n<p>Por: Adalberto Luque<\/p>\n<p>Um moto-boy de 35 anos morreu, no in\u00edcio da noite desta ter\u00e7a-feira (20), ap\u00f3s sofrer um acidente de tr\u00e2nsito. Evanildo Batista da Cunha colidiu com sua moto contra um poste, na rua Carlos Cesar Tonelo, Jardim Heitor Rigon, zona Norte de Ribeir\u00e3o Preto.<\/p>\n<p>Segundo informa\u00e7\u00f5es da Pol\u00edcia Militar, ele chegou a ser levado por socorristas para a Unidade de Pronto Atendimento (UPA) Norte, no Simioni, mas n\u00e3o resistiu os ferimentos. C\u00e2meras de seguran\u00e7a registraram o choque. O motociclista veio pela direita de um Jeep Compass que seguia no mesmo sentido.<\/p>\n<p><iframe loading=\"lazy\" title=\"Motociclista Rigon 2\" width=\"500\" height=\"281\" src=\"https:\/\/www.youtube.com\/embed\/qxWYgOULk3Q?feature=oembed\" frameborder=\"0\" allow=\"accelerometer; autoplay; clipboard-write; encrypted-media; gyroscope; picture-in-picture; web-share\" referrerpolicy=\"strict-origin-when-cross-origin\" allowfullscreen><\/iframe><\/p>\n<p>Por motivos a serem esclarecidos, ele perdeu o controle de dire\u00e7\u00e3o e bateu direto no poste. As c\u00e2meras registraram que o condutor da moto ainda tentou se levantar, mas n\u00e3o conseguiu ficar de p\u00e9 por muito tempo. Pouco depois, ele perdeu a consci\u00eancia. No Boletim de Ocorr\u00eancia (B.O.), consta que o motociclista vinha atr\u00e1s do ve\u00edculo e teria feito uma ultrapassagem pela direita, perdendo o controle de dire\u00e7\u00e3o.<\/p>\n<p>No outro carro n\u00e3o havia sinais que indicassem ter havido uma colis\u00e3o. O motorista do carro que estava a seu lado parou para ajudar no socorro \u00e0 v\u00edtima. O local foi preservado para o trabalho de per\u00edcia e o corpo foi levado para o Instituto M\u00e9dico Legal. A Pol\u00edcia Civil vai apurar as circunst\u00e2ncias do acidente.<\/p>\n<p>\u00a0<\/p>\n<p>_______________<\/p>\n<p>\u00a0<\/p>\n<p>Jornal Tribuna Ribeir\u00e3o<br \/>Um Jornal com a cara de Ribeir\u00e3o!<\/p>\n<p>Impresso | WEB | Redes sociais<br \/>Tribuna Ribeir\u00e3o \u2013 Fone: (16) 3632-2200 \u2013 Whatsapp: (16) 98161-8743<br \/>Av. Bar\u00e3o do Bananal, 880 \u2013 Jardim Anhanguera, Ribeir\u00e3o Preto<\/p>\n<p>@tribunaribeirao<br \/>@meiaderibeirao<br \/>@dinoderibeirao<br \/>#TribunaRibeir\u00e3o<br \/>#News<br \/>#Not\u00edcia<br \/>#Ribeir\u00e3oPreto #Not\u00edciasDeRibeir\u00e3oPreto<br \/>#ClassificadosTribunaRibeir\u00e3o<br \/>#Jornalismo<br \/>#ClassificadosRibeir\u00e3o<\/p>\n<\/div>\n<p><script async src=\"\/\/platform.twitter.com\/widgets.js\" charset=\"utf-8\"><\/script><br \/>\n<br \/><br \/>\n<br \/><a href=\"https:\/\/www.tribunaribeirao.com.br\/videos-motociclista-morre-apos-bater-em-poste-na-zona-norte\/\">Source link <\/a><\/p>\n<!-- CONTENT END 1 -->\n","protected":false},"excerpt":{"rendered":"<p>V\u00edtima chegou a ser socorrida, mas morreu enquanto era atendida 21 de maio de 2025 08:3021 de maio de 2025 08:4228 Compartilhar2 Por: Adalberto Luque&#8230;<\/p>\n","protected":false},"author":1,"featured_media":69958,"comment_status":"open","ping_status":"open","sticky":false,"template":"","format":"standard","meta":{"advanced_seo_description":"","jetpack_seo_html_title":"","jetpack_seo_noindex":false,"jetpack_post_was_ever_published":false,"_jetpack_newsletter_access":"","_jetpack_dont_email_post_to_subs":false,"_jetpack_newsletter_tier_id":0,"_jetpack_memberships_contains_paywalled_content":false,"_jetpack_memberships_contains_paid_content":false,"footnotes":"","jetpack_publicize_message":"","jetpack_publicize_feature_enabled":true,"jetpack_social_post_already_shared":true,"jetpack_social_options":{"image_generator_settings":{"template":"highway","default_image_id":0,"font":"","enabled":false},"version":2}},"categories":[11],"tags":[],"class_list":["post-69956","post","type-post","status-publish","format-standard","has-post-thumbnail","hentry","category-noticias-de-ribeirao-preto-sp-e-regiao-ismael-colosi"],"jetpack_publicize_connections":[],"jetpack_featured_media_url":"https:\/\/i0.wp.com\/noticiasribeiraopreto.com.br\/wp-content\/uploads\/2025\/05\/21-mai-2025-acidenterigon-scaled.jpg?fit=800%2C449&ssl=1","jetpack-related-posts":[{"id":69195,"url":"https:\/\/noticiasribeiraopreto.com.br\/index.php\/2025\/05\/03\/inss-libera-abono-acima-do-minimo\/","url_meta":{"origin":69956,"position":0},"title":"INSS libera abono\u00a0acima do m\u00ednimo\u00a0","author":"noticiasribeiraopreto.com.br","date":"3 de May de 2025","format":false,"excerpt":"Em 24 de abril, o Instituto Nacional do Seguro Social (INSS) passou a creditar a primeira parcela do d\u00e9cimo terceiro sal\u00e1rio, junto com o pagamento do m\u00eas para aposentados, pensionistas e benefici\u00e1rios de aux\u00edlios pagos pelo \u00f3rg\u00e3o. Quem recebe menos de um sal\u00e1rio m\u00ednimo (R$ 1.518) teve prioridade. Os valores\u2026","rel":"","context":"In &quot;Not\u00edcias de Ribeir\u00e3o Preto-SP e Regi\u00e3o&quot;","block_context":{"text":"Not\u00edcias de Ribeir\u00e3o Preto-SP e Regi\u00e3o","link":"https:\/\/noticiasribeiraopreto.com.br\/index.php\/category\/noticias-de-ribeirao-preto-sp-e-regiao-ismael-colosi\/"},"img":{"alt_text":"","src":"https:\/\/i0.wp.com\/noticiasribeiraopreto.com.br\/wp-content\/uploads\/2025\/05\/Apose13-Marcello-Casal-Jr.-Ag.Br_.-1.jpg?fit=1170%2C700&ssl=1&resize=350%2C200","width":350,"height":200,"srcset":"https:\/\/i0.wp.com\/noticiasribeiraopreto.com.br\/wp-content\/uploads\/2025\/05\/Apose13-Marcello-Casal-Jr.-Ag.Br_.-1.jpg?fit=1170%2C700&ssl=1&resize=350%2C200 1x, https:\/\/i0.wp.com\/noticiasribeiraopreto.com.br\/wp-content\/uploads\/2025\/05\/Apose13-Marcello-Casal-Jr.-Ag.Br_.-1.jpg?fit=1170%2C700&ssl=1&resize=525%2C300 1.5x, https:\/\/i0.wp.com\/noticiasribeiraopreto.com.br\/wp-content\/uploads\/2025\/05\/Apose13-Marcello-Casal-Jr.-Ag.Br_.-1.jpg?fit=1170%2C700&ssl=1&resize=700%2C400 2x, https:\/\/i0.wp.com\/noticiasribeiraopreto.com.br\/wp-content\/uploads\/2025\/05\/Apose13-Marcello-Casal-Jr.-Ag.Br_.-1.jpg?fit=1170%2C700&ssl=1&resize=1050%2C600 3x"},"classes":[]},{"id":68304,"url":"https:\/\/noticiasribeiraopreto.com.br\/index.php\/2025\/04\/24\/inss-libera-primeira-parcela-do-13o\/","url_meta":{"origin":69956,"position":1},"title":"INSS libera primeira parcela do 13\u00ba \u00a0","author":"noticiasribeiraopreto.com.br","date":"24 de April de 2025","format":false,"excerpt":"O Instituto Nacional do Seguro Social (INSS) credita nesta quinta-feira, 24 de abril, a primeira parcela do d\u00e9cimo terceiro sal\u00e1rio e o pagamento do m\u00eas para 34,2 milh\u00f5es de aposentados, pensionistas e benefici\u00e1rios de aux\u00edlios pagos pelo \u00f3rg\u00e3o. Os valores podem ser consultados via Central de Atendimento 135 ou pelo\u2026","rel":"","context":"In &quot;Not\u00edcias de Ribeir\u00e3o Preto-SP e Regi\u00e3o&quot;","block_context":{"text":"Not\u00edcias de Ribeir\u00e3o Preto-SP e Regi\u00e3o","link":"https:\/\/noticiasribeiraopreto.com.br\/index.php\/category\/noticias-de-ribeirao-preto-sp-e-regiao-ismael-colosi\/"},"img":{"alt_text":"","src":"https:\/\/i0.wp.com\/noticiasribeiraopreto.com.br\/wp-content\/uploads\/2025\/04\/Apose13-Fernando-Frazao-Ag.Br_.-2.jpg?fit=1170%2C700&ssl=1&resize=350%2C200","width":350,"height":200,"srcset":"https:\/\/i0.wp.com\/noticiasribeiraopreto.com.br\/wp-content\/uploads\/2025\/04\/Apose13-Fernando-Frazao-Ag.Br_.-2.jpg?fit=1170%2C700&ssl=1&resize=350%2C200 1x, https:\/\/i0.wp.com\/noticiasribeiraopreto.com.br\/wp-content\/uploads\/2025\/04\/Apose13-Fernando-Frazao-Ag.Br_.-2.jpg?fit=1170%2C700&ssl=1&resize=525%2C300 1.5x, https:\/\/i0.wp.com\/noticiasribeiraopreto.com.br\/wp-content\/uploads\/2025\/04\/Apose13-Fernando-Frazao-Ag.Br_.-2.jpg?fit=1170%2C700&ssl=1&resize=700%2C400 2x, https:\/\/i0.wp.com\/noticiasribeiraopreto.com.br\/wp-content\/uploads\/2025\/04\/Apose13-Fernando-Frazao-Ag.Br_.-2.jpg?fit=1170%2C700&ssl=1&resize=1050%2C600 3x"},"classes":[]},{"id":49108,"url":"https:\/\/noticiasribeiraopreto.com.br\/index.php\/2024\/05\/08\/paroquia-de-ribeirao-preto-tem-quermesse-com-comidas-tipicas-jogos-e-bingo-veja-quando\/","url_meta":{"origin":69956,"position":2},"title":"Par\u00f3quia de Ribeir\u00e3o Preto tem quermesse com comidas t\u00edpicas, jogos e bingo; Veja quando","author":"noticiasribeiraopreto.com.br","date":"8 de May de 2024","format":false,"excerpt":"A Festa da Padroeira da Par\u00f3quia Nossa Senhora de F\u00e1tima (Estigmatinos), no Jardim Sumar\u00e9, zona Sul de Ribeir\u00e3o Preto, acontece entre os dias 4 e 13 de maio. Al\u00e9m da novena e da solenidade a Santa, a programa\u00e7\u00e3o da festa conta com uma quermesse nos dias 10, 11 e 12\u2026","rel":"","context":"In &quot;Not\u00edcias de Ribeir\u00e3o Preto-SP e Regi\u00e3o&quot;","block_context":{"text":"Not\u00edcias de Ribeir\u00e3o Preto-SP e Regi\u00e3o","link":"https:\/\/noticiasribeiraopreto.com.br\/index.php\/category\/noticias-de-ribeirao-preto-sp-e-regiao-ismael-colosi\/"},"img":{"alt_text":"","src":"https:\/\/i0.wp.com\/noticiasribeiraopreto.com.br\/wp-content\/uploads\/2024\/05\/ShoppingdeRibeiroPretopromovefestajuninaejulinacombalonismo_Tamanho_2_image.jpg?fit=1200%2C900&ssl=1&resize=350%2C200","width":350,"height":200,"srcset":"https:\/\/i0.wp.com\/noticiasribeiraopreto.com.br\/wp-content\/uploads\/2024\/05\/ShoppingdeRibeiroPretopromovefestajuninaejulinacombalonismo_Tamanho_2_image.jpg?fit=1200%2C900&ssl=1&resize=350%2C200 1x, https:\/\/i0.wp.com\/noticiasribeiraopreto.com.br\/wp-content\/uploads\/2024\/05\/ShoppingdeRibeiroPretopromovefestajuninaejulinacombalonismo_Tamanho_2_image.jpg?fit=1200%2C900&ssl=1&resize=525%2C300 1.5x, https:\/\/i0.wp.com\/noticiasribeiraopreto.com.br\/wp-content\/uploads\/2024\/05\/ShoppingdeRibeiroPretopromovefestajuninaejulinacombalonismo_Tamanho_2_image.jpg?fit=1200%2C900&ssl=1&resize=700%2C400 2x, https:\/\/i0.wp.com\/noticiasribeiraopreto.com.br\/wp-content\/uploads\/2024\/05\/ShoppingdeRibeiroPretopromovefestajuninaejulinacombalonismo_Tamanho_2_image.jpg?fit=1200%2C900&ssl=1&resize=1050%2C600 3x"},"classes":[]},{"id":70415,"url":"https:\/\/noticiasribeiraopreto.com.br\/index.php\/2025\/05\/26\/centro-abre-inscricoes-para-cursos-gratuitos\/","url_meta":{"origin":69956,"position":3},"title":"Centro abre inscri\u00e7\u00f5es para cursos gratuitos \u00a0","author":"noticiasribeiraopreto.com.br","date":"26 de May de 2025","format":false,"excerpt":"26 de maio de 2025 08:3025 de maio de 2025 18:2010 Compartilhar0 O Centro de Qualifica\u00e7\u00e3o Social e Profissional de Ribeir\u00e3o Preto, vinculado \u00e0 Secretaria Municipal de Assist\u00eancia Social, abre nesta segunda-feira, 26 de maio, inscri\u00e7\u00f5es para 284 vagas em 18 cursos profissionalizantes gratuitos. As aulas ser\u00e3o realizadas nos per\u00edodos\u2026","rel":"","context":"In &quot;Not\u00edcias de Ribeir\u00e3o Preto-SP e Regi\u00e3o&quot;","block_context":{"text":"Not\u00edcias de Ribeir\u00e3o Preto-SP e Regi\u00e3o","link":"https:\/\/noticiasribeiraopreto.com.br\/index.php\/category\/noticias-de-ribeirao-preto-sp-e-regiao-ismael-colosi\/"},"img":{"alt_text":"","src":"https:\/\/i0.wp.com\/noticiasribeiraopreto.com.br\/wp-content\/uploads\/2025\/05\/QualiRP-Divulgacao-01.png?fit=1200%2C799&ssl=1&resize=350%2C200","width":350,"height":200,"srcset":"https:\/\/i0.wp.com\/noticiasribeiraopreto.com.br\/wp-content\/uploads\/2025\/05\/QualiRP-Divulgacao-01.png?fit=1200%2C799&ssl=1&resize=350%2C200 1x, https:\/\/i0.wp.com\/noticiasribeiraopreto.com.br\/wp-content\/uploads\/2025\/05\/QualiRP-Divulgacao-01.png?fit=1200%2C799&ssl=1&resize=525%2C300 1.5x, https:\/\/i0.wp.com\/noticiasribeiraopreto.com.br\/wp-content\/uploads\/2025\/05\/QualiRP-Divulgacao-01.png?fit=1200%2C799&ssl=1&resize=700%2C400 2x, https:\/\/i0.wp.com\/noticiasribeiraopreto.com.br\/wp-content\/uploads\/2025\/05\/QualiRP-Divulgacao-01.png?fit=1200%2C799&ssl=1&resize=1050%2C600 3x"},"classes":[]},{"id":69668,"url":"https:\/\/noticiasribeiraopreto.com.br\/index.php\/2025\/05\/08\/jornal-da-franca-expoagro-comeca-dia-12-com-atracoes-para-toda-a-familia-e-homenagens-a-criadores\/","url_meta":{"origin":69956,"position":4},"title":"Jornal da Franca &#8211; Expoagro come\u00e7a dia 12 com atra\u00e7\u00f5es para toda a fam\u00edlia e homenagens a criadores","author":"noticiasribeiraopreto.com.br","date":"8 de May de 2025","format":false,"excerpt":"compartilhar no whatsapp compartilhar no telegram compartilhar no facebook compartilhar no linkedin Evento ter\u00e1 exposi\u00e7\u00f5es de ra\u00e7as bovinas e equinas, provas equestres, palestras t\u00e9cnicas e espa\u00e7o para divers\u00e3o infantil, de 12 a 25 de maio no Parque Fernando Costa 54\u00aa Expoagro come\u00e7a na pr\u00f3xima semana com gado nelore e prova\u2026","rel":"","context":"In &quot;Not\u00edcias de Franca-SP&quot;","block_context":{"text":"Not\u00edcias de Franca-SP","link":"https:\/\/noticiasribeiraopreto.com.br\/index.php\/category\/noticias-de-ribeirao-preto-sp-e-regiao-ismael-colosi\/noticias-franca-sp\/"},"img":{"alt_text":"","src":"https:\/\/i0.wp.com\/noticiasribeiraopreto.com.br\/wp-content\/uploads\/2025\/05\/gado-Nelore-na-Expoagro.jpeg?fit=1200%2C794&ssl=1&resize=350%2C200","width":350,"height":200,"srcset":"https:\/\/i0.wp.com\/noticiasribeiraopreto.com.br\/wp-content\/uploads\/2025\/05\/gado-Nelore-na-Expoagro.jpeg?fit=1200%2C794&ssl=1&resize=350%2C200 1x, https:\/\/i0.wp.com\/noticiasribeiraopreto.com.br\/wp-content\/uploads\/2025\/05\/gado-Nelore-na-Expoagro.jpeg?fit=1200%2C794&ssl=1&resize=525%2C300 1.5x, https:\/\/i0.wp.com\/noticiasribeiraopreto.com.br\/wp-content\/uploads\/2025\/05\/gado-Nelore-na-Expoagro.jpeg?fit=1200%2C794&ssl=1&resize=700%2C400 2x, https:\/\/i0.wp.com\/noticiasribeiraopreto.com.br\/wp-content\/uploads\/2025\/05\/gado-Nelore-na-Expoagro.jpeg?fit=1200%2C794&ssl=1&resize=1050%2C600 3x"},"classes":[]},{"id":47341,"url":"https:\/\/noticiasribeiraopreto.com.br\/index.php\/2024\/04\/25\/bolsa-familia-oferece-r-2-mil-em-maio-descubra-se-voce-esta-na-lista\/","url_meta":{"origin":69956,"position":5},"title":"Bolsa Fam\u00edlia oferece R$ 2 Mil em Maio: Descubra se voc\u00ea est\u00e1 na lista","author":"noticiasribeiraopreto.com.br","date":"25 de April de 2024","format":false,"excerpt":"A recente decis\u00e3o de permitir o ac\u00famulo do Bolsa Fam\u00edlia e dos Benef\u00edcios de Pagamento Cont\u00ednuo (BPC) \u00e9 uma not\u00edcia positiva para os benefici\u00e1rios, pois aumenta a probabilidade de receber mais de 2 mil reais a partir de maio de 2024. O BPC \u00e9 um benef\u00edcio eleg\u00edvel para idosos e\u2026","rel":"","context":"In &quot;Dinheiro e Investimento&quot;","block_context":{"text":"Dinheiro e Investimento","link":"https:\/\/noticiasribeiraopreto.com.br\/index.php\/category\/dinheiro-e-investimento-como-fazer-como-ganhar\/"},"img":{"alt_text":"","src":"https:\/\/i0.wp.com\/noticiasribeiraopreto.com.br\/wp-content\/uploads\/2024\/04\/Design-sem-nome-3.webp.webp?fit=1200%2C630&ssl=1&resize=350%2C200","width":350,"height":200,"srcset":"https:\/\/i0.wp.com\/noticiasribeiraopreto.com.br\/wp-content\/uploads\/2024\/04\/Design-sem-nome-3.webp.webp?fit=1200%2C630&ssl=1&resize=350%2C200 1x, https:\/\/i0.wp.com\/noticiasribeiraopreto.com.br\/wp-content\/uploads\/2024\/04\/Design-sem-nome-3.webp.webp?fit=1200%2C630&ssl=1&resize=525%2C300 1.5x, https:\/\/i0.wp.com\/noticiasribeiraopreto.com.br\/wp-content\/uploads\/2024\/04\/Design-sem-nome-3.webp.webp?fit=1200%2C630&ssl=1&resize=700%2C400 2x, https:\/\/i0.wp.com\/noticiasribeiraopreto.com.br\/wp-content\/uploads\/2024\/04\/Design-sem-nome-3.webp.webp?fit=1200%2C630&ssl=1&resize=1050%2C600 3x"},"classes":[]}],"jetpack_sharing_enabled":true,"jetpack_shortlink":"https:\/\/wp.me\/peQAOb-ick","_links":{"self":[{"href":"https:\/\/noticiasribeiraopreto.com.br\/index.php\/wp-json\/wp\/v2\/posts\/69956","targetHints":{"allow":["GET"]}}],"collection":[{"href":"https:\/\/noticiasribeiraopreto.com.br\/index.php\/wp-json\/wp\/v2\/posts"}],"about":[{"href":"https:\/\/noticiasribeiraopreto.com.br\/index.php\/wp-json\/wp\/v2\/types\/post"}],"author":[{"embeddable":true,"href":"https:\/\/noticiasribeiraopreto.com.br\/index.php\/wp-json\/wp\/v2\/users\/1"}],"replies":[{"embeddable":true,"href":"https:\/\/noticiasribeiraopreto.com.br\/index.php\/wp-json\/wp\/v2\/comments?post=69956"}],"version-history":[{"count":0,"href":"https:\/\/noticiasribeiraopreto.com.br\/index.php\/wp-json\/wp\/v2\/posts\/69956\/revisions"}],"wp:featuredmedia":[{"embeddable":true,"href":"https:\/\/noticiasribeiraopreto.com.br\/index.php\/wp-json\/wp\/v2\/media\/69958"}],"wp:attachment":[{"href":"https:\/\/noticiasribeiraopreto.com.br\/index.php\/wp-json\/wp\/v2\/media?parent=69956"}],"wp:term":[{"taxonomy":"category","embeddable":true,"href":"https:\/\/noticiasribeiraopreto.com.br\/index.php\/wp-json\/wp\/v2\/categories?post=69956"},{"taxonomy":"post_tag","embeddable":true,"href":"https:\/\/noticiasribeiraopreto.com.br\/index.php\/wp-json\/wp\/v2\/tags?post=69956"}],"curies":[{"name":"wp","href":"https:\/\/api.w.org\/{rel}","templated":true}]}}