{"id":69959,"date":"2025-05-21T15:23:29","date_gmt":"2025-05-21T18:23:29","guid":{"rendered":"https:\/\/noticiasribeiraopreto.com.br\/index.php\/2025\/05\/21\/fim-da-reeleicao-para-prefeitos-governadores-e-presidente-e-aprovado-em-ccj-do-senado\/"},"modified":"2025-05-21T15:23:29","modified_gmt":"2025-05-21T18:23:29","slug":"fim-da-reeleicao-para-prefeitos-governadores-e-presidente-e-aprovado-em-ccj-do-senado","status":"publish","type":"post","link":"https:\/\/noticiasribeiraopreto.com.br\/index.php\/2025\/05\/21\/fim-da-reeleicao-para-prefeitos-governadores-e-presidente-e-aprovado-em-ccj-do-senado\/","title":{"rendered":"Fim da reelei\u00e7\u00e3o para prefeitos, governadores e presidente \u00e9 aprovado em CCJ do Senado"},"content":{"rendered":"<p> <br \/>\n<\/p>\n<div>\n<p>A<strong> CCJ (Comiss\u00e3o de Constitui\u00e7\u00e3o e Justi\u00e7a) <\/strong>do <strong><a href=\"https:\/\/www12.senado.leg.br\/noticias\/videos\/2025\/05\/ao-vivo-ccj-vota-proposta-que-acaba-com-a-reeleicao-2013-21-5-25\">Senado<\/a><\/strong> aprovou na manh\u00e3 desta quarta-feira (21) a <strong>PEC (Proposta de Emenda \u00e0 Constitui\u00e7\u00e3o)<\/strong> que acaba com a reelei\u00e7\u00e3o. <mark style=\"background-color:#fcb900\" class=\"has-inline-color has-black-color\">A medida \u00e9 v\u00e1lida para prefeitos, governadores e presidente da Rep\u00fablica.<\/mark><\/p>\n<p>O texto do senador<strong> Jorge Kajuru (Pode)<\/strong> prop\u00f5e o aumento do<mark style=\"background-color:#fcb900\" class=\"has-inline-color has-black-color\"> tempo de mandato para cinco anos.<\/mark> Isso seria v\u00e1lido<mark style=\"background-color:#fcb900\" class=\"has-inline-color has-black-color\"> para todos os cargos<\/mark>, incluindo vereadores, deputados e senadores a partir de 2034.<\/p>\n<figure class=\"wp-block-embed is-type-video is-provider-youtube wp-block-embed-youtube wp-embed-aspect-16-9 wp-has-aspect-ratio\">\n<div class=\"wp-block-embed__wrapper\">\n<p><iframe loading=\"lazy\" title=\"CCJ analisa fim da reelei\u00e7\u00e3o \u2013 21\/5\/25\" width=\"500\" height=\"281\" src=\"https:\/\/www.youtube.com\/embed\/74TV_M4BGvs?feature=oembed\" frameborder=\"0\" allow=\"accelerometer; autoplay; clipboard-write; encrypted-media; gyroscope; picture-in-picture; web-share\" referrerpolicy=\"strict-origin-when-cross-origin\" allowfullscreen><\/iframe><\/p>\n<\/div>\n<\/figure>\n<h2 class=\"wp-block-heading\"><strong>Unifica\u00e7\u00e3o<\/strong><\/h2>\n<p>O relator da PEC 12\/2022, o senador Marcelo Castro (MDB), incluiu no texto a unifica\u00e7\u00e3o das elei\u00e7\u00f5es para todos os cargos no Pa\u00eds a cada cinco anos, a partir de 2034. Desta forma, em uma \u00fanica data os eleitores v\u00e3o escolher prefeitos, vereadores, deputados, senadores, governadores e presidente.<\/p>\n<p>Segundo Kajuru, a medida deve gerar economia de recursos p\u00fablicos e mais previsibilidade. A inten\u00e7\u00e3o \u00e9 garantir que candidatos a cargos do Poder Executivo tenham \u201cuma maior oportunidade de competir em condi\u00e7\u00f5es mais igualit\u00e1rias, sem a vantagem dos atuais ocupantes do cargo\u201d.<\/p>\n<h2 class=\"wp-block-heading\"><strong>Renova\u00e7\u00e3o<\/strong><\/h2>\n<p>O texto tamb\u00e9m menciona que, para a sociedade, \u201ca proposta pode promover a renova\u00e7\u00e3o pol\u00edtica, permitindo o surgimento de novas lideran\u00e7as e ideias, al\u00e9m de proporcionar um per\u00edodo maior para a implementa\u00e7\u00e3o de programas de governo\u201d.<\/p>\n<p>\u201cA nosso ver, a renova\u00e7\u00e3o da representa\u00e7\u00e3o pol\u00edtica \u00e9 sempre desej\u00e1vel. Permite simultaneamente o surgimento de novas lideran\u00e7as e d\u00e1 \u00e0s antigas, retiradas momentaneamente do exerc\u00edcio do mandato, a oportunidade de, no conv\u00edvio com suas bases eleitorais, atualizar sua agenda e suas propostas\u201d.<\/p>\n<p>Caso aprovada, a PEC prev\u00ea que os atuais membros do Executivo concluam seus mandatos e, se estiverem no primeiro mandato, possam se candidatar \u00e0 reelei\u00e7\u00e3o uma \u00faltima vez. A mudan\u00e7a pode exigir ajustes nos calend\u00e1rios e processos eleitorais.<\/p>\n<h2 class=\"wp-block-heading\"><strong>E agora?<\/strong><\/h2>\n<p>Ap\u00f3s aprova\u00e7\u00e3o na CCJ, a proposta segue para uma comiss\u00e3o especial antes de seguir para vota\u00e7\u00e3o em plen\u00e1rio. Depois, ainda precisa passar pela C\u00e2mara, j\u00e1 que a PEC teve in\u00edcio no Senado.<\/p>\n<p>Para ser aprovada, uma PEC precisa de apoio de tr\u00eas quintos dos parlamentares nas duas Casas. Dessa forma, a proposta precisa do apoio de pelo menos 54 senadores, do total de 81, e de no m\u00ednimo 308 deputados entre os 513 (com informa\u00e7\u00f5es <strong>Maria Magnabosco\/Estad\u00e3o Conte\u00fado<\/strong>).<\/p>\n<p>SAIBA MAIS<br \/>Evento re\u00fane brech\u00f3s e oferece mais de 10 mil pe\u00e7as em Ribeir\u00e3o Preto; Veja quando<\/p>\n<h2 class=\"wp-block-heading\"><strong>FIQUE ON<\/strong><\/h2>\n<p>Fique ligado em tudo que acontece em Ribeir\u00e3o Preto e regi\u00e3o. Siga os perfis do\u00a0<strong>acidade on<\/strong>\u00a0no\u00a0<a href=\"https:\/\/www.instagram.com\/acidadeonribeirao\">Instagram\u00a0<\/a>e no\u00a0<a href=\"https:\/\/www.facebook.com\/acidadeonribeirao\/\">Facebook.<\/a><\/p>\n<p>Receba not\u00edcias do\u00a0<strong>acidade on<\/strong>\u00a0no WhatsApp.\u00a0<a href=\"https:\/\/chat.whatsapp.com\/BjKQZ9oJwlz8VVT50NuePq\">Para entrar no grupo, basta clicar aqui.<\/a><\/p>\n<p>Fa\u00e7a uma den\u00fancia ou sugira uma reportagem sobre Ribeir\u00e3o Preto e regi\u00e3o pelo WhatsApp: 16 99117 7802.<\/p>\n<p>VEJA TAMB\u00c9M<br \/>Quais marcas de azeite tiveram a venda proibida?<\/p>\n<p><!-- CONTENT END 1 -->\n<\/div>\n<p><script async src=\"\/\/www.instagram.com\/embed.js\"><\/script><br \/>\n<br \/><br \/>\n<br \/><a href=\"https:\/\/www.acidadeon.com\/ribeiraopreto\/politica\/fim-da-reeleicao-para-prefeitos-governadores-e-presidente-e-aprovada-em-ccj-do-senado\/\">Source link <\/a><\/p>\n","protected":false},"excerpt":{"rendered":"<p>A CCJ (Comiss\u00e3o de Constitui\u00e7\u00e3o e Justi\u00e7a) do Senado aprovou na manh\u00e3 desta quarta-feira (21) a PEC (Proposta de Emenda \u00e0 Constitui\u00e7\u00e3o) que acaba com&#8230;<\/p>\n","protected":false},"author":1,"featured_media":69961,"comment_status":"open","ping_status":"open","sticky":false,"template":"","format":"standard","meta":{"advanced_seo_description":"","jetpack_seo_html_title":"","jetpack_seo_noindex":false,"jetpack_post_was_ever_published":false,"_jetpack_newsletter_access":"","_jetpack_dont_email_post_to_subs":false,"_jetpack_newsletter_tier_id":0,"_jetpack_memberships_contains_paywalled_content":false,"_jetpack_memberships_contains_paid_content":false,"footnotes":"","jetpack_publicize_message":"","jetpack_publicize_feature_enabled":true,"jetpack_social_post_already_shared":true,"jetpack_social_options":{"image_generator_settings":{"template":"highway","default_image_id":0,"font":"","enabled":false},"version":2}},"categories":[11],"tags":[],"class_list":["post-69959","post","type-post","status-publish","format-standard","has-post-thumbnail","hentry","category-noticias-de-ribeirao-preto-sp-e-regiao-ismael-colosi"],"jetpack_publicize_connections":[],"jetpack_featured_media_url":"https:\/\/i0.wp.com\/noticiasribeiraopreto.com.br\/wp-content\/uploads\/2025\/05\/ccj-senado_2025-05-21_14-53-04.webp.webp?fit=1200%2C800&ssl=1","jetpack-related-posts":[{"id":70032,"url":"https:\/\/noticiasribeiraopreto.com.br\/index.php\/2025\/05\/22\/ccj-aprova-fim-da-reeleicao-no-brasil\/","url_meta":{"origin":69959,"position":0},"title":"CCJ aprova fim da reelei\u00e7\u00e3o no Brasil \u00a0","author":"noticiasribeiraopreto.com.br","date":"22 de May de 2025","format":false,"excerpt":"22 de maio de 2025 08:3021 de maio de 2025 21:0310 Compartilhar0 A Proposta de Emenda \u00e0 Constitui\u00e7\u00e3o (PEC) que acaba com a reelei\u00e7\u00e3o no Brasil para presidente, governadores e prefeitos foi aprovada, nesta quarta-feira, 21 de maio, na Comiss\u00e3o de Constitui\u00e7\u00e3o e Justi\u00e7a (CCJ) do Senado. A PEC n\u00famero\u2026","rel":"","context":"In &quot;Not\u00edcias de Ribeir\u00e3o Preto-SP e Regi\u00e3o&quot;","block_context":{"text":"Not\u00edcias de Ribeir\u00e3o Preto-SP e Regi\u00e3o","link":"https:\/\/noticiasribeiraopreto.com.br\/index.php\/category\/noticias-de-ribeirao-preto-sp-e-regiao-ismael-colosi\/"},"img":{"alt_text":"","src":"https:\/\/i0.wp.com\/noticiasribeiraopreto.com.br\/wp-content\/uploads\/2025\/05\/Reeleicao-Lula-Marques-Ag.Br_.jpg?fit=1170%2C700&ssl=1&resize=350%2C200","width":350,"height":200,"srcset":"https:\/\/i0.wp.com\/noticiasribeiraopreto.com.br\/wp-content\/uploads\/2025\/05\/Reeleicao-Lula-Marques-Ag.Br_.jpg?fit=1170%2C700&ssl=1&resize=350%2C200 1x, https:\/\/i0.wp.com\/noticiasribeiraopreto.com.br\/wp-content\/uploads\/2025\/05\/Reeleicao-Lula-Marques-Ag.Br_.jpg?fit=1170%2C700&ssl=1&resize=525%2C300 1.5x, https:\/\/i0.wp.com\/noticiasribeiraopreto.com.br\/wp-content\/uploads\/2025\/05\/Reeleicao-Lula-Marques-Ag.Br_.jpg?fit=1170%2C700&ssl=1&resize=700%2C400 2x, https:\/\/i0.wp.com\/noticiasribeiraopreto.com.br\/wp-content\/uploads\/2025\/05\/Reeleicao-Lula-Marques-Ag.Br_.jpg?fit=1170%2C700&ssl=1&resize=1050%2C600 3x"},"classes":[]},{"id":40080,"url":"https:\/\/noticiasribeiraopreto.com.br\/index.php\/2024\/02\/29\/relator-da-reforma-do-codigo-eleitoral-vai-propor-o-fim-da-reeleicao\/","url_meta":{"origin":69959,"position":1},"title":"Relator da reforma do C\u00f3digo Eleitoral vai propor o fim da reelei\u00e7\u00e3o","author":"noticiasribeiraopreto.com.br","date":"29 de February de 2024","format":false,"excerpt":"O relator no Senado da proposta que altera o C\u00f3digo Eleitoral, senador Marcelo Castro (MDB-PI), anunciou nesta quinta-feira (29) que vai apresentar tr\u00eas propostas de Emenda \u00e0 Constitui\u00e7\u00e3o (PEC) para acabar com a reelei\u00e7\u00e3o de prefeitos, governadores e presidente da Rep\u00fablica. De acordo com Castro, todas as propostas estabelecer\u00e3o um\u2026","rel":"","context":"In &quot;Not\u00edcias de Ribeir\u00e3o Preto-SP e Regi\u00e3o&quot;","block_context":{"text":"Not\u00edcias de Ribeir\u00e3o Preto-SP e Regi\u00e3o","link":"https:\/\/noticiasribeiraopreto.com.br\/index.php\/category\/noticias-de-ribeirao-preto-sp-e-regiao-ismael-colosi\/"},"img":{"alt_text":"","src":"https:\/\/i0.wp.com\/noticiasribeiraopreto.com.br\/wp-content\/uploads\/2024\/02\/2afc9464-4422-4d4a-9846-bb9796a5965a-scaled.jpg?fit=1000%2C598&ssl=1&resize=350%2C200","width":350,"height":200,"srcset":"https:\/\/i0.wp.com\/noticiasribeiraopreto.com.br\/wp-content\/uploads\/2024\/02\/2afc9464-4422-4d4a-9846-bb9796a5965a-scaled.jpg?fit=1000%2C598&ssl=1&resize=350%2C200 1x, https:\/\/i0.wp.com\/noticiasribeiraopreto.com.br\/wp-content\/uploads\/2024\/02\/2afc9464-4422-4d4a-9846-bb9796a5965a-scaled.jpg?fit=1000%2C598&ssl=1&resize=525%2C300 1.5x, https:\/\/i0.wp.com\/noticiasribeiraopreto.com.br\/wp-content\/uploads\/2024\/02\/2afc9464-4422-4d4a-9846-bb9796a5965a-scaled.jpg?fit=1000%2C598&ssl=1&resize=700%2C400 2x"},"classes":[]},{"id":69986,"url":"https:\/\/noticiasribeiraopreto.com.br\/index.php\/2025\/05\/21\/veja-o-que-dizem-politicos-de-ribeirao-preto-sobre-pec-do-fim-da-reeleicao\/","url_meta":{"origin":69959,"position":2},"title":"Veja o que dizem pol\u00edticos de Ribeir\u00e3o Preto sobre PEC do fim da reelei\u00e7\u00e3o","author":"noticiasribeiraopreto.com.br","date":"21 de May de 2025","format":false,"excerpt":"A CCJ (Comiss\u00e3o de Constitui\u00e7\u00e3o e Justi\u00e7a) do Senado aprovou a PEC (Proposta de Emenda \u00e0 Constitui\u00e7\u00e3o) que acaba com a reelei\u00e7\u00e3o, na manh\u00e3 desta quarta-feira (21). A medida \u00e9 v\u00e1lida para prefeitos, governadores e presidente da Rep\u00fablica. Para o prefeito de Ribeir\u00e3o Preto, Ricardo Silva (PSD), a proposta \u2013\u2026","rel":"","context":"In &quot;Not\u00edcias de Ribeir\u00e3o Preto-SP e Regi\u00e3o&quot;","block_context":{"text":"Not\u00edcias de Ribeir\u00e3o Preto-SP e Regi\u00e3o","link":"https:\/\/noticiasribeiraopreto.com.br\/index.php\/category\/noticias-de-ribeirao-preto-sp-e-regiao-ismael-colosi\/"},"img":{"alt_text":"","src":"https:\/\/i0.wp.com\/noticiasribeiraopreto.com.br\/wp-content\/uploads\/2025\/05\/Copia-de-Copia-de-Copia-de-TAMANHO-EXATO-PARA-FOTOS-NO-SISTEMA-NOVO-2025-05-21T173157.098_2025-05-21_20-32-19.webp.webp?fit=1200%2C675&ssl=1&resize=350%2C200","width":350,"height":200,"srcset":"https:\/\/i0.wp.com\/noticiasribeiraopreto.com.br\/wp-content\/uploads\/2025\/05\/Copia-de-Copia-de-Copia-de-TAMANHO-EXATO-PARA-FOTOS-NO-SISTEMA-NOVO-2025-05-21T173157.098_2025-05-21_20-32-19.webp.webp?fit=1200%2C675&ssl=1&resize=350%2C200 1x, https:\/\/i0.wp.com\/noticiasribeiraopreto.com.br\/wp-content\/uploads\/2025\/05\/Copia-de-Copia-de-Copia-de-TAMANHO-EXATO-PARA-FOTOS-NO-SISTEMA-NOVO-2025-05-21T173157.098_2025-05-21_20-32-19.webp.webp?fit=1200%2C675&ssl=1&resize=525%2C300 1.5x, https:\/\/i0.wp.com\/noticiasribeiraopreto.com.br\/wp-content\/uploads\/2025\/05\/Copia-de-Copia-de-Copia-de-TAMANHO-EXATO-PARA-FOTOS-NO-SISTEMA-NOVO-2025-05-21T173157.098_2025-05-21_20-32-19.webp.webp?fit=1200%2C675&ssl=1&resize=700%2C400 2x, https:\/\/i0.wp.com\/noticiasribeiraopreto.com.br\/wp-content\/uploads\/2025\/05\/Copia-de-Copia-de-Copia-de-TAMANHO-EXATO-PARA-FOTOS-NO-SISTEMA-NOVO-2025-05-21T173157.098_2025-05-21_20-32-19.webp.webp?fit=1200%2C675&ssl=1&resize=1050%2C600 3x"},"classes":[]},{"id":42260,"url":"https:\/\/noticiasribeiraopreto.com.br\/index.php\/2024\/03\/13\/ccj-do-senado-aprova-por-23-votos-a-4-pec-que-criminaliza-porte-de-drogas\/","url_meta":{"origin":69959,"position":3},"title":"CCJ do Senado aprova, por 23 votos a 4, PEC que criminaliza porte de drogas","author":"noticiasribeiraopreto.com.br","date":"13 de March de 2024","format":false,"excerpt":"A Comiss\u00e3o de Constitui\u00e7\u00e3o e Justi\u00e7a (CCJ) do Senado aprovou nesta quarta-feira, 13, a Proposta de Emenda \u00e0 Constitui\u00e7\u00e3o (PEC) que criminaliza o porte de drogas, endurecendo a legisla\u00e7\u00e3o atual. O texto inclui na Constitui\u00e7\u00e3o que tanto o consumo quanto a venda de drogas s\u00e3o igualmente crimes \u2013 apesar de\u2026","rel":"","context":"In &quot;Not\u00edcias de Ribeir\u00e3o Preto-SP e Regi\u00e3o&quot;","block_context":{"text":"Not\u00edcias de Ribeir\u00e3o Preto-SP e Regi\u00e3o","link":"https:\/\/noticiasribeiraopreto.com.br\/index.php\/category\/noticias-de-ribeirao-preto-sp-e-regiao-ismael-colosi\/"},"img":{"alt_text":"","src":"https:\/\/i0.wp.com\/noticiasribeiraopreto.com.br\/wp-content\/uploads\/2024\/03\/84cd24e4-42a2-49ff-9d04-46f1ac9fb1cc-scaled.jpg?fit=1000%2C598&ssl=1&resize=350%2C200","width":350,"height":200,"srcset":"https:\/\/i0.wp.com\/noticiasribeiraopreto.com.br\/wp-content\/uploads\/2024\/03\/84cd24e4-42a2-49ff-9d04-46f1ac9fb1cc-scaled.jpg?fit=1000%2C598&ssl=1&resize=350%2C200 1x, https:\/\/i0.wp.com\/noticiasribeiraopreto.com.br\/wp-content\/uploads\/2024\/03\/84cd24e4-42a2-49ff-9d04-46f1ac9fb1cc-scaled.jpg?fit=1000%2C598&ssl=1&resize=525%2C300 1.5x, https:\/\/i0.wp.com\/noticiasribeiraopreto.com.br\/wp-content\/uploads\/2024\/03\/84cd24e4-42a2-49ff-9d04-46f1ac9fb1cc-scaled.jpg?fit=1000%2C598&ssl=1&resize=700%2C400 2x"},"classes":[]},{"id":36092,"url":"https:\/\/noticiasribeiraopreto.com.br\/index.php\/2024\/02\/08\/senado-aprova-urgencia-para-votacao-de-projeto-que-acaba-com-a-saidinha-de-presos\/","url_meta":{"origin":69959,"position":4},"title":"Senado aprova urg\u00eancia para vota\u00e7\u00e3o de projeto que acaba com a &#8220;saidinha&#8221; de presos","author":"noticiasribeiraopreto.com.br","date":"8 de February de 2024","format":false,"excerpt":"O projeto de lei 2.253\/2022, que restringe o benef\u00edcio da sa\u00edda tempor\u00e1ria para presos condenados, ser\u00e1 votado com urg\u00eancia pelo Senado. O requerimento de urg\u00eancia foi aprovado pelos senadores nesta quarta-feira, 7, em plen\u00e1rio. O presidente do Senado, Rodrigo Pacheco, informou que a mat\u00e9ria ser\u00e1 pautada \u201cem momento oportuno\u201d. A\u2026","rel":"","context":"In &quot;Not\u00edcias de Ribeir\u00e3o Preto-SP e Regi\u00e3o&quot;","block_context":{"text":"Not\u00edcias de Ribeir\u00e3o Preto-SP e Regi\u00e3o","link":"https:\/\/noticiasribeiraopreto.com.br\/index.php\/category\/noticias-de-ribeirao-preto-sp-e-regiao-ismael-colosi\/"},"img":{"alt_text":"","src":"https:\/\/i0.wp.com\/noticiasribeiraopreto.com.br\/wp-content\/uploads\/2024\/02\/15123427_saidinha.jpg?fit=876%2C585&ssl=1&resize=350%2C200","width":350,"height":200,"srcset":"https:\/\/i0.wp.com\/noticiasribeiraopreto.com.br\/wp-content\/uploads\/2024\/02\/15123427_saidinha.jpg?fit=876%2C585&ssl=1&resize=350%2C200 1x, https:\/\/i0.wp.com\/noticiasribeiraopreto.com.br\/wp-content\/uploads\/2024\/02\/15123427_saidinha.jpg?fit=876%2C585&ssl=1&resize=525%2C300 1.5x, https:\/\/i0.wp.com\/noticiasribeiraopreto.com.br\/wp-content\/uploads\/2024\/02\/15123427_saidinha.jpg?fit=876%2C585&ssl=1&resize=700%2C400 2x"},"classes":[]},{"id":63068,"url":"https:\/\/noticiasribeiraopreto.com.br\/index.php\/2025\/02\/01\/davi-alcolumbre-e-eleito-o-novo-presidente-do-senado\/","url_meta":{"origin":69959,"position":5},"title":"Davi Alcolumbre \u00e9 eleito o novo presidente do Senado","author":"noticiasribeiraopreto.com.br","date":"1 de February de 2025","format":false,"excerpt":"O senador Davi Alcolumbre (Uni\u00e3o Brasil-AP) foi eleito neste s\u00e1bado (1\u00ba), o novo presidente do Senado. Ele recebeu 73 dos 81 votos dos senadores e comandar\u00e1 a Casa pelos pr\u00f3ximos dois anos. Alcolumbre tem 47 anos e voltou ao posto ap\u00f3s quatro anos. Esta \u00e9 a segunda vez que Davi\u2026","rel":"","context":"In &quot;Not\u00edcias de Ribeir\u00e3o Preto-SP e Regi\u00e3o&quot;","block_context":{"text":"Not\u00edcias de Ribeir\u00e3o Preto-SP e Regi\u00e3o","link":"https:\/\/noticiasribeiraopreto.com.br\/index.php\/category\/noticias-de-ribeirao-preto-sp-e-regiao-ismael-colosi\/"},"img":{"alt_text":"","src":"https:\/\/i0.wp.com\/noticiasribeiraopreto.com.br\/wp-content\/uploads\/2025\/02\/Copia-de-Copia-de-Copia-de-TAMANHO-EXATO-PARA-FOTOS-NO-SISTEMA-NOVO-2025-02-01T160505.965_2025-02-01_19-05-11_png_2025-02-01_19-05-11.webp.webp?fit=1200%2C675&ssl=1&resize=350%2C200","width":350,"height":200,"srcset":"https:\/\/i0.wp.com\/noticiasribeiraopreto.com.br\/wp-content\/uploads\/2025\/02\/Copia-de-Copia-de-Copia-de-TAMANHO-EXATO-PARA-FOTOS-NO-SISTEMA-NOVO-2025-02-01T160505.965_2025-02-01_19-05-11_png_2025-02-01_19-05-11.webp.webp?fit=1200%2C675&ssl=1&resize=350%2C200 1x, https:\/\/i0.wp.com\/noticiasribeiraopreto.com.br\/wp-content\/uploads\/2025\/02\/Copia-de-Copia-de-Copia-de-TAMANHO-EXATO-PARA-FOTOS-NO-SISTEMA-NOVO-2025-02-01T160505.965_2025-02-01_19-05-11_png_2025-02-01_19-05-11.webp.webp?fit=1200%2C675&ssl=1&resize=525%2C300 1.5x, https:\/\/i0.wp.com\/noticiasribeiraopreto.com.br\/wp-content\/uploads\/2025\/02\/Copia-de-Copia-de-Copia-de-TAMANHO-EXATO-PARA-FOTOS-NO-SISTEMA-NOVO-2025-02-01T160505.965_2025-02-01_19-05-11_png_2025-02-01_19-05-11.webp.webp?fit=1200%2C675&ssl=1&resize=700%2C400 2x, https:\/\/i0.wp.com\/noticiasribeiraopreto.com.br\/wp-content\/uploads\/2025\/02\/Copia-de-Copia-de-Copia-de-TAMANHO-EXATO-PARA-FOTOS-NO-SISTEMA-NOVO-2025-02-01T160505.965_2025-02-01_19-05-11_png_2025-02-01_19-05-11.webp.webp?fit=1200%2C675&ssl=1&resize=1050%2C600 3x"},"classes":[]}],"jetpack_sharing_enabled":true,"jetpack_shortlink":"https:\/\/wp.me\/peQAOb-icn","_links":{"self":[{"href":"https:\/\/noticiasribeiraopreto.com.br\/index.php\/wp-json\/wp\/v2\/posts\/69959","targetHints":{"allow":["GET"]}}],"collection":[{"href":"https:\/\/noticiasribeiraopreto.com.br\/index.php\/wp-json\/wp\/v2\/posts"}],"about":[{"href":"https:\/\/noticiasribeiraopreto.com.br\/index.php\/wp-json\/wp\/v2\/types\/post"}],"author":[{"embeddable":true,"href":"https:\/\/noticiasribeiraopreto.com.br\/index.php\/wp-json\/wp\/v2\/users\/1"}],"replies":[{"embeddable":true,"href":"https:\/\/noticiasribeiraopreto.com.br\/index.php\/wp-json\/wp\/v2\/comments?post=69959"}],"version-history":[{"count":0,"href":"https:\/\/noticiasribeiraopreto.com.br\/index.php\/wp-json\/wp\/v2\/posts\/69959\/revisions"}],"wp:featuredmedia":[{"embeddable":true,"href":"https:\/\/noticiasribeiraopreto.com.br\/index.php\/wp-json\/wp\/v2\/media\/69961"}],"wp:attachment":[{"href":"https:\/\/noticiasribeiraopreto.com.br\/index.php\/wp-json\/wp\/v2\/media?parent=69959"}],"wp:term":[{"taxonomy":"category","embeddable":true,"href":"https:\/\/noticiasribeiraopreto.com.br\/index.php\/wp-json\/wp\/v2\/categories?post=69959"},{"taxonomy":"post_tag","embeddable":true,"href":"https:\/\/noticiasribeiraopreto.com.br\/index.php\/wp-json\/wp\/v2\/tags?post=69959"}],"curies":[{"name":"wp","href":"https:\/\/api.w.org\/{rel}","templated":true}]}}