{"id":69962,"date":"2025-05-21T15:31:37","date_gmt":"2025-05-21T18:31:37","guid":{"rendered":"https:\/\/noticiasribeiraopreto.com.br\/index.php\/2025\/05\/21\/saude-pede-r-315-mi-a-prefeitura\/"},"modified":"2025-05-21T15:31:37","modified_gmt":"2025-05-21T18:31:37","slug":"saude-pede-r-315-mi-a-prefeitura","status":"publish","type":"post","link":"https:\/\/noticiasribeiraopreto.com.br\/index.php\/2025\/05\/21\/saude-pede-r-315-mi-a-prefeitura\/","title":{"rendered":"Sa\u00fade pede R$ 31,5 mi \u00e0 prefeitura \u00a0"},"content":{"rendered":"<div class='code-block code-block-1' style='margin: 8px 0 8px auto; text-align: right; display: block; clear: both;'>\n<p><a href=\"https:\/\/wa.link\/vpicfd\"><img data-recalc-dims=\"1\" class=\"wp-image-4922\" style=\"aspect-ratio: 2.0253164556962027; width: 561px; height: auto;\" src=\"https:\/\/i0.wp.com\/ismaelcolosi.com.br\/wp-content\/uploads\/2023\/11\/grupo-de-empregos-whatsapp-e-facebook-ismael-colosi-vagas.jpg?ssl=1\" alt=\"\" \/><\/a><\/p>\n<!-- \/wp:image -->\n<\/div>\n<p> <br \/>\n<\/p>\n<div id=\"\">\n<p>\n\t\t\t\t\t\t\t\t\t<span class=\"entry-meta-item penci-posted-on\"><i class=\"fa fa-clock-o\"\/><time class=\"entry-date published\" datetime=\"2025-05-21T08:30:44-03:00\">21 de maio de 2025 08:30<\/time><time class=\"updated\" datetime=\"2025-05-21T09:25:33-03:00\">21 de maio de 2025 09:25<\/time><\/span><span class=\"entry-meta-item penci-post-countview\"><span class=\"entry-meta-item penci-post-countview penci_post-meta_item\"><i class=\"fa fa-eye\"\/><span class=\"penci-post-countview-number penci-post-countview-p426318\">47<\/span><\/span><\/span>\t\t\t\t\t\t\t\t<\/p>\n<p><!-- .entry-meta --><br \/>\n\t\t\t\t\t\t\t\t<span class=\"penci-social-buttons penci-social-share-footer\"><span class=\"penci-social-share-text\">Compartilhar<\/span><a href=\"#\" class=\"penci-post-like penci_post-meta_item  single-like-button penci-social-item like\" data-post_id=\"426318\" title=\"Like\" data-like=\"Like\" data-unlike=\"Unlike\"><i class=\"fa fa-thumbs-o-up\"\/><span class=\"penci-share-number\">0<\/span><\/a><i class=\"fa fa-facebook\"\/><a class=\"penci-social-item twitter\" target=\"_blank\" rel=\"noopener\" title=\"\" href=\"https:\/\/twitter.com\/intent\/tweet?text=Sa\u00fade%20pede%20R$%2031,5%20mi%20\u00e0%20prefeitura%20\u00a0%20-%20https:\/\/www.tribunaribeirao.com.br\/saude-pede-r-315-mi-a-prefeitura\/\"><i class=\"fa fa-twitter\"\/><\/a><i class=\"fa fa-linkedin\"\/><i class=\"fa fa-whatsapp\"\/><i class=\"fa fa-telegram\"\/><i class=\"fa fa-envelope\"\/><\/span>\t\t\t\t\t\t\t<\/div>\n<div>\n<p><span class=\"TextRun SCXW266134051 BCX0\" lang=\"PT-BR\" xml:lang=\"PT-BR\" data-contrast=\"auto\"><span class=\"NormalTextRun SCXW266134051 BCX0\">O prefeito de Ribeir\u00e3o Preto, Ricardo Silva (PSD)<\/span><span class=\"NormalTextRun SCXW266134051 BCX0\">,<\/span><span class=\"NormalTextRun SCXW266134051 BCX0\"> enviou <\/span><span class=\"NormalTextRun SCXW266134051 BCX0\">p<\/span><span class=\"NormalTextRun SCXW266134051 BCX0\">rojeto de <\/span><span class=\"NormalTextRun SCXW266134051 BCX0\">l<\/span><span class=\"NormalTextRun SCXW266134051 BCX0\">ei<\/span><span class=\"NormalTextRun SCXW266134051 BCX0\"> \u00e0 <\/span><span class=\"NormalTextRun SCXW266134051 BCX0\">C\u00e2mara <\/span><span class=\"NormalTextRun SCXW266134051 BCX0\">de Vereadores pedindo <\/span><span class=\"NormalTextRun SCXW266134051 BCX0\">autoriza\u00e7\u00e3o para abertura de cr\u00e9dito especial e suplementar de R$ 31.510.709,86 para a Secretaria Municipal de Sa\u00fade. A proposta foi protocolada na segunda-feira, 19 de maio, e <\/span><span class=\"NormalTextRun SCXW266134051 BCX0\">defende <\/span><span class=\"NormalTextRun SCXW266134051 BCX0\">remanejamento entre as dota\u00e7\u00f5es da pasta<\/span><span class=\"NormalTextRun SCXW266134051 BCX0\">.<\/span><\/span><span class=\"LineBreakBlob BlobObject DragDrop SCXW266134051 BCX0\"><span class=\"SCXW266134051 BCX0\">\u00a0<\/span><br class=\"SCXW266134051 BCX0\"\/><\/span><span class=\"LineBreakBlob BlobObject DragDrop SCXW266134051 BCX0\"><span class=\"SCXW266134051 BCX0\">\u00a0<\/span><br class=\"SCXW266134051 BCX0\"\/><\/span><span class=\"TextRun SCXW266134051 BCX0\" lang=\"PT-BR\" xml:lang=\"PT-BR\" data-contrast=\"auto\"><span class=\"NormalTextRun SCXW266134051 BCX0\">O dinheiro ser\u00e1 usado para <\/span><span class=\"NormalTextRun SCXW266134051 BCX0\">atender as despesas com folha de pagamento de servidores e de prestadores de servi\u00e7os <\/span><span class=\"NormalTextRun SCXW266134051 BCX0\">\u00e0<\/span> <span class=\"NormalTextRun SCXW266134051 BCX0\">Secretaria da S<\/span><span class=\"NormalTextRun SCXW266134051 BCX0\">a\u00fade.<\/span> <span class=\"NormalTextRun SCXW266134051 BCX0\">O projeto prev\u00ea dota\u00e7\u00e3o para despesa <\/span><span class=\"NormalTextRun SCXW266134051 BCX0\">com <\/span><span class=\"NormalTextRun SCXW266134051 BCX0\">servidores no total de R$ 2,2 milh\u00f5es, sendo R$ 1 milh\u00e3o oriundo de repasse estadual no valor de R$ 1 milh\u00e3o. <\/span><\/span><span class=\"LineBreakBlob BlobObject DragDrop SCXW266134051 BCX0\"><span class=\"SCXW266134051 BCX0\">\u00a0<\/span><br class=\"SCXW266134051 BCX0\"\/><\/span><span class=\"LineBreakBlob BlobObject DragDrop SCXW266134051 BCX0\"><span class=\"SCXW266134051 BCX0\">\u00a0<\/span><br class=\"SCXW266134051 BCX0\"\/><\/span><span class=\"TextRun SCXW266134051 BCX0\" lang=\"PT-BR\" xml:lang=\"PT-BR\" data-contrast=\"auto\"><span class=\"NormalTextRun SCXW266134051 BCX0\">J\u00e1 a suplementa\u00e7\u00e3o de dota\u00e7\u00e3o para a Funda\u00e7\u00e3o de Apoio ao Ensino, Pesquisa e Assist\u00eancia <\/span><span class=\"NormalTextRun SCXW266134051 BCX0\">(<\/span><span class=\"NormalTextRun SpellingErrorV2Themed SCXW266134051 BCX0\">Faepa<\/span><span class=\"NormalTextRun SCXW266134051 BCX0\">) <\/span><span class=\"NormalTextRun SCXW266134051 BCX0\">do Hospital das Cl\u00ednicas da Faculdade de Medicina de Ribeir\u00e3o Preto da Universidade de S\u00e3o Paulo (<\/span><span class=\"NormalTextRun SCXW266134051 BCX0\">HCFMRP\/USP<\/span><span class=\"NormalTextRun SCXW266134051 BCX0\">) <\/span><span class=\"NormalTextRun SCXW266134051 BCX0\">ter\u00e1<\/span> <span class=\"NormalTextRun SCXW266134051 BCX0\">ser\u00e1 de <\/span><span class=\"NormalTextRun SCXW266134051 BCX0\">R$ 4.505.709,92. <\/span><\/span><span class=\"LineBreakBlob BlobObject DragDrop SCXW266134051 BCX0\"><span class=\"SCXW266134051 BCX0\">\u00a0<\/span><br class=\"SCXW266134051 BCX0\"\/><\/span><span class=\"LineBreakBlob BlobObject DragDrop SCXW266134051 BCX0\"><span class=\"SCXW266134051 BCX0\">\u00a0<\/span><br class=\"SCXW266134051 BCX0\"\/><\/span><span class=\"TextRun SCXW266134051 BCX0\" lang=\"PT-BR\" xml:lang=\"PT-BR\" data-contrast=\"auto\"><span class=\"NormalTextRun SCXW266134051 BCX0\">Por fim, para Funda\u00e7\u00e3o Hospital Santa <\/span><span class=\"NormalTextRun SCXW266134051 BCX0\">Lydia<\/span><span class=\"NormalTextRun SCXW266134051 BCX0\"> a suplementa\u00e7\u00e3o ser\u00e1 de R$ 24.804.981,44 por servi\u00e7os <\/span><span class=\"NormalTextRun SCXW266134051 BCX0\">prestados <\/span><span class=\"NormalTextRun SCXW266134051 BCX0\">ao munic\u00edpio<\/span><span class=\"NormalTextRun SCXW266134051 BCX0\">, <\/span><span class=\"NormalTextRun ContextualSpellingAndGrammarErrorV2Themed SCXW266134051 BCX0\">Atualmente<\/span><span class=\"NormalTextRun SCXW266134051 BCX0\">, <\/span><span class=\"NormalTextRun SCXW266134051 BCX0\">administra duas Unidades B\u00e1sicas de Sa\u00fade (UBS), o Hospital Municipal S\u00e3o Francisco de Assis<\/span><span class=\"NormalTextRun SCXW266134051 BCX0\">, <\/span><span class=\"NormalTextRun SCXW266134051 BCX0\">o Centro de Aten\u00e7\u00e3o Psicossocial (<\/span><span class=\"NormalTextRun SCXW266134051 BCX0\">C<\/span><span class=\"NormalTextRun SCXW266134051 BCX0\">aps<\/span> <span class=\"NormalTextRun SCXW266134051 BCX0\">III)<\/span><span class=\"NormalTextRun SCXW266134051 BCX0\"> e <\/span><span class=\"NormalTextRun SCXW266134051 BCX0\">o Servi\u00e7o de Reabilita\u00e7\u00e3o de Ribeir\u00e3o Preto (<\/span><span class=\"NormalTextRun SpellingErrorV2Themed SCXW266134051 BCX0\">S<\/span><span class=\"NormalTextRun SpellingErrorV2Themed SCXW266134051 BCX0\">rerp<\/span><span class=\"NormalTextRun SCXW266134051 BCX0\">)<\/span><span class=\"NormalTextRun SCXW266134051 BCX0\">.<\/span><\/span><span class=\"LineBreakBlob BlobObject DragDrop SCXW266134051 BCX0\"><span class=\"SCXW266134051 BCX0\">\u00a0<\/span><br class=\"SCXW266134051 BCX0\"\/><\/span><span class=\"LineBreakBlob BlobObject DragDrop SCXW266134051 BCX0\"><span class=\"SCXW266134051 BCX0\">\u00a0<\/span><br class=\"SCXW266134051 BCX0\"\/><\/span><span class=\"TextRun SCXW266134051 BCX0\" lang=\"PT-BR\" xml:lang=\"PT-BR\" data-contrast=\"auto\"><span class=\"NormalTextRun SCXW266134051 BCX0\">Tamb\u00e9m administra a <\/span><span class=\"NormalTextRun SCXW266134051 BCX0\">Unidade B\u00e1sica Distrital de Sa\u00fade (UBDS)<\/span> <\/span><span class=\"TextRun SCXW266134051 BCX0\" lang=\"PT-BR\" xml:lang=\"PT-BR\" data-contrast=\"none\"><span class=\"NormalTextRun SCXW266134051 BCX0\">Doutor Marco Ant\u00f4nio <\/span><span class=\"NormalTextRun SCXW266134051 BCX0\">Sah\u00e3o<\/span><span class=\"NormalTextRun SCXW266134051 BCX0\">, na Vila Virg\u00ednia<\/span><span class=\"NormalTextRun SCXW266134051 BCX0\"> (UBDS Sul)<\/span><span class=\"NormalTextRun SCXW266134051 BCX0\">,<\/span><span class=\"NormalTextRun SCXW266134051 BCX0\"> e as tr\u00eas Unidades de Pronto Atendimento <\/span><\/span><span class=\"TextRun SCXW266134051 BCX0\" lang=\"PT-BR\" xml:lang=\"PT-BR\" data-contrast=\"auto\"><span class=\"NormalTextRun SCXW266134051 BCX0\">\u2013<\/span> <span class=\"NormalTextRun SCXW266134051 BCX0\">Doutor <\/span><span class=\"NormalTextRun SpellingErrorV2Themed SCXW266134051 BCX0\">Luis<\/span><span class=\"NormalTextRun SCXW266134051 BCX0\"> At\u00edlio <\/span><span class=\"NormalTextRun SpellingErrorV2Themed SCXW266134051 BCX0\">Losi<\/span><span class=\"NormalTextRun SCXW266134051 BCX0\"> Viana (UPA Leste, Jardim Paulista<\/span><span class=\"NormalTextRun SCXW266134051 BCX0\">no<\/span><span class=\"NormalTextRun SCXW266134051 BCX0\">), <\/span><\/span><span class=\"TextRun SCXW266134051 BCX0\" lang=\"PT-BR\" xml:lang=\"PT-BR\" data-contrast=\"none\"><span class=\"NormalTextRun SCXW266134051 BCX0\">Nelson Mandela (UPA Norte, Adelino <\/span><span class=\"NormalTextRun SCXW266134051 BCX0\">Simioni<\/span><span class=\"NormalTextRun SCXW266134051 BCX0\">) e <\/span><span class=\"NormalTextRun SCXW266134051 BCX0\">Doutor <\/span><\/span><span class=\"TextRun SCXW266134051 BCX0\" lang=\"PT-BR\" xml:lang=\"PT-BR\" data-contrast=\"auto\"><span class=\"NormalTextRun SCXW266134051 BCX0\">Jo\u00e3o Jos\u00e9 Carneiro (UPA Oeste, no <\/span><span class=\"NormalTextRun SCXW266134051 BCX0\">Sumarezinho<\/span><span class=\"NormalTextRun SCXW266134051 BCX0\">)<\/span><span class=\"NormalTextRun SCXW266134051 BCX0\">.<\/span><\/span><span class=\"LineBreakBlob BlobObject DragDrop SCXW266134051 BCX0\"><span class=\"SCXW266134051 BCX0\">\u00a0<\/span><br class=\"SCXW266134051 BCX0\"\/><\/span><span class=\"LineBreakBlob BlobObject DragDrop SCXW266134051 BCX0\"><span class=\"SCXW266134051 BCX0\">\u00a0<\/span><br class=\"SCXW266134051 BCX0\"\/><\/span><span class=\"TextRun SCXW266134051 BCX0\" lang=\"PT-BR\" xml:lang=\"PT-BR\" data-contrast=\"auto\"><span class=\"NormalTextRun SCXW266134051 BCX0\">E<\/span><span class=\"NormalTextRun SCXW266134051 BCX0\">m m\u00e9dia cada uma realiza 600 atendimentos por dia.\u00a0 A prefeitura <\/span><span class=\"NormalTextRun SCXW266134051 BCX0\">de Ribeir\u00e3o Preto <\/span><span class=\"NormalTextRun SCXW266134051 BCX0\">tamb\u00e9m est\u00e1 co<\/span><span class=\"NormalTextRun SCXW266134051 BCX0\">nstruindo uma UPA municipal no C<\/span><span class=\"NormalTextRun SCXW266134051 BCX0\">omplexo Ribeir\u00e3o Verde<\/span><span class=\"NormalTextRun SCXW266134051 BCX0\">, na Zona Leste.<\/span><span class=\"NormalTextRun SCXW266134051 BCX0\"> Ser\u00e1 a primeira unidade municipal de pronto atendimento. O projeto n\u00e3o tem data para ser votado em plen\u00e1rio.<\/span><\/span><span class=\"LineBreakBlob BlobObject DragDrop SCXW266134051 BCX0\"><span class=\"SCXW266134051 BCX0\">\u00a0<\/span><br class=\"SCXW266134051 BCX0\"\/><\/span><span class=\"LineBreakBlob BlobObject DragDrop SCXW266134051 BCX0\"><span class=\"SCXW266134051 BCX0\">\u00a0<\/span><br class=\"SCXW266134051 BCX0\"\/><\/span><span class=\"LineBreakBlob BlobObject DragDrop SCXW266134051 BCX0\">\u2014\u2014-<\/span><\/p>\n<p>Jornal Tribuna Ribeir\u00e3o<\/p>\n<p>Um Jornal com a cara de Ribeir\u00e3o!<\/p>\n<p>\u00a0<\/p>\n<p>Impresso | WEB | Redes sociais<\/p>\n<p>Tribuna Ribeir\u00e3o \u2013 Fone: (16) 3632-2200 \u2013 Whatsapp: (16) 98161-8743<\/p>\n<p>Av. Bar\u00e3o do Bananal, 880 \u2013 Jardim Anhanguera, Ribeir\u00e3o Preto<\/p>\n<p>\u00a0<\/p>\n<p>@tribunaribeirao @meiaderibeirao @dinoderibeirao<\/p>\n<p>\u00a0<\/p>\n<p>#TribunaRibeir\u00e3o #News #Not\u00edcia #Ribeir\u00e3oPreto #Not\u00edciasDeRibeir\u00e3oPreto<\/p>\n<p>#ClassificadosTribunaRibeir\u00e3o #Jornalismo #ClassificadosRibeir\u00e3o<\/p>\n<p><span class=\"LineBreakBlob BlobObject DragDrop SCXW266134051 BCX0\"><br class=\"SCXW266134051 BCX0\"\/><\/span><span class=\"LineBreakBlob BlobObject DragDrop SCXW266134051 BCX0\"><span class=\"SCXW266134051 BCX0\">\u00a0<\/span><br class=\"SCXW266134051 BCX0\"\/><\/span><span class=\"LineBreakBlob BlobObject DragDrop SCXW266134051 BCX0\"><span class=\"SCXW266134051 BCX0\">\u00a0<\/span><br class=\"SCXW266134051 BCX0\"\/><\/span><span class=\"LineBreakBlob BlobObject DragDrop SCXW266134051 BCX0\"><span class=\"SCXW266134051 BCX0\">\u00a0<\/span><br class=\"SCXW266134051 BCX0\"\/><\/span><span class=\"LineBreakBlob BlobObject DragDrop SCXW266134051 BCX0\"><span class=\"SCXW266134051 BCX0\">\u00a0<\/span><br class=\"SCXW266134051 BCX0\"\/><\/span><span class=\"EOP SCXW266134051 BCX0\" data-ccp-props=\"{}\">\u00a0<\/span><\/p>\n<\/div>\n<p><script async src=\"\/\/platform.twitter.com\/widgets.js\" charset=\"utf-8\"><\/script><br \/>\n<br \/><br \/>\n<br \/><a href=\"https:\/\/www.tribunaribeirao.com.br\/saude-pede-r-315-mi-a-prefeitura\/\">Source link <\/a><\/p>\n<!-- CONTENT END 1 -->\n","protected":false},"excerpt":{"rendered":"<p>21 de maio de 2025 08:3021 de maio de 2025 09:2547 Compartilhar0 O prefeito de Ribeir\u00e3o Preto, Ricardo Silva (PSD), enviou projeto de lei \u00e0&#8230;<\/p>\n","protected":false},"author":1,"featured_media":69963,"comment_status":"open","ping_status":"open","sticky":false,"template":"","format":"standard","meta":{"advanced_seo_description":"","jetpack_seo_html_title":"","jetpack_seo_noindex":false,"jetpack_post_was_ever_published":false,"_jetpack_newsletter_access":"","_jetpack_dont_email_post_to_subs":false,"_jetpack_newsletter_tier_id":0,"_jetpack_memberships_contains_paywalled_content":false,"_jetpack_memberships_contains_paid_content":false,"footnotes":"","jetpack_publicize_message":"","jetpack_publicize_feature_enabled":true,"jetpack_social_post_already_shared":true,"jetpack_social_options":{"image_generator_settings":{"template":"highway","default_image_id":0,"font":"","enabled":false},"version":2}},"categories":[11],"tags":[],"class_list":["post-69962","post","type-post","status-publish","format-standard","has-post-thumbnail","hentry","category-noticias-de-ribeirao-preto-sp-e-regiao-ismael-colosi"],"jetpack_publicize_connections":[],"jetpack_featured_media_url":"https:\/\/i0.wp.com\/noticiasribeiraopreto.com.br\/wp-content\/uploads\/2025\/05\/Nogueira-Sil-Alfredo-Risk-scaled.jpg?fit=800%2C455&ssl=1","jetpack-related-posts":[{"id":47341,"url":"https:\/\/noticiasribeiraopreto.com.br\/index.php\/2024\/04\/25\/bolsa-familia-oferece-r-2-mil-em-maio-descubra-se-voce-esta-na-lista\/","url_meta":{"origin":69962,"position":0},"title":"Bolsa Fam\u00edlia oferece R$ 2 Mil em Maio: Descubra se voc\u00ea est\u00e1 na lista","author":"noticiasribeiraopreto.com.br","date":"25 de April de 2024","format":false,"excerpt":"A recente decis\u00e3o de permitir o ac\u00famulo do Bolsa Fam\u00edlia e dos Benef\u00edcios de Pagamento Cont\u00ednuo (BPC) \u00e9 uma not\u00edcia positiva para os benefici\u00e1rios, pois aumenta a probabilidade de receber mais de 2 mil reais a partir de maio de 2024. O BPC \u00e9 um benef\u00edcio eleg\u00edvel para idosos e\u2026","rel":"","context":"In &quot;Dinheiro e Investimento&quot;","block_context":{"text":"Dinheiro e Investimento","link":"https:\/\/noticiasribeiraopreto.com.br\/index.php\/category\/dinheiro-e-investimento-como-fazer-como-ganhar\/"},"img":{"alt_text":"","src":"https:\/\/i0.wp.com\/noticiasribeiraopreto.com.br\/wp-content\/uploads\/2024\/04\/Design-sem-nome-3.webp.webp?fit=1200%2C630&ssl=1&resize=350%2C200","width":350,"height":200,"srcset":"https:\/\/i0.wp.com\/noticiasribeiraopreto.com.br\/wp-content\/uploads\/2024\/04\/Design-sem-nome-3.webp.webp?fit=1200%2C630&ssl=1&resize=350%2C200 1x, https:\/\/i0.wp.com\/noticiasribeiraopreto.com.br\/wp-content\/uploads\/2024\/04\/Design-sem-nome-3.webp.webp?fit=1200%2C630&ssl=1&resize=525%2C300 1.5x, https:\/\/i0.wp.com\/noticiasribeiraopreto.com.br\/wp-content\/uploads\/2024\/04\/Design-sem-nome-3.webp.webp?fit=1200%2C630&ssl=1&resize=700%2C400 2x, https:\/\/i0.wp.com\/noticiasribeiraopreto.com.br\/wp-content\/uploads\/2024\/04\/Design-sem-nome-3.webp.webp?fit=1200%2C630&ssl=1&resize=1050%2C600 3x"},"classes":[]},{"id":47242,"url":"https:\/\/noticiasribeiraopreto.com.br\/index.php\/2024\/04\/25\/bolsa-familia-governo-divulga-nova-lista-nis-de-contemplados-para-receber-r-800-em-maio-confira-calendario\/","url_meta":{"origin":69962,"position":1},"title":"Bolsa Fam\u00edlia: Governo divulga nova lista NIS de contemplados para receber R$ 800 em MAIO; Confira calend\u00e1rio","author":"noticiasribeiraopreto.com.br","date":"25 de April de 2024","format":false,"excerpt":"O programa Bolsa Fam\u00edlia, que j\u00e1 se tornou parte importante do apoio socioecon\u00f4mico a milhares de fam\u00edlias no Brasil, apresenta novos pagamentos e benef\u00edcios adicionais que ter\u00e3o in\u00edcio no pr\u00f3ximo m\u00eas. Entenda agora como \u00e9 o pagamento e quais s\u00e3o os novos benef\u00edcios para os benefici\u00e1rios. 1. Quando come\u00e7am os\u2026","rel":"","context":"In &quot;Dinheiro e Investimento&quot;","block_context":{"text":"Dinheiro e Investimento","link":"https:\/\/noticiasribeiraopreto.com.br\/index.php\/category\/dinheiro-e-investimento-como-fazer-como-ganhar\/"},"img":{"alt_text":"","src":"https:\/\/i0.wp.com\/noticiasribeiraopreto.com.br\/wp-content\/uploads\/2024\/04\/STARTUP-2.webp.webp?fit=1200%2C630&ssl=1&resize=350%2C200","width":350,"height":200,"srcset":"https:\/\/i0.wp.com\/noticiasribeiraopreto.com.br\/wp-content\/uploads\/2024\/04\/STARTUP-2.webp.webp?fit=1200%2C630&ssl=1&resize=350%2C200 1x, https:\/\/i0.wp.com\/noticiasribeiraopreto.com.br\/wp-content\/uploads\/2024\/04\/STARTUP-2.webp.webp?fit=1200%2C630&ssl=1&resize=525%2C300 1.5x, https:\/\/i0.wp.com\/noticiasribeiraopreto.com.br\/wp-content\/uploads\/2024\/04\/STARTUP-2.webp.webp?fit=1200%2C630&ssl=1&resize=700%2C400 2x, https:\/\/i0.wp.com\/noticiasribeiraopreto.com.br\/wp-content\/uploads\/2024\/04\/STARTUP-2.webp.webp?fit=1200%2C630&ssl=1&resize=1050%2C600 3x"},"classes":[]},{"id":68932,"url":"https:\/\/noticiasribeiraopreto.com.br\/index.php\/2025\/04\/30\/frente-fria-e-queda-da-temperatura-em-maio-veja-previsao-para-o-mes-no-estado-de-sp\/","url_meta":{"origin":69962,"position":2},"title":"Frente fria e queda da temperatura em maio? Veja previs\u00e3o para o m\u00eas no estado de SP","author":"noticiasribeiraopreto.com.br","date":"30 de April de 2025","format":false,"excerpt":"O m\u00eas de maio come\u00e7a nesta quinta-feira (1), feriado do Dia do Trabalho, e a meteorologia divulgou a previs\u00e3o clim\u00e1tica para o per\u00edodo. A Climatempo diz que em maio de 2025 n\u00e3o haver\u00e1 a influ\u00eancia de fen\u00f4menos como El Ni\u00f1o e La Ni\u00f1a, pois ser\u00e1 de neutralidade t\u00e9rmica no Oceano\u2026","rel":"","context":"In &quot;Not\u00edcias de Ribeir\u00e3o Preto-SP e Regi\u00e3o&quot;","block_context":{"text":"Not\u00edcias de Ribeir\u00e3o Preto-SP e Regi\u00e3o","link":"https:\/\/noticiasribeiraopreto.com.br\/index.php\/category\/noticias-de-ribeirao-preto-sp-e-regiao-ismael-colosi\/"},"img":{"alt_text":"","src":"https:\/\/i0.wp.com\/noticiasribeiraopreto.com.br\/wp-content\/uploads\/2025\/04\/ceu_nublado_e_tempo_frio_em_campinas_cxdigo_19_166036-scaled.jpg?fit=1200%2C800&ssl=1&resize=350%2C200","width":350,"height":200,"srcset":"https:\/\/i0.wp.com\/noticiasribeiraopreto.com.br\/wp-content\/uploads\/2025\/04\/ceu_nublado_e_tempo_frio_em_campinas_cxdigo_19_166036-scaled.jpg?fit=1200%2C800&ssl=1&resize=350%2C200 1x, https:\/\/i0.wp.com\/noticiasribeiraopreto.com.br\/wp-content\/uploads\/2025\/04\/ceu_nublado_e_tempo_frio_em_campinas_cxdigo_19_166036-scaled.jpg?fit=1200%2C800&ssl=1&resize=525%2C300 1.5x, https:\/\/i0.wp.com\/noticiasribeiraopreto.com.br\/wp-content\/uploads\/2025\/04\/ceu_nublado_e_tempo_frio_em_campinas_cxdigo_19_166036-scaled.jpg?fit=1200%2C800&ssl=1&resize=700%2C400 2x, https:\/\/i0.wp.com\/noticiasribeiraopreto.com.br\/wp-content\/uploads\/2025\/04\/ceu_nublado_e_tempo_frio_em_campinas_cxdigo_19_166036-scaled.jpg?fit=1200%2C800&ssl=1&resize=1050%2C600 3x"},"classes":[]},{"id":14115,"url":"https:\/\/noticiasribeiraopreto.com.br\/index.php\/2023\/12\/11\/obras-do-corredor-de-onibus-castelo-branco-13-de-maio-estao-em-andamento\/","url_meta":{"origin":69962,"position":3},"title":"Obras do corredor de \u00f4nibus Castelo Branco\/ 13 de Maio est\u00e3o em andamento \u2013 Folha de Ribeir\u00e3o","author":"noticiasribeiraopreto.com.br","date":"11 de December de 2023","format":false,"excerpt":"As obras do corredor de \u00f4nibus das avenidas Castelo Branco\/ 13 de Maio est\u00e3o\u00a0em ritmo acelerado, com mais de 40% do projeto conclu\u00eddo. Com previs\u00e3o para ser entregue em setembro de 2024, os trabalhos est\u00e3o concentrados na reconstru\u00e7\u00e3o do pavimento dos corredores na avenida Le\u00e3o XIII e, nas marginais da\u2026","rel":"","context":"In &quot;Not\u00edcias de Ribeir\u00e3o Preto-SP e Regi\u00e3o&quot;","block_context":{"text":"Not\u00edcias de Ribeir\u00e3o Preto-SP e Regi\u00e3o","link":"https:\/\/noticiasribeiraopreto.com.br\/index.php\/category\/noticias-de-ribeirao-preto-sp-e-regiao-ismael-colosi\/"},"img":{"alt_text":"","src":"https:\/\/i0.wp.com\/noticiasribeiraopreto.com.br\/wp-content\/uploads\/2023\/12\/obras_corredor_castelo_branco_-_foto_guilherme_sircili_5.jpg?fit=1200%2C800&ssl=1&resize=350%2C200","width":350,"height":200,"srcset":"https:\/\/i0.wp.com\/noticiasribeiraopreto.com.br\/wp-content\/uploads\/2023\/12\/obras_corredor_castelo_branco_-_foto_guilherme_sircili_5.jpg?fit=1200%2C800&ssl=1&resize=350%2C200 1x, https:\/\/i0.wp.com\/noticiasribeiraopreto.com.br\/wp-content\/uploads\/2023\/12\/obras_corredor_castelo_branco_-_foto_guilherme_sircili_5.jpg?fit=1200%2C800&ssl=1&resize=525%2C300 1.5x, https:\/\/i0.wp.com\/noticiasribeiraopreto.com.br\/wp-content\/uploads\/2023\/12\/obras_corredor_castelo_branco_-_foto_guilherme_sircili_5.jpg?fit=1200%2C800&ssl=1&resize=700%2C400 2x, https:\/\/i0.wp.com\/noticiasribeiraopreto.com.br\/wp-content\/uploads\/2023\/12\/obras_corredor_castelo_branco_-_foto_guilherme_sircili_5.jpg?fit=1200%2C800&ssl=1&resize=1050%2C600 3x"},"classes":[]},{"id":69907,"url":"https:\/\/noticiasribeiraopreto.com.br\/index.php\/2025\/05\/10\/ribeirao-preto-recebe-projeto-que-leva-palestras-cientificas-aos-bares\/","url_meta":{"origin":69962,"position":4},"title":"Ribeir\u00e3o Preto recebe projeto que leva palestras cient\u00edficas aos bares","author":"noticiasribeiraopreto.com.br","date":"10 de May de 2025","format":false,"excerpt":"Entre os dias 19 a 21 de maio, sempre \u00e0s 19h, cientistas e pesquisadores do projeto Pint Of Science ir\u00e3o se apresentar em quatro bares e cervejarias de Ribeir\u00e3o Preto com palestras e mesas redondas sobre suas descobertas e \u00e1reas de conhecimento. Neste ano, o projeto comemora 10 anos no\u2026","rel":"","context":"In &quot;Not\u00edcias de Ribeir\u00e3o Preto-SP e Regi\u00e3o&quot;","block_context":{"text":"Not\u00edcias de Ribeir\u00e3o Preto-SP e Regi\u00e3o","link":"https:\/\/noticiasribeiraopreto.com.br\/index.php\/category\/noticias-de-ribeirao-preto-sp-e-regiao-ismael-colosi\/"},"img":{"alt_text":"","src":"https:\/\/i0.wp.com\/noticiasribeiraopreto.com.br\/wp-content\/uploads\/2025\/05\/Pint-Of-Science-158-_2025-05-10_14-18-29.webp.webp?fit=1200%2C675&ssl=1&resize=350%2C200","width":350,"height":200,"srcset":"https:\/\/i0.wp.com\/noticiasribeiraopreto.com.br\/wp-content\/uploads\/2025\/05\/Pint-Of-Science-158-_2025-05-10_14-18-29.webp.webp?fit=1200%2C675&ssl=1&resize=350%2C200 1x, https:\/\/i0.wp.com\/noticiasribeiraopreto.com.br\/wp-content\/uploads\/2025\/05\/Pint-Of-Science-158-_2025-05-10_14-18-29.webp.webp?fit=1200%2C675&ssl=1&resize=525%2C300 1.5x, https:\/\/i0.wp.com\/noticiasribeiraopreto.com.br\/wp-content\/uploads\/2025\/05\/Pint-Of-Science-158-_2025-05-10_14-18-29.webp.webp?fit=1200%2C675&ssl=1&resize=700%2C400 2x, https:\/\/i0.wp.com\/noticiasribeiraopreto.com.br\/wp-content\/uploads\/2025\/05\/Pint-Of-Science-158-_2025-05-10_14-18-29.webp.webp?fit=1200%2C675&ssl=1&resize=1050%2C600 3x"},"classes":[]},{"id":70198,"url":"https:\/\/noticiasribeiraopreto.com.br\/index.php\/2025\/05\/23\/inss-devolvera-descontos-indevidos-de-abril-a-partir-de-segunda-feira\/","url_meta":{"origin":69962,"position":5},"title":"INSS devolver\u00e1 descontos indevidos de abril a partir de segunda-feira","author":"noticiasribeiraopreto.com.br","date":"23 de May de 2025","format":false,"excerpt":"23 de maio de 2025 15:551 Compartilhar0 Todos os aposentados e pensionistas do INSS que sofreram algum desconto de mensalidade associativa na folha de pagamentos referente a abril ter\u00e3o os valores devolvidos a partir desta segunda-feira, 26 de maio. Ser\u00e3o reembolsados, ao todo, R$ 292 milh\u00f5es aos benefici\u00e1rios. No fim\u2026","rel":"","context":"In &quot;Not\u00edcias de Ribeir\u00e3o Preto-SP e Regi\u00e3o&quot;","block_context":{"text":"Not\u00edcias de Ribeir\u00e3o Preto-SP e Regi\u00e3o","link":"https:\/\/noticiasribeiraopreto.com.br\/index.php\/category\/noticias-de-ribeirao-preto-sp-e-regiao-ismael-colosi\/"},"img":{"alt_text":"","src":"https:\/\/i0.wp.com\/noticiasribeiraopreto.com.br\/wp-content\/uploads\/2025\/05\/Como-consultar-beneficio-por-incapacidade-INSS.jpg?fit=1200%2C729&ssl=1&resize=350%2C200","width":350,"height":200,"srcset":"https:\/\/i0.wp.com\/noticiasribeiraopreto.com.br\/wp-content\/uploads\/2025\/05\/Como-consultar-beneficio-por-incapacidade-INSS.jpg?fit=1200%2C729&ssl=1&resize=350%2C200 1x, https:\/\/i0.wp.com\/noticiasribeiraopreto.com.br\/wp-content\/uploads\/2025\/05\/Como-consultar-beneficio-por-incapacidade-INSS.jpg?fit=1200%2C729&ssl=1&resize=525%2C300 1.5x, https:\/\/i0.wp.com\/noticiasribeiraopreto.com.br\/wp-content\/uploads\/2025\/05\/Como-consultar-beneficio-por-incapacidade-INSS.jpg?fit=1200%2C729&ssl=1&resize=700%2C400 2x, https:\/\/i0.wp.com\/noticiasribeiraopreto.com.br\/wp-content\/uploads\/2025\/05\/Como-consultar-beneficio-por-incapacidade-INSS.jpg?fit=1200%2C729&ssl=1&resize=1050%2C600 3x"},"classes":[]}],"jetpack_sharing_enabled":true,"jetpack_shortlink":"https:\/\/wp.me\/peQAOb-icq","_links":{"self":[{"href":"https:\/\/noticiasribeiraopreto.com.br\/index.php\/wp-json\/wp\/v2\/posts\/69962","targetHints":{"allow":["GET"]}}],"collection":[{"href":"https:\/\/noticiasribeiraopreto.com.br\/index.php\/wp-json\/wp\/v2\/posts"}],"about":[{"href":"https:\/\/noticiasribeiraopreto.com.br\/index.php\/wp-json\/wp\/v2\/types\/post"}],"author":[{"embeddable":true,"href":"https:\/\/noticiasribeiraopreto.com.br\/index.php\/wp-json\/wp\/v2\/users\/1"}],"replies":[{"embeddable":true,"href":"https:\/\/noticiasribeiraopreto.com.br\/index.php\/wp-json\/wp\/v2\/comments?post=69962"}],"version-history":[{"count":0,"href":"https:\/\/noticiasribeiraopreto.com.br\/index.php\/wp-json\/wp\/v2\/posts\/69962\/revisions"}],"wp:featuredmedia":[{"embeddable":true,"href":"https:\/\/noticiasribeiraopreto.com.br\/index.php\/wp-json\/wp\/v2\/media\/69963"}],"wp:attachment":[{"href":"https:\/\/noticiasribeiraopreto.com.br\/index.php\/wp-json\/wp\/v2\/media?parent=69962"}],"wp:term":[{"taxonomy":"category","embeddable":true,"href":"https:\/\/noticiasribeiraopreto.com.br\/index.php\/wp-json\/wp\/v2\/categories?post=69962"},{"taxonomy":"post_tag","embeddable":true,"href":"https:\/\/noticiasribeiraopreto.com.br\/index.php\/wp-json\/wp\/v2\/tags?post=69962"}],"curies":[{"name":"wp","href":"https:\/\/api.w.org\/{rel}","templated":true}]}}