{"id":69964,"date":"2025-05-21T15:35:25","date_gmt":"2025-05-21T18:35:25","guid":{"rendered":"https:\/\/noticiasribeiraopreto.com.br\/index.php\/2025\/05\/21\/homem-de-52-anos-morre-carbonizado-dentro-de-casa\/"},"modified":"2025-05-21T15:35:25","modified_gmt":"2025-05-21T18:35:25","slug":"homem-de-52-anos-morre-carbonizado-dentro-de-casa","status":"publish","type":"post","link":"https:\/\/noticiasribeiraopreto.com.br\/index.php\/2025\/05\/21\/homem-de-52-anos-morre-carbonizado-dentro-de-casa\/","title":{"rendered":"Homem de 52 anos morre carbonizado dentro de casa"},"content":{"rendered":"<p> <br \/>\n<\/p>\n<div data-td-block-uid=\"tdi_95\">\n<div class=\"tdb-block-inner td-fix-index\">\n<p><strong>Um homem de 52 anos morreu carbonizado na noite desta ter\u00e7a-feira (20), durante um inc\u00eandio que atingiu a ed\u00edcula onde a v\u00edtima morava na Vila Aparecida, em Franca, a aproximadamente 80 quil\u00f4metros de Ribeir\u00e3o Preto.<\/strong><\/p>\n<p>Segundo o <strong>Corpo de Bombeiros<\/strong>, um <strong>amigo <\/strong>da <strong>v\u00edtima<\/strong>, que tamb\u00e9m estava no im\u00f3vel, teria <strong>acendido <\/strong>o <strong>fogo <\/strong>para <strong>cozinhar<\/strong>, quando as <strong>chamas <\/strong>se <strong>alastraram <\/strong>at\u00e9 um <strong>botij\u00e3o de g\u00e1s<\/strong> e teve in\u00edcio o <strong>inc\u00eandio<\/strong>.<\/p>\n<p>Ainda de acordo com as informa\u00e7\u00f5es, o amigo teria tentado apagar o fogo e ido at\u00e9 o quarto para avisar a v\u00edtima. Em seguida, ele saiu do im\u00f3vel por conta da fuma\u00e7a e das chamas.<\/p>\n<p>Os Bombeiros foram chamados e encontraram a v\u00edtima j\u00e1 carbonizada.<\/p>\n<p>A Pol\u00edcia Cient\u00edfica periciou a resid\u00eancia e as causas ser\u00e3o investigadas pela Pol\u00edcia Civil.\u00a0<\/p>\n<p>SAIBA MAIS<\/p>\n<p>Motociclista morto em acidente na zona Norte de Ribeir\u00e3o Preto \u00e9 identificado<\/p>\n<h2 class=\"wp-block-heading\"><strong>FIQUE ON<\/strong><\/h2>\n<p>Fique ligado em tudo que acontece em Ribeir\u00e3o Preto e regi\u00e3o. Siga os perfis do\u00a0<strong>acidade on<\/strong>\u00a0no\u00a0<a href=\"https:\/\/www.instagram.com\/acidadeonribeirao\">Instagram<\/a>\u00a0e no\u00a0<a href=\"https:\/\/www.facebook.com\/acidadeonribeirao\/\">Facebook<\/a>.<\/p>\n<p>Receba not\u00edcias do\u00a0<strong>acidade on<\/strong>\u00a0no WhatsApp.\u00a0<a href=\"https:\/\/chat.whatsapp.com\/BjKQZ9oJwlz8VVT50NuePq\">Para entrar no grupo, basta clicar aqui.<\/a><\/p>\n<p>Fa\u00e7a uma den\u00fancia ou sugira uma reportagem sobre Ribeir\u00e3o Preto e regi\u00e3o pelo WhatsApp: 16 99117 7802.<\/p>\n<p>VEJA TAMB\u00c9M<\/p>\n<p>Quais os nomes mais escolhidos pelos brasileiros em 2024?<\/p>\n<p><!-- CONTENT END 1 -->\n<\/div>\n<\/div>\n<p><script async src=\"\/\/www.instagram.com\/embed.js\"><\/script><br \/>\n<br \/><br \/>\n<br \/><a href=\"https:\/\/www.acidadeon.com\/ribeiraopreto\/cotidiano\/homem-de-52-anos-morre-carbonizado-dentro-de-casa\/\">Source link <\/a><\/p>\n","protected":false},"excerpt":{"rendered":"<p>Um homem de 52 anos morreu carbonizado na noite desta ter\u00e7a-feira (20), durante um inc\u00eandio que atingiu a ed\u00edcula onde a v\u00edtima morava na Vila&#8230;<\/p>\n","protected":false},"author":1,"featured_media":69965,"comment_status":"open","ping_status":"open","sticky":false,"template":"","format":"standard","meta":{"advanced_seo_description":"","jetpack_seo_html_title":"","jetpack_seo_noindex":false,"jetpack_post_was_ever_published":false,"_jetpack_newsletter_access":"","_jetpack_dont_email_post_to_subs":false,"_jetpack_newsletter_tier_id":0,"_jetpack_memberships_contains_paywalled_content":false,"_jetpack_memberships_contains_paid_content":false,"footnotes":"","jetpack_publicize_message":"","jetpack_publicize_feature_enabled":true,"jetpack_social_post_already_shared":true,"jetpack_social_options":{"image_generator_settings":{"template":"highway","default_image_id":0,"font":"","enabled":false},"version":2}},"categories":[11],"tags":[],"class_list":["post-69964","post","type-post","status-publish","format-standard","has-post-thumbnail","hentry","category-noticias-de-ribeirao-preto-sp-e-regiao-ismael-colosi"],"jetpack_publicize_connections":[],"jetpack_featured_media_url":"https:\/\/i0.wp.com\/noticiasribeiraopreto.com.br\/wp-content\/uploads\/2025\/05\/BOMBEIROS_2025-05-21_15-37-07.webp.webp?fit=1200%2C893&ssl=1","jetpack-related-posts":[{"id":43990,"url":"https:\/\/noticiasribeiraopreto.com.br\/index.php\/2024\/03\/25\/homem-morre-em-incendio-na-regiao\/","url_meta":{"origin":69964,"position":0},"title":"Homem morre em inc\u00eandio na regi\u00e3o","author":"noticiasribeiraopreto.com.br","date":"25 de March de 2024","format":false,"excerpt":"Resid\u00eancia da v\u00edtima foi atingida pelo fogo; al\u00e9m da v\u00edtima fatal, outra pessoa foi socorrida ap\u00f3s inalar fuma\u00e7a 25 de mar\u00e7o de 2024 | 9:1725 de mar\u00e7o de 2024 | 9:29 2 Por: Adalberto Luque Um homem morreu, na noite deste domingo (25), ap\u00f3s um inc\u00eandio atingir sua resid\u00eancia. O\u2026","rel":"","context":"In &quot;Not\u00edcias de Ribeir\u00e3o Preto-SP e Regi\u00e3o&quot;","block_context":{"text":"Not\u00edcias de Ribeir\u00e3o Preto-SP e Regi\u00e3o","link":"https:\/\/noticiasribeiraopreto.com.br\/index.php\/category\/noticias-de-ribeirao-preto-sp-e-regiao-ismael-colosi\/"},"img":{"alt_text":"","src":"https:\/\/i0.wp.com\/noticiasribeiraopreto.com.br\/wp-content\/uploads\/2024\/03\/00-19-mar-2024-incendio-botanico-foto-adalberto-luque-scaled.jpg?fit=860%2C645&ssl=1&resize=350%2C200","width":350,"height":200,"srcset":"https:\/\/i0.wp.com\/noticiasribeiraopreto.com.br\/wp-content\/uploads\/2024\/03\/00-19-mar-2024-incendio-botanico-foto-adalberto-luque-scaled.jpg?fit=860%2C645&ssl=1&resize=350%2C200 1x, https:\/\/i0.wp.com\/noticiasribeiraopreto.com.br\/wp-content\/uploads\/2024\/03\/00-19-mar-2024-incendio-botanico-foto-adalberto-luque-scaled.jpg?fit=860%2C645&ssl=1&resize=525%2C300 1.5x, https:\/\/i0.wp.com\/noticiasribeiraopreto.com.br\/wp-content\/uploads\/2024\/03\/00-19-mar-2024-incendio-botanico-foto-adalberto-luque-scaled.jpg?fit=860%2C645&ssl=1&resize=700%2C400 2x"},"classes":[]},{"id":62989,"url":"https:\/\/noticiasribeiraopreto.com.br\/index.php\/2025\/01\/30\/homem-morre-carbonizado-durante-incendio-em-residencia-de-ribeirao-preto\/","url_meta":{"origin":69964,"position":1},"title":"Homem morre carbonizado durante inc\u00eandio em resid\u00eancia de Ribeir\u00e3o Preto","author":"noticiasribeiraopreto.com.br","date":"30 de January de 2025","format":false,"excerpt":"Um homem morreu carbonizado ap\u00f3s um inc\u00eandio em uma resid\u00eancia na avenida Manoel Ant\u00f4nio Dias, no bairro Parque Ribeir\u00e3o, zona Oeste de Ribeir\u00e3o Preto, na madrugada desta quinta-feira (30). De acordo com o boletim de ocorr\u00eancia (BO), os tr\u00eas moradores do im\u00f3vel estavam dormindo quando as chamas come\u00e7aram. Devido a\u2026","rel":"","context":"In &quot;Not\u00edcias de Ribeir\u00e3o Preto-SP e Regi\u00e3o&quot;","block_context":{"text":"Not\u00edcias de Ribeir\u00e3o Preto-SP e Regi\u00e3o","link":"https:\/\/noticiasribeiraopreto.com.br\/index.php\/category\/noticias-de-ribeirao-preto-sp-e-regiao-ismael-colosi\/"},"img":{"alt_text":"","src":"https:\/\/i0.wp.com\/noticiasribeiraopreto.com.br\/wp-content\/uploads\/2025\/01\/Copia-de-Copia-de-Copia-de-TAMANHO-EXATO-PARA-FOTOS-NO-SISTEMA-NOVO-2025-01-30T111417.929_2025-01-30_14-14-26_png_2025-01-30_14-14-26.webp.webp?fit=1200%2C675&ssl=1&resize=350%2C200","width":350,"height":200,"srcset":"https:\/\/i0.wp.com\/noticiasribeiraopreto.com.br\/wp-content\/uploads\/2025\/01\/Copia-de-Copia-de-Copia-de-TAMANHO-EXATO-PARA-FOTOS-NO-SISTEMA-NOVO-2025-01-30T111417.929_2025-01-30_14-14-26_png_2025-01-30_14-14-26.webp.webp?fit=1200%2C675&ssl=1&resize=350%2C200 1x, https:\/\/i0.wp.com\/noticiasribeiraopreto.com.br\/wp-content\/uploads\/2025\/01\/Copia-de-Copia-de-Copia-de-TAMANHO-EXATO-PARA-FOTOS-NO-SISTEMA-NOVO-2025-01-30T111417.929_2025-01-30_14-14-26_png_2025-01-30_14-14-26.webp.webp?fit=1200%2C675&ssl=1&resize=525%2C300 1.5x, https:\/\/i0.wp.com\/noticiasribeiraopreto.com.br\/wp-content\/uploads\/2025\/01\/Copia-de-Copia-de-Copia-de-TAMANHO-EXATO-PARA-FOTOS-NO-SISTEMA-NOVO-2025-01-30T111417.929_2025-01-30_14-14-26_png_2025-01-30_14-14-26.webp.webp?fit=1200%2C675&ssl=1&resize=700%2C400 2x, https:\/\/i0.wp.com\/noticiasribeiraopreto.com.br\/wp-content\/uploads\/2025\/01\/Copia-de-Copia-de-Copia-de-TAMANHO-EXATO-PARA-FOTOS-NO-SISTEMA-NOVO-2025-01-30T111417.929_2025-01-30_14-14-26_png_2025-01-30_14-14-26.webp.webp?fit=1200%2C675&ssl=1&resize=1050%2C600 3x"},"classes":[]},{"id":62993,"url":"https:\/\/noticiasribeiraopreto.com.br\/index.php\/2025\/01\/30\/homem-morre-durante-incendio-em-residencia-de-ribeirao-preto\/","url_meta":{"origin":69964,"position":2},"title":"Homem morre durante inc\u00eandio em resid\u00eancia de Ribeir\u00e3o Preto","author":"noticiasribeiraopreto.com.br","date":"30 de January de 2025","format":false,"excerpt":"Um homem morreu carbonizado ap\u00f3s um inc\u00eandio em uma resid\u00eancia na avenida Manoel Ant\u00f4nio Dias, no bairro Parque Ribeir\u00e3o, zona Oeste de Ribeir\u00e3o Preto, na madrugada desta quinta-feira (30). De acordo com o boletim de ocorr\u00eancia (BO), os tr\u00eas moradores do im\u00f3vel estavam dormindo quando as chamas come\u00e7aram. Devido a\u2026","rel":"","context":"In &quot;Not\u00edcias de Ribeir\u00e3o Preto-SP e Regi\u00e3o&quot;","block_context":{"text":"Not\u00edcias de Ribeir\u00e3o Preto-SP e Regi\u00e3o","link":"https:\/\/noticiasribeiraopreto.com.br\/index.php\/category\/noticias-de-ribeirao-preto-sp-e-regiao-ismael-colosi\/"},"img":{"alt_text":"","src":"https:\/\/i0.wp.com\/noticiasribeiraopreto.com.br\/wp-content\/uploads\/2025\/01\/Copia-de-Copia-de-Copia-de-TAMANHO-EXATO-PARA-FOTOS-NO-SISTEMA-NOVO-2025-01-30T111417.929_2025-01-30_14-14-26_png_2025-01-30_14-14-26.webp.webp?fit=1200%2C675&ssl=1&resize=350%2C200","width":350,"height":200,"srcset":"https:\/\/i0.wp.com\/noticiasribeiraopreto.com.br\/wp-content\/uploads\/2025\/01\/Copia-de-Copia-de-Copia-de-TAMANHO-EXATO-PARA-FOTOS-NO-SISTEMA-NOVO-2025-01-30T111417.929_2025-01-30_14-14-26_png_2025-01-30_14-14-26.webp.webp?fit=1200%2C675&ssl=1&resize=350%2C200 1x, https:\/\/i0.wp.com\/noticiasribeiraopreto.com.br\/wp-content\/uploads\/2025\/01\/Copia-de-Copia-de-Copia-de-TAMANHO-EXATO-PARA-FOTOS-NO-SISTEMA-NOVO-2025-01-30T111417.929_2025-01-30_14-14-26_png_2025-01-30_14-14-26.webp.webp?fit=1200%2C675&ssl=1&resize=525%2C300 1.5x, https:\/\/i0.wp.com\/noticiasribeiraopreto.com.br\/wp-content\/uploads\/2025\/01\/Copia-de-Copia-de-Copia-de-TAMANHO-EXATO-PARA-FOTOS-NO-SISTEMA-NOVO-2025-01-30T111417.929_2025-01-30_14-14-26_png_2025-01-30_14-14-26.webp.webp?fit=1200%2C675&ssl=1&resize=700%2C400 2x, https:\/\/i0.wp.com\/noticiasribeiraopreto.com.br\/wp-content\/uploads\/2025\/01\/Copia-de-Copia-de-Copia-de-TAMANHO-EXATO-PARA-FOTOS-NO-SISTEMA-NOVO-2025-01-30T111417.929_2025-01-30_14-14-26_png_2025-01-30_14-14-26.webp.webp?fit=1200%2C675&ssl=1&resize=1050%2C600 3x"},"classes":[]},{"id":77936,"url":"https:\/\/noticiasribeiraopreto.com.br\/index.php\/2025\/09\/29\/crianca-poe-fogo-em-casa-e-pai-sofre-queimaduras-em-ribeirao-preto\/","url_meta":{"origin":69964,"position":3},"title":"Crian\u00e7a p\u00f5e fogo em casa e pai sofre queimaduras em Ribeir\u00e3o Preto","author":"noticiasribeiraopreto.com.br","date":"29 de September de 2025","format":false,"excerpt":"Um homem sofreu queimaduras de segundo grau ao tentar conter um inc\u00eandio na casa da fam\u00edlia, na tarde deste domingo (28), na Vila Tib\u00e9rio, zona Oeste de Ribeir\u00e3o Preto. A m\u00e3e da crian\u00e7a disse \u00e0 PM (Pol\u00edcia Militar) que o fogo teria sido ateado acidentalmente pelo filho de 8 anos\u2026","rel":"","context":"In &quot;Not\u00edcias de Ribeir\u00e3o Preto-SP e Regi\u00e3o&quot;","block_context":{"text":"Not\u00edcias de Ribeir\u00e3o Preto-SP e Regi\u00e3o","link":"https:\/\/noticiasribeiraopreto.com.br\/index.php\/category\/noticias-de-ribeirao-preto-sp-e-regiao-ismael-colosi\/"},"img":{"alt_text":"","src":"https:\/\/i0.wp.com\/noticiasribeiraopreto.com.br\/wp-content\/uploads\/2025\/07\/BOMBEIROS-1024x575-1_2024-05-31_13-44-44_jpg_2024-05-31_13-44-44.webp.webp?fit=1024%2C575&ssl=1&resize=350%2C200","width":350,"height":200,"srcset":"https:\/\/i0.wp.com\/noticiasribeiraopreto.com.br\/wp-content\/uploads\/2025\/07\/BOMBEIROS-1024x575-1_2024-05-31_13-44-44_jpg_2024-05-31_13-44-44.webp.webp?fit=1024%2C575&ssl=1&resize=350%2C200 1x, https:\/\/i0.wp.com\/noticiasribeiraopreto.com.br\/wp-content\/uploads\/2025\/07\/BOMBEIROS-1024x575-1_2024-05-31_13-44-44_jpg_2024-05-31_13-44-44.webp.webp?fit=1024%2C575&ssl=1&resize=525%2C300 1.5x, https:\/\/i0.wp.com\/noticiasribeiraopreto.com.br\/wp-content\/uploads\/2025\/07\/BOMBEIROS-1024x575-1_2024-05-31_13-44-44_jpg_2024-05-31_13-44-44.webp.webp?fit=1024%2C575&ssl=1&resize=700%2C400 2x"},"classes":[]},{"id":63504,"url":"https:\/\/noticiasribeiraopreto.com.br\/index.php\/2025\/02\/14\/homem-e-suspeito-de-incendiar-casa-da-ex-mulher-apos-separacao-em-ribeirao-preto\/","url_meta":{"origin":69964,"position":4},"title":"Homem \u00e9 Suspeito de Incendiar Casa da Ex-mulher Ap\u00f3s Separa\u00e7\u00e3o em Ribeir\u00e3o Preto","author":"noticiasribeiraopreto.com.br","date":"14 de February de 2025","format":false,"excerpt":"Em Ribeir\u00e3o Preto, um homem \u00e9 suspeito de incendiar a casa de sua ex-mulher ap\u00f3s o t\u00e9rmino da rela\u00e7\u00e3o. O crime teria ocorrido ap\u00f3s uma discuss\u00e3o acalorada, quando o homem, motivado pela separa\u00e7\u00e3o, teria ateado fogo na resid\u00eancia. A ex-mulher e seus filhos, que estavam presentes no momento, conseguiram escapar\u2026","rel":"","context":"In &quot;Not\u00edcias de Ribeir\u00e3o Preto-SP e Regi\u00e3o&quot;","block_context":{"text":"Not\u00edcias de Ribeir\u00e3o Preto-SP e Regi\u00e3o","link":"https:\/\/noticiasribeiraopreto.com.br\/index.php\/category\/noticias-de-ribeirao-preto-sp-e-regiao-ismael-colosi\/"},"img":{"alt_text":"","src":"https:\/\/i0.wp.com\/noticiasribeiraopreto.com.br\/wp-content\/uploads\/2024\/10\/cameras_uniformes_de_policiais_militares_sao_paulo_rvrsa_abr_2804223630_0.webp.webp?fit=1170%2C700&ssl=1&resize=350%2C200","width":350,"height":200,"srcset":"https:\/\/i0.wp.com\/noticiasribeiraopreto.com.br\/wp-content\/uploads\/2024\/10\/cameras_uniformes_de_policiais_militares_sao_paulo_rvrsa_abr_2804223630_0.webp.webp?fit=1170%2C700&ssl=1&resize=350%2C200 1x, https:\/\/i0.wp.com\/noticiasribeiraopreto.com.br\/wp-content\/uploads\/2024\/10\/cameras_uniformes_de_policiais_militares_sao_paulo_rvrsa_abr_2804223630_0.webp.webp?fit=1170%2C700&ssl=1&resize=525%2C300 1.5x, https:\/\/i0.wp.com\/noticiasribeiraopreto.com.br\/wp-content\/uploads\/2024\/10\/cameras_uniformes_de_policiais_militares_sao_paulo_rvrsa_abr_2804223630_0.webp.webp?fit=1170%2C700&ssl=1&resize=700%2C400 2x, https:\/\/i0.wp.com\/noticiasribeiraopreto.com.br\/wp-content\/uploads\/2024\/10\/cameras_uniformes_de_policiais_militares_sao_paulo_rvrsa_abr_2804223630_0.webp.webp?fit=1170%2C700&ssl=1&resize=1050%2C600 3x"},"classes":[]},{"id":62871,"url":"https:\/\/noticiasribeiraopreto.com.br\/index.php\/2025\/01\/27\/idosa-morre-em-incendio-dentro-de-casa-em-ribeirao-preto\/","url_meta":{"origin":69964,"position":5},"title":"Idosa morre em inc\u00eandio dentro de casa em Ribeir\u00e3o Preto","author":"noticiasribeiraopreto.com.br","date":"27 de January de 2025","format":false,"excerpt":"Uma idosa de 78 anos morreu em um inc\u00eandio dentro de casa no Parque das Andorinhas, na zona Oeste de Ribeir\u00e3o Preto, na tarde do \u00faltimo domingo (27). Outras pessoas tamb\u00e9m ficaram feridas, sendo uma delas a filha da v\u00edtima. A Pol\u00edcia Militar foi acionada para atender a ocorr\u00eancia de\u2026","rel":"","context":"In &quot;Not\u00edcias de Ribeir\u00e3o Preto-SP e Regi\u00e3o&quot;","block_context":{"text":"Not\u00edcias de Ribeir\u00e3o Preto-SP e Regi\u00e3o","link":"https:\/\/noticiasribeiraopreto.com.br\/index.php\/category\/noticias-de-ribeirao-preto-sp-e-regiao-ismael-colosi\/"},"img":{"alt_text":"","src":"https:\/\/i0.wp.com\/noticiasribeiraopreto.com.br\/wp-content\/uploads\/2025\/01\/sirene_giroflex_1024x576_11032021085153.jpg?fit=1024%2C576&ssl=1&resize=350%2C200","width":350,"height":200,"srcset":"https:\/\/i0.wp.com\/noticiasribeiraopreto.com.br\/wp-content\/uploads\/2025\/01\/sirene_giroflex_1024x576_11032021085153.jpg?fit=1024%2C576&ssl=1&resize=350%2C200 1x, https:\/\/i0.wp.com\/noticiasribeiraopreto.com.br\/wp-content\/uploads\/2025\/01\/sirene_giroflex_1024x576_11032021085153.jpg?fit=1024%2C576&ssl=1&resize=525%2C300 1.5x, https:\/\/i0.wp.com\/noticiasribeiraopreto.com.br\/wp-content\/uploads\/2025\/01\/sirene_giroflex_1024x576_11032021085153.jpg?fit=1024%2C576&ssl=1&resize=700%2C400 2x"},"classes":[]}],"jetpack_sharing_enabled":true,"jetpack_shortlink":"https:\/\/wp.me\/peQAOb-ics","_links":{"self":[{"href":"https:\/\/noticiasribeiraopreto.com.br\/index.php\/wp-json\/wp\/v2\/posts\/69964","targetHints":{"allow":["GET"]}}],"collection":[{"href":"https:\/\/noticiasribeiraopreto.com.br\/index.php\/wp-json\/wp\/v2\/posts"}],"about":[{"href":"https:\/\/noticiasribeiraopreto.com.br\/index.php\/wp-json\/wp\/v2\/types\/post"}],"author":[{"embeddable":true,"href":"https:\/\/noticiasribeiraopreto.com.br\/index.php\/wp-json\/wp\/v2\/users\/1"}],"replies":[{"embeddable":true,"href":"https:\/\/noticiasribeiraopreto.com.br\/index.php\/wp-json\/wp\/v2\/comments?post=69964"}],"version-history":[{"count":0,"href":"https:\/\/noticiasribeiraopreto.com.br\/index.php\/wp-json\/wp\/v2\/posts\/69964\/revisions"}],"wp:featuredmedia":[{"embeddable":true,"href":"https:\/\/noticiasribeiraopreto.com.br\/index.php\/wp-json\/wp\/v2\/media\/69965"}],"wp:attachment":[{"href":"https:\/\/noticiasribeiraopreto.com.br\/index.php\/wp-json\/wp\/v2\/media?parent=69964"}],"wp:term":[{"taxonomy":"category","embeddable":true,"href":"https:\/\/noticiasribeiraopreto.com.br\/index.php\/wp-json\/wp\/v2\/categories?post=69964"},{"taxonomy":"post_tag","embeddable":true,"href":"https:\/\/noticiasribeiraopreto.com.br\/index.php\/wp-json\/wp\/v2\/tags?post=69964"}],"curies":[{"name":"wp","href":"https:\/\/api.w.org\/{rel}","templated":true}]}}