{"id":69966,"date":"2025-05-21T15:42:43","date_gmt":"2025-05-21T18:42:43","guid":{"rendered":"https:\/\/noticiasribeiraopreto.com.br\/index.php\/2025\/05\/21\/liminar-barra-cirurgias-em-ame\/"},"modified":"2025-05-21T15:42:43","modified_gmt":"2025-05-21T18:42:43","slug":"liminar-barra-cirurgias-em-ame","status":"publish","type":"post","link":"https:\/\/noticiasribeiraopreto.com.br\/index.php\/2025\/05\/21\/liminar-barra-cirurgias-em-ame\/","title":{"rendered":"Liminar barra cirurgias em AME"},"content":{"rendered":"<div class='code-block code-block-1' style='margin: 8px 0 8px auto; text-align: right; display: block; clear: both;'>\n<p><a href=\"https:\/\/wa.link\/vpicfd\"><img data-recalc-dims=\"1\" class=\"wp-image-4922\" style=\"aspect-ratio: 2.0253164556962027; width: 561px; height: auto;\" src=\"https:\/\/i0.wp.com\/ismaelcolosi.com.br\/wp-content\/uploads\/2023\/11\/grupo-de-empregos-whatsapp-e-facebook-ismael-colosi-vagas.jpg?ssl=1\" alt=\"\" \/><\/a><\/p>\n<!-- \/wp:image -->\n<\/div>\n<p> <br \/>\n<\/p>\n<div>\n<p>O Ambulat\u00f3rio M\u00e9dico de Especialidades (AME) de Taquaritinga est\u00e1 proibido de realizar qualquer tipo de cirurgia, inclusive procedimentos de catarata, por for\u00e7a de liminar concedida nesta ter\u00e7a-feira, 20 de maio, a pedido do promotor Ilo Wilson Marinho Gon\u00e7alves Junior.<\/p>\n<p>A decis\u00e3o foi tomada ap\u00f3s o Minist\u00e9rio P\u00fablico de S\u00e3o Paulo (MPSP) demonstrar que ao menos doze de 23 pacientes perderam total ou parcialmente a vis\u00e3o ap\u00f3s passarem por cirurgias oftalmol\u00f3gicas realizadas em regime de mutir\u00e3o na unidade.<\/p>\n<p>Fiscaliza\u00e7\u00f5es das Vigil\u00e2ncias Sanit\u00e1rias Municipal e Estadual identificaram falhas graves no centro de esteriliza\u00e7\u00e3o de materiais do equipamento p\u00fablico. Assinada pelo juiz Clovis Humberto Louren\u00e7o Junior, a liminar tamb\u00e9m determinou a interdi\u00e7\u00e3o imediata do Centro de Material e Esteriliza\u00e7\u00e3o do AME.<\/p>\n<p>A Funda\u00e7\u00e3o Santa Casa de Miseric\u00f3rdia de Franca, respons\u00e1vel pela administra\u00e7\u00e3o da unidade, e a Fazenda P\u00fablica do Estado de S\u00e3o Paulo ter\u00e3o o prazo de 60 dias para sanar todas as irregularidades apontadas. O descumprimento da decis\u00e3o implicar\u00e1 multa di\u00e1ria de R$ 2 mil, limitada a R$ 1 milh\u00e3o.<\/p>\n<p>A medida judicial imp\u00f5e ainda outras obriga\u00e7\u00f5es, como a apresenta\u00e7\u00e3o, no mesmo prazo, de um plano de a\u00e7\u00e3o voltado ao aprimoramento dos protocolos m\u00e9dicos e operat\u00f3rios. Tamb\u00e9m dever\u00e1 ser garantida assist\u00eancia m\u00e9dica cont\u00ednua e integral \u00e0s v\u00edtimas.<\/p>\n<p>O atendimento especializado deve ser oferecido n\u00e3o apenas em oftalmologia, mas em todas as \u00e1reas eventualmente necess\u00e1rias em raz\u00e3o dos danos sofridos. Isso inclui, por exemplo, cirurgias de transplante de retina e fornecimento de lente escleral est\u00e9tica ou pr\u00f3tese ocular.<\/p>\n<p>No processo, o promotor Gon\u00e7alves Junior apontou que as les\u00f5es oculares apresentadas no p\u00f3s-operat\u00f3rio foram causadas pela infus\u00e3o intraocular de uma subst\u00e2ncia t\u00f3xica. Na a\u00e7\u00e3o civil, ele requer que os r\u00e9us sejam condenados a pagar R$ 3 milh\u00f5es em indeniza\u00e7\u00e3o, valor que dever\u00e1 ser revertido em investimentos na sa\u00fade p\u00fablica local. Paralelamente \u00e0 atua\u00e7\u00e3o c\u00edvel, os fatos est\u00e3o sendo investigados tamb\u00e9m na esfera criminal.<\/p>\n<p>A Secretaria de Estado da Sa\u00fade informou que todos os profissionais que atuaram nos atendimentos foram afastados e os pacientes est\u00e3o sendo acompanhados por equipe especializada no Hospital das Cl\u00ednicas de Ribeir\u00e3o Preto.<\/p>\n<p>Uma sindic\u00e2ncia foi instaurada em todas as unidades gerenciadas pela Organiza\u00e7\u00e3o Social de Sa\u00fade (OSS) Santa Casa de Franca, bem como um chamamento p\u00fablico para a contrata\u00e7\u00e3o de uma nova OSS para a administra\u00e7\u00e3o do AME.<\/p>\n<p>Ao menos 13 pacientes relataram complica\u00e7\u00f5es, com perda total ou parcial da vis\u00e3o, ap\u00f3s serem submetidos a cirurgias em um mutir\u00e3o no Ambulat\u00f3rio de Especialidades M\u00e9dicas de Taquaritinga em 21 de outubro do ano passado.<\/p>\n<p>Depois das den\u00fancias, eles foram encaminhados para avalia\u00e7\u00f5es no HC de Ribeir\u00e3o Preto e, segundo o Grupo Santa Casa, tamb\u00e9m foram inseridos na fila de transplante de c\u00f3rnea do estado em dezembro. As cirurgias no AME de Taquaritinga foram suspensas, desde ent\u00e3o.<\/p>\n<p>Segundo sindic\u00e2ncia interna instaurada pelo Grupo Santa Casa de Franca, houve falha pelas equipes m\u00e9dica\/assistencial no cumprimento do protocolo institucional vigente, resultando no uso inadequado de produtos durante procedimentos cir\u00fargicos realizados exclusivamente em 21 de outubro de 2024.\u201d<\/p>\n<p>Conforme os protocolos institucionais, a assepsia deve ser realizada com PVPI (iodo-povidona), de colora\u00e7\u00e3o roxa, permitindo identifica\u00e7\u00e3o visual clara por todos os profissionais envolvidos na cirurgia. No entanto, foi constatado que a equipe utilizou clorexidina (de colora\u00e7\u00e3o transparente), dificultando a verifica\u00e7\u00e3o visual do produto empregado.<\/p>\n<p>\u201cAl\u00e9m disso, identificou-se a invers\u00e3o na ordem de aplica\u00e7\u00e3o dos produtos. Em vez de seguir o procedimento correto \u2013 onde a clorexidina \u00e9 utilizada para assepsia e o soro Ringer para o selamento da incis\u00e3o \u2013 houve o acidente, no qual a clorexidina foi aplicada em substitui\u00e7\u00e3o ao soro Ringer\u201d, diz nota enviada ao Tribuna.<\/p>\n<p>Isso significa que no processo cir\u00fargico, a equipe m\u00e9dica\/assistencial inverteu a ordem do uso dos produtos. Todos os profissionais diretamente envolvidos no caso foram afastados, pois, \u201capesar de ter sido um erro pontual, os pacientes tiveram consequ\u00eancias graves\u201d, diz a OSS.<\/p>\n<p>O erro afetou apenas um olho de cada paciente, j\u00e1 que, por seguran\u00e7a, nunca se realizam cirurgias simult\u00e2neas nos dois olhos, justamente para evitar riscos de perda total da vis\u00e3o. Dos doze pacientes afetados, cinco realizavam a segunda cirurgia, pois j\u00e1 haviam realizado a opera\u00e7\u00e3o bem-sucedida no primeiro olho.<\/p>\n<\/div>\n<p><br \/>\n<br \/><a href=\"https:\/\/www.tribunaribeirao.com.br\/liminar-barra-cirurgias-em-ame\/\">Source link <\/a><\/p>\n<!-- CONTENT END 1 -->\n","protected":false},"excerpt":{"rendered":"<p>O Ambulat\u00f3rio M\u00e9dico de Especialidades (AME) de Taquaritinga est\u00e1 proibido de realizar qualquer tipo de cirurgia, inclusive procedimentos de catarata, por for\u00e7a de liminar concedida&#8230;<\/p>\n","protected":false},"author":1,"featured_media":69967,"comment_status":"open","ping_status":"open","sticky":false,"template":"","format":"standard","meta":{"advanced_seo_description":"","jetpack_seo_html_title":"","jetpack_seo_noindex":false,"jetpack_post_was_ever_published":false,"_jetpack_newsletter_access":"","_jetpack_dont_email_post_to_subs":false,"_jetpack_newsletter_tier_id":0,"_jetpack_memberships_contains_paywalled_content":false,"_jetpack_memberships_contains_paid_content":false,"footnotes":"","jetpack_publicize_message":"","jetpack_publicize_feature_enabled":true,"jetpack_social_post_already_shared":true,"jetpack_social_options":{"image_generator_settings":{"template":"highway","default_image_id":0,"font":"","enabled":false},"version":2}},"categories":[11],"tags":[],"class_list":["post-69966","post","type-post","status-publish","format-standard","has-post-thumbnail","hentry","category-noticias-de-ribeirao-preto-sp-e-regiao-ismael-colosi"],"jetpack_publicize_connections":[],"jetpack_featured_media_url":"https:\/\/i0.wp.com\/noticiasribeiraopreto.com.br\/wp-content\/uploads\/2025\/05\/ame-scaled.jpeg?fit=800%2C442&ssl=1","jetpack-related-posts":[{"id":62400,"url":"https:\/\/noticiasribeiraopreto.com.br\/index.php\/2025\/01\/13\/cerca-de-120-cirurgias-eletivas-sao-reagendadas-apos-incendio-no-hc-de-ribeirao-preto\/","url_meta":{"origin":69966,"position":0},"title":"Cerca de 120 cirurgias eletivas s\u00e3o reagendadas ap\u00f3s inc\u00eandio no HC de Ribeir\u00e3o Preto","author":"noticiasribeiraopreto.com.br","date":"13 de January de 2025","format":false,"excerpt":"Cerca de 120 cirurgias eletivas precisaram ser reagendas ap\u00f3s o inc\u00eandio que atingiu uma subesta\u00e7\u00e3o de energia do HC (Hospital das Cl\u00ednicas) de Ribeir\u00e3o Preto, na manh\u00e3 da \u00faltima sexta-feira (10). O prazo para a normaliza\u00e7\u00e3o dos atendimentos, de acordo com Ricardo Cavalli, superintendente da institui\u00e7\u00e3o, \u00e9 ter\u00e7a-feira (14). Ele\u2026","rel":"","context":"In &quot;Not\u00edcias de Ribeir\u00e3o Preto-SP e Regi\u00e3o&quot;","block_context":{"text":"Not\u00edcias de Ribeir\u00e3o Preto-SP e Regi\u00e3o","link":"https:\/\/noticiasribeiraopreto.com.br\/index.php\/category\/noticias-de-ribeirao-preto-sp-e-regiao-ismael-colosi\/"},"img":{"alt_text":"","src":"https:\/\/i0.wp.com\/noticiasribeiraopreto.com.br\/wp-content\/uploads\/2025\/01\/incendio-hc_2025-01-10_13-11-21_jpg_2025-01-10_13-11-21.webp.webp?fit=899%2C761&ssl=1&resize=350%2C200","width":350,"height":200,"srcset":"https:\/\/i0.wp.com\/noticiasribeiraopreto.com.br\/wp-content\/uploads\/2025\/01\/incendio-hc_2025-01-10_13-11-21_jpg_2025-01-10_13-11-21.webp.webp?fit=899%2C761&ssl=1&resize=350%2C200 1x, https:\/\/i0.wp.com\/noticiasribeiraopreto.com.br\/wp-content\/uploads\/2025\/01\/incendio-hc_2025-01-10_13-11-21_jpg_2025-01-10_13-11-21.webp.webp?fit=899%2C761&ssl=1&resize=525%2C300 1.5x, https:\/\/i0.wp.com\/noticiasribeiraopreto.com.br\/wp-content\/uploads\/2025\/01\/incendio-hc_2025-01-10_13-11-21_jpg_2025-01-10_13-11-21.webp.webp?fit=899%2C761&ssl=1&resize=700%2C400 2x"},"classes":[]},{"id":24619,"url":"https:\/\/noticiasribeiraopreto.com.br\/index.php\/2024\/01\/04\/ame-ribeirao-atendeu-mais-de-mil-pacientes-da-cidade-e-regiao\/","url_meta":{"origin":69966,"position":1},"title":"AME Ribeir\u00e3o atendeu mais de mil pacientes da cidade e regi\u00e3o \u2013 Folha de Ribeir\u00e3o","author":"noticiasribeiraopreto.com.br","date":"4 de January de 2024","format":false,"excerpt":"Nos meses de novembro e dezembro de 2023, o AME Ribeir\u00e3o (Ambulat\u00f3rio M\u00e9dico de Especialidades) realizou 1.148 consultas m\u00e9dicas e 297 exames e procedimentos. As portas do ambulat\u00f3rio abriram no \u00faltimo dia 27 de novembro, oferecendo aos moradores de Ribeir\u00e3o Preto e regi\u00e3o o atendimento nas especialidades de cardiologia, dermatologia,\u2026","rel":"","context":"In &quot;Not\u00edcias de Ribeir\u00e3o Preto-SP e Regi\u00e3o&quot;","block_context":{"text":"Not\u00edcias de Ribeir\u00e3o Preto-SP e Regi\u00e3o","link":"https:\/\/noticiasribeiraopreto.com.br\/index.php\/category\/noticias-de-ribeirao-preto-sp-e-regiao-ismael-colosi\/"},"img":{"alt_text":"","src":"https:\/\/i0.wp.com\/noticiasribeiraopreto.com.br\/wp-content\/uploads\/2024\/01\/visita_vistoria_ame_outubro_2023_-_foto_guilherme_sircili_6.jpg?fit=1200%2C800&ssl=1&resize=350%2C200","width":350,"height":200,"srcset":"https:\/\/i0.wp.com\/noticiasribeiraopreto.com.br\/wp-content\/uploads\/2024\/01\/visita_vistoria_ame_outubro_2023_-_foto_guilherme_sircili_6.jpg?fit=1200%2C800&ssl=1&resize=350%2C200 1x, https:\/\/i0.wp.com\/noticiasribeiraopreto.com.br\/wp-content\/uploads\/2024\/01\/visita_vistoria_ame_outubro_2023_-_foto_guilherme_sircili_6.jpg?fit=1200%2C800&ssl=1&resize=525%2C300 1.5x, https:\/\/i0.wp.com\/noticiasribeiraopreto.com.br\/wp-content\/uploads\/2024\/01\/visita_vistoria_ame_outubro_2023_-_foto_guilherme_sircili_6.jpg?fit=1200%2C800&ssl=1&resize=700%2C400 2x, https:\/\/i0.wp.com\/noticiasribeiraopreto.com.br\/wp-content\/uploads\/2024\/01\/visita_vistoria_ame_outubro_2023_-_foto_guilherme_sircili_6.jpg?fit=1200%2C800&ssl=1&resize=1050%2C600 3x"},"classes":[]},{"id":61715,"url":"https:\/\/noticiasribeiraopreto.com.br\/index.php\/2024\/12\/19\/prefeitura-de-ribeirao-reverte-liminar-e-reinicia-obras-do-centro-administrativo\/","url_meta":{"origin":69966,"position":2},"title":"Prefeitura de Ribeir\u00e3o reverte liminar e reinicia obras do Centro Administrativo","author":"noticiasribeiraopreto.com.br","date":"19 de December de 2024","format":false,"excerpt":"A Prefeitura de Ribeir\u00e3o Preto conseguiu derrubar a liminar que suspendia a execu\u00e7\u00e3o das obras do Centro Administrativo, projeto licitado por meio da Concorr\u00eancia P\u00fablica n\u00ba 12\/2023. A decis\u00e3o foi tomada nesta quinta-feira (19), pelo desembargador Lu\u00eds Francisco Aguilar Cortez, da 1\u00aa C\u00e2mara de Direito P\u00fablico do Tribunal de Justi\u00e7a\u2026","rel":"","context":"In &quot;Not\u00edcias de Ribeir\u00e3o Preto-SP e Regi\u00e3o&quot;","block_context":{"text":"Not\u00edcias de Ribeir\u00e3o Preto-SP e Regi\u00e3o","link":"https:\/\/noticiasribeiraopreto.com.br\/index.php\/category\/noticias-de-ribeirao-preto-sp-e-regiao-ismael-colosi\/"},"img":{"alt_text":"","src":"https:\/\/i0.wp.com\/noticiasribeiraopreto.com.br\/wp-content\/uploads\/2024\/06\/AnyConv.com__centro-administrativo-projeto_2024-06-26_13-44-03.webp.webp?fit=753%2C378&ssl=1&resize=350%2C200","width":350,"height":200,"srcset":"https:\/\/i0.wp.com\/noticiasribeiraopreto.com.br\/wp-content\/uploads\/2024\/06\/AnyConv.com__centro-administrativo-projeto_2024-06-26_13-44-03.webp.webp?fit=753%2C378&ssl=1&resize=350%2C200 1x, https:\/\/i0.wp.com\/noticiasribeiraopreto.com.br\/wp-content\/uploads\/2024\/06\/AnyConv.com__centro-administrativo-projeto_2024-06-26_13-44-03.webp.webp?fit=753%2C378&ssl=1&resize=525%2C300 1.5x, https:\/\/i0.wp.com\/noticiasribeiraopreto.com.br\/wp-content\/uploads\/2024\/06\/AnyConv.com__centro-administrativo-projeto_2024-06-26_13-44-03.webp.webp?fit=753%2C378&ssl=1&resize=700%2C400 2x"},"classes":[]},{"id":63272,"url":"https:\/\/noticiasribeiraopreto.com.br\/index.php\/2025\/02\/07\/pacientes-ficam-cegos-apos-cirurgia-em-mutirao-de-catarata-na-regiao-de-ribeirao-preto\/","url_meta":{"origin":69966,"position":3},"title":"Pacientes ficam cegos ap\u00f3s cirurgia em mutir\u00e3o de catarata na regi\u00e3o de Ribeir\u00e3o Preto","author":"noticiasribeiraopreto.com.br","date":"7 de February de 2025","format":false,"excerpt":"Doze pacientes que participaram de um mutir\u00e3o de cirurgia de catarata no Ambulat\u00f3rio de Especialidades M\u00e9dicas (AME) de Taquaritinga, na regi\u00e3o de Ribeir\u00e3o Preto, perderam a vis\u00e3o por completo ou parcialmente. Os procedimentos aconteceram em outubro de 2024. Em comunicado, a Secretaria de Sa\u00fade de Taquaritinga informou que os pacientes\u2026","rel":"","context":"In &quot;Not\u00edcias de Ribeir\u00e3o Preto-SP e Regi\u00e3o&quot;","block_context":{"text":"Not\u00edcias de Ribeir\u00e3o Preto-SP e Regi\u00e3o","link":"https:\/\/noticiasribeiraopreto.com.br\/index.php\/category\/noticias-de-ribeirao-preto-sp-e-regiao-ismael-colosi\/"},"img":{"alt_text":"","src":"https:\/\/i0.wp.com\/noticiasribeiraopreto.com.br\/wp-content\/uploads\/2025\/02\/Copia-de-Copia-de-Copia-de-TAMANHO-EXATO-PARA-FOTOS-NO-SISTEMA-NOVO-2025-02-07T211130.087_2025-02-08_00-11-43_png_2025-02-08_00-11-43.webp.webp?fit=1200%2C675&ssl=1&resize=350%2C200","width":350,"height":200,"srcset":"https:\/\/i0.wp.com\/noticiasribeiraopreto.com.br\/wp-content\/uploads\/2025\/02\/Copia-de-Copia-de-Copia-de-TAMANHO-EXATO-PARA-FOTOS-NO-SISTEMA-NOVO-2025-02-07T211130.087_2025-02-08_00-11-43_png_2025-02-08_00-11-43.webp.webp?fit=1200%2C675&ssl=1&resize=350%2C200 1x, https:\/\/i0.wp.com\/noticiasribeiraopreto.com.br\/wp-content\/uploads\/2025\/02\/Copia-de-Copia-de-Copia-de-TAMANHO-EXATO-PARA-FOTOS-NO-SISTEMA-NOVO-2025-02-07T211130.087_2025-02-08_00-11-43_png_2025-02-08_00-11-43.webp.webp?fit=1200%2C675&ssl=1&resize=525%2C300 1.5x, https:\/\/i0.wp.com\/noticiasribeiraopreto.com.br\/wp-content\/uploads\/2025\/02\/Copia-de-Copia-de-Copia-de-TAMANHO-EXATO-PARA-FOTOS-NO-SISTEMA-NOVO-2025-02-07T211130.087_2025-02-08_00-11-43_png_2025-02-08_00-11-43.webp.webp?fit=1200%2C675&ssl=1&resize=700%2C400 2x, https:\/\/i0.wp.com\/noticiasribeiraopreto.com.br\/wp-content\/uploads\/2025\/02\/Copia-de-Copia-de-Copia-de-TAMANHO-EXATO-PARA-FOTOS-NO-SISTEMA-NOVO-2025-02-07T211130.087_2025-02-08_00-11-43_png_2025-02-08_00-11-43.webp.webp?fit=1200%2C675&ssl=1&resize=1050%2C600 3x"},"classes":[]},{"id":63274,"url":"https:\/\/noticiasribeiraopreto.com.br\/index.php\/2025\/02\/07\/pacientes-ficam-cegos-apos-mutirao-de-cirurgia-de-catarata-na-regiao-de-ribeirao-preto\/","url_meta":{"origin":69966,"position":4},"title":"Pacientes ficam cegos ap\u00f3s mutir\u00e3o de cirurgia de catarata na regi\u00e3o de Ribeir\u00e3o Preto","author":"noticiasribeiraopreto.com.br","date":"7 de February de 2025","format":false,"excerpt":"Doze pacientes que participaram de um mutir\u00e3o de cirurgia de catarata no Ambulat\u00f3rio de Especialidades M\u00e9dicas (AME) de Taquaritinga, na regi\u00e3o de Ribeir\u00e3o Preto, perderam a vis\u00e3o por completo ou parcialmente. Os procedimentos aconteceram em outubro de 2024. Em comunicado, a Secretaria de Sa\u00fade de Taquaritinga informou que os pacientes\u2026","rel":"","context":"In &quot;Not\u00edcias de Ribeir\u00e3o Preto-SP e Regi\u00e3o&quot;","block_context":{"text":"Not\u00edcias de Ribeir\u00e3o Preto-SP e Regi\u00e3o","link":"https:\/\/noticiasribeiraopreto.com.br\/index.php\/category\/noticias-de-ribeirao-preto-sp-e-regiao-ismael-colosi\/"},"img":{"alt_text":"","src":"https:\/\/i0.wp.com\/noticiasribeiraopreto.com.br\/wp-content\/uploads\/2025\/02\/Copia-de-Copia-de-Copia-de-TAMANHO-EXATO-PARA-FOTOS-NO-SISTEMA-NOVO-2025-02-07T211130.087_2025-02-08_00-11-43_png_2025-02-08_00-11-43.webp.webp?fit=1200%2C675&ssl=1&resize=350%2C200","width":350,"height":200,"srcset":"https:\/\/i0.wp.com\/noticiasribeiraopreto.com.br\/wp-content\/uploads\/2025\/02\/Copia-de-Copia-de-Copia-de-TAMANHO-EXATO-PARA-FOTOS-NO-SISTEMA-NOVO-2025-02-07T211130.087_2025-02-08_00-11-43_png_2025-02-08_00-11-43.webp.webp?fit=1200%2C675&ssl=1&resize=350%2C200 1x, https:\/\/i0.wp.com\/noticiasribeiraopreto.com.br\/wp-content\/uploads\/2025\/02\/Copia-de-Copia-de-Copia-de-TAMANHO-EXATO-PARA-FOTOS-NO-SISTEMA-NOVO-2025-02-07T211130.087_2025-02-08_00-11-43_png_2025-02-08_00-11-43.webp.webp?fit=1200%2C675&ssl=1&resize=525%2C300 1.5x, https:\/\/i0.wp.com\/noticiasribeiraopreto.com.br\/wp-content\/uploads\/2025\/02\/Copia-de-Copia-de-Copia-de-TAMANHO-EXATO-PARA-FOTOS-NO-SISTEMA-NOVO-2025-02-07T211130.087_2025-02-08_00-11-43_png_2025-02-08_00-11-43.webp.webp?fit=1200%2C675&ssl=1&resize=700%2C400 2x, https:\/\/i0.wp.com\/noticiasribeiraopreto.com.br\/wp-content\/uploads\/2025\/02\/Copia-de-Copia-de-Copia-de-TAMANHO-EXATO-PARA-FOTOS-NO-SISTEMA-NOVO-2025-02-07T211130.087_2025-02-08_00-11-43_png_2025-02-08_00-11-43.webp.webp?fit=1200%2C675&ssl=1&resize=1050%2C600 3x"},"classes":[]},{"id":82867,"url":"https:\/\/noticiasribeiraopreto.com.br\/index.php\/2026\/03\/01\/irmas-siamesas-passam-por-nova-cirurgia-de-separacao-no-hospital-das-clinicas-de-ribeirao\/","url_meta":{"origin":69966,"position":5},"title":"Irm\u00e3s siamesas passam por nova cirurgia de separa\u00e7\u00e3o no Hospital das Cl\u00ednicas de Ribeir\u00e3o","author":"noticiasribeiraopreto.com.br","date":"1 de March de 2026","format":false,"excerpt":"O Hospital das Cl\u00ednicas de Ribeir\u00e3o Preto realiza neste s\u00e1bado (28), a terceira cirurgia para separa\u00e7\u00e3o das irm\u00e3s siamesas unidas pela cabe\u00e7a Helo\u00edsa e Helena, nascidas em S\u00e3o Jos\u00e9 dos Campos, interior de S\u00e3o Paulo. A cirurgia come\u00e7ou \u00e0s 7h da manh\u00e3 e a expectativa \u00e9 de que ela dure\u2026","rel":"","context":"In &quot;Not\u00edcias de Ribeir\u00e3o Preto-SP e Regi\u00e3o&quot;","block_context":{"text":"Not\u00edcias de Ribeir\u00e3o Preto-SP e Regi\u00e3o","link":"https:\/\/noticiasribeiraopreto.com.br\/index.php\/category\/noticias-de-ribeirao-preto-sp-e-regiao-ismael-colosi\/"},"img":{"alt_text":"","src":"https:\/\/i0.wp.com\/noticiasribeiraopreto.com.br\/wp-content\/uploads\/2026\/03\/WhatsApp-Image-2025-11-08-at-17.07.29-1_2025-11-08_20-48-04-e1762634915873-1068x684-1.webp.webp?fit=1068%2C684&ssl=1&resize=350%2C200","width":350,"height":200,"srcset":"https:\/\/i0.wp.com\/noticiasribeiraopreto.com.br\/wp-content\/uploads\/2026\/03\/WhatsApp-Image-2025-11-08-at-17.07.29-1_2025-11-08_20-48-04-e1762634915873-1068x684-1.webp.webp?fit=1068%2C684&ssl=1&resize=350%2C200 1x, https:\/\/i0.wp.com\/noticiasribeiraopreto.com.br\/wp-content\/uploads\/2026\/03\/WhatsApp-Image-2025-11-08-at-17.07.29-1_2025-11-08_20-48-04-e1762634915873-1068x684-1.webp.webp?fit=1068%2C684&ssl=1&resize=525%2C300 1.5x, https:\/\/i0.wp.com\/noticiasribeiraopreto.com.br\/wp-content\/uploads\/2026\/03\/WhatsApp-Image-2025-11-08-at-17.07.29-1_2025-11-08_20-48-04-e1762634915873-1068x684-1.webp.webp?fit=1068%2C684&ssl=1&resize=700%2C400 2x, https:\/\/i0.wp.com\/noticiasribeiraopreto.com.br\/wp-content\/uploads\/2026\/03\/WhatsApp-Image-2025-11-08-at-17.07.29-1_2025-11-08_20-48-04-e1762634915873-1068x684-1.webp.webp?fit=1068%2C684&ssl=1&resize=1050%2C600 3x"},"classes":[]}],"jetpack_sharing_enabled":true,"jetpack_shortlink":"https:\/\/wp.me\/peQAOb-icu","_links":{"self":[{"href":"https:\/\/noticiasribeiraopreto.com.br\/index.php\/wp-json\/wp\/v2\/posts\/69966","targetHints":{"allow":["GET"]}}],"collection":[{"href":"https:\/\/noticiasribeiraopreto.com.br\/index.php\/wp-json\/wp\/v2\/posts"}],"about":[{"href":"https:\/\/noticiasribeiraopreto.com.br\/index.php\/wp-json\/wp\/v2\/types\/post"}],"author":[{"embeddable":true,"href":"https:\/\/noticiasribeiraopreto.com.br\/index.php\/wp-json\/wp\/v2\/users\/1"}],"replies":[{"embeddable":true,"href":"https:\/\/noticiasribeiraopreto.com.br\/index.php\/wp-json\/wp\/v2\/comments?post=69966"}],"version-history":[{"count":0,"href":"https:\/\/noticiasribeiraopreto.com.br\/index.php\/wp-json\/wp\/v2\/posts\/69966\/revisions"}],"wp:featuredmedia":[{"embeddable":true,"href":"https:\/\/noticiasribeiraopreto.com.br\/index.php\/wp-json\/wp\/v2\/media\/69967"}],"wp:attachment":[{"href":"https:\/\/noticiasribeiraopreto.com.br\/index.php\/wp-json\/wp\/v2\/media?parent=69966"}],"wp:term":[{"taxonomy":"category","embeddable":true,"href":"https:\/\/noticiasribeiraopreto.com.br\/index.php\/wp-json\/wp\/v2\/categories?post=69966"},{"taxonomy":"post_tag","embeddable":true,"href":"https:\/\/noticiasribeiraopreto.com.br\/index.php\/wp-json\/wp\/v2\/tags?post=69966"}],"curies":[{"name":"wp","href":"https:\/\/api.w.org\/{rel}","templated":true}]}}