{"id":69968,"date":"2025-05-21T15:46:23","date_gmt":"2025-05-21T18:46:23","guid":{"rendered":"https:\/\/noticiasribeiraopreto.com.br\/index.php\/2025\/05\/21\/henry-e-klauss-trazem-espetaculo-de-ilusionismo-para-ribeirao-preto\/"},"modified":"2025-05-21T15:46:23","modified_gmt":"2025-05-21T18:46:23","slug":"henry-e-klauss-trazem-espetaculo-de-ilusionismo-para-ribeirao-preto","status":"publish","type":"post","link":"https:\/\/noticiasribeiraopreto.com.br\/index.php\/2025\/05\/21\/henry-e-klauss-trazem-espetaculo-de-ilusionismo-para-ribeirao-preto\/","title":{"rendered":"Henry e Klauss trazem espet\u00e1culo de ilusionismo para Ribeir\u00e3o Preto"},"content":{"rendered":"<p> <br \/>\n<\/p>\n<div data-td-block-uid=\"tdi_95\">\n<div class=\"tdb-block-inner td-fix-index\">\n<p>Nos dias <strong>7 e 8 de junho<\/strong>, o <strong>Multiplan Hall<\/strong>, no <strong>Ribeir\u00e3o Shopping<\/strong>, recebe a dupla de ilusionistas <strong>Henry e Klauss<\/strong>, com o espet\u00e1culo <strong>\u201cIllusion Show \u2013 Uma Jornada M\u00e1gica\u201d<\/strong>. A apresenta\u00e7\u00e3o combina ilus\u00e3o, tecnologia de ponta e interatividade.<\/p>\n<p><strong>Henry Vargas<\/strong> e <strong>Klauss Dur\u00e3es<\/strong>, naturais de Belo Horizonte, iniciaram sua jornada na m\u00e1gica ainda na inf\u00e2ncia e se conheceram aos <strong>15 anos<\/strong> em um clube de m\u00e1gicos na capital mineira.<\/p>\n<p>Com mais de 15 anos de carreira, a dupla conquistou reconhecimento internacional, sendo os primeiros brasileiros a receber o pr\u00eamio\u00a0<strong>Les Mandrake D\u2019or<\/strong>, considerado o \u201cOscar da M\u00e1gica\u201d, em <strong>Paris<\/strong>.<\/p>\n<p>A dupla tamb\u00e9m se apresentou no\u00a0<strong>Magic Castle<\/strong>, o clube de m\u00e1gica mais exclusivo de Hollywood, e participou da 17\u00aa temporada do programa\u00a0<strong>America\u2019s Got Talent<\/strong>.<\/p>\n<h2 class=\"wp-block-heading\"><strong>Ingressos<\/strong><\/h2>\n<p>Os ingressos podem ser adquiridos <strong>on-line<\/strong>, atrav\u00e9s da plataforma TicketMaster <strong><a href=\"https:\/\/www.ticketmaster.com.br\/event\/illusion-show-com-henry-e-klauss\">(clique aqui)<\/a><\/strong>. Ou ent\u00e3o, na bilheteria oficial do <strong>Multiplan Hall<\/strong>. Confira pre\u00e7os:<\/p>\n<ul class=\"wp-block-list\">\n<li><strong>Premium:<\/strong> R$ 55 (meia-entrada e idoso) | R$ 66 (solid\u00e1rio) | R$ 110 (inteira)<\/li>\n<li><strong>Premium extra:<\/strong> R$ 70 (idoso) | R$ 80 (meia-entrada) | R$ 84 (solid\u00e1rio) | R$ 140 (inteira)<\/li>\n<li><strong>VIP B:<\/strong> R$ 97,75 (meia-entrada e idoso) | R$ 117,30 (solid\u00e1rio) | R$ 195,50 (inteira)<\/li>\n<li><strong>VIP A:<\/strong> R$ 125,75 (meia-entrada e idoso) | R$ 150,90 (solid\u00e1rio) | R$ 251,50 (inteira)<\/li>\n<li><strong>VIP Extra:<\/strong> 145,50 (idoso) | R$ 174,60 (solid\u00e1rio) | R$ 291 (inteira)<\/li>\n<li><strong>VIP Especial:<\/strong> R$ 158,75 (idoso) | R$ 317,50 (inteira)<\/li>\n<\/ul>\n<h2 class=\"wp-block-heading\"><strong>Servi\u00e7o<\/strong><\/h2>\n<p><strong>Illusion Show \u2013 Uma Jornada M\u00e1gica | Henry &amp; Klauss<\/strong><\/p>\n<p><strong>Quando: <\/strong>7 e 8 de junho<strong><br \/>Hor\u00e1rio: <\/strong>S\u00e1bado (7) \u00e0s 17h e domingo (8) \u00e0s 14h<strong><br \/>Local: <\/strong>Multiplan Hall \u2013 Ribeir\u00e3o Shopping <strong><br \/>Ingressos: <\/strong>A partir de R$ 55<\/p>\n<p>SAIBA MAIS<br \/>Dimi Zumqu\u00ea e filhas apresentam show no Teatro Santarosa<\/p>\n<h4 class=\"wp-block-heading\"><strong>FIQUE ON<\/strong><\/h4>\n<p>Fique ligado em tudo que acontece em Ribeir\u00e3o Preto e regi\u00e3o. Siga os perfis do <strong>acidade on <\/strong>no <a href=\"https:\/\/www.instagram.com\/acidadeonribeirao\" target=\"_blank\" rel=\"noreferrer noopener\">Instagram<\/a> e no <a href=\"https:\/\/www.facebook.com\/acidadeonribeirao\" target=\"_blank\" rel=\"noreferrer noopener\">Facebook<\/a>.<\/p>\n<p>Receba not\u00edcias do<strong> acidade on <\/strong>no WhatsApp. Para entrar no grupo, basta <a href=\"https:\/\/chat.whatsapp.com\/BjKQZ9oJwlz8VVT50NuePq\" target=\"_blank\" rel=\"noreferrer noopener\">clicar aqui<\/a>.<\/p>\n<p>Fa\u00e7a uma den\u00fancia ou sugira uma reportagem sobre Ribeir\u00e3o Preto e regi\u00e3o pelo WhatsApp: 16 99117 7802.<\/p>\n<p>VEJA TAMB\u00c9M<br \/>Edu esconde qual segredo de Celeste em \u2018Garota do Momento\u2019?<\/p>\n<p><!-- CONTENT END 1 -->\n<\/div>\n<\/div>\n<p><script async src=\"\/\/www.instagram.com\/embed.js\"><\/script><br \/>\n<br \/><br \/>\n<br \/><a href=\"https:\/\/www.acidadeon.com\/ribeiraopreto\/lazer-e-cultura\/henry-e-klauss-trazem-espetaculo-de-ilusionismo-para-ribeirao-preto\/\">Source link <\/a><\/p>\n","protected":false},"excerpt":{"rendered":"<p>Nos dias 7 e 8 de junho, o Multiplan Hall, no Ribeir\u00e3o Shopping, recebe a dupla de ilusionistas Henry e Klauss, com o espet\u00e1culo \u201cIllusion&#8230;<\/p>\n","protected":false},"author":1,"featured_media":69969,"comment_status":"open","ping_status":"open","sticky":false,"template":"","format":"standard","meta":{"advanced_seo_description":"","jetpack_seo_html_title":"","jetpack_seo_noindex":false,"jetpack_post_was_ever_published":false,"_jetpack_newsletter_access":"","_jetpack_dont_email_post_to_subs":false,"_jetpack_newsletter_tier_id":0,"_jetpack_memberships_contains_paywalled_content":false,"_jetpack_memberships_contains_paid_content":false,"footnotes":"","jetpack_publicize_message":"","jetpack_publicize_feature_enabled":true,"jetpack_social_post_already_shared":true,"jetpack_social_options":{"image_generator_settings":{"template":"highway","default_image_id":0,"font":"","enabled":false},"version":2}},"categories":[11],"tags":[],"class_list":["post-69968","post","type-post","status-publish","format-standard","has-post-thumbnail","hentry","category-noticias-de-ribeirao-preto-sp-e-regiao-ismael-colosi"],"jetpack_publicize_connections":[],"jetpack_featured_media_url":"https:\/\/i0.wp.com\/noticiasribeiraopreto.com.br\/wp-content\/uploads\/2025\/05\/Copy-of-Copia-de-DSC02982_2025-05-21_15-08-20.webp.webp?fit=1200%2C675&ssl=1","jetpack-related-posts":[{"id":37702,"url":"https:\/\/noticiasribeiraopreto.com.br\/index.php\/2024\/02\/17\/a-magica-de-henry-e-klauss-no-pedro-ii\/","url_meta":{"origin":69968,"position":0},"title":"A m\u00e1gica de Henry e Klauss no Pedro II\u00a0","author":"noticiasribeiraopreto.com.br","date":"17 de February de 2024","format":false,"excerpt":"Com mais de 15 anos de carreira, os brasileiros Henry e Klauss s\u00e3o considerados os maiores ilusionistas da Am\u00e9rica Latina na atualidade. A dupla coleciona pr\u00eamios nacionais e internacionais, e \u00e9 tamb\u00e9m recordista mundial ap\u00f3s ficar quatro horas levitando em um dos pontos mais movimentados do mundo: a avenida Paulista,\u2026","rel":"","context":"In &quot;Not\u00edcias de Ribeir\u00e3o Preto-SP e Regi\u00e3o&quot;","block_context":{"text":"Not\u00edcias de Ribeir\u00e3o Preto-SP e Regi\u00e3o","link":"https:\/\/noticiasribeiraopreto.com.br\/index.php\/category\/noticias-de-ribeirao-preto-sp-e-regiao-ismael-colosi\/"},"img":{"alt_text":"","src":"https:\/\/i0.wp.com\/noticiasribeiraopreto.com.br\/wp-content\/uploads\/2024\/02\/Klaus-Dul-Divulgacao-scaled.jpg?fit=966%2C645&ssl=1&resize=350%2C200","width":350,"height":200,"srcset":"https:\/\/i0.wp.com\/noticiasribeiraopreto.com.br\/wp-content\/uploads\/2024\/02\/Klaus-Dul-Divulgacao-scaled.jpg?fit=966%2C645&ssl=1&resize=350%2C200 1x, https:\/\/i0.wp.com\/noticiasribeiraopreto.com.br\/wp-content\/uploads\/2024\/02\/Klaus-Dul-Divulgacao-scaled.jpg?fit=966%2C645&ssl=1&resize=525%2C300 1.5x, https:\/\/i0.wp.com\/noticiasribeiraopreto.com.br\/wp-content\/uploads\/2024\/02\/Klaus-Dul-Divulgacao-scaled.jpg?fit=966%2C645&ssl=1&resize=700%2C400 2x"},"classes":[]},{"id":73903,"url":"https:\/\/noticiasribeiraopreto.com.br\/index.php\/2025\/07\/11\/espetaculo-gratuito-cem-historias-sem-palavras-acontece-neste-sabado-em-ribeirao\/","url_meta":{"origin":69968,"position":1},"title":"Espet\u00e1culo gratuito &#8216;Cem Hist\u00f3rias Sem Palavras&#8217; acontece neste s\u00e1bado em Ribeir\u00e3o","author":"noticiasribeiraopreto.com.br","date":"11 de July de 2025","format":false,"excerpt":"A Dami\u00e3o e Cia apresenta em Ribeir\u00e3o Preto o espet\u00e1culo \u201cCem Hist\u00f3rias Sem Palavras\u201d, neste s\u00e1bado (12), \u00e0s 18h, na Central de Circo. A entrada \u00e9 gratuita e contar\u00e1 com int\u00e9rprete de Libras e audiodescri\u00e7\u00e3o. O espet\u00e1culo \u00e9 tem dire\u00e7\u00e3o de Cl\u00e1udio Saltini, fundador da Cia. Circo de Bonecos. O\u2026","rel":"","context":"In &quot;Not\u00edcias de Ribeir\u00e3o Preto-SP e Regi\u00e3o&quot;","block_context":{"text":"Not\u00edcias de Ribeir\u00e3o Preto-SP e Regi\u00e3o","link":"https:\/\/noticiasribeiraopreto.com.br\/index.php\/category\/noticias-de-ribeirao-preto-sp-e-regiao-ismael-colosi\/"},"img":{"alt_text":"","src":"https:\/\/i0.wp.com\/noticiasribeiraopreto.com.br\/wp-content\/uploads\/2025\/07\/foto_cem-historias_credito_Francisley-Gallo-2_2025-07-11_15-03-47.webp.webp?fit=1200%2C920&ssl=1&resize=350%2C200","width":350,"height":200,"srcset":"https:\/\/i0.wp.com\/noticiasribeiraopreto.com.br\/wp-content\/uploads\/2025\/07\/foto_cem-historias_credito_Francisley-Gallo-2_2025-07-11_15-03-47.webp.webp?fit=1200%2C920&ssl=1&resize=350%2C200 1x, https:\/\/i0.wp.com\/noticiasribeiraopreto.com.br\/wp-content\/uploads\/2025\/07\/foto_cem-historias_credito_Francisley-Gallo-2_2025-07-11_15-03-47.webp.webp?fit=1200%2C920&ssl=1&resize=525%2C300 1.5x, https:\/\/i0.wp.com\/noticiasribeiraopreto.com.br\/wp-content\/uploads\/2025\/07\/foto_cem-historias_credito_Francisley-Gallo-2_2025-07-11_15-03-47.webp.webp?fit=1200%2C920&ssl=1&resize=700%2C400 2x, https:\/\/i0.wp.com\/noticiasribeiraopreto.com.br\/wp-content\/uploads\/2025\/07\/foto_cem-historias_credito_Francisley-Gallo-2_2025-07-11_15-03-47.webp.webp?fit=1200%2C920&ssl=1&resize=1050%2C600 3x"},"classes":[]},{"id":74070,"url":"https:\/\/noticiasribeiraopreto.com.br\/index.php\/2025\/07\/15\/teatro-municipal-de-ribeirao-preto-recebe-espetaculo-infantil-aladdin\/","url_meta":{"origin":69968,"position":2},"title":"Teatro Municipal de Ribeir\u00e3o Preto recebe espet\u00e1culo infantil \u2018Aladdin\u2019","author":"noticiasribeiraopreto.com.br","date":"15 de July de 2025","format":false,"excerpt":"Ribeir\u00e3o Preto recebe neste s\u00e1bado (19) o espet\u00e1culo infantil \u201cAladdin e as 1001 Noites\u201d. A apresenta\u00e7\u00e3o come\u00e7a \u00e0s 15h, no Teatro Municipal, e faz parte da programa\u00e7\u00e3o do Festival de Teatro Seguros Unimed. O espet\u00e1culo \u00e9 um musical totalmente cantado ao vivo, repleto de cen\u00e1rios e at\u00e9 um tapete voador\u2026","rel":"","context":"In &quot;Not\u00edcias de Ribeir\u00e3o Preto-SP e Regi\u00e3o&quot;","block_context":{"text":"Not\u00edcias de Ribeir\u00e3o Preto-SP e Regi\u00e3o","link":"https:\/\/noticiasribeiraopreto.com.br\/index.php\/category\/noticias-de-ribeirao-preto-sp-e-regiao-ismael-colosi\/"},"img":{"alt_text":"","src":"https:\/\/i0.wp.com\/noticiasribeiraopreto.com.br\/wp-content\/uploads\/2025\/07\/Aladdin-e-as-1001-Noites-i_2025-07-15_15-51-13.webp.webp?fit=1199%2C835&ssl=1&resize=350%2C200","width":350,"height":200,"srcset":"https:\/\/i0.wp.com\/noticiasribeiraopreto.com.br\/wp-content\/uploads\/2025\/07\/Aladdin-e-as-1001-Noites-i_2025-07-15_15-51-13.webp.webp?fit=1199%2C835&ssl=1&resize=350%2C200 1x, https:\/\/i0.wp.com\/noticiasribeiraopreto.com.br\/wp-content\/uploads\/2025\/07\/Aladdin-e-as-1001-Noites-i_2025-07-15_15-51-13.webp.webp?fit=1199%2C835&ssl=1&resize=525%2C300 1.5x, https:\/\/i0.wp.com\/noticiasribeiraopreto.com.br\/wp-content\/uploads\/2025\/07\/Aladdin-e-as-1001-Noites-i_2025-07-15_15-51-13.webp.webp?fit=1199%2C835&ssl=1&resize=700%2C400 2x, https:\/\/i0.wp.com\/noticiasribeiraopreto.com.br\/wp-content\/uploads\/2025\/07\/Aladdin-e-as-1001-Noites-i_2025-07-15_15-51-13.webp.webp?fit=1199%2C835&ssl=1&resize=1050%2C600 3x"},"classes":[]},{"id":66731,"url":"https:\/\/noticiasribeiraopreto.com.br\/index.php\/2025\/04\/04\/praca-de-ribeirao-preto-recebe-espetaculo-circense-gratuito-neste-fim-de-semana\/","url_meta":{"origin":69968,"position":3},"title":"Pra\u00e7a de Ribeir\u00e3o Preto recebe espet\u00e1culo circense gratuito neste fim de semana","author":"noticiasribeiraopreto.com.br","date":"4 de April de 2025","format":false,"excerpt":"O projeto \u201cTem Circo na Pra\u00e7a\u201d acontecer\u00e1 neste domingo (6) na Pra\u00e7a do Canh\u00e3o, no Jardim Paulistano, zona Leste de Ribeir\u00e3o Preto. O evento \u00e9 gratuito e come\u00e7a \u00e0s 10h. A Cia. De Lucca Circus j\u00e1 passou pelos bairros Planalto Verde, Vila Tib\u00e9rio, Vila Albertina, Jardim Alexandre Balbo, Vila Abranches,\u2026","rel":"","context":"In &quot;Not\u00edcias de Ribeir\u00e3o Preto-SP e Regi\u00e3o&quot;","block_context":{"text":"Not\u00edcias de Ribeir\u00e3o Preto-SP e Regi\u00e3o","link":"https:\/\/noticiasribeiraopreto.com.br\/index.php\/category\/noticias-de-ribeirao-preto-sp-e-regiao-ismael-colosi\/"},"img":{"alt_text":"","src":"https:\/\/i0.wp.com\/noticiasribeiraopreto.com.br\/wp-content\/uploads\/2025\/04\/Copia-de-Copia-de-Copia-de-TAMANHO-EXATO-PARA-FOTOS-NO-SISTEMA-NOVO-2025-04-04T160942.301_2025-04-04_19-13-30_png_2025-04-04_19-13-30.webp.webp?fit=1200%2C675&ssl=1&resize=350%2C200","width":350,"height":200,"srcset":"https:\/\/i0.wp.com\/noticiasribeiraopreto.com.br\/wp-content\/uploads\/2025\/04\/Copia-de-Copia-de-Copia-de-TAMANHO-EXATO-PARA-FOTOS-NO-SISTEMA-NOVO-2025-04-04T160942.301_2025-04-04_19-13-30_png_2025-04-04_19-13-30.webp.webp?fit=1200%2C675&ssl=1&resize=350%2C200 1x, https:\/\/i0.wp.com\/noticiasribeiraopreto.com.br\/wp-content\/uploads\/2025\/04\/Copia-de-Copia-de-Copia-de-TAMANHO-EXATO-PARA-FOTOS-NO-SISTEMA-NOVO-2025-04-04T160942.301_2025-04-04_19-13-30_png_2025-04-04_19-13-30.webp.webp?fit=1200%2C675&ssl=1&resize=525%2C300 1.5x, https:\/\/i0.wp.com\/noticiasribeiraopreto.com.br\/wp-content\/uploads\/2025\/04\/Copia-de-Copia-de-Copia-de-TAMANHO-EXATO-PARA-FOTOS-NO-SISTEMA-NOVO-2025-04-04T160942.301_2025-04-04_19-13-30_png_2025-04-04_19-13-30.webp.webp?fit=1200%2C675&ssl=1&resize=700%2C400 2x, https:\/\/i0.wp.com\/noticiasribeiraopreto.com.br\/wp-content\/uploads\/2025\/04\/Copia-de-Copia-de-Copia-de-TAMANHO-EXATO-PARA-FOTOS-NO-SISTEMA-NOVO-2025-04-04T160942.301_2025-04-04_19-13-30_png_2025-04-04_19-13-30.webp.webp?fit=1200%2C675&ssl=1&resize=1050%2C600 3x"},"classes":[]},{"id":73514,"url":"https:\/\/noticiasribeiraopreto.com.br\/index.php\/2025\/07\/03\/clube-da-viola-grava-dvd-de-30-anos-com-participacoes-especiais-em-ribeirao-preto\/","url_meta":{"origin":69968,"position":4},"title":"Clube da Viola grava DVD de 30 anos com participa\u00e7\u00f5es especiais em Ribeir\u00e3o Preto","author":"noticiasribeiraopreto.com.br","date":"3 de July de 2025","format":false,"excerpt":"O Clube da Viola, um dos projetos mais ic\u00f4nicos da m\u00fasica sertaneja, celebra 30 anos de trajet\u00f3ria com grava\u00e7\u00e3o de um novo DVD ao vivo, na ter\u00e7a-feira (15), na Fazenda Santa C\u00e2ndida, em Ribeir\u00e3o Preto. Os ingressos ainda podem ser adquiridos \u2013 veja abaixo. O evento dar\u00e1 in\u00edcio a uma\u2026","rel":"","context":"In &quot;Not\u00edcias de Ribeir\u00e3o Preto-SP e Regi\u00e3o&quot;","block_context":{"text":"Not\u00edcias de Ribeir\u00e3o Preto-SP e Regi\u00e3o","link":"https:\/\/noticiasribeiraopreto.com.br\/index.php\/category\/noticias-de-ribeirao-preto-sp-e-regiao-ismael-colosi\/"},"img":{"alt_text":"","src":"https:\/\/i0.wp.com\/noticiasribeiraopreto.com.br\/wp-content\/uploads\/2025\/07\/clube-da-viola_2025-07-03_15-46-06.webp.webp?fit=1200%2C675&ssl=1&resize=350%2C200","width":350,"height":200,"srcset":"https:\/\/i0.wp.com\/noticiasribeiraopreto.com.br\/wp-content\/uploads\/2025\/07\/clube-da-viola_2025-07-03_15-46-06.webp.webp?fit=1200%2C675&ssl=1&resize=350%2C200 1x, https:\/\/i0.wp.com\/noticiasribeiraopreto.com.br\/wp-content\/uploads\/2025\/07\/clube-da-viola_2025-07-03_15-46-06.webp.webp?fit=1200%2C675&ssl=1&resize=525%2C300 1.5x, https:\/\/i0.wp.com\/noticiasribeiraopreto.com.br\/wp-content\/uploads\/2025\/07\/clube-da-viola_2025-07-03_15-46-06.webp.webp?fit=1200%2C675&ssl=1&resize=700%2C400 2x, https:\/\/i0.wp.com\/noticiasribeiraopreto.com.br\/wp-content\/uploads\/2025\/07\/clube-da-viola_2025-07-03_15-46-06.webp.webp?fit=1200%2C675&ssl=1&resize=1050%2C600 3x"},"classes":[]},{"id":39469,"url":"https:\/\/noticiasribeiraopreto.com.br\/index.php\/2024\/02\/26\/abba-the-show-confirma-apresentacao-em-ribeirao\/","url_meta":{"origin":69968,"position":5},"title":"Abba The Show confirma apresenta\u00e7\u00e3o em Ribeir\u00e3o\u00a0","author":"noticiasribeiraopreto.com.br","date":"26 de February de 2024","format":false,"excerpt":"O Abba The Show confirmou tour pelo Brasil, com oito shows em principais cidades do pa\u00eds, que acontecer\u00e3o de 26 de abril a 04 de maio de 2024, em espet\u00e1culos que contar\u00e3o com a participa\u00e7\u00e3o de membros da Orquestra Sinf\u00f4nica Nacional de Londres e m\u00fasicos da forma\u00e7\u00e3o original. Ribeir\u00e3o Preto\u2026","rel":"","context":"In &quot;Not\u00edcias de Ribeir\u00e3o Preto-SP e Regi\u00e3o&quot;","block_context":{"text":"Not\u00edcias de Ribeir\u00e3o Preto-SP e Regi\u00e3o","link":"https:\/\/noticiasribeiraopreto.com.br\/index.php\/category\/noticias-de-ribeirao-preto-sp-e-regiao-ismael-colosi\/"},"img":{"alt_text":"","src":"https:\/\/i0.wp.com\/noticiasribeiraopreto.com.br\/wp-content\/uploads\/2024\/02\/Abba_Kv2%403x-819x1024.png?fit=819%2C1024&ssl=1&resize=350%2C200","width":350,"height":200,"srcset":"https:\/\/i0.wp.com\/noticiasribeiraopreto.com.br\/wp-content\/uploads\/2024\/02\/Abba_Kv2%403x-819x1024.png?fit=819%2C1024&ssl=1&resize=350%2C200 1x, https:\/\/i0.wp.com\/noticiasribeiraopreto.com.br\/wp-content\/uploads\/2024\/02\/Abba_Kv2%403x-819x1024.png?fit=819%2C1024&ssl=1&resize=525%2C300 1.5x, https:\/\/i0.wp.com\/noticiasribeiraopreto.com.br\/wp-content\/uploads\/2024\/02\/Abba_Kv2%403x-819x1024.png?fit=819%2C1024&ssl=1&resize=700%2C400 2x"},"classes":[]}],"jetpack_sharing_enabled":true,"jetpack_shortlink":"https:\/\/wp.me\/peQAOb-icw","_links":{"self":[{"href":"https:\/\/noticiasribeiraopreto.com.br\/index.php\/wp-json\/wp\/v2\/posts\/69968","targetHints":{"allow":["GET"]}}],"collection":[{"href":"https:\/\/noticiasribeiraopreto.com.br\/index.php\/wp-json\/wp\/v2\/posts"}],"about":[{"href":"https:\/\/noticiasribeiraopreto.com.br\/index.php\/wp-json\/wp\/v2\/types\/post"}],"author":[{"embeddable":true,"href":"https:\/\/noticiasribeiraopreto.com.br\/index.php\/wp-json\/wp\/v2\/users\/1"}],"replies":[{"embeddable":true,"href":"https:\/\/noticiasribeiraopreto.com.br\/index.php\/wp-json\/wp\/v2\/comments?post=69968"}],"version-history":[{"count":0,"href":"https:\/\/noticiasribeiraopreto.com.br\/index.php\/wp-json\/wp\/v2\/posts\/69968\/revisions"}],"wp:featuredmedia":[{"embeddable":true,"href":"https:\/\/noticiasribeiraopreto.com.br\/index.php\/wp-json\/wp\/v2\/media\/69969"}],"wp:attachment":[{"href":"https:\/\/noticiasribeiraopreto.com.br\/index.php\/wp-json\/wp\/v2\/media?parent=69968"}],"wp:term":[{"taxonomy":"category","embeddable":true,"href":"https:\/\/noticiasribeiraopreto.com.br\/index.php\/wp-json\/wp\/v2\/categories?post=69968"},{"taxonomy":"post_tag","embeddable":true,"href":"https:\/\/noticiasribeiraopreto.com.br\/index.php\/wp-json\/wp\/v2\/tags?post=69968"}],"curies":[{"name":"wp","href":"https:\/\/api.w.org\/{rel}","templated":true}]}}