{"id":69972,"date":"2025-05-21T15:56:58","date_gmt":"2025-05-21T18:56:58","guid":{"rendered":"https:\/\/noticiasribeiraopreto.com.br\/index.php\/2025\/05\/21\/policia-federal-abre-concurso-publico-com-mil-vagas-e-salarios-de-ate-r-26-mil-saiba-como-se-inscrever\/"},"modified":"2025-05-21T15:56:58","modified_gmt":"2025-05-21T18:56:58","slug":"policia-federal-abre-concurso-publico-com-mil-vagas-e-salarios-de-ate-r-26-mil-saiba-como-se-inscrever","status":"publish","type":"post","link":"https:\/\/noticiasribeiraopreto.com.br\/index.php\/2025\/05\/21\/policia-federal-abre-concurso-publico-com-mil-vagas-e-salarios-de-ate-r-26-mil-saiba-como-se-inscrever\/","title":{"rendered":"Pol\u00edcia Federal abre concurso p\u00fablico com mil vagas e sal\u00e1rios de at\u00e9 R$ 26 mil; saiba como se inscrever"},"content":{"rendered":"<p> <br \/>\n<\/p>\n<div data-td-block-uid=\"tdi_95\">\n<div class=\"tdb-block-inner td-fix-index\">\n<p>A <strong><a href=\"https:\/\/www.gov.br\/pf\/pt-br\">Pol\u00edcia Federal<\/a><\/strong> publicou edital de<strong> concurso p\u00fablico <\/strong>com mil vagas de n\u00edvel superior. Os sal\u00e1rios variam entre R$ 14 mil e R$ 26 mil para diversas \u00e1reas.<mark style=\"background-color:#fcb900\" class=\"has-inline-color has-black-color\"> As provas acontecem no dia 27 de julho de 2025.<\/mark><\/p>\n<p>As inscri\u00e7\u00f5es devem ser realizadas no per\u00edodo de 26 de maio a 13 de junho de 2025 no site da <strong>Cebraspe<\/strong> (<a href=\"https:\/\/www.cebraspe.org.br\/concursos\/PF_25\">clique aqui<\/a>). A taxa de inscri\u00e7\u00e3o custa entre R$ 180 e R$ 250.<\/p>\n<h2 class=\"wp-block-heading\"><strong>Veja as vagas<\/strong><\/h2>\n<p>As oportunidades est\u00e3o distribu\u00eddas da seguinte forma:<\/p>\n<ul class=\"wp-block-list\">\n<li>120 vagas para delegados (forma\u00e7\u00e3o em Direito)<\/li>\n<\/ul>\n<ul class=\"wp-block-list\">\n<li>69 para peritos (ci\u00eancias cont\u00e1beis, ci\u00eancias econ\u00f4micas, engenharias, ci\u00eancias da computa\u00e7\u00e3o, an\u00e1lise de sistemas, processamento de dados, geologia, medicina, f\u00edsica, biomedicina, ci\u00eancias biol\u00f3gicas, farm\u00e1cia, odontologia, medicina veterin\u00e1ria, odontologia)<\/li>\n<\/ul>\n<ul class=\"wp-block-list\">\n<li>630 para agentes (qualquer gradua\u00e7\u00e3o)<\/li>\n<\/ul>\n<ul class=\"wp-block-list\">\n<li>160 para escriv\u00e3es (qualquer gradua\u00e7\u00e3o)<\/li>\n<\/ul>\n<ul class=\"wp-block-list\">\n<li>21 para papiloscopistas (qualquer gradua\u00e7\u00e3o)<\/li>\n<\/ul>\n<p>Veja o edital completo<a href=\"https:\/\/www.cebraspe.org.br\/concursos\/PF_25\"> clicando aqui.<\/a><\/p>\n<p>SAIBA MAIS<br \/>Evento re\u00fane brech\u00f3s e oferece mais de 10 mil pe\u00e7as em Ribeir\u00e3o Preto; Veja quando<\/p>\n<h2 class=\"wp-block-heading\"><strong>FIQUE ON<\/strong><\/h2>\n<p>Fique ligado em tudo que acontece em Ribeir\u00e3o Preto e regi\u00e3o. Siga os perfis do <strong>acidade on<\/strong> no <a href=\"https:\/\/www.instagram.com\/acidadeonribeirao\">Instagram <\/a>e no <a href=\"https:\/\/www.facebook.com\/acidadeonribeirao\/\">Facebook.<\/a><\/p>\n<p>Receba not\u00edcias do <strong>acidade on<\/strong> no WhatsApp. <a href=\"https:\/\/chat.whatsapp.com\/BjKQZ9oJwlz8VVT50NuePq\">Para entrar no grupo, basta clicar aqui.<\/a><\/p>\n<p>Fa\u00e7a uma den\u00fancia ou sugira uma reportagem sobre Ribeir\u00e3o Preto e regi\u00e3o pelo WhatsApp: 16 99117 7802.<\/p>\n<p>VEJA TAMB\u00c9M<br \/>Quais marcas de azeite tiveram a venda proibida?<\/p>\n<p><!-- CONTENT END 1 -->\n<\/div>\n<\/div>\n<p><script async src=\"\/\/www.instagram.com\/embed.js\"><\/script><br \/>\n<br \/><br \/>\n<br \/><a href=\"https:\/\/www.acidadeon.com\/ribeiraopreto\/economia\/policia-federal-abre-concurso-publico-com-mil-vagas-e-salarios-de-ate-r-26-mil-saiba-como-se-inscrever\/\">Source link <\/a><\/p>\n","protected":false},"excerpt":{"rendered":"<p>A Pol\u00edcia Federal publicou edital de concurso p\u00fablico com mil vagas de n\u00edvel superior. Os sal\u00e1rios variam entre R$ 14 mil e R$ 26 mil&#8230;<\/p>\n","protected":false},"author":1,"featured_media":69973,"comment_status":"open","ping_status":"open","sticky":false,"template":"","format":"standard","meta":{"advanced_seo_description":"","jetpack_seo_html_title":"","jetpack_seo_noindex":false,"jetpack_post_was_ever_published":false,"_jetpack_newsletter_access":"","_jetpack_dont_email_post_to_subs":false,"_jetpack_newsletter_tier_id":0,"_jetpack_memberships_contains_paywalled_content":false,"_jetpack_memberships_contains_paid_content":false,"footnotes":"","jetpack_publicize_message":"","jetpack_publicize_feature_enabled":true,"jetpack_social_post_already_shared":true,"jetpack_social_options":{"image_generator_settings":{"template":"highway","default_image_id":0,"font":"","enabled":false},"version":2}},"categories":[11],"tags":[],"class_list":["post-69972","post","type-post","status-publish","format-standard","has-post-thumbnail","hentry","category-noticias-de-ribeirao-preto-sp-e-regiao-ismael-colosi"],"jetpack_publicize_connections":[],"jetpack_featured_media_url":"https:\/\/i0.wp.com\/noticiasribeiraopreto.com.br\/wp-content\/uploads\/2025\/05\/7af75e70-b90d-4ed1-bf91-6ea17531d3e3.jpeg?fit=768%2C535&ssl=1","jetpack-related-posts":[{"id":34931,"url":"https:\/\/noticiasribeiraopreto.com.br\/index.php\/2024\/02\/04\/inscricoes-abertas-para-concurso-publico-da-anatel-com-salario-de-r-164-mil\/","url_meta":{"origin":69972,"position":0},"title":"Inscri\u00e7\u00f5es abertas para concurso p\u00fablico da Anatel com sal\u00e1rio de R$ 16,4 mil","author":"noticiasribeiraopreto.com.br","date":"4 de February de 2024","format":false,"excerpt":"As inscri\u00e7\u00f5es para o concurso p\u00fablico da Anatel (Ag\u00eancia Nacional de Telecomunica\u00e7\u00f5es) est\u00e3o abertas at\u00e9 \u00e0s 18h do dia 26 de fevereiro. Os interessados devem se inscrever pelo site. A taxa de inscri\u00e7\u00e3o \u00e9 R$ 130. Ao todo, s\u00e3o oferecidas 50 vagas, sendo para preenchimento imediato e forma\u00e7\u00e3o de cadastro\u2026","rel":"","context":"In &quot;Not\u00edcias de Ribeir\u00e3o Preto-SP e Regi\u00e3o&quot;","block_context":{"text":"Not\u00edcias de Ribeir\u00e3o Preto-SP e Regi\u00e3o","link":"https:\/\/noticiasribeiraopreto.com.br\/index.php\/category\/noticias-de-ribeirao-preto-sp-e-regiao-ismael-colosi\/"},"img":{"alt_text":"","src":"https:\/\/i0.wp.com\/noticiasribeiraopreto.com.br\/wp-content\/uploads\/2024\/02\/Copia-de-Copia-de-TAMANHO-EXATO-PARA-FOTOS-NO-SISTEMA-NOVO-6.jpg?fit=1200%2C675&ssl=1&resize=350%2C200","width":350,"height":200,"srcset":"https:\/\/i0.wp.com\/noticiasribeiraopreto.com.br\/wp-content\/uploads\/2024\/02\/Copia-de-Copia-de-TAMANHO-EXATO-PARA-FOTOS-NO-SISTEMA-NOVO-6.jpg?fit=1200%2C675&ssl=1&resize=350%2C200 1x, https:\/\/i0.wp.com\/noticiasribeiraopreto.com.br\/wp-content\/uploads\/2024\/02\/Copia-de-Copia-de-TAMANHO-EXATO-PARA-FOTOS-NO-SISTEMA-NOVO-6.jpg?fit=1200%2C675&ssl=1&resize=525%2C300 1.5x, https:\/\/i0.wp.com\/noticiasribeiraopreto.com.br\/wp-content\/uploads\/2024\/02\/Copia-de-Copia-de-TAMANHO-EXATO-PARA-FOTOS-NO-SISTEMA-NOVO-6.jpg?fit=1200%2C675&ssl=1&resize=700%2C400 2x, https:\/\/i0.wp.com\/noticiasribeiraopreto.com.br\/wp-content\/uploads\/2024\/02\/Copia-de-Copia-de-TAMANHO-EXATO-PARA-FOTOS-NO-SISTEMA-NOVO-6.jpg?fit=1200%2C675&ssl=1&resize=1050%2C600 3x"},"classes":[]},{"id":1105,"url":"https:\/\/noticiasribeiraopreto.com.br\/index.php\/2023\/11\/10\/veja-cinco-concursos-publicos-no-interior-de-sp-com-salarios-de-ate-r-21-mil\/","url_meta":{"origin":69972,"position":1},"title":"Veja cinco concursos p\u00fablicos no interior de SP com sal\u00e1rios de at\u00e9 R$ 21 mil","author":"noticiasribeiraopreto.com.br","date":"10 de November de 2023","format":false,"excerpt":"Nesta semana, diversos concursos p\u00fablicos foram abertos no interior de S\u00e3o Paulo. O acidade on Ribeir\u00e3o separou cinco concursos com vagas de n\u00edvel fundamental, m\u00e9dio, t\u00e9cnico e superior e sal\u00e1rios de at\u00e9 R$ 21 mil. Veja os concursos p\u00fablicos: Prefeitura de Ribeir\u00e3o Preto A Prefeitura de Ribeir\u00e3o Preto publicou edital\u2026","rel":"","context":"In &quot;Not\u00edcias de Ribeir\u00e3o Preto-SP e Regi\u00e3o&quot;","block_context":{"text":"Not\u00edcias de Ribeir\u00e3o Preto-SP e Regi\u00e3o","link":"https:\/\/noticiasribeiraopreto.com.br\/index.php\/category\/noticias-de-ribeirao-preto-sp-e-regiao-ismael-colosi\/"},"img":{"alt_text":"","src":"https:\/\/i0.wp.com\/noticiasribeiraopreto.com.br\/wp-content\/uploads\/2023\/11\/concurso-publico-9.jpg?fit=1200%2C800&ssl=1&resize=350%2C200","width":350,"height":200,"srcset":"https:\/\/i0.wp.com\/noticiasribeiraopreto.com.br\/wp-content\/uploads\/2023\/11\/concurso-publico-9.jpg?fit=1200%2C800&ssl=1&resize=350%2C200 1x, https:\/\/i0.wp.com\/noticiasribeiraopreto.com.br\/wp-content\/uploads\/2023\/11\/concurso-publico-9.jpg?fit=1200%2C800&ssl=1&resize=525%2C300 1.5x, https:\/\/i0.wp.com\/noticiasribeiraopreto.com.br\/wp-content\/uploads\/2023\/11\/concurso-publico-9.jpg?fit=1200%2C800&ssl=1&resize=700%2C400 2x, https:\/\/i0.wp.com\/noticiasribeiraopreto.com.br\/wp-content\/uploads\/2023\/11\/concurso-publico-9.jpg?fit=1200%2C800&ssl=1&resize=1050%2C600 3x"},"classes":[]},{"id":84041,"url":"https:\/\/noticiasribeiraopreto.com.br\/index.php\/2026\/03\/31\/tce-anuncia-concurso-publico-com-50-vagas-e-salarios-de-r-209-mil\/","url_meta":{"origin":69972,"position":2},"title":"TCE anuncia concurso p\u00fablico com 50 vagas e sal\u00e1rios de R$ 20,9 mil","author":"noticiasribeiraopreto.com.br","date":"31 de March de 2026","format":false,"excerpt":"Ler o resumo da not\u00edcia TCE-SP anunciou concurso com 50 vagas para Auditor de Controle Externo com sal\u00e1rio de R$ 20.940,20. Organizado pela Funda\u00e7\u00e3o Vunesp, a inscri\u00e7\u00e3o custar\u00e1 R$ 115 aos candidatos. Vagas s\u00e3o divididas entre Engenharia (12), Ci\u00eancias Cont\u00e1beis (11), Direito (10), Ci\u00eancias Econ\u00f4micas (10), TI (5) e Ci\u00eancias\u2026","rel":"","context":"In &quot;Not\u00edcias de Ribeir\u00e3o Preto-SP e Regi\u00e3o&quot;","block_context":{"text":"Not\u00edcias de Ribeir\u00e3o Preto-SP e Regi\u00e3o","link":"https:\/\/noticiasribeiraopreto.com.br\/index.php\/category\/noticias-de-ribeirao-preto-sp-e-regiao-ismael-colosi\/"},"img":{"alt_text":"","src":"https:\/\/i0.wp.com\/noticiasribeiraopreto.com.br\/wp-content\/uploads\/2026\/03\/concurso-publico_2025-07-09_13-50-45.webp.webp?fit=1200%2C798&ssl=1&resize=350%2C200","width":350,"height":200,"srcset":"https:\/\/i0.wp.com\/noticiasribeiraopreto.com.br\/wp-content\/uploads\/2026\/03\/concurso-publico_2025-07-09_13-50-45.webp.webp?fit=1200%2C798&ssl=1&resize=350%2C200 1x, https:\/\/i0.wp.com\/noticiasribeiraopreto.com.br\/wp-content\/uploads\/2026\/03\/concurso-publico_2025-07-09_13-50-45.webp.webp?fit=1200%2C798&ssl=1&resize=525%2C300 1.5x, https:\/\/i0.wp.com\/noticiasribeiraopreto.com.br\/wp-content\/uploads\/2026\/03\/concurso-publico_2025-07-09_13-50-45.webp.webp?fit=1200%2C798&ssl=1&resize=700%2C400 2x, https:\/\/i0.wp.com\/noticiasribeiraopreto.com.br\/wp-content\/uploads\/2026\/03\/concurso-publico_2025-07-09_13-50-45.webp.webp?fit=1200%2C798&ssl=1&resize=1050%2C600 3x"},"classes":[]},{"id":45993,"url":"https:\/\/noticiasribeiraopreto.com.br\/index.php\/2024\/04\/09\/bndes-anuncia-concurso-com-150-vagas-em-concurso-publico-e-salario-inicial-de-r-209-mil\/","url_meta":{"origin":69972,"position":3},"title":"BNDES anuncia concurso com 150 vagas em concurso p\u00fablico e sal\u00e1rio inicial de R$ 20,9 mil","author":"noticiasribeiraopreto.com.br","date":"9 de April de 2024","format":false,"excerpt":"Da reda\u00e7\u00e3oi Da reda\u00e7\u00e3o 09\/04\/2024 - 9:44 O BNDES (Banco Nacional de Desenvolvimento Econ\u00f4mico e Social) confirmou um concurso p\u00fablico no qual vai oferecer 150 vagas e sal\u00e1rio inicial de R$ 20,9 mil.As oportunidades s\u00e3o para o cargo de analista e de preenchimento imediato, al\u00e9m de forma\u00e7\u00e3o de cadastro de\u2026","rel":"","context":"In &quot;Empregos - Classificados&quot;","block_context":{"text":"Empregos - Classificados","link":"https:\/\/noticiasribeiraopreto.com.br\/index.php\/category\/empregos-classificados-vagas-trabalho\/"},"img":{"alt_text":"","src":"https:\/\/i0.wp.com\/noticiasribeiraopreto.com.br\/wp-content\/uploads\/2024\/04\/concurso-1.jpg?fit=1200%2C690&ssl=1&resize=350%2C200","width":350,"height":200,"srcset":"https:\/\/i0.wp.com\/noticiasribeiraopreto.com.br\/wp-content\/uploads\/2024\/04\/concurso-1.jpg?fit=1200%2C690&ssl=1&resize=350%2C200 1x, https:\/\/i0.wp.com\/noticiasribeiraopreto.com.br\/wp-content\/uploads\/2024\/04\/concurso-1.jpg?fit=1200%2C690&ssl=1&resize=525%2C300 1.5x, https:\/\/i0.wp.com\/noticiasribeiraopreto.com.br\/wp-content\/uploads\/2024\/04\/concurso-1.jpg?fit=1200%2C690&ssl=1&resize=700%2C400 2x, https:\/\/i0.wp.com\/noticiasribeiraopreto.com.br\/wp-content\/uploads\/2024\/04\/concurso-1.jpg?fit=1200%2C690&ssl=1&resize=1050%2C600 3x"},"classes":[]},{"id":6397,"url":"https:\/\/noticiasribeiraopreto.com.br\/index.php\/2023\/11\/25\/confira-lista-com-cinco-concursos-publicos-com-salarios-de-ate-13-mil\/","url_meta":{"origin":69972,"position":4},"title":"Confira lista com cinco concursos p\u00fablicos com sal\u00e1rios de at\u00e9 13 mil\u00a0","author":"noticiasribeiraopreto.com.br","date":"25 de November de 2023","format":false,"excerpt":"Para quem est\u00e1 em busca de oportunidades, o acidadeon Ribeir\u00e3o Preto preparou uma lista com cinco\u00a0concursos que est\u00e3o com inscri\u00e7\u00f5es abertas para. H\u00e1 op\u00e7\u00f5es com sal\u00e1rios que variam entre R$ 1,9 mil a R$ 13,9 mil.\u00a0\u00a0 Confira mais informa\u00e7\u00f5es sobre as vagas abaixo: PREFEITURA MUNICIPAL DE RIBEIR\u00c3O PRETO\u00a0 A Prefeitura\u2026","rel":"","context":"In &quot;Not\u00edcias de Ribeir\u00e3o Preto-SP e Regi\u00e3o&quot;","block_context":{"text":"Not\u00edcias de Ribeir\u00e3o Preto-SP e Regi\u00e3o","link":"https:\/\/noticiasribeiraopreto.com.br\/index.php\/category\/noticias-de-ribeirao-preto-sp-e-regiao-ismael-colosi\/"},"img":{"alt_text":"","src":"https:\/\/i0.wp.com\/noticiasribeiraopreto.com.br\/wp-content\/uploads\/2023\/11\/mao-com-a-pena-sobre-o-formulario-de-candidatura-scaled.jpg?fit=1200%2C801&ssl=1&resize=350%2C200","width":350,"height":200,"srcset":"https:\/\/i0.wp.com\/noticiasribeiraopreto.com.br\/wp-content\/uploads\/2023\/11\/mao-com-a-pena-sobre-o-formulario-de-candidatura-scaled.jpg?fit=1200%2C801&ssl=1&resize=350%2C200 1x, https:\/\/i0.wp.com\/noticiasribeiraopreto.com.br\/wp-content\/uploads\/2023\/11\/mao-com-a-pena-sobre-o-formulario-de-candidatura-scaled.jpg?fit=1200%2C801&ssl=1&resize=525%2C300 1.5x, https:\/\/i0.wp.com\/noticiasribeiraopreto.com.br\/wp-content\/uploads\/2023\/11\/mao-com-a-pena-sobre-o-formulario-de-candidatura-scaled.jpg?fit=1200%2C801&ssl=1&resize=700%2C400 2x, https:\/\/i0.wp.com\/noticiasribeiraopreto.com.br\/wp-content\/uploads\/2023\/11\/mao-com-a-pena-sobre-o-formulario-de-candidatura-scaled.jpg?fit=1200%2C801&ssl=1&resize=1050%2C600 3x"},"classes":[]},{"id":82563,"url":"https:\/\/noticiasribeiraopreto.com.br\/index.php\/2026\/02\/19\/veja-cinco-concursos-publicos-com-mais-de-500-vagas-e-salarios-de-r-13-mil\/","url_meta":{"origin":69972,"position":5},"title":"Veja cinco concursos p\u00fablicos com mais de 500 vagas e sal\u00e1rios de R$ 13 mil","author":"noticiasribeiraopreto.com.br","date":"19 de February de 2026","format":false,"excerpt":"O Carnaval passou, ent\u00e3o agora 2026 come\u00e7a de vez. Quem est\u00e1 de olho em uma vaga em concurso p\u00fablico pode conferir cinco editais publicados com oportunidades para o estado de S\u00e3o Paulo. S\u00e3o mais de 500 vagas dispon\u00edveis com sal\u00e1rios que chegam a R$ 13 mil. Confira: Prefeitura de Pontal\u2026","rel":"","context":"In &quot;Not\u00edcias de Ribeir\u00e3o Preto-SP e Regi\u00e3o&quot;","block_context":{"text":"Not\u00edcias de Ribeir\u00e3o Preto-SP e Regi\u00e3o","link":"https:\/\/noticiasribeiraopreto.com.br\/index.php\/category\/noticias-de-ribeirao-preto-sp-e-regiao-ismael-colosi\/"},"img":{"alt_text":"","src":"https:\/\/i0.wp.com\/noticiasribeiraopreto.com.br\/wp-content\/uploads\/2025\/07\/concurso_2025-01-07_18-14-44_jpg_2025-01-07_18-14-45.webp.webp?fit=1200%2C800&ssl=1&resize=350%2C200","width":350,"height":200,"srcset":"https:\/\/i0.wp.com\/noticiasribeiraopreto.com.br\/wp-content\/uploads\/2025\/07\/concurso_2025-01-07_18-14-44_jpg_2025-01-07_18-14-45.webp.webp?fit=1200%2C800&ssl=1&resize=350%2C200 1x, https:\/\/i0.wp.com\/noticiasribeiraopreto.com.br\/wp-content\/uploads\/2025\/07\/concurso_2025-01-07_18-14-44_jpg_2025-01-07_18-14-45.webp.webp?fit=1200%2C800&ssl=1&resize=525%2C300 1.5x, https:\/\/i0.wp.com\/noticiasribeiraopreto.com.br\/wp-content\/uploads\/2025\/07\/concurso_2025-01-07_18-14-44_jpg_2025-01-07_18-14-45.webp.webp?fit=1200%2C800&ssl=1&resize=700%2C400 2x, https:\/\/i0.wp.com\/noticiasribeiraopreto.com.br\/wp-content\/uploads\/2025\/07\/concurso_2025-01-07_18-14-44_jpg_2025-01-07_18-14-45.webp.webp?fit=1200%2C800&ssl=1&resize=1050%2C600 3x"},"classes":[]}],"jetpack_sharing_enabled":true,"jetpack_shortlink":"https:\/\/wp.me\/peQAOb-icA","_links":{"self":[{"href":"https:\/\/noticiasribeiraopreto.com.br\/index.php\/wp-json\/wp\/v2\/posts\/69972","targetHints":{"allow":["GET"]}}],"collection":[{"href":"https:\/\/noticiasribeiraopreto.com.br\/index.php\/wp-json\/wp\/v2\/posts"}],"about":[{"href":"https:\/\/noticiasribeiraopreto.com.br\/index.php\/wp-json\/wp\/v2\/types\/post"}],"author":[{"embeddable":true,"href":"https:\/\/noticiasribeiraopreto.com.br\/index.php\/wp-json\/wp\/v2\/users\/1"}],"replies":[{"embeddable":true,"href":"https:\/\/noticiasribeiraopreto.com.br\/index.php\/wp-json\/wp\/v2\/comments?post=69972"}],"version-history":[{"count":0,"href":"https:\/\/noticiasribeiraopreto.com.br\/index.php\/wp-json\/wp\/v2\/posts\/69972\/revisions"}],"wp:featuredmedia":[{"embeddable":true,"href":"https:\/\/noticiasribeiraopreto.com.br\/index.php\/wp-json\/wp\/v2\/media\/69973"}],"wp:attachment":[{"href":"https:\/\/noticiasribeiraopreto.com.br\/index.php\/wp-json\/wp\/v2\/media?parent=69972"}],"wp:term":[{"taxonomy":"category","embeddable":true,"href":"https:\/\/noticiasribeiraopreto.com.br\/index.php\/wp-json\/wp\/v2\/categories?post=69972"},{"taxonomy":"post_tag","embeddable":true,"href":"https:\/\/noticiasribeiraopreto.com.br\/index.php\/wp-json\/wp\/v2\/tags?post=69972"}],"curies":[{"name":"wp","href":"https:\/\/api.w.org\/{rel}","templated":true}]}}