{"id":69976,"date":"2025-05-21T16:11:46","date_gmt":"2025-05-21T19:11:46","guid":{"rendered":"https:\/\/noticiasribeiraopreto.com.br\/index.php\/2025\/05\/21\/dimi-zumque-e-filhas-apresentam-show-no-teatro-santarosa\/"},"modified":"2025-05-21T16:11:46","modified_gmt":"2025-05-21T19:11:46","slug":"dimi-zumque-e-filhas-apresentam-show-no-teatro-santarosa","status":"publish","type":"post","link":"https:\/\/noticiasribeiraopreto.com.br\/index.php\/2025\/05\/21\/dimi-zumque-e-filhas-apresentam-show-no-teatro-santarosa\/","title":{"rendered":"Dimi Zumqu\u00ea e filhas apresentam show no Teatro Santarosa"},"content":{"rendered":"<p> <br \/>\n<\/p>\n<div data-td-block-uid=\"tdi_95\">\n<div class=\"tdb-block-inner td-fix-index\">\n<p>Na pr\u00f3xima <strong>sexta-feira (23)<\/strong>, o <strong>Teatro Santarosa<\/strong>, em <strong>Ribeir\u00e3o Preto<\/strong>, recebe o grupo <strong>ZUMTHREE<\/strong>, formado por <strong>Dimi Zumqu\u00ea<\/strong> e suas filhas, <strong>Julia Lil\u00e1s<\/strong> e <strong>Lu\u00edsa Farias<\/strong>, a partir das <strong>20h<\/strong>. <mark style=\"background-color:#fcb900\" class=\"has-inline-color has-black-color\">A classifica\u00e7\u00e3o indicativa \u00e9 livre.<\/mark><\/p>\n<p>O trio nasceu da conviv\u00eancia familiar e da pr\u00e1tica cotidiana da m\u00fasica. Neste show, participam tamb\u00e9m os m\u00fasicos <strong>Victor Grili<\/strong> (bateria e vocais), <strong>Eder Bortolato<\/strong> (baixo ac\u00fastico e el\u00e9trico) e <strong>J\u00fanior Maia<\/strong> (teclado e acordeon).<\/p>\n<p>O repert\u00f3rio mescla sucessos internacionais, cl\u00e1ssicos da m\u00fasica brasileira, faixas autorais e in\u00e9ditas. Segundo <strong>Dimi<\/strong>, as filhas contribu\u00edram ativamente na constru\u00e7\u00e3o do repert\u00f3rio, trazendo refer\u00eancias contempor\u00e2neas, especialmente da m\u00fasica internacional.<\/p>\n<h2 class=\"wp-block-heading\"><strong>Ingressos<\/strong><\/h2>\n<p>Os ingressos podem ser adquiridos <strong>on-line<\/strong> atrav\u00e9s da plataforma <strong>Sympla <a href=\"https:\/\/bileto.sympla.com.br\/event\/104749\/d\/311375\/s\/2121876?share_id=1-copiarlink\">(clique aqui)<\/a><\/strong>, ou na <strong>bilheteria f\u00edsica<\/strong>, de ter\u00e7a a sexta-feira das 9h \u00e0s 18h e das 8h \u00e0s 12h aos s\u00e1bados. Veja pre\u00e7os:<\/p>\n<ul class=\"wp-block-list\">\n<li>R$ 40 (meia-entrada)<\/li>\n<li>R$ 50 (antecipado \u2013 at\u00e9 dia 22 de maio)<\/li>\n<li>R$ 80 (inteira)<\/li>\n<\/ul>\n<h2 class=\"wp-block-heading\"><strong>Servi\u00e7o<\/strong><\/h2>\n<p><strong>Show ZUMTHREE (Dimi Zumqu\u00ea, Luisa Lil\u00e1s e Luisa Farias)<\/strong><\/p>\n<p><strong>Quando: <\/strong>23 de maio, sexta-feira<strong><br \/>Hor\u00e1rio: <\/strong>20h<strong><br \/>Local: <\/strong>Teatro Santarosa | pra\u00e7a Rotary Club, 325 \u2013 City Ribeir\u00e3o <strong><br \/>Ingressos: <\/strong>A partir de R$ 40<\/p>\n<p>SAIBA MAIS<br \/>Evento re\u00fane brech\u00f3s e oferece mais de 10 mil pe\u00e7as em Ribeir\u00e3o Preto; Veja quando<\/p>\n<h4 class=\"wp-block-heading\"><strong>FIQUE ON<\/strong><\/h4>\n<p>Fique ligado em tudo que acontece em Ribeir\u00e3o Preto e regi\u00e3o. Siga os perfis do <strong>acidade on <\/strong>no <a href=\"https:\/\/www.instagram.com\/acidadeonribeirao\" target=\"_blank\" rel=\"noreferrer noopener\">Instagram<\/a> e no <a href=\"https:\/\/www.facebook.com\/acidadeonribeirao\" target=\"_blank\" rel=\"noreferrer noopener\">Facebook<\/a>.<\/p>\n<p>Receba not\u00edcias do<strong> acidade on<\/strong> no WhatsApp. Para entrar no grupo, basta <a href=\"https:\/\/chat.whatsapp.com\/BjKQZ9oJwlz8VVT50NuePq\" target=\"_blank\" rel=\"noreferrer noopener\">clicar aqui<\/a>.<\/p>\n<p>Fa\u00e7a uma den\u00fancia ou sugira uma reportagem sobre Ribeir\u00e3o Preto e regi\u00e3o pelo WhatsApp: 16 99117 7802.<\/p>\n<p>VEJA TAMB\u00c9M<br \/>Qual \u00e9 o elenco de \u2018A Vida Secreta do Meu Marido Bilion\u00e1rio\u2019?<\/p>\n<p><!-- CONTENT END 1 -->\n<\/div>\n<\/div>\n<p><script async src=\"\/\/www.instagram.com\/embed.js\"><\/script><br \/>\n<br \/><br \/>\n<br \/><a href=\"https:\/\/www.acidadeon.com\/ribeiraopreto\/lazer-e-cultura\/dimi-zumque-e-filhas-apresentam-show-no-teatro-santarosa\/\">Source link <\/a><\/p>\n","protected":false},"excerpt":{"rendered":"<p>Na pr\u00f3xima sexta-feira (23), o Teatro Santarosa, em Ribeir\u00e3o Preto, recebe o grupo ZUMTHREE, formado por Dimi Zumqu\u00ea e suas filhas, Julia Lil\u00e1s e Lu\u00edsa&#8230;<\/p>\n","protected":false},"author":1,"featured_media":69977,"comment_status":"open","ping_status":"open","sticky":false,"template":"","format":"standard","meta":{"advanced_seo_description":"","jetpack_seo_html_title":"","jetpack_seo_noindex":false,"jetpack_post_was_ever_published":false,"_jetpack_newsletter_access":"","_jetpack_dont_email_post_to_subs":false,"_jetpack_newsletter_tier_id":0,"_jetpack_memberships_contains_paywalled_content":false,"_jetpack_memberships_contains_paid_content":false,"footnotes":"","jetpack_publicize_message":"","jetpack_publicize_feature_enabled":true,"jetpack_social_post_already_shared":true,"jetpack_social_options":{"image_generator_settings":{"template":"highway","default_image_id":0,"font":"","enabled":false},"version":2}},"categories":[11],"tags":[],"class_list":["post-69976","post","type-post","status-publish","format-standard","has-post-thumbnail","hentry","category-noticias-de-ribeirao-preto-sp-e-regiao-ismael-colosi"],"jetpack_publicize_connections":[],"jetpack_featured_media_url":"https:\/\/i0.wp.com\/noticiasribeiraopreto.com.br\/wp-content\/uploads\/2025\/05\/zumthree_2025-05-21_12-04-43.webp.webp?fit=1200%2C800&ssl=1","jetpack-related-posts":[{"id":78840,"url":"https:\/\/noticiasribeiraopreto.com.br\/index.php\/2025\/10\/19\/dimi-zumque-lanca-novo-album-e-retorna-aos-palcos\/","url_meta":{"origin":69976,"position":0},"title":"Dimi Zumqu\u00ea lan\u00e7a novo \u00e1lbum e retorna aos palcos","author":"noticiasribeiraopreto.com.br","date":"19 de October de 2025","format":false,"excerpt":"\u2018Dias@Mais\u2019, novo trabalho do cantor e compositor ribeir\u00e3o-pretano, chega \u00e0s plataformas digitais e ganha show de lan\u00e7amento no dia 21 de outubro O cantor, compositor e produtor Dimi Zumqu\u00ea acaba de lan\u00e7ar seu novo \u00e1lbum,\u00a0Dias@Mais, j\u00e1 dispon\u00edvel em plataformas digitais como\u00a0Spotify, Deezer, Amazon Music, entre outras, e retorna aos palcos\u2026","rel":"","context":"In &quot;Not\u00edcias de Ribeir\u00e3o Preto-SP e Regi\u00e3o&quot;","block_context":{"text":"Not\u00edcias de Ribeir\u00e3o Preto-SP e Regi\u00e3o","link":"https:\/\/noticiasribeiraopreto.com.br\/index.php\/category\/noticias-de-ribeirao-preto-sp-e-regiao-ismael-colosi\/"},"img":{"alt_text":"","src":"https:\/\/i0.wp.com\/noticiasribeiraopreto.com.br\/wp-content\/uploads\/2025\/10\/Dimi-Zumque-scaled.jpg?fit=1170%2C780&ssl=1&resize=350%2C200","width":350,"height":200,"srcset":"https:\/\/i0.wp.com\/noticiasribeiraopreto.com.br\/wp-content\/uploads\/2025\/10\/Dimi-Zumque-scaled.jpg?fit=1170%2C780&ssl=1&resize=350%2C200 1x, https:\/\/i0.wp.com\/noticiasribeiraopreto.com.br\/wp-content\/uploads\/2025\/10\/Dimi-Zumque-scaled.jpg?fit=1170%2C780&ssl=1&resize=525%2C300 1.5x, https:\/\/i0.wp.com\/noticiasribeiraopreto.com.br\/wp-content\/uploads\/2025\/10\/Dimi-Zumque-scaled.jpg?fit=1170%2C780&ssl=1&resize=700%2C400 2x, https:\/\/i0.wp.com\/noticiasribeiraopreto.com.br\/wp-content\/uploads\/2025\/10\/Dimi-Zumque-scaled.jpg?fit=1170%2C780&ssl=1&resize=1050%2C600 3x"},"classes":[]},{"id":78940,"url":"https:\/\/noticiasribeiraopreto.com.br\/index.php\/2025\/10\/21\/dimi-zumque-lanca-novo-album-e-retorna-aos-palcos-com-show-no-theatro-pedro-ii\/","url_meta":{"origin":69976,"position":1},"title":"Dimi Zumqu\u00ea lan\u00e7a novo \u00e1lbum e retorna aos palcos com show no Theatro Pedro II","author":"noticiasribeiraopreto.com.br","date":"21 de October de 2025","format":false,"excerpt":"O cantor, compositor e produtor Dimi Zumqu\u00ea acaba de lan\u00e7ar seu novo \u00e1lbum, Dias@Mais, dispon\u00edvel nas plataformas digitais, e retorna aos palcos para um show de lan\u00e7amento nesta ter\u00e7a-feira (21), \u00e0s 20h, no Theatro Pedro II, em Ribeir\u00e3o Preto. Os ingressos custam R$ 30 e R$ 15 (meia-entrada), com venda\u2026","rel":"","context":"In &quot;Not\u00edcias de Ribeir\u00e3o Preto-SP e Regi\u00e3o&quot;","block_context":{"text":"Not\u00edcias de Ribeir\u00e3o Preto-SP e Regi\u00e3o","link":"https:\/\/noticiasribeiraopreto.com.br\/index.php\/category\/noticias-de-ribeirao-preto-sp-e-regiao-ismael-colosi\/"},"img":{"alt_text":"","src":"https:\/\/i0.wp.com\/noticiasribeiraopreto.com.br\/wp-content\/uploads\/2025\/10\/dimi-zumque_2025-10-21_16-44-48.webp.webp?fit=1200%2C800&ssl=1&resize=350%2C200","width":350,"height":200,"srcset":"https:\/\/i0.wp.com\/noticiasribeiraopreto.com.br\/wp-content\/uploads\/2025\/10\/dimi-zumque_2025-10-21_16-44-48.webp.webp?fit=1200%2C800&ssl=1&resize=350%2C200 1x, https:\/\/i0.wp.com\/noticiasribeiraopreto.com.br\/wp-content\/uploads\/2025\/10\/dimi-zumque_2025-10-21_16-44-48.webp.webp?fit=1200%2C800&ssl=1&resize=525%2C300 1.5x, https:\/\/i0.wp.com\/noticiasribeiraopreto.com.br\/wp-content\/uploads\/2025\/10\/dimi-zumque_2025-10-21_16-44-48.webp.webp?fit=1200%2C800&ssl=1&resize=700%2C400 2x, https:\/\/i0.wp.com\/noticiasribeiraopreto.com.br\/wp-content\/uploads\/2025\/10\/dimi-zumque_2025-10-21_16-44-48.webp.webp?fit=1200%2C800&ssl=1&resize=1050%2C600 3x"},"classes":[]},{"id":82144,"url":"https:\/\/noticiasribeiraopreto.com.br\/index.php\/2026\/02\/05\/biblioteca-sinha-junqueira-recebe-show-do-zumthree-no-proximo-sabado-entrada-e-gratuita\/","url_meta":{"origin":69976,"position":2},"title":"Biblioteca Sinh\u00e1 Junqueira recebe show do Zumthree no pr\u00f3ximo s\u00e1bado; entrada \u00e9 gratuita","author":"noticiasribeiraopreto.com.br","date":"5 de February de 2026","format":false,"excerpt":"O Zumthree, trio formado por Dimi Zumqu\u00ea e as filhas Julia Lil\u00e1s e Luisa Farias, se apresenta na Biblioteca Sinh\u00e1 Junqueira, em Ribeir\u00e3o Preto, no pr\u00f3ximo s\u00e1bado (7), a partir das 17h. A entrada \u00e9 aberta e gratuita. Neste reencontro com o p\u00fablico, o projeto pretende unir gera\u00e7\u00f5es ao misturar\u2026","rel":"","context":"In &quot;Not\u00edcias de Ribeir\u00e3o Preto-SP e Regi\u00e3o&quot;","block_context":{"text":"Not\u00edcias de Ribeir\u00e3o Preto-SP e Regi\u00e3o","link":"https:\/\/noticiasribeiraopreto.com.br\/index.php\/category\/noticias-de-ribeirao-preto-sp-e-regiao-ismael-colosi\/"},"img":{"alt_text":"","src":"https:\/\/i0.wp.com\/noticiasribeiraopreto.com.br\/wp-content\/uploads\/2026\/02\/dimi-zumque_2026-02-04_20-03-48.webp.webp?fit=1200%2C800&ssl=1&resize=350%2C200","width":350,"height":200,"srcset":"https:\/\/i0.wp.com\/noticiasribeiraopreto.com.br\/wp-content\/uploads\/2026\/02\/dimi-zumque_2026-02-04_20-03-48.webp.webp?fit=1200%2C800&ssl=1&resize=350%2C200 1x, https:\/\/i0.wp.com\/noticiasribeiraopreto.com.br\/wp-content\/uploads\/2026\/02\/dimi-zumque_2026-02-04_20-03-48.webp.webp?fit=1200%2C800&ssl=1&resize=525%2C300 1.5x, https:\/\/i0.wp.com\/noticiasribeiraopreto.com.br\/wp-content\/uploads\/2026\/02\/dimi-zumque_2026-02-04_20-03-48.webp.webp?fit=1200%2C800&ssl=1&resize=700%2C400 2x, https:\/\/i0.wp.com\/noticiasribeiraopreto.com.br\/wp-content\/uploads\/2026\/02\/dimi-zumque_2026-02-04_20-03-48.webp.webp?fit=1200%2C800&ssl=1&resize=1050%2C600 3x"},"classes":[]},{"id":58918,"url":"https:\/\/noticiasribeiraopreto.com.br\/index.php\/2024\/10\/09\/bandalheira-do-bem-faz-apresentacao-especial-para-o-dia-das-criancas-em-ribeirao-preto\/","url_meta":{"origin":69976,"position":3},"title":"Bandalheira do Bem faz apresenta\u00e7\u00e3o especial para o Dia das Crian\u00e7as em Ribeir\u00e3o Preto","author":"noticiasribeiraopreto.com.br","date":"9 de October de 2024","format":false,"excerpt":"Com uma programa\u00e7\u00e3o especial em todo m\u00eas de outubro por conta do Dia das Crian\u00e7as, a Bandalheira do Bem far\u00e1 uma apresenta\u00e7\u00e3o gratuita no Teatro Municipal de Ribeir\u00e3o Preto, na pr\u00f3xima sexta-feira (11), \u00e0s 9h30. A trupe utiliza de modalidades art\u00edsticas, que se complementam com a m\u00fasica popular brasileira, a\u2026","rel":"","context":"In &quot;Not\u00edcias de Ribeir\u00e3o Preto-SP e Regi\u00e3o&quot;","block_context":{"text":"Not\u00edcias de Ribeir\u00e3o Preto-SP e Regi\u00e3o","link":"https:\/\/noticiasribeiraopreto.com.br\/index.php\/category\/noticias-de-ribeirao-preto-sp-e-regiao-ismael-colosi\/"},"img":{"alt_text":"","src":"https:\/\/i0.wp.com\/noticiasribeiraopreto.com.br\/wp-content\/uploads\/2024\/10\/Bandalheira-do-bem-foto-Renato-Lopes-9376-1_2024-10-09_12-09-54_jpg_2024-10-09_12-09-57-scaled.webp.webp?fit=1200%2C800&ssl=1&resize=350%2C200","width":350,"height":200,"srcset":"https:\/\/i0.wp.com\/noticiasribeiraopreto.com.br\/wp-content\/uploads\/2024\/10\/Bandalheira-do-bem-foto-Renato-Lopes-9376-1_2024-10-09_12-09-54_jpg_2024-10-09_12-09-57-scaled.webp.webp?fit=1200%2C800&ssl=1&resize=350%2C200 1x, https:\/\/i0.wp.com\/noticiasribeiraopreto.com.br\/wp-content\/uploads\/2024\/10\/Bandalheira-do-bem-foto-Renato-Lopes-9376-1_2024-10-09_12-09-54_jpg_2024-10-09_12-09-57-scaled.webp.webp?fit=1200%2C800&ssl=1&resize=525%2C300 1.5x, https:\/\/i0.wp.com\/noticiasribeiraopreto.com.br\/wp-content\/uploads\/2024\/10\/Bandalheira-do-bem-foto-Renato-Lopes-9376-1_2024-10-09_12-09-54_jpg_2024-10-09_12-09-57-scaled.webp.webp?fit=1200%2C800&ssl=1&resize=700%2C400 2x, https:\/\/i0.wp.com\/noticiasribeiraopreto.com.br\/wp-content\/uploads\/2024\/10\/Bandalheira-do-bem-foto-Renato-Lopes-9376-1_2024-10-09_12-09-54_jpg_2024-10-09_12-09-57-scaled.webp.webp?fit=1200%2C800&ssl=1&resize=1050%2C600 3x"},"classes":[]},{"id":69968,"url":"https:\/\/noticiasribeiraopreto.com.br\/index.php\/2025\/05\/21\/henry-e-klauss-trazem-espetaculo-de-ilusionismo-para-ribeirao-preto\/","url_meta":{"origin":69976,"position":4},"title":"Henry e Klauss trazem espet\u00e1culo de ilusionismo para Ribeir\u00e3o Preto","author":"noticiasribeiraopreto.com.br","date":"21 de May de 2025","format":false,"excerpt":"Nos dias 7 e 8 de junho, o Multiplan Hall, no Ribeir\u00e3o Shopping, recebe a dupla de ilusionistas Henry e Klauss, com o espet\u00e1culo \u201cIllusion Show \u2013 Uma Jornada M\u00e1gica\u201d. A apresenta\u00e7\u00e3o combina ilus\u00e3o, tecnologia de ponta e interatividade. Henry Vargas e Klauss Dur\u00e3es, naturais de Belo Horizonte, iniciaram sua\u2026","rel":"","context":"In &quot;Not\u00edcias de Ribeir\u00e3o Preto-SP e Regi\u00e3o&quot;","block_context":{"text":"Not\u00edcias de Ribeir\u00e3o Preto-SP e Regi\u00e3o","link":"https:\/\/noticiasribeiraopreto.com.br\/index.php\/category\/noticias-de-ribeirao-preto-sp-e-regiao-ismael-colosi\/"},"img":{"alt_text":"","src":"https:\/\/i0.wp.com\/noticiasribeiraopreto.com.br\/wp-content\/uploads\/2025\/05\/Copy-of-Copia-de-DSC02982_2025-05-21_15-08-20.webp.webp?fit=1200%2C675&ssl=1&resize=350%2C200","width":350,"height":200,"srcset":"https:\/\/i0.wp.com\/noticiasribeiraopreto.com.br\/wp-content\/uploads\/2025\/05\/Copy-of-Copia-de-DSC02982_2025-05-21_15-08-20.webp.webp?fit=1200%2C675&ssl=1&resize=350%2C200 1x, https:\/\/i0.wp.com\/noticiasribeiraopreto.com.br\/wp-content\/uploads\/2025\/05\/Copy-of-Copia-de-DSC02982_2025-05-21_15-08-20.webp.webp?fit=1200%2C675&ssl=1&resize=525%2C300 1.5x, https:\/\/i0.wp.com\/noticiasribeiraopreto.com.br\/wp-content\/uploads\/2025\/05\/Copy-of-Copia-de-DSC02982_2025-05-21_15-08-20.webp.webp?fit=1200%2C675&ssl=1&resize=700%2C400 2x, https:\/\/i0.wp.com\/noticiasribeiraopreto.com.br\/wp-content\/uploads\/2025\/05\/Copy-of-Copia-de-DSC02982_2025-05-21_15-08-20.webp.webp?fit=1200%2C675&ssl=1&resize=1050%2C600 3x"},"classes":[]},{"id":53417,"url":"https:\/\/noticiasribeiraopreto.com.br\/index.php\/2024\/06\/19\/biblioteca-de-ribeirao-preto-realiza-festa-junina-gratuita-veja-quando\/","url_meta":{"origin":69976,"position":5},"title":"Biblioteca de Ribeir\u00e3o Preto realiza festa junina gratuita; Veja quando","author":"noticiasribeiraopreto.com.br","date":"19 de June de 2024","format":false,"excerpt":"A Biblioteca Sinh\u00e1 Junqueira, no Centro de Ribeir\u00e3o Preto, realiza no pr\u00f3ximo s\u00e1bado (22), a primeira \u201cFesta Junina da BSJ\u201d, das 15h at\u00e9 \u00e0s 20h. A festa \u00e9 aberta ao p\u00fablico e tem entrada gratuita. O evento ter\u00e1 programa\u00e7\u00e3o cultural com m\u00fasicas t\u00edpicas e ao vivo, forr\u00f3 e maquiagem junina\u2026","rel":"","context":"In &quot;Not\u00edcias de Ribeir\u00e3o Preto-SP e Regi\u00e3o&quot;","block_context":{"text":"Not\u00edcias de Ribeir\u00e3o Preto-SP e Regi\u00e3o","link":"https:\/\/noticiasribeiraopreto.com.br\/index.php\/category\/noticias-de-ribeirao-preto-sp-e-regiao-ismael-colosi\/"},"img":{"alt_text":"","src":"https:\/\/i0.wp.com\/noticiasribeiraopreto.com.br\/wp-content\/uploads\/2024\/06\/img-20230615-wa0016.jpg?fit=1200%2C800&ssl=1&resize=350%2C200","width":350,"height":200,"srcset":"https:\/\/i0.wp.com\/noticiasribeiraopreto.com.br\/wp-content\/uploads\/2024\/06\/img-20230615-wa0016.jpg?fit=1200%2C800&ssl=1&resize=350%2C200 1x, https:\/\/i0.wp.com\/noticiasribeiraopreto.com.br\/wp-content\/uploads\/2024\/06\/img-20230615-wa0016.jpg?fit=1200%2C800&ssl=1&resize=525%2C300 1.5x, https:\/\/i0.wp.com\/noticiasribeiraopreto.com.br\/wp-content\/uploads\/2024\/06\/img-20230615-wa0016.jpg?fit=1200%2C800&ssl=1&resize=700%2C400 2x, https:\/\/i0.wp.com\/noticiasribeiraopreto.com.br\/wp-content\/uploads\/2024\/06\/img-20230615-wa0016.jpg?fit=1200%2C800&ssl=1&resize=1050%2C600 3x"},"classes":[]}],"jetpack_sharing_enabled":true,"jetpack_shortlink":"https:\/\/wp.me\/peQAOb-icE","_links":{"self":[{"href":"https:\/\/noticiasribeiraopreto.com.br\/index.php\/wp-json\/wp\/v2\/posts\/69976","targetHints":{"allow":["GET"]}}],"collection":[{"href":"https:\/\/noticiasribeiraopreto.com.br\/index.php\/wp-json\/wp\/v2\/posts"}],"about":[{"href":"https:\/\/noticiasribeiraopreto.com.br\/index.php\/wp-json\/wp\/v2\/types\/post"}],"author":[{"embeddable":true,"href":"https:\/\/noticiasribeiraopreto.com.br\/index.php\/wp-json\/wp\/v2\/users\/1"}],"replies":[{"embeddable":true,"href":"https:\/\/noticiasribeiraopreto.com.br\/index.php\/wp-json\/wp\/v2\/comments?post=69976"}],"version-history":[{"count":0,"href":"https:\/\/noticiasribeiraopreto.com.br\/index.php\/wp-json\/wp\/v2\/posts\/69976\/revisions"}],"wp:featuredmedia":[{"embeddable":true,"href":"https:\/\/noticiasribeiraopreto.com.br\/index.php\/wp-json\/wp\/v2\/media\/69977"}],"wp:attachment":[{"href":"https:\/\/noticiasribeiraopreto.com.br\/index.php\/wp-json\/wp\/v2\/media?parent=69976"}],"wp:term":[{"taxonomy":"category","embeddable":true,"href":"https:\/\/noticiasribeiraopreto.com.br\/index.php\/wp-json\/wp\/v2\/categories?post=69976"},{"taxonomy":"post_tag","embeddable":true,"href":"https:\/\/noticiasribeiraopreto.com.br\/index.php\/wp-json\/wp\/v2\/tags?post=69976"}],"curies":[{"name":"wp","href":"https:\/\/api.w.org\/{rel}","templated":true}]}}