{"id":69978,"date":"2025-05-21T16:18:20","date_gmt":"2025-05-21T19:18:20","guid":{"rendered":"https:\/\/noticiasribeiraopreto.com.br\/index.php\/2025\/05\/21\/grupo-de-franca-divulga-150-vagas-de-trabalho-para-megaloja-que-sera-instalada-na-avenida-paulista\/"},"modified":"2025-05-21T16:18:20","modified_gmt":"2025-05-21T19:18:20","slug":"grupo-de-franca-divulga-150-vagas-de-trabalho-para-megaloja-que-sera-instalada-na-avenida-paulista","status":"publish","type":"post","link":"https:\/\/noticiasribeiraopreto.com.br\/index.php\/2025\/05\/21\/grupo-de-franca-divulga-150-vagas-de-trabalho-para-megaloja-que-sera-instalada-na-avenida-paulista\/","title":{"rendered":"Grupo de Franca divulga 150 vagas de trabalho para megaloja que ser\u00e1 instalada na Avenida Paulista"},"content":{"rendered":"<p> <br \/>\n<\/p>\n<div>\n<p>A empresa Magalu, que engloba o Magazine Luiza, divulgou o processo seletivo para contratar 150 pessoas que v\u00e3o trabalhar na nova proposta do grupo de tamb\u00e9m apostar em lojas f\u00edsicas. Desta vez, a proposta do neg\u00f3cio \u00e9 montar essa loja em S\u00e3o Paulo, no Conjunto Nacional, em plena Avenida Paulista. \u00a0O espa\u00e7o reunir\u00e1 as marcas do ecossistema do grupo: KaBuM!, \u00c9poca Cosm\u00e9ticos, Estante Virtual, Netshoes e o pr\u00f3prio Magazine Luiza.<\/p>\n<p>\u201cEsse ser\u00e1 um processo diferente. Precisamos de pessoas com conhecimento forte nas \u00e1reas. Quem vai trabalhar com \u00c9poca Cosm\u00e9ticos, tem que entender muito de beleza; em Netshoes, precisamos de aficionados em esportes e tamb\u00e9m em moda; para KaBuM!, gamers e vendedores que saibam muito de tecnologia; em Estante Virtual, o interessado tem que entender dos \u00faltimos lan\u00e7amentos liter\u00e1rios\u201d, explica Patricia Pugas, diretora-executiva de Gest\u00e3o de Pessoas do Magalu. \u201cEsse ser\u00e1 um processo diferente que vai formar uma equipe com grandes desafios.\u201d<\/p>\n<p>A nova estrat\u00e9gia do grupo envolveu, inclusive, uma divulga\u00e7\u00e3o que a pr\u00f3pria Luiza Helena Trajano promoveu nas redes sociais dela para divulgar o an\u00fancio das vagas de trabalho e convidando pessoas a participar.<\/p>\n<p>As oportunidades s\u00e3o para os cargos de vendedor, assistente de credi\u00e1rio\/caixa e assistente de estoque. Ap\u00f3s a sele\u00e7\u00e3o, os funcion\u00e1rios v\u00e3o passar por um longo treinamento de cultura e especializa\u00e7\u00e3o. \u201cPara trabalhar no Magalu, a pessoa precisa ser focada no cliente, ter flexibilidade e criatividade para entregar a melhor experi\u00eancia para o consumidor\u201d, afirma Patr\u00edcia.<\/p>\n<p>Embora o ingl\u00eas n\u00e3o seja obrigat\u00f3rio, o idioma \u00e9 considerado diferencial, especialmente por conta da localiza\u00e7\u00e3o estrat\u00e9gica da nova loja, uma \u00e1rea com grande circula\u00e7\u00e3o de turistas estrangeiros.<\/p>\n<p>As inscri\u00e7\u00f5es est\u00e3o abertas at\u00e9 4 de junho e podem ser feitas pelo link: <a href=\"https:\/\/carreiras.magazineluiza.com.br\/vagas\/436434\" target=\"_blank\" rel=\"noopener\"><strong>https:\/\/carreiras.magazineluiza.com.br\/vagas\/436434<\/strong><\/a><\/p>\n<p>\u201cA inaugura\u00e7\u00e3o da megaloja, prevista para o segundo semestre de 2025, est\u00e1 em sintonia com a estrat\u00e9gia de multicanalidade da companhia, um dos principais diferenciais do grupo \u2013 e faz parte da materializa\u00e7\u00e3o da constru\u00e7\u00e3o do ecossistema da empresa. Instalado na \u00e1rea que era ocupada pela Livraria Cultura, o Magalu preservar\u00e1 os espa\u00e7os hist\u00f3ricos e culturais, como o teatro Eva Herz, que funcionavam nas depend\u00eancias. Os clientes contar\u00e3o com a oferta de todos os servi\u00e7os, como o Retira Loja, e os sellers ter\u00e3o ali mais uma Ag\u00eancia Magalu \u2013 ponto de entrega de itens vendidos pelo marketplace da empresa\u201d, divulgou.<\/p>\n<p><!-- CONTENT END 1 --><\/p><\/div>\n<p><br \/>\n<br \/><a href=\"https:\/\/www.f3noticias.com.br\/grupo-de-franca-divulga-150-vagas-de-trabalho-para-megaloja-que-sera-instalada-na-avenida-paulista\/\">Source link <\/a><\/p>\n","protected":false},"excerpt":{"rendered":"<p>A empresa Magalu, que engloba o Magazine Luiza, divulgou o processo seletivo para contratar 150 pessoas que v\u00e3o trabalhar na nova proposta do grupo de&#8230;<\/p>\n","protected":false},"author":1,"featured_media":69979,"comment_status":"open","ping_status":"open","sticky":false,"template":"","format":"standard","meta":{"advanced_seo_description":"","jetpack_seo_html_title":"","jetpack_seo_noindex":false,"jetpack_post_was_ever_published":false,"_jetpack_newsletter_access":"","_jetpack_dont_email_post_to_subs":false,"_jetpack_newsletter_tier_id":0,"_jetpack_memberships_contains_paywalled_content":false,"_jetpack_memberships_contains_paid_content":false,"footnotes":"","jetpack_publicize_message":"","jetpack_publicize_feature_enabled":true,"jetpack_social_post_already_shared":true,"jetpack_social_options":{"image_generator_settings":{"template":"highway","default_image_id":0,"font":"","enabled":false},"version":2}},"categories":[3597],"tags":[],"class_list":["post-69978","post","type-post","status-publish","format-standard","has-post-thumbnail","hentry","category-noticias-franca-sp"],"jetpack_publicize_connections":[],"jetpack_featured_media_url":"https:\/\/i0.wp.com\/noticiasribeiraopreto.com.br\/wp-content\/uploads\/2025\/05\/conjunto-nacional.webp.webp?fit=1286%2C860&ssl=1","jetpack-related-posts":[{"id":59769,"url":"https:\/\/noticiasribeiraopreto.com.br\/index.php\/2024\/10\/29\/rede-de-lojas-de-cosmeticos-e-perfumaria-abre-140-vagas-na-regiao-de-ribeirao\/","url_meta":{"origin":69978,"position":0},"title":"Rede de lojas de cosm\u00e9ticos e perfumaria abre 140 vagas na regi\u00e3o de Ribeir\u00e3o","author":"noticiasribeiraopreto.com.br","date":"29 de October de 2024","format":false,"excerpt":"O Botic\u00e1rio, rede de lojas de cosm\u00e9ticos e perfumaria, abriu processo seletivo para preencher 140 vagas na regi\u00e3o\u00a0Ribeir\u00e3o Preto. As oportunidades s\u00e3o para trabalhar como consultora de loja e auxiliar de vendas em cidades como Sert\u00e3ozinho, Cravinhos, Pontal, S\u00e3o Joaquim da Barra, Jaboticabal e Jardin\u00f3polis. De acordo com a empresa,\u2026","rel":"","context":"In &quot;Not\u00edcias de Ribeir\u00e3o Preto-SP e Regi\u00e3o&quot;","block_context":{"text":"Not\u00edcias de Ribeir\u00e3o Preto-SP e Regi\u00e3o","link":"https:\/\/noticiasribeiraopreto.com.br\/index.php\/category\/noticias-de-ribeirao-preto-sp-e-regiao-ismael-colosi\/"},"img":{"alt_text":"","src":"https:\/\/i0.wp.com\/noticiasribeiraopreto.com.br\/wp-content\/uploads\/2024\/10\/Copia-de-Copia-de-Copia-de-TAMANHO-EXATO-PARA-FOTOS-NO-SISTEMA-NOVO-57_2024-10-29_21-44-18_png_2024-10-29_21-44-18.webp.webp?fit=1200%2C675&ssl=1&resize=350%2C200","width":350,"height":200,"srcset":"https:\/\/i0.wp.com\/noticiasribeiraopreto.com.br\/wp-content\/uploads\/2024\/10\/Copia-de-Copia-de-Copia-de-TAMANHO-EXATO-PARA-FOTOS-NO-SISTEMA-NOVO-57_2024-10-29_21-44-18_png_2024-10-29_21-44-18.webp.webp?fit=1200%2C675&ssl=1&resize=350%2C200 1x, https:\/\/i0.wp.com\/noticiasribeiraopreto.com.br\/wp-content\/uploads\/2024\/10\/Copia-de-Copia-de-Copia-de-TAMANHO-EXATO-PARA-FOTOS-NO-SISTEMA-NOVO-57_2024-10-29_21-44-18_png_2024-10-29_21-44-18.webp.webp?fit=1200%2C675&ssl=1&resize=525%2C300 1.5x, https:\/\/i0.wp.com\/noticiasribeiraopreto.com.br\/wp-content\/uploads\/2024\/10\/Copia-de-Copia-de-Copia-de-TAMANHO-EXATO-PARA-FOTOS-NO-SISTEMA-NOVO-57_2024-10-29_21-44-18_png_2024-10-29_21-44-18.webp.webp?fit=1200%2C675&ssl=1&resize=700%2C400 2x, https:\/\/i0.wp.com\/noticiasribeiraopreto.com.br\/wp-content\/uploads\/2024\/10\/Copia-de-Copia-de-Copia-de-TAMANHO-EXATO-PARA-FOTOS-NO-SISTEMA-NOVO-57_2024-10-29_21-44-18_png_2024-10-29_21-44-18.webp.webp?fit=1200%2C675&ssl=1&resize=1050%2C600 3x"},"classes":[]},{"id":48569,"url":"https:\/\/noticiasribeiraopreto.com.br\/index.php\/2024\/05\/03\/veja-quando-loja-do-paulistao-atacadista-vai-ser-inaugurada-em-ribeirao-preto\/","url_meta":{"origin":69978,"position":1},"title":"Veja quando loja do Paulist\u00e3o Atacadista vai ser inaugurada em Ribeir\u00e3o Preto","author":"noticiasribeiraopreto.com.br","date":"3 de May de 2024","format":false,"excerpt":"A primeira loja da rede Paulist\u00e3o Atacadista em Ribeir\u00e3o Preto ser\u00e1 inaugurada nesta ter\u00e7a-feira (7), na avenida Presidente Castelo Branco, 1865, zona Leste do munic\u00edpio. A abertura para o p\u00fablico acontece \u00e0s 9h. A rede Paulist\u00e3o Atacadista tem como propriet\u00e1rios os gestores da Rede Savegnago, que passam a atuar tamb\u00e9m\u2026","rel":"","context":"In &quot;Not\u00edcias de Ribeir\u00e3o Preto-SP e Regi\u00e3o&quot;","block_context":{"text":"Not\u00edcias de Ribeir\u00e3o Preto-SP e Regi\u00e3o","link":"https:\/\/noticiasribeiraopreto.com.br\/index.php\/category\/noticias-de-ribeirao-preto-sp-e-regiao-ismael-colosi\/"},"img":{"alt_text":"","src":"https:\/\/i0.wp.com\/noticiasribeiraopreto.com.br\/wp-content\/uploads\/2024\/05\/GrupoSavegnagoconfirmanegociaoparacomprarlojasdoMakro_Tamanho_2_image.jpg?fit=1200%2C900&ssl=1&resize=350%2C200","width":350,"height":200,"srcset":"https:\/\/i0.wp.com\/noticiasribeiraopreto.com.br\/wp-content\/uploads\/2024\/05\/GrupoSavegnagoconfirmanegociaoparacomprarlojasdoMakro_Tamanho_2_image.jpg?fit=1200%2C900&ssl=1&resize=350%2C200 1x, https:\/\/i0.wp.com\/noticiasribeiraopreto.com.br\/wp-content\/uploads\/2024\/05\/GrupoSavegnagoconfirmanegociaoparacomprarlojasdoMakro_Tamanho_2_image.jpg?fit=1200%2C900&ssl=1&resize=525%2C300 1.5x, https:\/\/i0.wp.com\/noticiasribeiraopreto.com.br\/wp-content\/uploads\/2024\/05\/GrupoSavegnagoconfirmanegociaoparacomprarlojasdoMakro_Tamanho_2_image.jpg?fit=1200%2C900&ssl=1&resize=700%2C400 2x, https:\/\/i0.wp.com\/noticiasribeiraopreto.com.br\/wp-content\/uploads\/2024\/05\/GrupoSavegnagoconfirmanegociaoparacomprarlojasdoMakro_Tamanho_2_image.jpg?fit=1200%2C900&ssl=1&resize=1050%2C600 3x"},"classes":[]},{"id":71388,"url":"https:\/\/noticiasribeiraopreto.com.br\/index.php\/2025\/06\/05\/rede-atacadista-oferece-150-vagas-de-emprego-em-ribeirao-preto-veja-como-se-candidatar\/","url_meta":{"origin":69978,"position":2},"title":"Rede atacadista oferece 150 vagas de emprego em Ribeir\u00e3o Preto; Veja como se candidatar","author":"noticiasribeiraopreto.com.br","date":"5 de June de 2025","format":false,"excerpt":"A rede atacadista Assa\u00ed anunciou que est\u00e1 com 150 vagas de emprego abertas nas quatro lojas de Ribeir\u00e3o Preto. Entre as principais oportunidades est\u00e3o vagas em cargos como operador de loja e de caixa. Tamb\u00e9m h\u00e1 vagas para pessoas com defici\u00eancia. Os interessados devem se inscrever pela internet (clique aqui)\u2026","rel":"","context":"In &quot;Not\u00edcias de Ribeir\u00e3o Preto-SP e Regi\u00e3o&quot;","block_context":{"text":"Not\u00edcias de Ribeir\u00e3o Preto-SP e Regi\u00e3o","link":"https:\/\/noticiasribeiraopreto.com.br\/index.php\/category\/noticias-de-ribeirao-preto-sp-e-regiao-ismael-colosi\/"},"img":{"alt_text":"","src":"https:\/\/i0.wp.com\/noticiasribeiraopreto.com.br\/wp-content\/uploads\/2025\/06\/WhatsApp-Image-2025-06-05-at-11.29.12_2025-06-05_14-29-48.webp.webp?fit=1200%2C900&ssl=1&resize=350%2C200","width":350,"height":200,"srcset":"https:\/\/i0.wp.com\/noticiasribeiraopreto.com.br\/wp-content\/uploads\/2025\/06\/WhatsApp-Image-2025-06-05-at-11.29.12_2025-06-05_14-29-48.webp.webp?fit=1200%2C900&ssl=1&resize=350%2C200 1x, https:\/\/i0.wp.com\/noticiasribeiraopreto.com.br\/wp-content\/uploads\/2025\/06\/WhatsApp-Image-2025-06-05-at-11.29.12_2025-06-05_14-29-48.webp.webp?fit=1200%2C900&ssl=1&resize=525%2C300 1.5x, https:\/\/i0.wp.com\/noticiasribeiraopreto.com.br\/wp-content\/uploads\/2025\/06\/WhatsApp-Image-2025-06-05-at-11.29.12_2025-06-05_14-29-48.webp.webp?fit=1200%2C900&ssl=1&resize=700%2C400 2x, https:\/\/i0.wp.com\/noticiasribeiraopreto.com.br\/wp-content\/uploads\/2025\/06\/WhatsApp-Image-2025-06-05-at-11.29.12_2025-06-05_14-29-48.webp.webp?fit=1200%2C900&ssl=1&resize=1050%2C600 3x"},"classes":[]},{"id":36780,"url":"https:\/\/noticiasribeiraopreto.com.br\/index.php\/2024\/02\/12\/morre-luiza-trajano-donato-fundadora-do-magazine-luiza-aos-97-anos\/","url_meta":{"origin":69978,"position":3},"title":"Morre Luiza Trajano Donato, fundadora do Magazine Luiza, aos 97 anos","author":"noticiasribeiraopreto.com.br","date":"12 de February de 2024","format":false,"excerpt":"A fundadora do Magazine Luiza, Luiza Trajano Donato, morreu aos 97 anos na madrugada desta segunda-feira (12), em Franca, na regi\u00e3o de Ribeir\u00e3o Preto. Luiza Donato fundou a empresa do ramo de varejo em 1957 \u2013 atualmente o Magazine Luiza \u00e9 comandado pela sobrinha, Luiza Helena Trajano. O vel\u00f3rio est\u00e1\u2026","rel":"","context":"In &quot;Not\u00edcias de Ribeir\u00e3o Preto-SP e Regi\u00e3o&quot;","block_context":{"text":"Not\u00edcias de Ribeir\u00e3o Preto-SP e Regi\u00e3o","link":"https:\/\/noticiasribeiraopreto.com.br\/index.php\/category\/noticias-de-ribeirao-preto-sp-e-regiao-ismael-colosi\/"},"img":{"alt_text":"","src":"https:\/\/i0.wp.com\/noticiasribeiraopreto.com.br\/wp-content\/uploads\/2024\/02\/luiza-trajano-donato.jpeg?fit=1200%2C730&ssl=1&resize=350%2C200","width":350,"height":200,"srcset":"https:\/\/i0.wp.com\/noticiasribeiraopreto.com.br\/wp-content\/uploads\/2024\/02\/luiza-trajano-donato.jpeg?fit=1200%2C730&ssl=1&resize=350%2C200 1x, https:\/\/i0.wp.com\/noticiasribeiraopreto.com.br\/wp-content\/uploads\/2024\/02\/luiza-trajano-donato.jpeg?fit=1200%2C730&ssl=1&resize=525%2C300 1.5x, https:\/\/i0.wp.com\/noticiasribeiraopreto.com.br\/wp-content\/uploads\/2024\/02\/luiza-trajano-donato.jpeg?fit=1200%2C730&ssl=1&resize=700%2C400 2x, https:\/\/i0.wp.com\/noticiasribeiraopreto.com.br\/wp-content\/uploads\/2024\/02\/luiza-trajano-donato.jpeg?fit=1200%2C730&ssl=1&resize=1050%2C600 3x"},"classes":[]},{"id":36794,"url":"https:\/\/noticiasribeiraopreto.com.br\/index.php\/2024\/02\/12\/saiba-quem-foi-luiza-trajano-donato-fundadora-do-magazine-luiza\/","url_meta":{"origin":69978,"position":4},"title":"Saiba quem foi Luiza Trajano Donato, fundadora do Magazine Luiza","author":"noticiasribeiraopreto.com.br","date":"12 de February de 2024","format":false,"excerpt":"A fundadora do Magazine Luiza, Luiza Trajano Donato, morreu aos 97 anos na madrugada desta segunda-feira (12), em Franca, regi\u00e3o de Ribeir\u00e3o Preto. Ela era tia da atual presidente do Magazine Luiza, Luiza Helena Trajano. Luiza Trajano Donato era conhecida como Tia Luiza, nasceu em uma fam\u00edlia de comerciantes. Aos\u2026","rel":"","context":"In &quot;Not\u00edcias de Ribeir\u00e3o Preto-SP e Regi\u00e3o&quot;","block_context":{"text":"Not\u00edcias de Ribeir\u00e3o Preto-SP e Regi\u00e3o","link":"https:\/\/noticiasribeiraopreto.com.br\/index.php\/category\/noticias-de-ribeirao-preto-sp-e-regiao-ismael-colosi\/"},"img":{"alt_text":"","src":"https:\/\/i0.wp.com\/noticiasribeiraopreto.com.br\/wp-content\/uploads\/2024\/02\/luiza-trajano-donato.jpg?fit=1063%2C862&ssl=1&resize=350%2C200","width":350,"height":200,"srcset":"https:\/\/i0.wp.com\/noticiasribeiraopreto.com.br\/wp-content\/uploads\/2024\/02\/luiza-trajano-donato.jpg?fit=1063%2C862&ssl=1&resize=350%2C200 1x, https:\/\/i0.wp.com\/noticiasribeiraopreto.com.br\/wp-content\/uploads\/2024\/02\/luiza-trajano-donato.jpg?fit=1063%2C862&ssl=1&resize=525%2C300 1.5x, https:\/\/i0.wp.com\/noticiasribeiraopreto.com.br\/wp-content\/uploads\/2024\/02\/luiza-trajano-donato.jpg?fit=1063%2C862&ssl=1&resize=700%2C400 2x, https:\/\/i0.wp.com\/noticiasribeiraopreto.com.br\/wp-content\/uploads\/2024\/02\/luiza-trajano-donato.jpg?fit=1063%2C862&ssl=1&resize=1050%2C600 3x"},"classes":[]},{"id":24657,"url":"https:\/\/noticiasribeiraopreto.com.br\/index.php\/2024\/01\/04\/rodolfo-amstalden-minha-estante-de-leitor-em-2023\/","url_meta":{"origin":69978,"position":5},"title":"Rodolfo Amstalden: Minha estante de leitor em 2023","author":"noticiasribeiraopreto.com.br","date":"4 de January de 2024","format":false,"excerpt":"Em geral, sou mais de mirar para frente do que olhar para tr\u00e1s. Mas, \u00e0 medida que envelhe\u00e7o, tenho usado as viradas de ano para tentar acessar as coisas que foram constru\u00eddas sobre solo firme no ano que passou. Em 2023, por exemplo, inaugurei uma pr\u00e1tica de leitura. Separei um\u2026","rel":"","context":"In &quot;Dinheiro e Investimento&quot;","block_context":{"text":"Dinheiro e Investimento","link":"https:\/\/noticiasribeiraopreto.com.br\/index.php\/category\/dinheiro-e-investimento-como-fazer-como-ganhar\/"},"img":{"alt_text":"","src":"https:\/\/i0.wp.com\/noticiasribeiraopreto.com.br\/wp-content\/uploads\/2024\/01\/shutterstock_509582812-1.jpg?fit=500%2C334&ssl=1&resize=350%2C200","width":350,"height":200},"classes":[]}],"jetpack_sharing_enabled":true,"jetpack_shortlink":"https:\/\/wp.me\/peQAOb-icG","_links":{"self":[{"href":"https:\/\/noticiasribeiraopreto.com.br\/index.php\/wp-json\/wp\/v2\/posts\/69978","targetHints":{"allow":["GET"]}}],"collection":[{"href":"https:\/\/noticiasribeiraopreto.com.br\/index.php\/wp-json\/wp\/v2\/posts"}],"about":[{"href":"https:\/\/noticiasribeiraopreto.com.br\/index.php\/wp-json\/wp\/v2\/types\/post"}],"author":[{"embeddable":true,"href":"https:\/\/noticiasribeiraopreto.com.br\/index.php\/wp-json\/wp\/v2\/users\/1"}],"replies":[{"embeddable":true,"href":"https:\/\/noticiasribeiraopreto.com.br\/index.php\/wp-json\/wp\/v2\/comments?post=69978"}],"version-history":[{"count":0,"href":"https:\/\/noticiasribeiraopreto.com.br\/index.php\/wp-json\/wp\/v2\/posts\/69978\/revisions"}],"wp:featuredmedia":[{"embeddable":true,"href":"https:\/\/noticiasribeiraopreto.com.br\/index.php\/wp-json\/wp\/v2\/media\/69979"}],"wp:attachment":[{"href":"https:\/\/noticiasribeiraopreto.com.br\/index.php\/wp-json\/wp\/v2\/media?parent=69978"}],"wp:term":[{"taxonomy":"category","embeddable":true,"href":"https:\/\/noticiasribeiraopreto.com.br\/index.php\/wp-json\/wp\/v2\/categories?post=69978"},{"taxonomy":"post_tag","embeddable":true,"href":"https:\/\/noticiasribeiraopreto.com.br\/index.php\/wp-json\/wp\/v2\/tags?post=69978"}],"curies":[{"name":"wp","href":"https:\/\/api.w.org\/{rel}","templated":true}]}}