{"id":69986,"date":"2025-05-21T17:45:12","date_gmt":"2025-05-21T20:45:12","guid":{"rendered":"https:\/\/noticiasribeiraopreto.com.br\/index.php\/2025\/05\/21\/veja-o-que-dizem-politicos-de-ribeirao-preto-sobre-pec-do-fim-da-reeleicao\/"},"modified":"2025-05-21T17:45:12","modified_gmt":"2025-05-21T20:45:12","slug":"veja-o-que-dizem-politicos-de-ribeirao-preto-sobre-pec-do-fim-da-reeleicao","status":"publish","type":"post","link":"https:\/\/noticiasribeiraopreto.com.br\/index.php\/2025\/05\/21\/veja-o-que-dizem-politicos-de-ribeirao-preto-sobre-pec-do-fim-da-reeleicao\/","title":{"rendered":"Veja o que dizem pol\u00edticos de Ribeir\u00e3o Preto sobre PEC do fim da reelei\u00e7\u00e3o"},"content":{"rendered":"<p> <br \/>\n<\/p>\n<div>\n<p>A <strong>CCJ (Comiss\u00e3o de Constitui\u00e7\u00e3o e Justi\u00e7a)<\/strong> do Senado aprovou a <strong>PEC (Proposta de Emenda \u00e0 Constitui\u00e7\u00e3o)<\/strong> que <strong>acaba com a reelei\u00e7\u00e3o<\/strong>, na manh\u00e3 desta quarta-feira (21). A medida \u00e9 v\u00e1lida para <strong>prefeitos<\/strong>, <strong>governadores <\/strong>e <strong>presidente da Rep\u00fablica<\/strong>.<\/p>\n<p>Para o prefeito de <strong>Ribeir\u00e3o Preto<\/strong>, <strong>Ricardo Silva (PSD)<\/strong>, a proposta \u2013 <mark style=\"background-color:#fcb900\" class=\"has-inline-color\">que segue para uma comiss\u00e3o especial antes de partir para vota\u00e7\u00e3o em plen\u00e1rio<\/mark> \u2013 n\u00e3o \u00e9 novidade na agenda pol\u00edtica nacional, contudo, ganha uma nova dimens\u00e3o com a aprova\u00e7\u00e3o.<\/p>\n<figure class=\"wp-block-pullquote\">\n<blockquote>\n<p>Mais do que uma simples altera\u00e7\u00e3o de prazos, a PEC coloca em pauta quest\u00f5es estruturais que abrangem desde a representatividade dos cidad\u00e3os at\u00e9 o planejamento de longo prazo das pol\u00edticas p\u00fablicas. \u00c9 essencial harmonizar a tradi\u00e7\u00e3o democr\u00e1tica com inova\u00e7\u00f5es institucionais, garantindo que qualquer mudan\u00e7a resulte de amplo di\u00e1logo<\/p>\n<p><cite>Ricardo Silva (PSD)<\/cite><\/p><\/blockquote>\n<\/figure>\n<p>J\u00e1 o <strong>ex-prefeito de Ribeir\u00e3o Preto<\/strong>, <strong>Duarte Nogueira<\/strong>, acredita que a aprova\u00e7\u00e3o da <strong>PEC <\/strong>\u201c\u00e9 um avan\u00e7o e deve ser recebida com bons olhos, caso siga adiante no Congresso\u201d. Apesar disso, <strong>Nogueira <\/strong>diz que essa medida, por si s\u00f3, n\u00e3o garante o aprimoramento da representatividade pol\u00edtica no pa\u00eds.<\/p>\n<p>\u201cUm passo ainda mais significativo seria a ado\u00e7\u00e3o do voto distrital para a elei\u00e7\u00e3o de deputados. Esse modelo aproxima o eleitor de seu representante, fortalece o v\u00ednculo democr\u00e1tico e qualifica o Parlamento ao estimular uma atua\u00e7\u00e3o mais comprometida com as demandas locais. A verdadeira reforma pol\u00edtica deve ir al\u00e9m de ajustes pontuais\u201d, disse <strong>Duarte Nogueira<\/strong>.<\/p>\n<p>O presidente da <strong>C\u00e2mara de Ribeir\u00e3o Preto<\/strong>, <strong>Isaac Antunes (PL)<\/strong>, por sua vez, manifestou seu total apoio a <strong>PEC<\/strong>.<\/p>\n<p>\u201cA medida representa um avan\u00e7o necess\u00e1rio para o fortalecimento da democracia, coibindo o uso da m\u00e1quina p\u00fablica em benef\u00edcio de projetos de poder pessoal e favorecendo a altern\u00e2ncia de lideran\u00e7as, a imparcialidade administrativa e o compromisso real com a boa governan\u00e7a\u201d.<\/p>\n<h2 class=\"wp-block-heading\"><strong>Aumento do tempo de mandato<\/strong><\/h2>\n<p>Al\u00e9m de acabar com a reelei\u00e7\u00e3o, o texto do <strong>senador Jorge Kajuru (Pode)<\/strong> tamb\u00e9m <strong><mark style=\"background-color:#fcb900\" class=\"has-inline-color\">prop\u00f5e o aumento do tempo de mandato para cinco anos<\/mark><\/strong> \u2013 v\u00e1lido para todos os cargos, incluindo vereadores, deputados e senadores a partir de 2034.<\/p>\n<p>Embora concorde com o fim da reelei\u00e7\u00e3o, o deputado estadual <strong>L\u00e9o Oliveira (MDB)<\/strong>, \u00e9 contra o aumento do tempo de mandato. \u201cSou contra o aumento do tempo de mandato. Penso que assim preserva o equil\u00edbrio democr\u00e1tico\u201d.<\/p>\n<p>O <strong>deputado estadual Rafael Silva (PSD) <\/strong>e o <strong>deputado federal Baleia Rossi (MDB)<\/strong> n\u00e3o se manifestaram neste momento. O espa\u00e7o segue aberto.<\/p>\n<h2 class=\"wp-block-heading\"><strong>Elei\u00e7\u00f5es unificadas<\/strong><\/h2>\n<p>A <strong>PEC <\/strong>que pretende acabar com a reelei\u00e7\u00e3o tamb\u00e9m <strong>unifica a data das elei\u00e7\u00f5es municipais<\/strong> <strong>e gerais<\/strong> a partir de 2034. <mark style=\"background-color:#fcb900\" class=\"has-inline-color\">Desta forma, em uma \u00fanica data os eleitores v\u00e3o escolher prefeitos, vereadores, deputados, senadores, governadores e presidente<\/mark>.<\/p>\n<p>De acordo com <strong>Kajuru<\/strong>, a medida deve gerar economia de recursos p\u00fablicos e mais previsibilidade. A inten\u00e7\u00e3o \u00e9 garantir que candidatos a cargos do Poder Executivo tenham \u201cuma maior oportunidade de competir em condi\u00e7\u00f5es mais igualit\u00e1rias, sem a vantagem dos atuais ocupantes do cargo\u201d \u2013 clique aqui para saber mais.<\/p>\n<hr class=\"wp-block-separator has-alpha-channel-opacity\"\/>\n<p>SAIBA MAIS<\/p>\n<p>Saiba como regularizar o t\u00edtulo eleitoral cancelado <mark style=\"background-color:#ffffff\" class=\"has-inline-color has-white-color\">contudo,<\/mark><\/p>\n<h2 class=\"wp-block-heading\"><strong>FIQUE ON<\/strong><\/h2>\n<p>Fique ligado em tudo que acontece em Ribeir\u00e3o Preto e regi\u00e3o. Siga os perfis do\u00a0<strong>acidade on<\/strong>\u00a0no\u00a0<a href=\"https:\/\/www.instagram.com\/acidadeonribeirao\">Instagram\u00a0<\/a>e no\u00a0<a href=\"https:\/\/www.facebook.com\/acidadeonribeirao\/\">Facebook.<\/a><\/p>\n<p>Receba not\u00edcias do\u00a0<strong>acidade on<\/strong>\u00a0no WhatsApp.\u00a0<a href=\"https:\/\/chat.whatsapp.com\/BjKQZ9oJwlz8VVT50NuePq\">Para entrar no grupo, basta clicar aqui.<\/a><\/p>\n<p>Fa\u00e7a uma den\u00fancia ou sugira uma reportagem sobre Ribeir\u00e3o Preto e regi\u00e3o pelo WhatsApp: 16 99117 7802. (Com Ag\u00eancia Brasil)<\/p>\n<p>VEJA TAMB\u00c9M<\/p>\n<p>Quem \u00e9 o pai da Bia em \u2018A Viagem\u2019? <mark style=\"background-color:#ffffff\" class=\"has-inline-color has-white-color\">contudo,<\/mark><\/p>\n<p><!-- CONTENT END 1 -->\n<\/div>\n<p><script async src=\"\/\/www.instagram.com\/embed.js\"><\/script><br \/>\n<br \/><br \/>\n<br \/><a href=\"https:\/\/www.acidadeon.com\/ribeiraopreto\/politica\/veja-o-que-dizem-politicos-de-ribeirao-preto-sobre-pec-do-fim-da-reeleicao\/\">Source link <\/a><\/p>\n","protected":false},"excerpt":{"rendered":"<p>A CCJ (Comiss\u00e3o de Constitui\u00e7\u00e3o e Justi\u00e7a) do Senado aprovou a PEC (Proposta de Emenda \u00e0 Constitui\u00e7\u00e3o) que acaba com a reelei\u00e7\u00e3o, na manh\u00e3 desta&#8230;<\/p>\n","protected":false},"author":1,"featured_media":69987,"comment_status":"open","ping_status":"open","sticky":false,"template":"","format":"standard","meta":{"advanced_seo_description":"","jetpack_seo_html_title":"","jetpack_seo_noindex":false,"jetpack_post_was_ever_published":false,"_jetpack_newsletter_access":"","_jetpack_dont_email_post_to_subs":false,"_jetpack_newsletter_tier_id":0,"_jetpack_memberships_contains_paywalled_content":false,"_jetpack_memberships_contains_paid_content":false,"footnotes":"","jetpack_publicize_message":"","jetpack_publicize_feature_enabled":true,"jetpack_social_post_already_shared":true,"jetpack_social_options":{"image_generator_settings":{"template":"highway","default_image_id":0,"font":"","enabled":false},"version":2}},"categories":[11],"tags":[],"class_list":["post-69986","post","type-post","status-publish","format-standard","has-post-thumbnail","hentry","category-noticias-de-ribeirao-preto-sp-e-regiao-ismael-colosi"],"jetpack_publicize_connections":[],"jetpack_featured_media_url":"https:\/\/i0.wp.com\/noticiasribeiraopreto.com.br\/wp-content\/uploads\/2025\/05\/Copia-de-Copia-de-Copia-de-TAMANHO-EXATO-PARA-FOTOS-NO-SISTEMA-NOVO-2025-05-21T173157.098_2025-05-21_20-32-19.webp.webp?fit=1200%2C675&ssl=1","jetpack-related-posts":[{"id":69959,"url":"https:\/\/noticiasribeiraopreto.com.br\/index.php\/2025\/05\/21\/fim-da-reeleicao-para-prefeitos-governadores-e-presidente-e-aprovado-em-ccj-do-senado\/","url_meta":{"origin":69986,"position":0},"title":"Fim da reelei\u00e7\u00e3o para prefeitos, governadores e presidente \u00e9 aprovado em CCJ do Senado","author":"noticiasribeiraopreto.com.br","date":"21 de May de 2025","format":false,"excerpt":"A CCJ (Comiss\u00e3o de Constitui\u00e7\u00e3o e Justi\u00e7a) do Senado aprovou na manh\u00e3 desta quarta-feira (21) a PEC (Proposta de Emenda \u00e0 Constitui\u00e7\u00e3o) que acaba com a reelei\u00e7\u00e3o. A medida \u00e9 v\u00e1lida para prefeitos, governadores e presidente da Rep\u00fablica. O texto do senador Jorge Kajuru (Pode) prop\u00f5e o aumento do tempo\u2026","rel":"","context":"In &quot;Not\u00edcias de Ribeir\u00e3o Preto-SP e Regi\u00e3o&quot;","block_context":{"text":"Not\u00edcias de Ribeir\u00e3o Preto-SP e Regi\u00e3o","link":"https:\/\/noticiasribeiraopreto.com.br\/index.php\/category\/noticias-de-ribeirao-preto-sp-e-regiao-ismael-colosi\/"},"img":{"alt_text":"","src":"https:\/\/i0.wp.com\/noticiasribeiraopreto.com.br\/wp-content\/uploads\/2025\/05\/ccj-senado_2025-05-21_14-53-04.webp.webp?fit=1200%2C800&ssl=1&resize=350%2C200","width":350,"height":200,"srcset":"https:\/\/i0.wp.com\/noticiasribeiraopreto.com.br\/wp-content\/uploads\/2025\/05\/ccj-senado_2025-05-21_14-53-04.webp.webp?fit=1200%2C800&ssl=1&resize=350%2C200 1x, https:\/\/i0.wp.com\/noticiasribeiraopreto.com.br\/wp-content\/uploads\/2025\/05\/ccj-senado_2025-05-21_14-53-04.webp.webp?fit=1200%2C800&ssl=1&resize=525%2C300 1.5x, https:\/\/i0.wp.com\/noticiasribeiraopreto.com.br\/wp-content\/uploads\/2025\/05\/ccj-senado_2025-05-21_14-53-04.webp.webp?fit=1200%2C800&ssl=1&resize=700%2C400 2x, https:\/\/i0.wp.com\/noticiasribeiraopreto.com.br\/wp-content\/uploads\/2025\/05\/ccj-senado_2025-05-21_14-53-04.webp.webp?fit=1200%2C800&ssl=1&resize=1050%2C600 3x"},"classes":[]},{"id":70032,"url":"https:\/\/noticiasribeiraopreto.com.br\/index.php\/2025\/05\/22\/ccj-aprova-fim-da-reeleicao-no-brasil\/","url_meta":{"origin":69986,"position":1},"title":"CCJ aprova fim da reelei\u00e7\u00e3o no Brasil \u00a0","author":"noticiasribeiraopreto.com.br","date":"22 de May de 2025","format":false,"excerpt":"22 de maio de 2025 08:3021 de maio de 2025 21:0310 Compartilhar0 A Proposta de Emenda \u00e0 Constitui\u00e7\u00e3o (PEC) que acaba com a reelei\u00e7\u00e3o no Brasil para presidente, governadores e prefeitos foi aprovada, nesta quarta-feira, 21 de maio, na Comiss\u00e3o de Constitui\u00e7\u00e3o e Justi\u00e7a (CCJ) do Senado. A PEC n\u00famero\u2026","rel":"","context":"In &quot;Not\u00edcias de Ribeir\u00e3o Preto-SP e Regi\u00e3o&quot;","block_context":{"text":"Not\u00edcias de Ribeir\u00e3o Preto-SP e Regi\u00e3o","link":"https:\/\/noticiasribeiraopreto.com.br\/index.php\/category\/noticias-de-ribeirao-preto-sp-e-regiao-ismael-colosi\/"},"img":{"alt_text":"","src":"https:\/\/i0.wp.com\/noticiasribeiraopreto.com.br\/wp-content\/uploads\/2025\/05\/Reeleicao-Lula-Marques-Ag.Br_.jpg?fit=1170%2C700&ssl=1&resize=350%2C200","width":350,"height":200,"srcset":"https:\/\/i0.wp.com\/noticiasribeiraopreto.com.br\/wp-content\/uploads\/2025\/05\/Reeleicao-Lula-Marques-Ag.Br_.jpg?fit=1170%2C700&ssl=1&resize=350%2C200 1x, https:\/\/i0.wp.com\/noticiasribeiraopreto.com.br\/wp-content\/uploads\/2025\/05\/Reeleicao-Lula-Marques-Ag.Br_.jpg?fit=1170%2C700&ssl=1&resize=525%2C300 1.5x, https:\/\/i0.wp.com\/noticiasribeiraopreto.com.br\/wp-content\/uploads\/2025\/05\/Reeleicao-Lula-Marques-Ag.Br_.jpg?fit=1170%2C700&ssl=1&resize=700%2C400 2x, https:\/\/i0.wp.com\/noticiasribeiraopreto.com.br\/wp-content\/uploads\/2025\/05\/Reeleicao-Lula-Marques-Ag.Br_.jpg?fit=1170%2C700&ssl=1&resize=1050%2C600 3x"},"classes":[]},{"id":40080,"url":"https:\/\/noticiasribeiraopreto.com.br\/index.php\/2024\/02\/29\/relator-da-reforma-do-codigo-eleitoral-vai-propor-o-fim-da-reeleicao\/","url_meta":{"origin":69986,"position":2},"title":"Relator da reforma do C\u00f3digo Eleitoral vai propor o fim da reelei\u00e7\u00e3o","author":"noticiasribeiraopreto.com.br","date":"29 de February de 2024","format":false,"excerpt":"O relator no Senado da proposta que altera o C\u00f3digo Eleitoral, senador Marcelo Castro (MDB-PI), anunciou nesta quinta-feira (29) que vai apresentar tr\u00eas propostas de Emenda \u00e0 Constitui\u00e7\u00e3o (PEC) para acabar com a reelei\u00e7\u00e3o de prefeitos, governadores e presidente da Rep\u00fablica. De acordo com Castro, todas as propostas estabelecer\u00e3o um\u2026","rel":"","context":"In &quot;Not\u00edcias de Ribeir\u00e3o Preto-SP e Regi\u00e3o&quot;","block_context":{"text":"Not\u00edcias de Ribeir\u00e3o Preto-SP e Regi\u00e3o","link":"https:\/\/noticiasribeiraopreto.com.br\/index.php\/category\/noticias-de-ribeirao-preto-sp-e-regiao-ismael-colosi\/"},"img":{"alt_text":"","src":"https:\/\/i0.wp.com\/noticiasribeiraopreto.com.br\/wp-content\/uploads\/2024\/02\/2afc9464-4422-4d4a-9846-bb9796a5965a-scaled.jpg?fit=1000%2C598&ssl=1&resize=350%2C200","width":350,"height":200,"srcset":"https:\/\/i0.wp.com\/noticiasribeiraopreto.com.br\/wp-content\/uploads\/2024\/02\/2afc9464-4422-4d4a-9846-bb9796a5965a-scaled.jpg?fit=1000%2C598&ssl=1&resize=350%2C200 1x, https:\/\/i0.wp.com\/noticiasribeiraopreto.com.br\/wp-content\/uploads\/2024\/02\/2afc9464-4422-4d4a-9846-bb9796a5965a-scaled.jpg?fit=1000%2C598&ssl=1&resize=525%2C300 1.5x, https:\/\/i0.wp.com\/noticiasribeiraopreto.com.br\/wp-content\/uploads\/2024\/02\/2afc9464-4422-4d4a-9846-bb9796a5965a-scaled.jpg?fit=1000%2C598&ssl=1&resize=700%2C400 2x"},"classes":[]},{"id":84785,"url":"https:\/\/noticiasribeiraopreto.com.br\/index.php\/2026\/04\/15\/entenda-por-que-a-votacao-da-escala-6x1-foi-adiada\/","url_meta":{"origin":69986,"position":3},"title":"Entenda por que a vota\u00e7\u00e3o da escala 6&#215;1 foi adiada","author":"noticiasribeiraopreto.com.br","date":"15 de April de 2026","format":false,"excerpt":"Ler o resumo da not\u00edcia A CCJ da C\u00e2mara dos Deputados adiou a vota\u00e7\u00e3o de propostas sobre a redu\u00e7\u00e3o da jornada de trabalho (escala 6x1) nesta quarta-feira (15). O deputdado Paulo Azi (Uni\u00e3o-BA) apresentou parecer favor\u00e1vel \u00e0s PECs que preveem mudan\u00e7as na carga hor\u00e1ria semanal. Deputados da oposi\u00e7\u00e3o, como Lucas\u2026","rel":"","context":"In &quot;Not\u00edcias de Ribeir\u00e3o Preto-SP e Regi\u00e3o&quot;","block_context":{"text":"Not\u00edcias de Ribeir\u00e3o Preto-SP e Regi\u00e3o","link":"https:\/\/noticiasribeiraopreto.com.br\/index.php\/category\/noticias-de-ribeirao-preto-sp-e-regiao-ismael-colosi\/"},"img":{"alt_text":"","src":"https:\/\/i0.wp.com\/noticiasribeiraopreto.com.br\/wp-content\/uploads\/2026\/03\/pec-fim-escala-6-x-1_2026-02-09_18-34-28.webp.webp?fit=1200%2C717&ssl=1&resize=350%2C200","width":350,"height":200,"srcset":"https:\/\/i0.wp.com\/noticiasribeiraopreto.com.br\/wp-content\/uploads\/2026\/03\/pec-fim-escala-6-x-1_2026-02-09_18-34-28.webp.webp?fit=1200%2C717&ssl=1&resize=350%2C200 1x, https:\/\/i0.wp.com\/noticiasribeiraopreto.com.br\/wp-content\/uploads\/2026\/03\/pec-fim-escala-6-x-1_2026-02-09_18-34-28.webp.webp?fit=1200%2C717&ssl=1&resize=525%2C300 1.5x, https:\/\/i0.wp.com\/noticiasribeiraopreto.com.br\/wp-content\/uploads\/2026\/03\/pec-fim-escala-6-x-1_2026-02-09_18-34-28.webp.webp?fit=1200%2C717&ssl=1&resize=700%2C400 2x, https:\/\/i0.wp.com\/noticiasribeiraopreto.com.br\/wp-content\/uploads\/2026\/03\/pec-fim-escala-6-x-1_2026-02-09_18-34-28.webp.webp?fit=1200%2C717&ssl=1&resize=1050%2C600 3x"},"classes":[]},{"id":66719,"url":"https:\/\/noticiasribeiraopreto.com.br\/index.php\/2025\/04\/04\/baleia-sera-relator-de-pec-das-renegociacoes-das-dividas-previdenciarias-dos-municipios\/","url_meta":{"origin":69986,"position":4},"title":"Baleia ser\u00e1 relator de PEC das renegocia\u00e7\u00f5es das d\u00edvidas previdenci\u00e1rias dos munic\u00edpios","author":"noticiasribeiraopreto.com.br","date":"4 de April de 2025","format":false,"excerpt":"O presidente da C\u00e2mara dos Deputados, Hugo Motta (REP), anunciou nesta sexta-feira (4) que o deputado federal Baleia Rossi (MDB) ser\u00e1 o relator da PEC (Proposta de Emenda \u00e0 Constitui\u00e7\u00e3o) 66, que institui o limites para o pagamento de precat\u00f3rios pelos munic\u00edpios. A proposta, de autoria do senador Jader Barbalho\u2026","rel":"","context":"In &quot;Not\u00edcias de Ribeir\u00e3o Preto-SP e Regi\u00e3o&quot;","block_context":{"text":"Not\u00edcias de Ribeir\u00e3o Preto-SP e Regi\u00e3o","link":"https:\/\/noticiasribeiraopreto.com.br\/index.php\/category\/noticias-de-ribeirao-preto-sp-e-regiao-ismael-colosi\/"},"img":{"alt_text":"","src":"https:\/\/i0.wp.com\/noticiasribeiraopreto.com.br\/wp-content\/uploads\/2025\/04\/BALEIA-ROSSI_2025-04-04_18-50-21_jpg_2025-04-04_18-50-22.webp.webp?fit=1000%2C616&ssl=1&resize=350%2C200","width":350,"height":200,"srcset":"https:\/\/i0.wp.com\/noticiasribeiraopreto.com.br\/wp-content\/uploads\/2025\/04\/BALEIA-ROSSI_2025-04-04_18-50-21_jpg_2025-04-04_18-50-22.webp.webp?fit=1000%2C616&ssl=1&resize=350%2C200 1x, https:\/\/i0.wp.com\/noticiasribeiraopreto.com.br\/wp-content\/uploads\/2025\/04\/BALEIA-ROSSI_2025-04-04_18-50-21_jpg_2025-04-04_18-50-22.webp.webp?fit=1000%2C616&ssl=1&resize=525%2C300 1.5x, https:\/\/i0.wp.com\/noticiasribeiraopreto.com.br\/wp-content\/uploads\/2025\/04\/BALEIA-ROSSI_2025-04-04_18-50-21_jpg_2025-04-04_18-50-22.webp.webp?fit=1000%2C616&ssl=1&resize=700%2C400 2x"},"classes":[]},{"id":67019,"url":"https:\/\/noticiasribeiraopreto.com.br\/index.php\/2025\/04\/08\/mudancas-nas-guardas-municipais-e-na-prf-entenda-o-que-e-a-pec-da-seguranca-publica\/","url_meta":{"origin":69986,"position":5},"title":"Mudan\u00e7as nas Guardas Municipais e na PRF: Entenda o que \u00e9 a PEC da Seguran\u00e7a P\u00fablica","author":"noticiasribeiraopreto.com.br","date":"8 de April de 2025","format":false,"excerpt":"O Governo Federal entregou, nesta ter\u00e7a-feira (8), ao Congresso Nacional a PEC (Proposta de Emenda \u00e0 Constitui\u00e7\u00e3o) da Seguran\u00e7a P\u00fablica. A PEC prop\u00f5e mudan\u00e7as na Pol\u00edcia Rodovi\u00e1ria Federal e, tamb\u00e9m, nas Guardas Municipais. A PEC ainda prop\u00f5e conferir status constitucional ao SUSP (Sistema \u00danico de Seguran\u00e7a P\u00fablica), institu\u00edda por lei\u2026","rel":"","context":"In &quot;Not\u00edcias de Ribeir\u00e3o Preto-SP e Regi\u00e3o&quot;","block_context":{"text":"Not\u00edcias de Ribeir\u00e3o Preto-SP e Regi\u00e3o","link":"https:\/\/noticiasribeiraopreto.com.br\/index.php\/category\/noticias-de-ribeirao-preto-sp-e-regiao-ismael-colosi\/"},"img":{"alt_text":"","src":"https:\/\/i0.wp.com\/noticiasribeiraopreto.com.br\/wp-content\/uploads\/2025\/02\/guarda-civil-metropolitana-ribeirao-preto_2025-02-27_21-43-15_jpg_2025-02-27_21-43-15.webp.webp?fit=1200%2C800&ssl=1&resize=350%2C200","width":350,"height":200,"srcset":"https:\/\/i0.wp.com\/noticiasribeiraopreto.com.br\/wp-content\/uploads\/2025\/02\/guarda-civil-metropolitana-ribeirao-preto_2025-02-27_21-43-15_jpg_2025-02-27_21-43-15.webp.webp?fit=1200%2C800&ssl=1&resize=350%2C200 1x, https:\/\/i0.wp.com\/noticiasribeiraopreto.com.br\/wp-content\/uploads\/2025\/02\/guarda-civil-metropolitana-ribeirao-preto_2025-02-27_21-43-15_jpg_2025-02-27_21-43-15.webp.webp?fit=1200%2C800&ssl=1&resize=525%2C300 1.5x, https:\/\/i0.wp.com\/noticiasribeiraopreto.com.br\/wp-content\/uploads\/2025\/02\/guarda-civil-metropolitana-ribeirao-preto_2025-02-27_21-43-15_jpg_2025-02-27_21-43-15.webp.webp?fit=1200%2C800&ssl=1&resize=700%2C400 2x, https:\/\/i0.wp.com\/noticiasribeiraopreto.com.br\/wp-content\/uploads\/2025\/02\/guarda-civil-metropolitana-ribeirao-preto_2025-02-27_21-43-15_jpg_2025-02-27_21-43-15.webp.webp?fit=1200%2C800&ssl=1&resize=1050%2C600 3x"},"classes":[]}],"jetpack_sharing_enabled":true,"jetpack_shortlink":"https:\/\/wp.me\/peQAOb-icO","_links":{"self":[{"href":"https:\/\/noticiasribeiraopreto.com.br\/index.php\/wp-json\/wp\/v2\/posts\/69986","targetHints":{"allow":["GET"]}}],"collection":[{"href":"https:\/\/noticiasribeiraopreto.com.br\/index.php\/wp-json\/wp\/v2\/posts"}],"about":[{"href":"https:\/\/noticiasribeiraopreto.com.br\/index.php\/wp-json\/wp\/v2\/types\/post"}],"author":[{"embeddable":true,"href":"https:\/\/noticiasribeiraopreto.com.br\/index.php\/wp-json\/wp\/v2\/users\/1"}],"replies":[{"embeddable":true,"href":"https:\/\/noticiasribeiraopreto.com.br\/index.php\/wp-json\/wp\/v2\/comments?post=69986"}],"version-history":[{"count":0,"href":"https:\/\/noticiasribeiraopreto.com.br\/index.php\/wp-json\/wp\/v2\/posts\/69986\/revisions"}],"wp:featuredmedia":[{"embeddable":true,"href":"https:\/\/noticiasribeiraopreto.com.br\/index.php\/wp-json\/wp\/v2\/media\/69987"}],"wp:attachment":[{"href":"https:\/\/noticiasribeiraopreto.com.br\/index.php\/wp-json\/wp\/v2\/media?parent=69986"}],"wp:term":[{"taxonomy":"category","embeddable":true,"href":"https:\/\/noticiasribeiraopreto.com.br\/index.php\/wp-json\/wp\/v2\/categories?post=69986"},{"taxonomy":"post_tag","embeddable":true,"href":"https:\/\/noticiasribeiraopreto.com.br\/index.php\/wp-json\/wp\/v2\/tags?post=69986"}],"curies":[{"name":"wp","href":"https:\/\/api.w.org\/{rel}","templated":true}]}}