{"id":69988,"date":"2025-05-21T17:54:30","date_gmt":"2025-05-21T20:54:30","guid":{"rendered":"https:\/\/noticiasribeiraopreto.com.br\/index.php\/2025\/05\/21\/comercial-apresenta-jogadores-para-copa-paulista-tem-venezuelano-e-ex-botafogo\/"},"modified":"2025-05-21T17:54:30","modified_gmt":"2025-05-21T20:54:30","slug":"comercial-apresenta-jogadores-para-copa-paulista-tem-venezuelano-e-ex-botafogo","status":"publish","type":"post","link":"https:\/\/noticiasribeiraopreto.com.br\/index.php\/2025\/05\/21\/comercial-apresenta-jogadores-para-copa-paulista-tem-venezuelano-e-ex-botafogo\/","title":{"rendered":"Comercial apresenta jogadores para Copa Paulista; tem venezuelano e ex-Botafogo"},"content":{"rendered":"<p> <br \/>\n<\/p>\n<div data-td-block-uid=\"tdi_95\">\n<div class=\"tdb-block-inner td-fix-index\">\n<p>O <strong>Comercial<\/strong> apresentou nesta quarta-feira (21), no<strong> est\u00e1dio Palma Travassos<\/strong>, em <strong>Ribeir\u00e3o Preto<\/strong>, 11 jogadores que far\u00e3o parte do elenco na disputa da <strong>Copa Paulista 2025<\/strong>. Entre os atletas, est\u00e3o um goleiro venezuelano e jogadores com passagem pelo futebol de <strong>Malta<\/strong>.<\/p>\n<p>Entre os atletas apresentados pelo Le\u00e3o do Norte, est\u00e3o cinco meio-campinas, dois laterais, dois goleiros, um atacante e um zagueiro. Al\u00e9m deles, o t\u00e9cnico <strong>Roberval Davino<\/strong> conta com 12 jogadores promovidos das categorias de base, al\u00e9m do goleiro Jeferson Reis e o zagueiro Christopher.<\/p>\n<h2 class=\"wp-block-heading\"><strong>Veja os novos atletas<\/strong><\/h2>\n<h3 class=\"wp-block-heading\"><strong>Goleiros<\/strong><\/h3>\n<ul class=\"wp-block-list\">\n<li>Orue\u00e9 Chac\u00edn, 22 anos \u2013 chega do Monagas, da Venezuela<\/li>\n<\/ul>\n<ul class=\"wp-block-list\">\n<li>Jo\u00e3o Lucas, 31 anos \u2013 chega do Crac-GO (revelado no Botafogo)<\/li>\n<\/ul>\n<h3 class=\"wp-block-heading\"><strong>Laterais<\/strong><\/h3>\n<ul class=\"wp-block-list\">\n<li>Wellinton Petuba, 24 anos \u2013 chega do Maguary-CE<\/li>\n<\/ul>\n<ul class=\"wp-block-list\">\n<li>Alex Silv\u00e9rio, 26 anos \u2013 chega do Monte Roraima-RR<\/li>\n<\/ul>\n<h3 class=\"wp-block-heading\"><strong>Zagueiro<\/strong><\/h3>\n<ul class=\"wp-block-list\">\n<li>Leandro Sergipe, 26 anos \u2013 chega do Taquaritinga-SP<\/li>\n<\/ul>\n<h3 class=\"wp-block-heading\"><strong>Meio-campistas<\/strong><\/h3>\n<ul class=\"wp-block-list\">\n<li>Felipe Mian, 19 anos \u2013 chega do Fortaleza-CE (revelado no Comercial)<\/li>\n<\/ul>\n<ul class=\"wp-block-list\">\n<li>L\u00e9o Coca, 29 anos \u2013 chega do Oratory Youths, de Malta (revelado no Botafogo)<\/li>\n<\/ul>\n<ul class=\"wp-block-list\">\n<li>Marcelo, 21 anos \u2013 chega do Sobradinho-DF<\/li>\n<\/ul>\n<ul class=\"wp-block-list\">\n<li>Matheus Prado, 24 anos \u2013 chega da Francana (tamb\u00e9m tem passagem pelo Oratory Youths, de Malta)<\/li>\n<\/ul>\n<ul class=\"wp-block-list\">\n<li>Victor Moura, 22 anos \u2013 chega do Princesa do Solim\u00f5es-AM<\/li>\n<\/ul>\n<h2 class=\"wp-block-heading\"><strong>Atacante<\/strong><\/h2>\n<ul class=\"wp-block-list\">\n<li>Gabriel Barros, 23 anos \u2013 chega do Icasa-CE<\/li>\n<\/ul>\n<p>SAIBA MAIS<br \/>Evento re\u00fane brech\u00f3s e oferece mais de 10 mil pe\u00e7as em Ribeir\u00e3o Preto; Veja quando<\/p>\n<h2 class=\"wp-block-heading\"><strong>FIQUE ON<\/strong><\/h2>\n<p>Fique ligado em tudo que acontece em Ribeir\u00e3o Preto e regi\u00e3o. Siga os perfis do\u00a0<strong>acidade on<\/strong>\u00a0no\u00a0<a href=\"https:\/\/www.instagram.com\/acidadeonribeirao\">Instagram\u00a0<\/a>e no\u00a0<a href=\"https:\/\/www.facebook.com\/acidadeonribeirao\/\">Facebook.<\/a><\/p>\n<p>Receba not\u00edcias do\u00a0<strong>acidade on<\/strong>\u00a0no WhatsApp.\u00a0<a href=\"https:\/\/chat.whatsapp.com\/BjKQZ9oJwlz8VVT50NuePq\">Para entrar no grupo, basta clicar aqui.<\/a><\/p>\n<p>Fa\u00e7a uma den\u00fancia ou sugira uma reportagem sobre Ribeir\u00e3o Preto e regi\u00e3o pelo WhatsApp: 16 99117 7802.<\/p>\n<p>VEJA TAMB\u00c9M<br \/>Quais marcas de azeite tiveram a venda proibida?<\/p>\n<p><!-- CONTENT END 1 -->\n<\/div>\n<\/div>\n<p><script async src=\"\/\/www.instagram.com\/embed.js\"><\/script><br \/>\n<br \/><br \/>\n<br \/><a href=\"https:\/\/www.acidadeon.com\/ribeiraopreto\/esportes\/comercial-apresenta-jogadores-para-copa-paulista-tem-venezuelano-e-ex-botafogo\/\">Source link <\/a><\/p>\n","protected":false},"excerpt":{"rendered":"<p>O Comercial apresentou nesta quarta-feira (21), no est\u00e1dio Palma Travassos, em Ribeir\u00e3o Preto, 11 jogadores que far\u00e3o parte do elenco na disputa da Copa Paulista&#8230;<\/p>\n","protected":false},"author":1,"featured_media":69989,"comment_status":"open","ping_status":"open","sticky":false,"template":"","format":"standard","meta":{"advanced_seo_description":"","jetpack_seo_html_title":"","jetpack_seo_noindex":false,"jetpack_post_was_ever_published":false,"_jetpack_newsletter_access":"","_jetpack_dont_email_post_to_subs":false,"_jetpack_newsletter_tier_id":0,"_jetpack_memberships_contains_paywalled_content":false,"_jetpack_memberships_contains_paid_content":false,"footnotes":"","jetpack_publicize_message":"","jetpack_publicize_feature_enabled":true,"jetpack_social_post_already_shared":true,"jetpack_social_options":{"image_generator_settings":{"template":"highway","default_image_id":0,"font":"","enabled":false},"version":2}},"categories":[11],"tags":[],"class_list":["post-69988","post","type-post","status-publish","format-standard","has-post-thumbnail","hentry","category-noticias-de-ribeirao-preto-sp-e-regiao-ismael-colosi"],"jetpack_publicize_connections":[],"jetpack_featured_media_url":"https:\/\/i0.wp.com\/noticiasribeiraopreto.com.br\/wp-content\/uploads\/2025\/05\/comercial-jogadores_2025-05-21_19-47-16.webp.webp?fit=1200%2C674&ssl=1","jetpack-related-posts":[{"id":79723,"url":"https:\/\/noticiasribeiraopreto.com.br\/index.php\/2025\/11\/06\/comercial-confirma-mais-quatro-renovacoes\/","url_meta":{"origin":69988,"position":0},"title":"Comercial confirma mais quatro renova\u00e7\u00f5es","author":"noticiasribeiraopreto.com.br","date":"6 de November de 2025","format":false,"excerpt":"Le\u00e3o do Norte iniciou pr\u00e9-temporada com 16 jogadores 6 de novembro de 2025 15:123 Compartilhar0 Por Hugo Luque O Comercial confirmou mais quatro renova\u00e7\u00f5es para a disputa da S\u00e9rie A4 do Campeonato Paulista de 2026. Assinaram novos v\u00ednculos com o clube o zagueiro Lucas Lima, os laterais Alex Silv\u00e9rio e\u2026","rel":"","context":"In &quot;Not\u00edcias de Ribeir\u00e3o Preto-SP e Regi\u00e3o&quot;","block_context":{"text":"Not\u00edcias de Ribeir\u00e3o Preto-SP e Regi\u00e3o","link":"https:\/\/noticiasribeiraopreto.com.br\/index.php\/category\/noticias-de-ribeirao-preto-sp-e-regiao-ismael-colosi\/"},"img":{"alt_text":"","src":"https:\/\/i0.wp.com\/noticiasribeiraopreto.com.br\/wp-content\/uploads\/2025\/11\/1-LD-Wellington-Petuba-e-LE-Alex-Silverio-Divulgacao_Comercial-FC.jpg?fit=1036%2C780&ssl=1&resize=350%2C200","width":350,"height":200,"srcset":"https:\/\/i0.wp.com\/noticiasribeiraopreto.com.br\/wp-content\/uploads\/2025\/11\/1-LD-Wellington-Petuba-e-LE-Alex-Silverio-Divulgacao_Comercial-FC.jpg?fit=1036%2C780&ssl=1&resize=350%2C200 1x, https:\/\/i0.wp.com\/noticiasribeiraopreto.com.br\/wp-content\/uploads\/2025\/11\/1-LD-Wellington-Petuba-e-LE-Alex-Silverio-Divulgacao_Comercial-FC.jpg?fit=1036%2C780&ssl=1&resize=525%2C300 1.5x, https:\/\/i0.wp.com\/noticiasribeiraopreto.com.br\/wp-content\/uploads\/2025\/11\/1-LD-Wellington-Petuba-e-LE-Alex-Silverio-Divulgacao_Comercial-FC.jpg?fit=1036%2C780&ssl=1&resize=700%2C400 2x"},"classes":[]},{"id":80203,"url":"https:\/\/noticiasribeiraopreto.com.br\/index.php\/2025\/11\/17\/comercial-oficializa-atacante-que-atuava-no-uruguai\/","url_meta":{"origin":69988,"position":1},"title":"Comercial oficializa atacante que atuava no Uruguai","author":"noticiasribeiraopreto.com.br","date":"17 de November de 2025","format":false,"excerpt":"Revelado pelo Cambori\u00fa, Paulo Victor estava no Sud Am\u00e9rica 17 de novembro de 2025 17:37 Compartilhar1Por Hugo LuqueO Comercial oficializou, na tarde desta segunda-feira (17), a contrata\u00e7\u00e3o do atacante Paulo Victor. O atleta de 22 anos \u00e9 o sexto refor\u00e7o anunciado pelo Le\u00e3o do Norte para a disputa da S\u00e9rie\u2026","rel":"","context":"In &quot;Not\u00edcias de Ribeir\u00e3o Preto-SP e Regi\u00e3o&quot;","block_context":{"text":"Not\u00edcias de Ribeir\u00e3o Preto-SP e Regi\u00e3o","link":"https:\/\/noticiasribeiraopreto.com.br\/index.php\/category\/noticias-de-ribeirao-preto-sp-e-regiao-ismael-colosi\/"},"img":{"alt_text":"","src":"https:\/\/i0.wp.com\/noticiasribeiraopreto.com.br\/wp-content\/uploads\/2025\/11\/Tribuna-3.jpg?fit=800%2C500&ssl=1&resize=350%2C200","width":350,"height":200,"srcset":"https:\/\/i0.wp.com\/noticiasribeiraopreto.com.br\/wp-content\/uploads\/2025\/11\/Tribuna-3.jpg?fit=800%2C500&ssl=1&resize=350%2C200 1x, https:\/\/i0.wp.com\/noticiasribeiraopreto.com.br\/wp-content\/uploads\/2025\/11\/Tribuna-3.jpg?fit=800%2C500&ssl=1&resize=525%2C300 1.5x, https:\/\/i0.wp.com\/noticiasribeiraopreto.com.br\/wp-content\/uploads\/2025\/11\/Tribuna-3.jpg?fit=800%2C500&ssl=1&resize=700%2C400 2x"},"classes":[]},{"id":80113,"url":"https:\/\/noticiasribeiraopreto.com.br\/index.php\/2025\/11\/14\/comercial-anuncia-mais-dois-reforcos\/","url_meta":{"origin":69988,"position":2},"title":"Comercial anuncia mais dois refor\u00e7os","author":"noticiasribeiraopreto.com.br","date":"14 de November de 2025","format":false,"excerpt":"14 de novembro de 2025 18:40 Compartilhar0Por Hugo LuqueO Comercial anunciou, nesta sexta-feira (14), mais dois refor\u00e7os para a disputa da S\u00e9rie A4 do Campeonato Paulista de 2026. Foram contratados o volante Vinicius e o zagueiro Vyctor.O jogador de intermedi\u00e1ria tem 27 anos e estava no Primavera-MT. Mineiro de juiz\u2026","rel":"","context":"In &quot;Not\u00edcias de Ribeir\u00e3o Preto-SP e Regi\u00e3o&quot;","block_context":{"text":"Not\u00edcias de Ribeir\u00e3o Preto-SP e Regi\u00e3o","link":"https:\/\/noticiasribeiraopreto.com.br\/index.php\/category\/noticias-de-ribeirao-preto-sp-e-regiao-ismael-colosi\/"},"img":{"alt_text":"","src":"","width":0,"height":0},"classes":[]},{"id":79955,"url":"https:\/\/noticiasribeiraopreto.com.br\/index.php\/2025\/11\/11\/comercial-contrata-zagueiro-para-serie-a4\/","url_meta":{"origin":69988,"position":3},"title":"Comercial contrata zagueiro para S\u00e9rie A4","author":"noticiasribeiraopreto.com.br","date":"11 de November de 2025","format":false,"excerpt":"Cristhian Gabriel \u00e9 o terceiro refor\u00e7o anunciado pelo Bafo 11 de novembro de 2025 18:2813 Compartilhar1Por Hugo LuqueO Comercial anunciou, no fim da tarde desta ter\u00e7a-feira (11), a contrata\u00e7\u00e3o do zagueiro Cristhian Gabriel para a disputa da S\u00e9rie A4 do Campeonato Paulista de 2026. \u00c9 o terceiro refor\u00e7o do Le\u00e3o\u2026","rel":"","context":"In &quot;Not\u00edcias de Ribeir\u00e3o Preto-SP e Regi\u00e3o&quot;","block_context":{"text":"Not\u00edcias de Ribeir\u00e3o Preto-SP e Regi\u00e3o","link":"https:\/\/noticiasribeiraopreto.com.br\/index.php\/category\/noticias-de-ribeirao-preto-sp-e-regiao-ismael-colosi\/"},"img":{"alt_text":"","src":"https:\/\/i0.wp.com\/noticiasribeiraopreto.com.br\/wp-content\/uploads\/2025\/11\/Tribuna-1.jpg?fit=800%2C500&ssl=1&resize=350%2C200","width":350,"height":200,"srcset":"https:\/\/i0.wp.com\/noticiasribeiraopreto.com.br\/wp-content\/uploads\/2025\/11\/Tribuna-1.jpg?fit=800%2C500&ssl=1&resize=350%2C200 1x, https:\/\/i0.wp.com\/noticiasribeiraopreto.com.br\/wp-content\/uploads\/2025\/11\/Tribuna-1.jpg?fit=800%2C500&ssl=1&resize=525%2C300 1.5x, https:\/\/i0.wp.com\/noticiasribeiraopreto.com.br\/wp-content\/uploads\/2025\/11\/Tribuna-1.jpg?fit=800%2C500&ssl=1&resize=700%2C400 2x"},"classes":[]},{"id":60386,"url":"https:\/\/noticiasribeiraopreto.com.br\/index.php\/2024\/11\/12\/comercial-apresenta-jogadores-e-presidente-diz-nosso-objetivo-tambem-e-o-brasileirao\/","url_meta":{"origin":69988,"position":4},"title":"Comercial apresenta jogadores e presidente diz: \u2018Nosso objetivo tamb\u00e9m \u00e9 o Brasileir\u00e3o\u2019","author":"noticiasribeiraopreto.com.br","date":"12 de November de 2024","format":false,"excerpt":"O Comercial anunciou nesta ter\u00e7a-feira (12) os 10 primeiros jogadores que v\u00e3o integrar o elenco para a disputa da S\u00e9rie A3 do Campeonato Paulista 2025. Al\u00e9m disso, o Le\u00e3o do Norte anunciou que vai fazer pr\u00e9-temporada em Nuporanga, durante 24 dias, em um hotel da cidade. O local conta com\u2026","rel":"","context":"In &quot;Not\u00edcias de Ribeir\u00e3o Preto-SP e Regi\u00e3o&quot;","block_context":{"text":"Not\u00edcias de Ribeir\u00e3o Preto-SP e Regi\u00e3o","link":"https:\/\/noticiasribeiraopreto.com.br\/index.php\/category\/noticias-de-ribeirao-preto-sp-e-regiao-ismael-colosi\/"},"img":{"alt_text":"","src":"https:\/\/i0.wp.com\/noticiasribeiraopreto.com.br\/wp-content\/uploads\/2024\/11\/comercial-2_2024-11-12_20-37-28_jpeg_2024-11-12_20-37-28.webp.webp?fit=1200%2C900&ssl=1&resize=350%2C200","width":350,"height":200,"srcset":"https:\/\/i0.wp.com\/noticiasribeiraopreto.com.br\/wp-content\/uploads\/2024\/11\/comercial-2_2024-11-12_20-37-28_jpeg_2024-11-12_20-37-28.webp.webp?fit=1200%2C900&ssl=1&resize=350%2C200 1x, https:\/\/i0.wp.com\/noticiasribeiraopreto.com.br\/wp-content\/uploads\/2024\/11\/comercial-2_2024-11-12_20-37-28_jpeg_2024-11-12_20-37-28.webp.webp?fit=1200%2C900&ssl=1&resize=525%2C300 1.5x, https:\/\/i0.wp.com\/noticiasribeiraopreto.com.br\/wp-content\/uploads\/2024\/11\/comercial-2_2024-11-12_20-37-28_jpeg_2024-11-12_20-37-28.webp.webp?fit=1200%2C900&ssl=1&resize=700%2C400 2x, https:\/\/i0.wp.com\/noticiasribeiraopreto.com.br\/wp-content\/uploads\/2024\/11\/comercial-2_2024-11-12_20-37-28_jpeg_2024-11-12_20-37-28.webp.webp?fit=1200%2C900&ssl=1&resize=1050%2C600 3x"},"classes":[]},{"id":1109,"url":"https:\/\/noticiasribeiraopreto.com.br\/index.php\/2023\/11\/10\/comercial-contrata-junior-sergipano-jornal-tribuna-ribeirao\/","url_meta":{"origin":69988,"position":5},"title":"Comercial contrata J\u00fanior Sergipano &#8211; Jornal Tribuna Ribeir\u00e3o","author":"noticiasribeiraopreto.com.br","date":"10 de November de 2023","format":false,"excerpt":"10 de novembro de 2023 | 13:0010 de novembro de 2023 | 10:31 0O Comercial confirmou mais uma contrata\u00e7\u00e3o para a disputa da S\u00e9rie A2 de 2024. Trata-se do zagueiro J\u00fanior Sergipano, 23 anos, que estava no XV de Piracicaba. O jogador j\u00e1 foi incorporado ao elenco e iniciou a\u2026","rel":"","context":"In &quot;Not\u00edcias de Ribeir\u00e3o Preto-SP e Regi\u00e3o&quot;","block_context":{"text":"Not\u00edcias de Ribeir\u00e3o Preto-SP e Regi\u00e3o","link":"https:\/\/noticiasribeiraopreto.com.br\/index.php\/category\/noticias-de-ribeirao-preto-sp-e-regiao-ismael-colosi\/"},"img":{"alt_text":"","src":"https:\/\/i0.wp.com\/noticiasribeiraopreto.com.br\/wp-content\/uploads\/2023\/11\/Comercial-1-1-scaled.jpg?fit=967%2C645&ssl=1&resize=350%2C200","width":350,"height":200,"srcset":"https:\/\/i0.wp.com\/noticiasribeiraopreto.com.br\/wp-content\/uploads\/2023\/11\/Comercial-1-1-scaled.jpg?fit=967%2C645&ssl=1&resize=350%2C200 1x, https:\/\/i0.wp.com\/noticiasribeiraopreto.com.br\/wp-content\/uploads\/2023\/11\/Comercial-1-1-scaled.jpg?fit=967%2C645&ssl=1&resize=525%2C300 1.5x, https:\/\/i0.wp.com\/noticiasribeiraopreto.com.br\/wp-content\/uploads\/2023\/11\/Comercial-1-1-scaled.jpg?fit=967%2C645&ssl=1&resize=700%2C400 2x"},"classes":[]}],"jetpack_sharing_enabled":true,"jetpack_shortlink":"https:\/\/wp.me\/peQAOb-icQ","_links":{"self":[{"href":"https:\/\/noticiasribeiraopreto.com.br\/index.php\/wp-json\/wp\/v2\/posts\/69988","targetHints":{"allow":["GET"]}}],"collection":[{"href":"https:\/\/noticiasribeiraopreto.com.br\/index.php\/wp-json\/wp\/v2\/posts"}],"about":[{"href":"https:\/\/noticiasribeiraopreto.com.br\/index.php\/wp-json\/wp\/v2\/types\/post"}],"author":[{"embeddable":true,"href":"https:\/\/noticiasribeiraopreto.com.br\/index.php\/wp-json\/wp\/v2\/users\/1"}],"replies":[{"embeddable":true,"href":"https:\/\/noticiasribeiraopreto.com.br\/index.php\/wp-json\/wp\/v2\/comments?post=69988"}],"version-history":[{"count":0,"href":"https:\/\/noticiasribeiraopreto.com.br\/index.php\/wp-json\/wp\/v2\/posts\/69988\/revisions"}],"wp:featuredmedia":[{"embeddable":true,"href":"https:\/\/noticiasribeiraopreto.com.br\/index.php\/wp-json\/wp\/v2\/media\/69989"}],"wp:attachment":[{"href":"https:\/\/noticiasribeiraopreto.com.br\/index.php\/wp-json\/wp\/v2\/media?parent=69988"}],"wp:term":[{"taxonomy":"category","embeddable":true,"href":"https:\/\/noticiasribeiraopreto.com.br\/index.php\/wp-json\/wp\/v2\/categories?post=69988"},{"taxonomy":"post_tag","embeddable":true,"href":"https:\/\/noticiasribeiraopreto.com.br\/index.php\/wp-json\/wp\/v2\/tags?post=69988"}],"curies":[{"name":"wp","href":"https:\/\/api.w.org\/{rel}","templated":true}]}}