{"id":69990,"date":"2025-05-21T18:04:05","date_gmt":"2025-05-21T21:04:05","guid":{"rendered":"https:\/\/noticiasribeiraopreto.com.br\/index.php\/2025\/05\/21\/saerp-informa-interrupcao-no-abastecimento-de-agua-em-alguns-bairros-de-ribeirao-veja-quais\/"},"modified":"2025-05-21T18:04:05","modified_gmt":"2025-05-21T21:04:05","slug":"saerp-informa-interrupcao-no-abastecimento-de-agua-em-alguns-bairros-de-ribeirao-veja-quais","status":"publish","type":"post","link":"https:\/\/noticiasribeiraopreto.com.br\/index.php\/2025\/05\/21\/saerp-informa-interrupcao-no-abastecimento-de-agua-em-alguns-bairros-de-ribeirao-veja-quais\/","title":{"rendered":"Saerp informa interrup\u00e7\u00e3o no abastecimento de \u00e1gua em alguns bairros de Ribeir\u00e3o; veja quais"},"content":{"rendered":"<p> <br \/>\n<\/p>\n<div data-td-block-uid=\"tdi_95\">\n<div class=\"tdb-block-inner td-fix-index\">\n<p>A <a href=\"https:\/\/www.ribeiraopreto.sp.gov.br\/portal\/saerp\/\">Saerp (Servi\u00e7o de \u00c1gua e Esgoto de Ribeir\u00e3o Preto)<\/a> informou que a opera\u00e7\u00e3o da Elevat\u00f3ria do Parque Ribeir\u00e3o Preto est\u00e1 paralisada por falta de energia el\u00e9trica. Em decorr\u00eancia, pode ocorrer intermit\u00eancia no abastecimento de \u00e1gua nos bairros: <strong>Jardim Piratininga<\/strong>, <strong>Ad\u00e3o do Carmo<\/strong> <strong>Leonel<\/strong>, <strong>Jardim Maria Goretti<\/strong>, <strong>Jardim Branca Sales<\/strong>, <strong>Vila Virg\u00ednia<\/strong>, <strong>Parque Ribeir\u00e3o Preto<\/strong> e <strong>imedia\u00e7\u00f5es<\/strong>.<\/p>\n<p>De acordo com a pasta, a Companhia de Energia foi acionada e a previs\u00e3o \u00e9 que o reparo seja conclu\u00eddo<strong> at\u00e9 as 22h35<\/strong>. Ap\u00f3s a conclus\u00e3o, <strong>o sistema ser\u00e1 religado e o abastecimento de \u00e1gua retomado de forma gradativa.<\/strong><\/p>\n<p>Ainda nesta quarta-feira, a Saerp realiza um reparo na adutora localizada na rua Carlos Russo. Em fun\u00e7\u00e3o dos trabalhos, o <strong>sistema foi parcialmente paralisado<\/strong>, podendo causar intermit\u00eancia no fornecimento de \u00e1gua nos bairros <strong>Jardim Canad\u00e1<\/strong>, <strong>Bosque das Juritis<\/strong> e nas imedia\u00e7\u00f5es da<strong> avenida Professor Jo\u00e3o Fiusa.<\/strong><\/p>\n<p>A previs\u00e3o de t\u00e9rmino do reparo na adutora \u00e9 \u00e0s<strong> 19h desta quarta-feira<\/strong>. Ap\u00f3s a finaliza\u00e7\u00e3o do servi\u00e7o, o sistema ser\u00e1 religado e o abastecimento retomado gradualmente.<\/p>\n<h2 class=\"wp-block-heading\"><strong>O que fazer?<\/strong><\/h2>\n<p>Caso o seu bairro apresente falhas no abastecimento, entre em contato com a Saerp pelo telefone 0800 115 0115 ou procure por um posto de atendimento (<a href=\"https:\/\/www.ribeiraopreto.sp.gov.br\/portal\/saerp\/\">clique aqui<\/a>).<\/p>\n<hr class=\"wp-block-separator has-alpha-channel-opacity\"\/>\n<p>SAIBA MAIS<mark style=\"background-color:#ffffff\" class=\"has-inline-color has-white-color\"> , no entanto<\/mark><\/p>\n<p>Homem de 52 anos morre carbonizado dentro de casa <mark style=\"background-color:#ffffff\" class=\"has-inline-color has-white-color\">contudo,<\/mark><\/p>\n<h4 class=\"wp-block-heading\"><strong>FIQUE ON<\/strong><\/h4>\n<p>Fique ligado em tudo que acontece em Ribeir\u00e3o Preto e regi\u00e3o. Siga os perfis do\u00a0<strong>acidade on<\/strong>\u00a0no\u00a0<a href=\"https:\/\/www.instagram.com\/acidadeonribeirao\">Instagram<\/a>\u00a0e no\u00a0<a href=\"https:\/\/www.facebook.com\/acidadeonribeirao\/\">Facebook<\/a>.<\/p>\n<p>Receba not\u00edcias do\u00a0<strong>acidade on<\/strong>\u00a0no WhatsApp.\u00a0<a href=\"https:\/\/chat.whatsapp.com\/BjKQZ9oJwlz8VVT50NuePq\">Para entrar no grupo, basta clicar aqui.<\/a><\/p>\n<p>Fa\u00e7a uma den\u00fancia ou sugira uma reportagem sobre Ribeir\u00e3o Preto e regi\u00e3o pelo WhatsApp: 16 99117 7802.<\/p>\n<p>VEJA TAMB\u00c9M<\/p>\n<p>O que aconteceu com Sofia de \u2018A Viagem\u2019? <mark style=\"background-color:#ffffff\" class=\"has-inline-color has-white-color\">contudo,<\/mark><\/p>\n<p><!-- CONTENT END 1 -->\n<\/div>\n<\/div>\n<p><script async src=\"\/\/www.instagram.com\/embed.js\"><\/script><br \/>\n<br \/><br \/>\n<br \/><a href=\"https:\/\/www.acidadeon.com\/ribeiraopreto\/cotidiano\/saerp-informa-interrupcao-no-abastecimento-de-agua-em-alguns-bairros-de-ribeirao-veja-quais\/\">Source link <\/a><\/p>\n","protected":false},"excerpt":{"rendered":"<p>A Saerp (Servi\u00e7o de \u00c1gua e Esgoto de Ribeir\u00e3o Preto) informou que a opera\u00e7\u00e3o da Elevat\u00f3ria do Parque Ribeir\u00e3o Preto est\u00e1 paralisada por falta de&#8230;<\/p>\n","protected":false},"author":1,"featured_media":59323,"comment_status":"open","ping_status":"open","sticky":false,"template":"","format":"standard","meta":{"advanced_seo_description":"","jetpack_seo_html_title":"","jetpack_seo_noindex":false,"jetpack_post_was_ever_published":false,"_jetpack_newsletter_access":"","_jetpack_dont_email_post_to_subs":false,"_jetpack_newsletter_tier_id":0,"_jetpack_memberships_contains_paywalled_content":false,"_jetpack_memberships_contains_paid_content":false,"footnotes":"","jetpack_publicize_message":"","jetpack_publicize_feature_enabled":true,"jetpack_social_post_already_shared":true,"jetpack_social_options":{"image_generator_settings":{"template":"highway","default_image_id":0,"font":"","enabled":false},"version":2}},"categories":[11],"tags":[],"class_list":["post-69990","post","type-post","status-publish","format-standard","has-post-thumbnail","hentry","category-noticias-de-ribeirao-preto-sp-e-regiao-ismael-colosi"],"jetpack_publicize_connections":[],"jetpack_featured_media_url":"https:\/\/i0.wp.com\/noticiasribeiraopreto.com.br\/wp-content\/uploads\/2024\/10\/hygiene-cleaning-hands-washing-hands-woman-wash-their-hands_2024-10-21_17-28-00_jpg_2024-10-21_17-28-03-scaled.webp.webp?fit=2560%2C1709&ssl=1","jetpack-related-posts":[{"id":58544,"url":"https:\/\/noticiasribeiraopreto.com.br\/index.php\/2024\/09\/30\/bairros-de-ribeirao-preto-podem-ficar-sem-agua-ate-amanha-veja-quais\/","url_meta":{"origin":69990,"position":0},"title":"Bairros de Ribeir\u00e3o Preto podem ficar sem \u00e1gua at\u00e9 amanh\u00e3; Veja quais","author":"noticiasribeiraopreto.com.br","date":"30 de September de 2024","format":false,"excerpt":"A Saerp (Secretaria de \u00c1gua e Esgoto de Ribeir\u00e3o Preto) informou nesta segunda-feira (30) que bairros de Ribeir\u00e3o Preto podem ficar sem \u00e1gua at\u00e9 amanh\u00e3. Segundo a secretaria, foi feito um reparo emergencial no po\u00e7o Parque dos Lagos, na zona Leste, que gerou falhas no abastecimento dos seguintes bairros: Parque\u2026","rel":"","context":"In &quot;Not\u00edcias de Ribeir\u00e3o Preto-SP e Regi\u00e3o&quot;","block_context":{"text":"Not\u00edcias de Ribeir\u00e3o Preto-SP e Regi\u00e3o","link":"https:\/\/noticiasribeiraopreto.com.br\/index.php\/category\/noticias-de-ribeirao-preto-sp-e-regiao-ismael-colosi\/"},"img":{"alt_text":"","src":"https:\/\/i0.wp.com\/noticiasribeiraopreto.com.br\/wp-content\/uploads\/2024\/07\/Copia-de-Copia-de-TAMANHO-EXATO-PARA-FOTOS-NO-SISTEMA-NOVO-11_2024-07-29_20-40-13_jpg_2024-07-29_20-40-13.webp.webp?fit=1200%2C675&ssl=1&resize=350%2C200","width":350,"height":200,"srcset":"https:\/\/i0.wp.com\/noticiasribeiraopreto.com.br\/wp-content\/uploads\/2024\/07\/Copia-de-Copia-de-TAMANHO-EXATO-PARA-FOTOS-NO-SISTEMA-NOVO-11_2024-07-29_20-40-13_jpg_2024-07-29_20-40-13.webp.webp?fit=1200%2C675&ssl=1&resize=350%2C200 1x, https:\/\/i0.wp.com\/noticiasribeiraopreto.com.br\/wp-content\/uploads\/2024\/07\/Copia-de-Copia-de-TAMANHO-EXATO-PARA-FOTOS-NO-SISTEMA-NOVO-11_2024-07-29_20-40-13_jpg_2024-07-29_20-40-13.webp.webp?fit=1200%2C675&ssl=1&resize=525%2C300 1.5x, https:\/\/i0.wp.com\/noticiasribeiraopreto.com.br\/wp-content\/uploads\/2024\/07\/Copia-de-Copia-de-TAMANHO-EXATO-PARA-FOTOS-NO-SISTEMA-NOVO-11_2024-07-29_20-40-13_jpg_2024-07-29_20-40-13.webp.webp?fit=1200%2C675&ssl=1&resize=700%2C400 2x, https:\/\/i0.wp.com\/noticiasribeiraopreto.com.br\/wp-content\/uploads\/2024\/07\/Copia-de-Copia-de-TAMANHO-EXATO-PARA-FOTOS-NO-SISTEMA-NOVO-11_2024-07-29_20-40-13_jpg_2024-07-29_20-40-13.webp.webp?fit=1200%2C675&ssl=1&resize=1050%2C600 3x"},"classes":[]},{"id":42258,"url":"https:\/\/noticiasribeiraopreto.com.br\/index.php\/2024\/03\/13\/saerp-alerta-para-falta-dagua-em-oito-bairros-de-ribeirao-preto\/","url_meta":{"origin":69990,"position":1},"title":"Saerp alerta para falta d\u2019\u00e1gua em oito bairros de Ribeir\u00e3o Preto","author":"noticiasribeiraopreto.com.br","date":"13 de March de 2024","format":false,"excerpt":"A Saerp (Secretaria de \u00c1gua e Esgoto de Ribeir\u00e3o Preto) alerta para falta d\u2019\u00e1gua em oito bairros da cidade nesta quarta-feira (13). De acordo com a secretaria, est\u00e3o sendo realizados dois reparos emergenciais no sistema de abastecimento. Na zona Leste, o servi\u00e7o acontece em uma rede rompida na avenida Treze\u2026","rel":"","context":"In &quot;Not\u00edcias de Ribeir\u00e3o Preto-SP e Regi\u00e3o&quot;","block_context":{"text":"Not\u00edcias de Ribeir\u00e3o Preto-SP e Regi\u00e3o","link":"https:\/\/noticiasribeiraopreto.com.br\/index.php\/category\/noticias-de-ribeirao-preto-sp-e-regiao-ismael-colosi\/"},"img":{"alt_text":"","src":"https:\/\/i0.wp.com\/noticiasribeiraopreto.com.br\/wp-content\/uploads\/2024\/03\/falta-agua.jpg?fit=1068%2C801&ssl=1&resize=350%2C200","width":350,"height":200,"srcset":"https:\/\/i0.wp.com\/noticiasribeiraopreto.com.br\/wp-content\/uploads\/2024\/03\/falta-agua.jpg?fit=1068%2C801&ssl=1&resize=350%2C200 1x, https:\/\/i0.wp.com\/noticiasribeiraopreto.com.br\/wp-content\/uploads\/2024\/03\/falta-agua.jpg?fit=1068%2C801&ssl=1&resize=525%2C300 1.5x, https:\/\/i0.wp.com\/noticiasribeiraopreto.com.br\/wp-content\/uploads\/2024\/03\/falta-agua.jpg?fit=1068%2C801&ssl=1&resize=700%2C400 2x, https:\/\/i0.wp.com\/noticiasribeiraopreto.com.br\/wp-content\/uploads\/2024\/03\/falta-agua.jpg?fit=1068%2C801&ssl=1&resize=1050%2C600 3x"},"classes":[]},{"id":42277,"url":"https:\/\/noticiasribeiraopreto.com.br\/index.php\/2024\/03\/13\/saerp-alerta-para-falta-dagua-em-oito-bairros-de-ribeirao-preto-2\/","url_meta":{"origin":69990,"position":2},"title":"Saerp alerta para falta d\u2019\u00e1gua em oito bairros de Ribeir\u00e3o Preto","author":"noticiasribeiraopreto.com.br","date":"13 de March de 2024","format":false,"excerpt":"A Saerp (Secretaria de \u00c1gua e Esgoto de Ribeir\u00e3o Preto) alerta para falta d\u2019\u00e1gua em oito bairros da cidade nesta quarta-feira (13). De acordo com a secretaria, est\u00e3o sendo realizados dois reparos emergenciais no sistema de abastecimento. Na zona Leste, o servi\u00e7o acontece em uma rede rompida na avenida Treze\u2026","rel":"","context":"In &quot;Not\u00edcias de Ribeir\u00e3o Preto-SP e Regi\u00e3o&quot;","block_context":{"text":"Not\u00edcias de Ribeir\u00e3o Preto-SP e Regi\u00e3o","link":"https:\/\/noticiasribeiraopreto.com.br\/index.php\/category\/noticias-de-ribeirao-preto-sp-e-regiao-ismael-colosi\/"},"img":{"alt_text":"","src":"https:\/\/i0.wp.com\/noticiasribeiraopreto.com.br\/wp-content\/uploads\/2024\/03\/1710359298_falta-agua.jpg?fit=1068%2C801&ssl=1&resize=350%2C200","width":350,"height":200,"srcset":"https:\/\/i0.wp.com\/noticiasribeiraopreto.com.br\/wp-content\/uploads\/2024\/03\/1710359298_falta-agua.jpg?fit=1068%2C801&ssl=1&resize=350%2C200 1x, https:\/\/i0.wp.com\/noticiasribeiraopreto.com.br\/wp-content\/uploads\/2024\/03\/1710359298_falta-agua.jpg?fit=1068%2C801&ssl=1&resize=525%2C300 1.5x, https:\/\/i0.wp.com\/noticiasribeiraopreto.com.br\/wp-content\/uploads\/2024\/03\/1710359298_falta-agua.jpg?fit=1068%2C801&ssl=1&resize=700%2C400 2x, https:\/\/i0.wp.com\/noticiasribeiraopreto.com.br\/wp-content\/uploads\/2024\/03\/1710359298_falta-agua.jpg?fit=1068%2C801&ssl=1&resize=1050%2C600 3x"},"classes":[]},{"id":17413,"url":"https:\/\/noticiasribeiraopreto.com.br\/index.php\/2023\/12\/18\/reparo-em-adutora-pode-deixar-quatro-bairros-da-zona-leste-de-ribeirao-sem-agua\/","url_meta":{"origin":69990,"position":3},"title":"Reparo em adutora pode deixar quatro bairros da zona Leste de Ribeir\u00e3o sem \u00e1gua","author":"noticiasribeiraopreto.com.br","date":"18 de December de 2023","format":false,"excerpt":"A Saerp (Secretaria de \u00c1gua e Esgoto de Ribeir\u00e3o Preto) informou que est\u00e1 realizando o reparo emergencial de uma adutora no bairro Lagoinha, na zona Leste de Ribeir\u00e3o Preto. Por conta disso, quatro bairros podem ficar sem \u00e1gua nesta segunda-feira (18). De acordo com a pasta, o reparo est\u00e1 causando\u2026","rel":"","context":"In &quot;Not\u00edcias de Ribeir\u00e3o Preto-SP e Regi\u00e3o&quot;","block_context":{"text":"Not\u00edcias de Ribeir\u00e3o Preto-SP e Regi\u00e3o","link":"https:\/\/noticiasribeiraopreto.com.br\/index.php\/category\/noticias-de-ribeirao-preto-sp-e-regiao-ismael-colosi\/"},"img":{"alt_text":"","src":"https:\/\/i0.wp.com\/noticiasribeiraopreto.com.br\/wp-content\/uploads\/2023\/12\/Vejaosbairrosquepodemterfaltadguapor3diasnazonaLestedeRibeiroPreto_Tamanho_2_image-1-1.png?fit=1200%2C900&ssl=1&resize=350%2C200","width":350,"height":200,"srcset":"https:\/\/i0.wp.com\/noticiasribeiraopreto.com.br\/wp-content\/uploads\/2023\/12\/Vejaosbairrosquepodemterfaltadguapor3diasnazonaLestedeRibeiroPreto_Tamanho_2_image-1-1.png?fit=1200%2C900&ssl=1&resize=350%2C200 1x, https:\/\/i0.wp.com\/noticiasribeiraopreto.com.br\/wp-content\/uploads\/2023\/12\/Vejaosbairrosquepodemterfaltadguapor3diasnazonaLestedeRibeiroPreto_Tamanho_2_image-1-1.png?fit=1200%2C900&ssl=1&resize=525%2C300 1.5x, https:\/\/i0.wp.com\/noticiasribeiraopreto.com.br\/wp-content\/uploads\/2023\/12\/Vejaosbairrosquepodemterfaltadguapor3diasnazonaLestedeRibeiroPreto_Tamanho_2_image-1-1.png?fit=1200%2C900&ssl=1&resize=700%2C400 2x, https:\/\/i0.wp.com\/noticiasribeiraopreto.com.br\/wp-content\/uploads\/2023\/12\/Vejaosbairrosquepodemterfaltadguapor3diasnazonaLestedeRibeiroPreto_Tamanho_2_image-1-1.png?fit=1200%2C900&ssl=1&resize=1050%2C600 3x"},"classes":[]},{"id":58984,"url":"https:\/\/noticiasribeiraopreto.com.br\/index.php\/2024\/10\/11\/saerp-alerta-para-falta-dagua-em-oito-bairros-de-ribeirao-preto-veja-onde\/","url_meta":{"origin":69990,"position":4},"title":"Saerp alerta para falta d&#8217;\u00e1gua em oito bairros de Ribeir\u00e3o Preto; Veja onde","author":"noticiasribeiraopreto.com.br","date":"11 de October de 2024","format":false,"excerpt":"A Saerp (Secretaria de \u00c1gua e Esgoto de Ribeir\u00e3o Preto) informou nesta sexta-feira (11) que oito bairros de Ribeir\u00e3o Preto podem apresentar falta d\u2019\u00e1gua. De acordo com a secretaria, o Po\u00e7o Ribeirania IV est\u00e1 paralisado devido a uma queda de energia, o que pode gerar falhas no abastecimento dos seguintes\u2026","rel":"","context":"In &quot;Not\u00edcias de Ribeir\u00e3o Preto-SP e Regi\u00e3o&quot;","block_context":{"text":"Not\u00edcias de Ribeir\u00e3o Preto-SP e Regi\u00e3o","link":"https:\/\/noticiasribeiraopreto.com.br\/index.php\/category\/noticias-de-ribeirao-preto-sp-e-regiao-ismael-colosi\/"},"img":{"alt_text":"","src":"https:\/\/i0.wp.com\/noticiasribeiraopreto.com.br\/wp-content\/uploads\/2024\/08\/Copia-de-Copia-de-TAMANHO-EXATO-PARA-FOTOS-NO-SISTEMA-NOVO-15_2024-07-10_14-38-39_jpg_2024-07-10_14-38-39.webp.webp?fit=1200%2C675&ssl=1&resize=350%2C200","width":350,"height":200,"srcset":"https:\/\/i0.wp.com\/noticiasribeiraopreto.com.br\/wp-content\/uploads\/2024\/08\/Copia-de-Copia-de-TAMANHO-EXATO-PARA-FOTOS-NO-SISTEMA-NOVO-15_2024-07-10_14-38-39_jpg_2024-07-10_14-38-39.webp.webp?fit=1200%2C675&ssl=1&resize=350%2C200 1x, https:\/\/i0.wp.com\/noticiasribeiraopreto.com.br\/wp-content\/uploads\/2024\/08\/Copia-de-Copia-de-TAMANHO-EXATO-PARA-FOTOS-NO-SISTEMA-NOVO-15_2024-07-10_14-38-39_jpg_2024-07-10_14-38-39.webp.webp?fit=1200%2C675&ssl=1&resize=525%2C300 1.5x, https:\/\/i0.wp.com\/noticiasribeiraopreto.com.br\/wp-content\/uploads\/2024\/08\/Copia-de-Copia-de-TAMANHO-EXATO-PARA-FOTOS-NO-SISTEMA-NOVO-15_2024-07-10_14-38-39_jpg_2024-07-10_14-38-39.webp.webp?fit=1200%2C675&ssl=1&resize=700%2C400 2x, https:\/\/i0.wp.com\/noticiasribeiraopreto.com.br\/wp-content\/uploads\/2024\/08\/Copia-de-Copia-de-TAMANHO-EXATO-PARA-FOTOS-NO-SISTEMA-NOVO-15_2024-07-10_14-38-39_jpg_2024-07-10_14-38-39.webp.webp?fit=1200%2C675&ssl=1&resize=1050%2C600 3x"},"classes":[]},{"id":13297,"url":"https:\/\/noticiasribeiraopreto.com.br\/index.php\/2023\/12\/09\/prefeitura-de-ribeirao-preto-alerta-que-pode-faltar-agua-em-varios-bairros\/","url_meta":{"origin":69990,"position":5},"title":"Prefeitura de Ribeir\u00e3o Preto alerta que pode faltar \u00e1gua em v\u00e1rios bairros","author":"noticiasribeiraopreto.com.br","date":"9 de December de 2023","format":false,"excerpt":"A Prefeitura de Ribeir\u00e3o Preto informou, na manh\u00e3 deste s\u00e1bado (9), que pode faltar \u00e1gua em v\u00e1rios bairros da zona Leste da cidade. O motivo \u00e9 uma rede rompida. Segundo a Secretaria Municipal de \u00c1gua e Esgoto de Ribeir\u00e3o Preto (Saerp), o reparo emergencial j\u00e1 foi iniciado. Os bairros que\u2026","rel":"","context":"In &quot;Not\u00edcias de Ribeir\u00e3o Preto-SP e Regi\u00e3o&quot;","block_context":{"text":"Not\u00edcias de Ribeir\u00e3o Preto-SP e Regi\u00e3o","link":"https:\/\/noticiasribeiraopreto.com.br\/index.php\/category\/noticias-de-ribeirao-preto-sp-e-regiao-ismael-colosi\/"},"img":{"alt_text":"","src":"https:\/\/i0.wp.com\/noticiasribeiraopreto.com.br\/wp-content\/uploads\/2023\/12\/shower-1027904_1280-2.jpg?fit=1200%2C803&ssl=1&resize=350%2C200","width":350,"height":200,"srcset":"https:\/\/i0.wp.com\/noticiasribeiraopreto.com.br\/wp-content\/uploads\/2023\/12\/shower-1027904_1280-2.jpg?fit=1200%2C803&ssl=1&resize=350%2C200 1x, https:\/\/i0.wp.com\/noticiasribeiraopreto.com.br\/wp-content\/uploads\/2023\/12\/shower-1027904_1280-2.jpg?fit=1200%2C803&ssl=1&resize=525%2C300 1.5x, https:\/\/i0.wp.com\/noticiasribeiraopreto.com.br\/wp-content\/uploads\/2023\/12\/shower-1027904_1280-2.jpg?fit=1200%2C803&ssl=1&resize=700%2C400 2x, https:\/\/i0.wp.com\/noticiasribeiraopreto.com.br\/wp-content\/uploads\/2023\/12\/shower-1027904_1280-2.jpg?fit=1200%2C803&ssl=1&resize=1050%2C600 3x"},"classes":[]}],"jetpack_sharing_enabled":true,"jetpack_shortlink":"https:\/\/wp.me\/peQAOb-icS","_links":{"self":[{"href":"https:\/\/noticiasribeiraopreto.com.br\/index.php\/wp-json\/wp\/v2\/posts\/69990","targetHints":{"allow":["GET"]}}],"collection":[{"href":"https:\/\/noticiasribeiraopreto.com.br\/index.php\/wp-json\/wp\/v2\/posts"}],"about":[{"href":"https:\/\/noticiasribeiraopreto.com.br\/index.php\/wp-json\/wp\/v2\/types\/post"}],"author":[{"embeddable":true,"href":"https:\/\/noticiasribeiraopreto.com.br\/index.php\/wp-json\/wp\/v2\/users\/1"}],"replies":[{"embeddable":true,"href":"https:\/\/noticiasribeiraopreto.com.br\/index.php\/wp-json\/wp\/v2\/comments?post=69990"}],"version-history":[{"count":0,"href":"https:\/\/noticiasribeiraopreto.com.br\/index.php\/wp-json\/wp\/v2\/posts\/69990\/revisions"}],"wp:featuredmedia":[{"embeddable":true,"href":"https:\/\/noticiasribeiraopreto.com.br\/index.php\/wp-json\/wp\/v2\/media\/59323"}],"wp:attachment":[{"href":"https:\/\/noticiasribeiraopreto.com.br\/index.php\/wp-json\/wp\/v2\/media?parent=69990"}],"wp:term":[{"taxonomy":"category","embeddable":true,"href":"https:\/\/noticiasribeiraopreto.com.br\/index.php\/wp-json\/wp\/v2\/categories?post=69990"},{"taxonomy":"post_tag","embeddable":true,"href":"https:\/\/noticiasribeiraopreto.com.br\/index.php\/wp-json\/wp\/v2\/tags?post=69990"}],"curies":[{"name":"wp","href":"https:\/\/api.w.org\/{rel}","templated":true}]}}