{"id":69991,"date":"2025-05-21T18:11:43","date_gmt":"2025-05-21T21:11:43","guid":{"rendered":"https:\/\/noticiasribeiraopreto.com.br\/index.php\/2025\/05\/21\/o-que-se-sabe-sobre-empresario-que-sumiu-apos-sair-de-reuniao\/"},"modified":"2025-05-21T18:11:43","modified_gmt":"2025-05-21T21:11:43","slug":"o-que-se-sabe-sobre-empresario-que-sumiu-apos-sair-de-reuniao","status":"publish","type":"post","link":"https:\/\/noticiasribeiraopreto.com.br\/index.php\/2025\/05\/21\/o-que-se-sabe-sobre-empresario-que-sumiu-apos-sair-de-reuniao\/","title":{"rendered":"O que se sabe sobre empres\u00e1rio que sumiu ap\u00f3s sair de reuni\u00e3o"},"content":{"rendered":"<p> <br \/>\n<\/p>\n<div>\n<p>O empres\u00e1rio <strong>Nelson Francisco Carreira Filho est\u00e1 desaparecido desde a \u00faltima sexta-feira (16)<\/strong>, ap\u00f3s uma reuni\u00e3o de neg\u00f3cios em Cravinhos, na<strong> regi\u00e3o de Ribeir\u00e3o Preto<\/strong>. Minutos depois de ser visto pela \u00faltima vez, o carro de Nelson passou por pra\u00e7as de ped\u00e1gio no interior de S\u00e3o Paulo, seguindo em dire\u00e7\u00e3o \u00e0 capital.<\/p>\n<p>As concession\u00e1rias das rodovias registraram o <strong>seguinte trajeto do ve\u00edculo<\/strong>:<\/p>\n<ul class=\"wp-block-list\">\n<li><strong>15:14h<\/strong> \u2013 passagem pelo ped\u00e1gio em S\u00e3o Sim\u00e3o<\/li>\n<li><strong>15:28h <\/strong>\u2013 ped\u00e1gio em Santa Rita do Passa Quatro<\/li>\n<li><strong>17:51h<\/strong> \u2013 ped\u00e1gio em Caieiras<\/li>\n<\/ul>\n<p>Por volta das<strong> 18:20h<\/strong>, um radar flagrou o carro circulando na <strong>avenida Engenheiro Caetano \u00c1lvares<\/strong>, zona norte de S\u00e3o Paulo. \u00c0s <strong>19:09h<\/strong>, duas c\u00e2meras de seguran\u00e7a da mesma regi\u00e3o tamb\u00e9m captaram o ve\u00edculo em movimento.<\/p>\n<p>No s\u00e1bado (17), pela manh\u00e3, <strong>a pol\u00edcia localizou o autom\u00f3vel abandonado na rua Clara de Oliveira<\/strong>, sem sinais de arrombamento ou furto de pertences, segundo a fam\u00edlia. A Pol\u00edcia Civil analisa as imagens das pra\u00e7as de ped\u00e1gio, mas, devido aos vidros escuros, n\u00e3o \u00e9 poss\u00edvel identificar quem conduzia o carro.<\/p>\n<div class=\"wp-block-image\">\n<figure class=\"aligncenter size-full is-resized\"><img data-recalc-dims=\"1\" fetchpriority=\"high\" decoding=\"async\" width=\"984\" height=\"551\" src=\"https:\/\/i0.wp.com\/www.acidadeon.com\/ribeiraopreto\/wp-content\/uploads\/sites\/3\/2025\/05\/image_2025-05-21_18-36-44.webp?resize=984%2C551&#038;ssl=1\" alt=\"\" class=\"wp-image-117382\" style=\"width:657px;height:auto\" srcset=\"https:\/\/www.acidadeon.com\/ribeiraopreto\/wp-content\/uploads\/sites\/3\/2025\/05\/image_2025-05-21_18-36-44.webp 984w, https:\/\/www.acidadeon.com\/ribeiraopreto\/wp-content\/uploads\/sites\/3\/2025\/05\/image_2025-05-21_18-36-44-300x168.webp 300w, https:\/\/www.acidadeon.com\/ribeiraopreto\/wp-content\/uploads\/sites\/3\/2025\/05\/image_2025-05-21_18-36-44-768x430.webp 768w, https:\/\/www.acidadeon.com\/ribeiraopreto\/wp-content\/uploads\/sites\/3\/2025\/05\/image_2025-05-21_18-36-44-696x390.webp 696w\" sizes=\"(max-width: 984px) 100vw, 984px\"\/><figcaption class=\"wp-element-caption\">Carro foi encontrado em S\u00e3o Paulo \u2013 Foto: Divulga\u00e7\u00e3o<\/figcaption><\/figure>\n<\/div>\n<h3 class=\"wp-block-heading\"><strong>\u00daltimo contato e movimenta\u00e7\u00f5es<\/strong><\/h3>\n<p><strong>Nelson saiu de S\u00e3o Paulo na manh\u00e3 de sexta-feira com destino a Cravinhos para uma reuni\u00e3o<\/strong>. Segundo um amigo, que preferiu n\u00e3o se identificar, <strong>ele informou \u00e0 esposa que retornaria mais cedo<\/strong>, pois tinham um compromisso na capital. Ainda de acordo com esse relato, Nelson mencionou que faria uma entrega em S\u00e3o Paulo, mas n\u00e3o deu detalhes.<\/p>\n<p>O \u00faltimo contato da esposa com ele ocorreu \u00e0s 12:57h, pouco antes do fim da reuni\u00e3o. Ela enviou mensagens ap\u00f3s esse hor\u00e1rio, mas n\u00e3o obteve resposta.<\/p>\n<p><strong>A fam\u00edlia afirma que Nelson n\u00e3o apresentou altera\u00e7\u00f5es de comportamento e n\u00e3o tinha desaven\u00e7as.<\/strong> O boletim de ocorr\u00eancia indica <strong>aus\u00eancia de movimenta\u00e7\u00f5es financeiras recentes na conta banc\u00e1ria do empres\u00e1rio.<\/strong><\/p>\n<h3 class=\"wp-block-heading\"><strong>Sem pistas<\/strong><\/h3>\n<p>A <strong>Divis\u00e3o de Desaparecidos de S\u00e3o Paulo<\/strong> incluiu a imagem de Nelson no sistema<em><strong> Smart Sampa<\/strong><\/em>, que <mark style=\"background-color:#fcb900\" class=\"has-inline-color\">utiliza reconhecimento facial para identificar foragidos e pessoas desaparecidas<\/mark>. At\u00e9 agora, <strong>nenhuma das cerca de 26 mil c\u00e2meras espalhadas pela capital registrou a presen\u00e7a dele<\/strong>, incluindo mais de 3 mil equipamentos instalados na zona norte, onde o carro foi encontrado.<\/p>\n<p>O perfil da Divis\u00e3o de Desaparecidos nas redes sociais tamb\u00e9m divulgou a foto de Nelson. Ele \u00e9 descrito como um homem branco, alto, calvo, com olhos castanhos claros \u2014 sendo que o direito apresenta um problema \u2014 e o bra\u00e7o direito inteiro tatuado.<\/p>\n<p>Segundo <strong>Darko Hunter,<\/strong> diretor da Divis\u00e3o de Desaparecidos, <strong>equipes realizaram buscas em abrigos e unidades de sa\u00fade<\/strong>, mas n\u00e3o localizaram nenhuma pista. <\/p>\n<figure class=\"wp-block-pullquote\">\n<blockquote>\n<p>At\u00e9 o momento, todas as investiga\u00e7\u00f5es e pesquisas foram negativas e o paradeiro de Nelson continua desconhecido<\/p>\n<p><cite>afirmou<\/cite><\/p><\/blockquote>\n<\/figure>\n<p>Quem tiver informa\u00e7\u00f5es que possam ajudar nas buscas pode entrar em contato pelo Disque-Den\u00fancia, no telefone 181.<\/p>\n<hr class=\"wp-block-separator has-alpha-channel-opacity\"\/>\n<p>SAIBA MAIS<mark style=\"background-color:#ffffff\" class=\"has-inline-color has-white-color\"> , no entanto<\/mark><\/p>\n<p>Homem de 52 anos morre carbonizado dentro de casa <mark style=\"background-color:#ffffff\" class=\"has-inline-color has-white-color\">contudo,<\/mark><\/p>\n<h4 class=\"wp-block-heading\"><strong>FIQUE ON<\/strong><\/h4>\n<p>Fique ligado em tudo que acontece em Ribeir\u00e3o Preto e regi\u00e3o. Siga os perfis do\u00a0<strong>acidade on<\/strong>\u00a0no\u00a0<a href=\"https:\/\/www.instagram.com\/acidadeonribeirao\">Instagram<\/a>\u00a0e no\u00a0<a href=\"https:\/\/www.facebook.com\/acidadeonribeirao\/\">Facebook<\/a>.<\/p>\n<p>Receba not\u00edcias do\u00a0<strong>acidade on<\/strong>\u00a0no WhatsApp.\u00a0<a href=\"https:\/\/chat.whatsapp.com\/BjKQZ9oJwlz8VVT50NuePq\">Para entrar no grupo, basta clicar aqui.<\/a><\/p>\n<p>Fa\u00e7a uma den\u00fancia ou sugira uma reportagem sobre Ribeir\u00e3o Preto e regi\u00e3o pelo WhatsApp: 16 99117 7802.<\/p>\n<p>VEJA TAMB\u00c9M<\/p>\n<p>O que aconteceu com Sofia de \u2018A Viagem\u2019? <mark style=\"background-color:#ffffff\" class=\"has-inline-color has-white-color\">contudo,<\/mark><\/p>\n<p><!-- CONTENT END 1 -->\n<\/div>\n<p><script async src=\"\/\/www.instagram.com\/embed.js\"><\/script><br \/>\n<br \/><br \/>\n<br \/><a href=\"https:\/\/www.acidadeon.com\/ribeiraopreto\/cotidiano\/o-que-se-sabe-sobre-empresario-que-sumiu-apos-sair-de-reuniao\/\">Source link <\/a><\/p>\n","protected":false},"excerpt":{"rendered":"<p>O empres\u00e1rio Nelson Francisco Carreira Filho est\u00e1 desaparecido desde a \u00faltima sexta-feira (16), ap\u00f3s uma reuni\u00e3o de neg\u00f3cios em Cravinhos, na regi\u00e3o de Ribeir\u00e3o Preto&#8230;.<\/p>\n","protected":false},"author":1,"featured_media":69992,"comment_status":"open","ping_status":"open","sticky":false,"template":"","format":"standard","meta":{"advanced_seo_description":"","jetpack_seo_html_title":"","jetpack_seo_noindex":false,"jetpack_post_was_ever_published":false,"_jetpack_newsletter_access":"","_jetpack_dont_email_post_to_subs":false,"_jetpack_newsletter_tier_id":0,"_jetpack_memberships_contains_paywalled_content":false,"_jetpack_memberships_contains_paid_content":false,"footnotes":"","jetpack_publicize_message":"","jetpack_publicize_feature_enabled":true,"jetpack_social_post_already_shared":true,"jetpack_social_options":{"image_generator_settings":{"template":"highway","default_image_id":0,"font":"","enabled":false},"version":2}},"categories":[11],"tags":[],"class_list":["post-69991","post","type-post","status-publish","format-standard","has-post-thumbnail","hentry","category-noticias-de-ribeirao-preto-sp-e-regiao-ismael-colosi"],"jetpack_publicize_connections":[],"jetpack_featured_media_url":"https:\/\/i0.wp.com\/noticiasribeiraopreto.com.br\/wp-content\/uploads\/2025\/05\/nelson-francisco-carreira-filho_2025-05-19_15-09-58.webp.webp?fit=1200%2C674&ssl=1","jetpack-related-posts":[{"id":72390,"url":"https:\/\/noticiasribeiraopreto.com.br\/index.php\/2025\/06\/16\/caso-nelson-completa-um-mes-veja-a-linha-do-tempo-suspeitos-e-detalhes-da-investigacao\/","url_meta":{"origin":69991,"position":0},"title":"Caso Nelson completa um m\u00eas: veja a linha do tempo, suspeitos e detalhes da investiga\u00e7\u00e3o","author":"noticiasribeiraopreto.com.br","date":"16 de June de 2025","format":false,"excerpt":"Nesta segunda-feira (16), completa-se um m\u00eas do desaparecimento do empres\u00e1rio Nelson Francisco Carreira Filho, de 44 anos. Ele foi visto pela \u00faltima vez no dia 16 de maio, ap\u00f3s uma reuni\u00e3o de neg\u00f3cios em Cravinhos, na regi\u00e3o de Ribeir\u00e3o Preto. Desde ent\u00e3o, a Pol\u00edcia Civil investiga o caso como homic\u00eddio.\u2026","rel":"","context":"In &quot;Not\u00edcias de Ribeir\u00e3o Preto-SP e Regi\u00e3o&quot;","block_context":{"text":"Not\u00edcias de Ribeir\u00e3o Preto-SP e Regi\u00e3o","link":"https:\/\/noticiasribeiraopreto.com.br\/index.php\/category\/noticias-de-ribeirao-preto-sp-e-regiao-ismael-colosi\/"},"img":{"alt_text":"","src":"https:\/\/i0.wp.com\/noticiasribeiraopreto.com.br\/wp-content\/uploads\/2025\/06\/Copia-de-Copia-de-Copia-de-TAMANHO-EXATO-PARA-FOTOS-NO-SISTEMA-NOVO-2025-06-16T174708.232_2025-06-16_20-47-48.webp.webp?fit=1200%2C675&ssl=1&resize=350%2C200","width":350,"height":200,"srcset":"https:\/\/i0.wp.com\/noticiasribeiraopreto.com.br\/wp-content\/uploads\/2025\/06\/Copia-de-Copia-de-Copia-de-TAMANHO-EXATO-PARA-FOTOS-NO-SISTEMA-NOVO-2025-06-16T174708.232_2025-06-16_20-47-48.webp.webp?fit=1200%2C675&ssl=1&resize=350%2C200 1x, https:\/\/i0.wp.com\/noticiasribeiraopreto.com.br\/wp-content\/uploads\/2025\/06\/Copia-de-Copia-de-Copia-de-TAMANHO-EXATO-PARA-FOTOS-NO-SISTEMA-NOVO-2025-06-16T174708.232_2025-06-16_20-47-48.webp.webp?fit=1200%2C675&ssl=1&resize=525%2C300 1.5x, https:\/\/i0.wp.com\/noticiasribeiraopreto.com.br\/wp-content\/uploads\/2025\/06\/Copia-de-Copia-de-Copia-de-TAMANHO-EXATO-PARA-FOTOS-NO-SISTEMA-NOVO-2025-06-16T174708.232_2025-06-16_20-47-48.webp.webp?fit=1200%2C675&ssl=1&resize=700%2C400 2x, https:\/\/i0.wp.com\/noticiasribeiraopreto.com.br\/wp-content\/uploads\/2025\/06\/Copia-de-Copia-de-Copia-de-TAMANHO-EXATO-PARA-FOTOS-NO-SISTEMA-NOVO-2025-06-16T174708.232_2025-06-16_20-47-48.webp.webp?fit=1200%2C675&ssl=1&resize=1050%2C600 3x"},"classes":[]},{"id":70528,"url":"https:\/\/noticiasribeiraopreto.com.br\/index.php\/2025\/05\/27\/o-que-se-sabe-sobre-suspeita-de-morte-de-empresario-apos-reuniao-em-cravinhos\/","url_meta":{"origin":69991,"position":1},"title":"O que se sabe sobre suspeita de morte de empres\u00e1rio ap\u00f3s reuni\u00e3o em Cravinhos","author":"noticiasribeiraopreto.com.br","date":"27 de May de 2025","format":false,"excerpt":"O advogado que defende um dos suspeitos de envolvimento no desaparecimento e morte do empres\u00e1rio Nelson Francisco Carreira Filho, disse nesta ter\u00e7a-feira (27) que o respons\u00e1vel por levar o carro da v\u00edtima at\u00e9 S\u00e3o Paulo se apresentou \u00e0 pol\u00edcia. O empres\u00e1rio desapareceu ap\u00f3s reuni\u00e3o em Cravinhos no dia 16 de\u2026","rel":"","context":"In &quot;Not\u00edcias de Ribeir\u00e3o Preto-SP e Regi\u00e3o&quot;","block_context":{"text":"Not\u00edcias de Ribeir\u00e3o Preto-SP e Regi\u00e3o","link":"https:\/\/noticiasribeiraopreto.com.br\/index.php\/category\/noticias-de-ribeirao-preto-sp-e-regiao-ismael-colosi\/"},"img":{"alt_text":"","src":"https:\/\/i0.wp.com\/noticiasribeiraopreto.com.br\/wp-content\/uploads\/2025\/05\/TADEU-E-NELSON_2025-05-27_15-10-03.webp.webp?fit=1200%2C674&ssl=1&resize=350%2C200","width":350,"height":200,"srcset":"https:\/\/i0.wp.com\/noticiasribeiraopreto.com.br\/wp-content\/uploads\/2025\/05\/TADEU-E-NELSON_2025-05-27_15-10-03.webp.webp?fit=1200%2C674&ssl=1&resize=350%2C200 1x, https:\/\/i0.wp.com\/noticiasribeiraopreto.com.br\/wp-content\/uploads\/2025\/05\/TADEU-E-NELSON_2025-05-27_15-10-03.webp.webp?fit=1200%2C674&ssl=1&resize=525%2C300 1.5x, https:\/\/i0.wp.com\/noticiasribeiraopreto.com.br\/wp-content\/uploads\/2025\/05\/TADEU-E-NELSON_2025-05-27_15-10-03.webp.webp?fit=1200%2C674&ssl=1&resize=700%2C400 2x, https:\/\/i0.wp.com\/noticiasribeiraopreto.com.br\/wp-content\/uploads\/2025\/05\/TADEU-E-NELSON_2025-05-27_15-10-03.webp.webp?fit=1200%2C674&ssl=1&resize=1050%2C600 3x"},"classes":[]},{"id":70564,"url":"https:\/\/noticiasribeiraopreto.com.br\/index.php\/2025\/05\/27\/justica-decreta-prisao-de-suspeitos-pelo-desaparecimento-de-empresario-em-cravinhos\/","url_meta":{"origin":69991,"position":2},"title":"Justi\u00e7a decreta pris\u00e3o de suspeitos pelo desaparecimento de empres\u00e1rio em Cravinhos","author":"noticiasribeiraopreto.com.br","date":"27 de May de 2025","format":false,"excerpt":"A Justi\u00e7a decretou nesta ter\u00e7a-feira (27) a pris\u00e3o de suspeitos envolvidos no desaparecimento do empres\u00e1rio Nelson Francisco Carreira Filho, visto pela \u00faltima vez no dia 16 de maio ap\u00f3s uma reuni\u00e3o de neg\u00f3cios em Cravinhos, no interior de S\u00e3o Paulo. A Pol\u00edcia Civil de Ribeir\u00e3o Preto investiga se o empres\u00e1rio\u2026","rel":"","context":"In &quot;Not\u00edcias de Ribeir\u00e3o Preto-SP e Regi\u00e3o&quot;","block_context":{"text":"Not\u00edcias de Ribeir\u00e3o Preto-SP e Regi\u00e3o","link":"https:\/\/noticiasribeiraopreto.com.br\/index.php\/category\/noticias-de-ribeirao-preto-sp-e-regiao-ismael-colosi\/"},"img":{"alt_text":"","src":"https:\/\/i0.wp.com\/noticiasribeiraopreto.com.br\/wp-content\/uploads\/2025\/05\/nelson-francisco-carreira-filho_2025-05-19_15-09-58.webp.webp?fit=1200%2C674&ssl=1&resize=350%2C200","width":350,"height":200,"srcset":"https:\/\/i0.wp.com\/noticiasribeiraopreto.com.br\/wp-content\/uploads\/2025\/05\/nelson-francisco-carreira-filho_2025-05-19_15-09-58.webp.webp?fit=1200%2C674&ssl=1&resize=350%2C200 1x, https:\/\/i0.wp.com\/noticiasribeiraopreto.com.br\/wp-content\/uploads\/2025\/05\/nelson-francisco-carreira-filho_2025-05-19_15-09-58.webp.webp?fit=1200%2C674&ssl=1&resize=525%2C300 1.5x, https:\/\/i0.wp.com\/noticiasribeiraopreto.com.br\/wp-content\/uploads\/2025\/05\/nelson-francisco-carreira-filho_2025-05-19_15-09-58.webp.webp?fit=1200%2C674&ssl=1&resize=700%2C400 2x, https:\/\/i0.wp.com\/noticiasribeiraopreto.com.br\/wp-content\/uploads\/2025\/05\/nelson-francisco-carreira-filho_2025-05-19_15-09-58.webp.webp?fit=1200%2C674&ssl=1&resize=1050%2C600 3x"},"classes":[]},{"id":70514,"url":"https:\/\/noticiasribeiraopreto.com.br\/index.php\/2025\/05\/27\/empresarios-de-cravinhos-sao-suspeitos-de-matar-empresario-paulistano\/","url_meta":{"origin":69991,"position":3},"title":"Empres\u00e1rios de Cravinhos s\u00e3o suspeitos de matar empres\u00e1rio paulistano","author":"noticiasribeiraopreto.com.br","date":"27 de May de 2025","format":false,"excerpt":"Um dos s\u00f3cios \u00e9 suspeito de matar o empres\u00e1rio e o outro de jogar seu corpo em rio e levar o carro da v\u00edtima para a Capital 27 de maio de 2025 12:521 Compartilhar0 Por: Adalberto Luque A Pol\u00edcia Civil pediu a pris\u00e3o preventiva de dois empres\u00e1rios do ramo de\u2026","rel":"","context":"In &quot;Not\u00edcias de Ribeir\u00e3o Preto-SP e Regi\u00e3o&quot;","block_context":{"text":"Not\u00edcias de Ribeir\u00e3o Preto-SP e Regi\u00e3o","link":"https:\/\/noticiasribeiraopreto.com.br\/index.php\/category\/noticias-de-ribeirao-preto-sp-e-regiao-ismael-colosi\/"},"img":{"alt_text":"","src":"https:\/\/i0.wp.com\/noticiasribeiraopreto.com.br\/wp-content\/uploads\/2025\/05\/27-mai-2025-crimecravinhos01.jpg?fit=844%2C541&ssl=1&resize=350%2C200","width":350,"height":200,"srcset":"https:\/\/i0.wp.com\/noticiasribeiraopreto.com.br\/wp-content\/uploads\/2025\/05\/27-mai-2025-crimecravinhos01.jpg?fit=844%2C541&ssl=1&resize=350%2C200 1x, https:\/\/i0.wp.com\/noticiasribeiraopreto.com.br\/wp-content\/uploads\/2025\/05\/27-mai-2025-crimecravinhos01.jpg?fit=844%2C541&ssl=1&resize=525%2C300 1.5x, https:\/\/i0.wp.com\/noticiasribeiraopreto.com.br\/wp-content\/uploads\/2025\/05\/27-mai-2025-crimecravinhos01.jpg?fit=844%2C541&ssl=1&resize=700%2C400 2x"},"classes":[]},{"id":70669,"url":"https:\/\/noticiasribeiraopreto.com.br\/index.php\/2025\/05\/28\/uso-indevido-de-marca-como-suspeita-do-crime\/","url_meta":{"origin":69991,"position":4},"title":"Uso indevido de marca como suspeita do crime","author":"noticiasribeiraopreto.com.br","date":"28 de May de 2025","format":false,"excerpt":"O desaparecimento do empres\u00e1rio Nelson Francisco Carreira Filho, de 58 anos, est\u00e1 ligado a uma disputa comercial envolvendo uso indevido de marca. \u00c9 o que revela o depoimento de um dos suspeitos, Tadeu Almeida Silva, \u00e0 Pol\u00edcia Civil. Segundo ele, Nelson foi assassinado por Marlon Couto, seu parceiro de neg\u00f3cios,\u2026","rel":"","context":"In &quot;Not\u00edcias de Ribeir\u00e3o Preto-SP e Regi\u00e3o&quot;","block_context":{"text":"Not\u00edcias de Ribeir\u00e3o Preto-SP e Regi\u00e3o","link":"https:\/\/noticiasribeiraopreto.com.br\/index.php\/category\/noticias-de-ribeirao-preto-sp-e-regiao-ismael-colosi\/"},"img":{"alt_text":"","src":"https:\/\/i0.wp.com\/noticiasribeiraopreto.com.br\/wp-content\/uploads\/2025\/05\/nelson_filho-e1748468944547.jpeg?fit=800%2C604&ssl=1&resize=350%2C200","width":350,"height":200,"srcset":"https:\/\/i0.wp.com\/noticiasribeiraopreto.com.br\/wp-content\/uploads\/2025\/05\/nelson_filho-e1748468944547.jpeg?fit=800%2C604&ssl=1&resize=350%2C200 1x, https:\/\/i0.wp.com\/noticiasribeiraopreto.com.br\/wp-content\/uploads\/2025\/05\/nelson_filho-e1748468944547.jpeg?fit=800%2C604&ssl=1&resize=525%2C300 1.5x, https:\/\/i0.wp.com\/noticiasribeiraopreto.com.br\/wp-content\/uploads\/2025\/05\/nelson_filho-e1748468944547.jpeg?fit=800%2C604&ssl=1&resize=700%2C400 2x"},"classes":[]},{"id":70498,"url":"https:\/\/noticiasribeiraopreto.com.br\/index.php\/2025\/05\/27\/policia-suspeita-que-empresario-desaparecido-foi-morto-e-teve-o-corpo-jogado-em-rio\/","url_meta":{"origin":69991,"position":5},"title":"Pol\u00edcia suspeita que empres\u00e1rio desaparecido foi morto e teve o corpo jogado em rio","author":"noticiasribeiraopreto.com.br","date":"27 de May de 2025","format":false,"excerpt":"A Pol\u00edcia Civil suspeita que o empres\u00e1rio Nelson Francisco Carreira Filho, de 44 anos, tenha sido morto e o seu corpo jogado em um rio. Ele est\u00e1 desaparecido desde a sexta-feira (16 de maio), depois de participar de uma reuni\u00e3o de trabalho em Cravinhos, na regi\u00e3o de Ribeir\u00e3o Preto. Segundo\u2026","rel":"","context":"In &quot;Not\u00edcias de Ribeir\u00e3o Preto-SP e Regi\u00e3o&quot;","block_context":{"text":"Not\u00edcias de Ribeir\u00e3o Preto-SP e Regi\u00e3o","link":"https:\/\/noticiasribeiraopreto.com.br\/index.php\/category\/noticias-de-ribeirao-preto-sp-e-regiao-ismael-colosi\/"},"img":{"alt_text":"","src":"https:\/\/i0.wp.com\/noticiasribeiraopreto.com.br\/wp-content\/uploads\/2025\/05\/nelson-francisco-carreira-filho_2025-05-19_15-09-58.webp.webp?fit=1200%2C674&ssl=1&resize=350%2C200","width":350,"height":200,"srcset":"https:\/\/i0.wp.com\/noticiasribeiraopreto.com.br\/wp-content\/uploads\/2025\/05\/nelson-francisco-carreira-filho_2025-05-19_15-09-58.webp.webp?fit=1200%2C674&ssl=1&resize=350%2C200 1x, https:\/\/i0.wp.com\/noticiasribeiraopreto.com.br\/wp-content\/uploads\/2025\/05\/nelson-francisco-carreira-filho_2025-05-19_15-09-58.webp.webp?fit=1200%2C674&ssl=1&resize=525%2C300 1.5x, https:\/\/i0.wp.com\/noticiasribeiraopreto.com.br\/wp-content\/uploads\/2025\/05\/nelson-francisco-carreira-filho_2025-05-19_15-09-58.webp.webp?fit=1200%2C674&ssl=1&resize=700%2C400 2x, https:\/\/i0.wp.com\/noticiasribeiraopreto.com.br\/wp-content\/uploads\/2025\/05\/nelson-francisco-carreira-filho_2025-05-19_15-09-58.webp.webp?fit=1200%2C674&ssl=1&resize=1050%2C600 3x"},"classes":[]}],"jetpack_sharing_enabled":true,"jetpack_shortlink":"https:\/\/wp.me\/peQAOb-icT","_links":{"self":[{"href":"https:\/\/noticiasribeiraopreto.com.br\/index.php\/wp-json\/wp\/v2\/posts\/69991","targetHints":{"allow":["GET"]}}],"collection":[{"href":"https:\/\/noticiasribeiraopreto.com.br\/index.php\/wp-json\/wp\/v2\/posts"}],"about":[{"href":"https:\/\/noticiasribeiraopreto.com.br\/index.php\/wp-json\/wp\/v2\/types\/post"}],"author":[{"embeddable":true,"href":"https:\/\/noticiasribeiraopreto.com.br\/index.php\/wp-json\/wp\/v2\/users\/1"}],"replies":[{"embeddable":true,"href":"https:\/\/noticiasribeiraopreto.com.br\/index.php\/wp-json\/wp\/v2\/comments?post=69991"}],"version-history":[{"count":0,"href":"https:\/\/noticiasribeiraopreto.com.br\/index.php\/wp-json\/wp\/v2\/posts\/69991\/revisions"}],"wp:featuredmedia":[{"embeddable":true,"href":"https:\/\/noticiasribeiraopreto.com.br\/index.php\/wp-json\/wp\/v2\/media\/69992"}],"wp:attachment":[{"href":"https:\/\/noticiasribeiraopreto.com.br\/index.php\/wp-json\/wp\/v2\/media?parent=69991"}],"wp:term":[{"taxonomy":"category","embeddable":true,"href":"https:\/\/noticiasribeiraopreto.com.br\/index.php\/wp-json\/wp\/v2\/categories?post=69991"},{"taxonomy":"post_tag","embeddable":true,"href":"https:\/\/noticiasribeiraopreto.com.br\/index.php\/wp-json\/wp\/v2\/tags?post=69991"}],"curies":[{"name":"wp","href":"https:\/\/api.w.org\/{rel}","templated":true}]}}