{"id":69993,"date":"2025-05-21T18:19:33","date_gmt":"2025-05-21T21:19:33","guid":{"rendered":"https:\/\/noticiasribeiraopreto.com.br\/index.php\/2025\/05\/21\/como-ribeirao-preto-virou-polo-de-saude-livro-revela-formacao-da-industria-na-cidade\/"},"modified":"2025-05-21T18:19:33","modified_gmt":"2025-05-21T21:19:33","slug":"como-ribeirao-preto-virou-polo-de-saude-livro-revela-formacao-da-industria-na-cidade","status":"publish","type":"post","link":"https:\/\/noticiasribeiraopreto.com.br\/index.php\/2025\/05\/21\/como-ribeirao-preto-virou-polo-de-saude-livro-revela-formacao-da-industria-na-cidade\/","title":{"rendered":"Como Ribeir\u00e3o Preto virou polo de sa\u00fade? Livro revela forma\u00e7\u00e3o da ind\u00fastria na cidade"},"content":{"rendered":"<p> <br \/>\n<\/p>\n<div>\n<p>Ser\u00e1 lan\u00e7ado na pr\u00f3xima ter\u00e7a-feira (27) um livro que pretende revelar como <strong>Ribeir\u00e3o Preto <\/strong>se tornou um polo da sa\u00fade. A obra <strong>\u201cForma\u00e7\u00e3o do polo da sa\u00fade de Ribeir\u00e3o Preto: ind\u00fastrias, institui\u00e7\u00f5es e empreendedores\u201d<\/strong>, da historiadora <strong>Erika Moretini<\/strong>, apresenta as circunst\u00e2ncias que levaram a cidade \u00e0 proje\u00e7\u00e3o acad\u00eamica, tecnol\u00f3gica e econ\u00f4mica no setor.<\/p>\n<p>O lan\u00e7amento da editora da Associa\u00e7\u00e3o Engenho Cultural acontece a partir das 19h, na <strong>Livraria Travessa<\/strong> do <strong>Ribeir\u00e3o Shopping<\/strong>.<\/p>\n<h2 class=\"wp-block-heading\"><strong>O livro<\/strong><\/h2>\n<p>O livro recorda como Ribeir\u00e3o Preto passou por uma transforma\u00e7\u00e3o a partir do final do s\u00e9culo XIX. Nesye per\u00edodo, com o desenvolvimento da cultura cafeeira, a cidade impactou a economia, a sociedade e a forma\u00e7\u00e3o da identidade local.\u00a0<\/p>\n<p>De acordo com Erika Moretini, o munic\u00edpio se inspirou no processo de moderniza\u00e7\u00e3o das capitais europeias e tomou para si o desafio de se tornar uma cidade moderna nos tr\u00f3picos.<\/p>\n<p>\u201cDurante o s\u00e9culo XX, ela se consolidou como um polo industrial da sa\u00fade, combinando o desenvolvimento de universidades, ind\u00fastrias e servi\u00e7os m\u00e9dico-odontol\u00f3gicos \u00e0s pol\u00edticas p\u00fablicas locais, explica.<\/p>\n<h2 class=\"wp-block-heading\"><strong>Servi\u00e7o<\/strong><\/h2>\n<h4 class=\"wp-block-heading\"><strong>Lan\u00e7amento de livro \u201cForma\u00e7\u00e3o do polo da sa\u00fade de Ribeir\u00e3o Preto: ind\u00fastrias, institui\u00e7\u00f5es e empreendedores\u201d.<\/strong><\/h4>\n<p><strong>Onde: <\/strong>Livraria Travessa \u2013 Ribeir\u00e3o Shopping (avenida Coronel Fernando Ferreira Leite, 1540 \u2013 Jardim Calif\u00f3rnia \u2013 Ribeir\u00e3o Preto)<br \/><strong>Quando:<\/strong> Ter\u00e7a-feira, 27 de maio de 2025, a partir das 19h.<br \/><strong>Valor do exemplar:<\/strong> R$ 90,00<\/p>\n<p>SAIBA MAIS<br \/>Evento re\u00fane brech\u00f3s e oferece mais de 10 mil pe\u00e7as em Ribeir\u00e3o Preto; Veja quando<\/p>\n<h2 class=\"wp-block-heading\"><strong>FIQUE ON<\/strong><\/h2>\n<p>Fique ligado em tudo que acontece em Ribeir\u00e3o Preto e regi\u00e3o. Siga os perfis do\u00a0<strong>acidade on<\/strong>\u00a0no\u00a0<a href=\"https:\/\/www.instagram.com\/acidadeonribeirao\">Instagram\u00a0<\/a>e no\u00a0<a href=\"https:\/\/www.facebook.com\/acidadeonribeirao\/\">Facebook.<\/a><\/p>\n<p>Receba not\u00edcias do\u00a0<strong>acidade on<\/strong>\u00a0no WhatsApp.\u00a0<a href=\"https:\/\/chat.whatsapp.com\/BjKQZ9oJwlz8VVT50NuePq\">Para entrar no grupo, basta clicar aqui.<\/a><\/p>\n<p>Fa\u00e7a uma den\u00fancia ou sugira uma reportagem sobre Ribeir\u00e3o Preto e regi\u00e3o pelo WhatsApp: 16 99117 7802.<\/p>\n<p>VEJA TAMB\u00c9M<br \/>Quais marcas de azeite tiveram a venda proibida?<\/p>\n<p><!-- CONTENT END 1 -->\n<\/div>\n<p><script async src=\"\/\/www.instagram.com\/embed.js\"><\/script><br \/>\n<br \/><br \/>\n<br \/><a href=\"https:\/\/www.acidadeon.com\/ribeiraopreto\/lazer-e-cultura\/giro-lazer-e-cultura\/como-ribeirao-preto-virou-polo-de-saude-livro-revela-formacao-da-industria-na-cidade\/\">Source link <\/a><\/p>\n","protected":false},"excerpt":{"rendered":"<p>Ser\u00e1 lan\u00e7ado na pr\u00f3xima ter\u00e7a-feira (27) um livro que pretende revelar como Ribeir\u00e3o Preto se tornou um polo da sa\u00fade. A obra \u201cForma\u00e7\u00e3o do polo&#8230;<\/p>\n","protected":false},"author":1,"featured_media":69994,"comment_status":"open","ping_status":"open","sticky":false,"template":"","format":"standard","meta":{"advanced_seo_description":"","jetpack_seo_html_title":"","jetpack_seo_noindex":false,"jetpack_post_was_ever_published":false,"_jetpack_newsletter_access":"","_jetpack_dont_email_post_to_subs":false,"_jetpack_newsletter_tier_id":0,"_jetpack_memberships_contains_paywalled_content":false,"_jetpack_memberships_contains_paid_content":false,"footnotes":"","jetpack_publicize_message":"","jetpack_publicize_feature_enabled":true,"jetpack_social_post_already_shared":true,"jetpack_social_options":{"image_generator_settings":{"template":"highway","default_image_id":0,"font":"","enabled":false},"version":2}},"categories":[11],"tags":[],"class_list":["post-69993","post","type-post","status-publish","format-standard","has-post-thumbnail","hentry","category-noticias-de-ribeirao-preto-sp-e-regiao-ismael-colosi"],"jetpack_publicize_connections":[],"jetpack_featured_media_url":"https:\/\/i0.wp.com\/noticiasribeiraopreto.com.br\/wp-content\/uploads\/2025\/05\/LIVRO-POLO-SAUDE_2025-05-21_18-24-55.webp.webp?fit=1200%2C674&ssl=1","jetpack-related-posts":[{"id":72635,"url":"https:\/\/noticiasribeiraopreto.com.br\/index.php\/2025\/06\/19\/ribeirao-preto-169-anos-o-segredo-da-cidade-que-virou-centro-de-excelencia-em-saude\/","url_meta":{"origin":69993,"position":0},"title":"Ribeir\u00e3o Preto 169 anos: o segredo da cidade que virou centro de excel\u00eancia em sa\u00fade","author":"noticiasribeiraopreto.com.br","date":"19 de June de 2025","format":false,"excerpt":"Ribeir\u00e3o Preto \u00e9 hoje um dos principais polos de sa\u00fade do Brasil. O que se v\u00ea no munic\u00edpio \u00e9 resultado de uma estrutura s\u00f3lida, que combina forma\u00e7\u00e3o universit\u00e1ria, pesquisa, rede hospitalar p\u00fablica e privada, al\u00e9m de investimentos cont\u00ednuos em expans\u00e3o de servi\u00e7os e infraestrutura. A consolida\u00e7\u00e3o desse setor se apoia\u2026","rel":"","context":"In &quot;Not\u00edcias de Ribeir\u00e3o Preto-SP e Regi\u00e3o&quot;","block_context":{"text":"Not\u00edcias de Ribeir\u00e3o Preto-SP e Regi\u00e3o","link":"https:\/\/noticiasribeiraopreto.com.br\/index.php\/category\/noticias-de-ribeirao-preto-sp-e-regiao-ismael-colosi\/"},"img":{"alt_text":"","src":"https:\/\/i0.wp.com\/noticiasribeiraopreto.com.br\/wp-content\/uploads\/2025\/06\/Copia-de-Copia-de-Copia-de-TAMANHO-EXATO-PARA-FOTOS-NO-SISTEMA-NOVO-2025-06-18T174513.703_2025-06-18_20-46-38.webp.webp?fit=1200%2C675&ssl=1&resize=350%2C200","width":350,"height":200,"srcset":"https:\/\/i0.wp.com\/noticiasribeiraopreto.com.br\/wp-content\/uploads\/2025\/06\/Copia-de-Copia-de-Copia-de-TAMANHO-EXATO-PARA-FOTOS-NO-SISTEMA-NOVO-2025-06-18T174513.703_2025-06-18_20-46-38.webp.webp?fit=1200%2C675&ssl=1&resize=350%2C200 1x, https:\/\/i0.wp.com\/noticiasribeiraopreto.com.br\/wp-content\/uploads\/2025\/06\/Copia-de-Copia-de-Copia-de-TAMANHO-EXATO-PARA-FOTOS-NO-SISTEMA-NOVO-2025-06-18T174513.703_2025-06-18_20-46-38.webp.webp?fit=1200%2C675&ssl=1&resize=525%2C300 1.5x, https:\/\/i0.wp.com\/noticiasribeiraopreto.com.br\/wp-content\/uploads\/2025\/06\/Copia-de-Copia-de-Copia-de-TAMANHO-EXATO-PARA-FOTOS-NO-SISTEMA-NOVO-2025-06-18T174513.703_2025-06-18_20-46-38.webp.webp?fit=1200%2C675&ssl=1&resize=700%2C400 2x, https:\/\/i0.wp.com\/noticiasribeiraopreto.com.br\/wp-content\/uploads\/2025\/06\/Copia-de-Copia-de-Copia-de-TAMANHO-EXATO-PARA-FOTOS-NO-SISTEMA-NOVO-2025-06-18T174513.703_2025-06-18_20-46-38.webp.webp?fit=1200%2C675&ssl=1&resize=1050%2C600 3x"},"classes":[]},{"id":61727,"url":"https:\/\/noticiasribeiraopreto.com.br\/index.php\/2024\/12\/20\/nogueira-lanca-livro-sobre-os-oitos-anos-na-prefeitura-de-ribeirao-preto\/","url_meta":{"origin":69993,"position":1},"title":"Nogueira lan\u00e7a livro sobre os oitos anos na Prefeitura de Ribeir\u00e3o Preto","author":"noticiasribeiraopreto.com.br","date":"20 de December de 2024","format":false,"excerpt":"O prefeito de Ribeir\u00e3o Preto, Duarte Nogueira (PSDB), lan\u00e7a neste s\u00e1bado (21), o livro \u201cDesafios e Solu\u00e7\u00f5es II \u2013 Reconstruindo o Futuro\u201d, a partir das 10h, na Biblioteca Sinh\u00e1 Junqueira, no Centro. De acordo com a assessoria do prefeito, o evento marca o encerramento de oito anos de administra\u00e7\u00e3o \u00e0\u2026","rel":"","context":"In &quot;Not\u00edcias de Ribeir\u00e3o Preto-SP e Regi\u00e3o&quot;","block_context":{"text":"Not\u00edcias de Ribeir\u00e3o Preto-SP e Regi\u00e3o","link":"https:\/\/noticiasribeiraopreto.com.br\/index.php\/category\/noticias-de-ribeirao-preto-sp-e-regiao-ismael-colosi\/"},"img":{"alt_text":"","src":"https:\/\/i0.wp.com\/noticiasribeiraopreto.com.br\/wp-content\/uploads\/2024\/12\/duarte-nogueira.jpg?fit=1200%2C799&ssl=1&resize=350%2C200","width":350,"height":200,"srcset":"https:\/\/i0.wp.com\/noticiasribeiraopreto.com.br\/wp-content\/uploads\/2024\/12\/duarte-nogueira.jpg?fit=1200%2C799&ssl=1&resize=350%2C200 1x, https:\/\/i0.wp.com\/noticiasribeiraopreto.com.br\/wp-content\/uploads\/2024\/12\/duarte-nogueira.jpg?fit=1200%2C799&ssl=1&resize=525%2C300 1.5x, https:\/\/i0.wp.com\/noticiasribeiraopreto.com.br\/wp-content\/uploads\/2024\/12\/duarte-nogueira.jpg?fit=1200%2C799&ssl=1&resize=700%2C400 2x, https:\/\/i0.wp.com\/noticiasribeiraopreto.com.br\/wp-content\/uploads\/2024\/12\/duarte-nogueira.jpg?fit=1200%2C799&ssl=1&resize=1050%2C600 3x"},"classes":[]},{"id":26485,"url":"https:\/\/noticiasribeiraopreto.com.br\/index.php\/2024\/01\/10\/editais-2024-da-fundacao-instituto-do-livro-e-programacao-do-1o-semestre-do-marp-sao-lancados-em-rp\/","url_meta":{"origin":69993,"position":2},"title":"Editais 2024 da Funda\u00e7\u00e3o Instituto do Livro e Programa\u00e7\u00e3o do 1\u00ba Semestre do Marp s\u00e3o lan\u00e7ados em RP \u2013 Folha de Ribeir\u00e3o","author":"noticiasribeiraopreto.com.br","date":"10 de January de 2024","format":false,"excerpt":"Durante evento realizado na \u00faltima segunda-feira, dia 08 de janeiro, a Prefeitura Municipal lan\u00e7ou os Editais 2024 da Funda\u00e7\u00e3o Instituto do Livro e divulgou a programa\u00e7\u00e3o do Marp para o primeiro semestre do ano. A cerim\u00f4nia contou com a presen\u00e7a do Prefeito Municipal, Duarte Nogueira, do secret\u00e1rio da Cultura e\u2026","rel":"","context":"In &quot;Not\u00edcias de Ribeir\u00e3o Preto-SP e Regi\u00e3o&quot;","block_context":{"text":"Not\u00edcias de Ribeir\u00e3o Preto-SP e Regi\u00e3o","link":"https:\/\/noticiasribeiraopreto.com.br\/index.php\/category\/noticias-de-ribeirao-preto-sp-e-regiao-ismael-colosi\/"},"img":{"alt_text":"","src":"https:\/\/i0.wp.com\/noticiasribeiraopreto.com.br\/wp-content\/uploads\/2024\/01\/editais_fundacao_do_livro_-_foto_fernando_gonzaga_3.jpg?fit=1200%2C800&ssl=1&resize=350%2C200","width":350,"height":200,"srcset":"https:\/\/i0.wp.com\/noticiasribeiraopreto.com.br\/wp-content\/uploads\/2024\/01\/editais_fundacao_do_livro_-_foto_fernando_gonzaga_3.jpg?fit=1200%2C800&ssl=1&resize=350%2C200 1x, https:\/\/i0.wp.com\/noticiasribeiraopreto.com.br\/wp-content\/uploads\/2024\/01\/editais_fundacao_do_livro_-_foto_fernando_gonzaga_3.jpg?fit=1200%2C800&ssl=1&resize=525%2C300 1.5x, https:\/\/i0.wp.com\/noticiasribeiraopreto.com.br\/wp-content\/uploads\/2024\/01\/editais_fundacao_do_livro_-_foto_fernando_gonzaga_3.jpg?fit=1200%2C800&ssl=1&resize=700%2C400 2x, https:\/\/i0.wp.com\/noticiasribeiraopreto.com.br\/wp-content\/uploads\/2024\/01\/editais_fundacao_do_livro_-_foto_fernando_gonzaga_3.jpg?fit=1200%2C800&ssl=1&resize=1050%2C600 3x"},"classes":[]},{"id":55629,"url":"https:\/\/noticiasribeiraopreto.com.br\/index.php\/2024\/08\/04\/ribeirao-preto-tem-duas-vocacoes-segundo-secretario-de-tarcisio-veja-quais-sao\/","url_meta":{"origin":69993,"position":3},"title":"Ribeir\u00e3o Preto tem duas voca\u00e7\u00f5es, segundo secret\u00e1rio de Tarc\u00edsio; Veja quais s\u00e3o","author":"noticiasribeiraopreto.com.br","date":"4 de August de 2024","format":false,"excerpt":"O secret\u00e1rio de Desenvolvimento Econ\u00f4mico de S\u00e3o Paulo, Jorge Lima, afirmou que Ribeir\u00e3o Preto n\u00e3o pode depender de apenas uma voca\u00e7\u00e3o na economia. Em entrevista ao acidade on Ribeir\u00e3o, o secret\u00e1rio afirma que o t\u00edtulo de Capital do Chope e das Cervejas Artesanais pode facilitar o desenvolvimento dessa ind\u00fastria na\u2026","rel":"","context":"In &quot;Not\u00edcias de Ribeir\u00e3o Preto-SP e Regi\u00e3o&quot;","block_context":{"text":"Not\u00edcias de Ribeir\u00e3o Preto-SP e Regi\u00e3o","link":"https:\/\/noticiasribeiraopreto.com.br\/index.php\/category\/noticias-de-ribeirao-preto-sp-e-regiao-ismael-colosi\/"},"img":{"alt_text":"","src":"https:\/\/i0.wp.com\/noticiasribeiraopreto.com.br\/wp-content\/uploads\/2024\/08\/WhatsApp-Image-2024-08-04-at-09.05.30_2024-08-04_12-37-47_jpeg_2024-08-04_12-37-47.webp.webp?fit=1200%2C900&ssl=1&resize=350%2C200","width":350,"height":200,"srcset":"https:\/\/i0.wp.com\/noticiasribeiraopreto.com.br\/wp-content\/uploads\/2024\/08\/WhatsApp-Image-2024-08-04-at-09.05.30_2024-08-04_12-37-47_jpeg_2024-08-04_12-37-47.webp.webp?fit=1200%2C900&ssl=1&resize=350%2C200 1x, https:\/\/i0.wp.com\/noticiasribeiraopreto.com.br\/wp-content\/uploads\/2024\/08\/WhatsApp-Image-2024-08-04-at-09.05.30_2024-08-04_12-37-47_jpeg_2024-08-04_12-37-47.webp.webp?fit=1200%2C900&ssl=1&resize=525%2C300 1.5x, https:\/\/i0.wp.com\/noticiasribeiraopreto.com.br\/wp-content\/uploads\/2024\/08\/WhatsApp-Image-2024-08-04-at-09.05.30_2024-08-04_12-37-47_jpeg_2024-08-04_12-37-47.webp.webp?fit=1200%2C900&ssl=1&resize=700%2C400 2x, https:\/\/i0.wp.com\/noticiasribeiraopreto.com.br\/wp-content\/uploads\/2024\/08\/WhatsApp-Image-2024-08-04-at-09.05.30_2024-08-04_12-37-47_jpeg_2024-08-04_12-37-47.webp.webp?fit=1200%2C900&ssl=1&resize=1050%2C600 3x"},"classes":[]},{"id":55085,"url":"https:\/\/noticiasribeiraopreto.com.br\/index.php\/2024\/07\/29\/show-de-dori-caymmi-e-uma-das-atracoes-da-feira-do-livro-de-ribeirao-preto\/","url_meta":{"origin":69993,"position":4},"title":"Show de Dori Caymmi \u00e9 uma das atra\u00e7\u00f5es da Feira do Livro de Ribeir\u00e3o Preto","author":"noticiasribeiraopreto.com.br","date":"29 de July de 2024","format":false,"excerpt":"O show do cantor e compositor Dori Caymmi \u00e9 uma das atra\u00e7\u00f5es da Feira Internacional do Livro de Ribeir\u00e3o Preto, que come\u00e7a na pr\u00f3xima quinta-feira (1\u00ba de agosto) e segue at\u00e9 o dia 11. A apresenta\u00e7\u00e3o est\u00e1 marcada para 4 de agosto, a partir das 20h, no Theatro Pedro II.\u2026","rel":"","context":"In &quot;Not\u00edcias de Ribeir\u00e3o Preto-SP e Regi\u00e3o&quot;","block_context":{"text":"Not\u00edcias de Ribeir\u00e3o Preto-SP e Regi\u00e3o","link":"https:\/\/noticiasribeiraopreto.com.br\/index.php\/category\/noticias-de-ribeirao-preto-sp-e-regiao-ismael-colosi\/"},"img":{"alt_text":"","src":"https:\/\/i0.wp.com\/noticiasribeiraopreto.com.br\/wp-content\/uploads\/2024\/07\/dori-caymmi_2024-07-29_15-35-02_jpeg_2024-07-29_15-35-02.webp.webp?fit=1200%2C675&ssl=1&resize=350%2C200","width":350,"height":200,"srcset":"https:\/\/i0.wp.com\/noticiasribeiraopreto.com.br\/wp-content\/uploads\/2024\/07\/dori-caymmi_2024-07-29_15-35-02_jpeg_2024-07-29_15-35-02.webp.webp?fit=1200%2C675&ssl=1&resize=350%2C200 1x, https:\/\/i0.wp.com\/noticiasribeiraopreto.com.br\/wp-content\/uploads\/2024\/07\/dori-caymmi_2024-07-29_15-35-02_jpeg_2024-07-29_15-35-02.webp.webp?fit=1200%2C675&ssl=1&resize=525%2C300 1.5x, https:\/\/i0.wp.com\/noticiasribeiraopreto.com.br\/wp-content\/uploads\/2024\/07\/dori-caymmi_2024-07-29_15-35-02_jpeg_2024-07-29_15-35-02.webp.webp?fit=1200%2C675&ssl=1&resize=700%2C400 2x, https:\/\/i0.wp.com\/noticiasribeiraopreto.com.br\/wp-content\/uploads\/2024\/07\/dori-caymmi_2024-07-29_15-35-02_jpeg_2024-07-29_15-35-02.webp.webp?fit=1200%2C675&ssl=1&resize=1050%2C600 3x"},"classes":[]},{"id":75560,"url":"https:\/\/noticiasribeiraopreto.com.br\/index.php\/2025\/08\/11\/o-auto-da-compadecida-ganha-versao-na-feira-do-livro-de-ribeirao-preto\/","url_meta":{"origin":69993,"position":5},"title":"\u2018O Auto da Compadecida\u2019 ganha vers\u00e3o na Feira do Livro de Ribeir\u00e3o Preto","author":"noticiasribeiraopreto.com.br","date":"11 de August de 2025","format":false,"excerpt":"Os estudantes da EMEF Domingos Canesin apresentam a pe\u00e7a \u201cO Auto da Compadecida\u201d, no dia 21 de agosto, \u00e0s 10h e \u00e0s 15h, na 24\u00aa Feira Internacional do Livro de Ribeir\u00e3o Preto. A apresenta\u00e7\u00e3o acontece no estande da prefeitura e a entrada \u00e9 gratuita. A cl\u00e1ssica obra de Ariano Suassuna\u2026","rel":"","context":"In &quot;Not\u00edcias de Ribeir\u00e3o Preto-SP e Regi\u00e3o&quot;","block_context":{"text":"Not\u00edcias de Ribeir\u00e3o Preto-SP e Regi\u00e3o","link":"https:\/\/noticiasribeiraopreto.com.br\/index.php\/category\/noticias-de-ribeirao-preto-sp-e-regiao-ismael-colosi\/"},"img":{"alt_text":"","src":"https:\/\/i0.wp.com\/noticiasribeiraopreto.com.br\/wp-content\/uploads\/2025\/08\/feijoada-1_2025-08-11_14-14-18.webp.webp?fit=1200%2C675&ssl=1&resize=350%2C200","width":350,"height":200,"srcset":"https:\/\/i0.wp.com\/noticiasribeiraopreto.com.br\/wp-content\/uploads\/2025\/08\/feijoada-1_2025-08-11_14-14-18.webp.webp?fit=1200%2C675&ssl=1&resize=350%2C200 1x, https:\/\/i0.wp.com\/noticiasribeiraopreto.com.br\/wp-content\/uploads\/2025\/08\/feijoada-1_2025-08-11_14-14-18.webp.webp?fit=1200%2C675&ssl=1&resize=525%2C300 1.5x, https:\/\/i0.wp.com\/noticiasribeiraopreto.com.br\/wp-content\/uploads\/2025\/08\/feijoada-1_2025-08-11_14-14-18.webp.webp?fit=1200%2C675&ssl=1&resize=700%2C400 2x, https:\/\/i0.wp.com\/noticiasribeiraopreto.com.br\/wp-content\/uploads\/2025\/08\/feijoada-1_2025-08-11_14-14-18.webp.webp?fit=1200%2C675&ssl=1&resize=1050%2C600 3x"},"classes":[]}],"jetpack_sharing_enabled":true,"jetpack_shortlink":"https:\/\/wp.me\/peQAOb-icV","_links":{"self":[{"href":"https:\/\/noticiasribeiraopreto.com.br\/index.php\/wp-json\/wp\/v2\/posts\/69993","targetHints":{"allow":["GET"]}}],"collection":[{"href":"https:\/\/noticiasribeiraopreto.com.br\/index.php\/wp-json\/wp\/v2\/posts"}],"about":[{"href":"https:\/\/noticiasribeiraopreto.com.br\/index.php\/wp-json\/wp\/v2\/types\/post"}],"author":[{"embeddable":true,"href":"https:\/\/noticiasribeiraopreto.com.br\/index.php\/wp-json\/wp\/v2\/users\/1"}],"replies":[{"embeddable":true,"href":"https:\/\/noticiasribeiraopreto.com.br\/index.php\/wp-json\/wp\/v2\/comments?post=69993"}],"version-history":[{"count":0,"href":"https:\/\/noticiasribeiraopreto.com.br\/index.php\/wp-json\/wp\/v2\/posts\/69993\/revisions"}],"wp:featuredmedia":[{"embeddable":true,"href":"https:\/\/noticiasribeiraopreto.com.br\/index.php\/wp-json\/wp\/v2\/media\/69994"}],"wp:attachment":[{"href":"https:\/\/noticiasribeiraopreto.com.br\/index.php\/wp-json\/wp\/v2\/media?parent=69993"}],"wp:term":[{"taxonomy":"category","embeddable":true,"href":"https:\/\/noticiasribeiraopreto.com.br\/index.php\/wp-json\/wp\/v2\/categories?post=69993"},{"taxonomy":"post_tag","embeddable":true,"href":"https:\/\/noticiasribeiraopreto.com.br\/index.php\/wp-json\/wp\/v2\/tags?post=69993"}],"curies":[{"name":"wp","href":"https:\/\/api.w.org\/{rel}","templated":true}]}}