{"id":69995,"date":"2025-05-21T18:22:16","date_gmt":"2025-05-21T21:22:16","guid":{"rendered":"https:\/\/noticiasribeiraopreto.com.br\/index.php\/2025\/05\/21\/apos-crise-na-saude-com-falta-de-leitos-vacinacao-contra-gripe-e-liberada-em-franca\/"},"modified":"2025-05-21T18:22:16","modified_gmt":"2025-05-21T21:22:16","slug":"apos-crise-na-saude-com-falta-de-leitos-vacinacao-contra-gripe-e-liberada-em-franca","status":"publish","type":"post","link":"https:\/\/noticiasribeiraopreto.com.br\/index.php\/2025\/05\/21\/apos-crise-na-saude-com-falta-de-leitos-vacinacao-contra-gripe-e-liberada-em-franca\/","title":{"rendered":"Ap\u00f3s crise na sa\u00fade com falta de leitos, vacina\u00e7\u00e3o contra gripe \u00e9 liberada em Franca"},"content":{"rendered":"<p> <br \/>\n<\/p>\n<div>\n<p>H\u00e1 quase um m\u00eas, a falta de leitos em Franca e regi\u00e3o voltou a se agravar, al\u00e9m da demora no atendimento em unidades de sa\u00fade do SUS. Depois de interven\u00e7\u00e3o do Minist\u00e9rio P\u00fablico Estadual e haver um aumento na demanda por atendimento, a Prefeitura de Franca divulgou que a vacina\u00e7\u00e3o contra a gripe est\u00e1 liberada para todas as pessoas na cidade.<\/p>\n<p>Para ser imunizado, \u00e9 necess\u00e1rio apresentar a carteira de vacina\u00e7\u00e3o e um documento com foto. Wal\u00e9ria Mascarenhas, secret\u00e1ria municipal de Sa\u00fade, pediu que a popula\u00e7\u00e3o procure ser vacinada. \u201cAs vacinas ajudam a amenizar os sintomas e reduzir as interna\u00e7\u00f5es. \u00c9 fundamental que todos se vacinem, especialmente, os grupos priorit\u00e1rios que s\u00e3o mais vulner\u00e1veis a desenvolver complica\u00e7\u00f5es em decorr\u00eancia da doen\u00e7a.\u201d<\/p>\n<p>Al\u00e9m da vacina\u00e7\u00e3o nas unidades de sa\u00fade, a Vigil\u00e2ncia est\u00e1 com uma campanha nas creches municipais, a\u00e7\u00e3o realizada em parceria com a Secretaria Municipal de Educa\u00e7\u00e3o. Para isso, \u00e9 necess\u00e1rio que os pais ou respons\u00e1veis assinem um termo de autoriza\u00e7\u00e3o e apresentem o cart\u00e3o de vacina\u00e7\u00e3o.<\/p>\n<p>WhatsApp<\/p>\n<p>Como forma de tirar d\u00favidas a respeito de vacinas, incluindo a da Influenza, a Secretaria Municipal de Sa\u00fade de Franca disponibiliza um n\u00famero de WhatsApp para atendimento. \u00c9 necess\u00e1rio enviar uma mensagem para <a href=\"https:\/\/wa.me\/5501637119592\" target=\"_blank\" rel=\"noopener\">(16) 3711-9592<\/a> e escolher a op\u00e7\u00e3o \u20188\u2019 no menu principal para ter acesso \u00e0s informa\u00e7\u00f5es.<\/p>\n<p>Mais leitos<\/p>\n<p>Por conta de demanda acima da capacidade de atendimento no sistema p\u00fablico de sa\u00fade, pacientes em Franca tem aguardado dias para conseguir atendimento com interna\u00e7\u00e3o, seja na UTI ou em leitos pedi\u00e1tricos ou cl\u00ednicos. A medida para tentar reduzir a espera da popula\u00e7\u00e3o envolve a amplia\u00e7\u00e3o de leitos, o que a Secretaria de Estado da Sa\u00fade (SES) confirmou que s\u00f3 vai acontecer para Franca a partir da pr\u00f3xima semana.<\/p>\n<p>A nova estrutura de leitos envolve 10 de UTI adulto na Santa Casa de Franca e outros quatro leitos de cl\u00ednica m\u00e9dica na Santa Casa de S\u00e3o Joaquim da Barra. Esses 14 novos leitos ainda est\u00e3o sendo instalados e s\u00f3 v\u00e3o ficar dispon\u00edveis para uso do SUS no final deste m\u00eas de maio.<\/p>\n<p>O hospital que j\u00e1 conseguiu implantar a amplia\u00e7\u00e3o \u00e9 a Santa Casa de Ituverava, que est\u00e1 com mais quatro leitos cl\u00ednicos e outros tr\u00eas leitos pedi\u00e1tricos.<\/p>\n<p>Leia tamb\u00e9m:<\/p>\n<blockquote class=\"wp-embedded-content\" data-secret=\"dNXsgxqHGB\">\n<p><a href=\"https:\/\/www.f3noticias.com.br\/ministerio-publico-entende-que-ha-uso-correto-de-recursos-na-saude-em-franca-e-e-preciso-populacao-ser-vacinada\/\">Minist\u00e9rio P\u00fablico entende que h\u00e1 uso correto de recursos na sa\u00fade em Franca e \u00e9 preciso popula\u00e7\u00e3o ser vacinada<\/a><\/p>\n<\/blockquote>\n<p><iframe loading=\"lazy\" class=\"wp-embedded-content\" sandbox=\"allow-scripts\" security=\"restricted\" style=\"position: absolute; clip: rect(1px, 1px, 1px, 1px);\" title=\"\u201cMinist\u00e9rio P\u00fablico entende que h\u00e1 uso correto de recursos na sa\u00fade em Franca e \u00e9 preciso popula\u00e7\u00e3o ser vacinada\u201d \u2014 F3 Not\u00edcias\" src=\"https:\/\/www.f3noticias.com.br\/ministerio-publico-entende-que-ha-uso-correto-de-recursos-na-saude-em-franca-e-e-preciso-populacao-ser-vacinada\/embed\/#?secret=BrJRc9Ax2g#?secret=dNXsgxqHGB\" data-secret=\"dNXsgxqHGB\" width=\"500\" height=\"282\" frameborder=\"0\" marginwidth=\"0\" marginheight=\"0\" scrolling=\"no\"><\/iframe><\/p>\n<blockquote class=\"wp-embedded-content\" data-secret=\"Wh9tWJsf0B\">\n<p><a href=\"https:\/\/www.f3noticias.com.br\/ampliacao-de-leitos-de-uti-clinicos-e-pediatricos-para-franca-so-sera-feita-na-proxima-semana\/\">Amplia\u00e7\u00e3o de leitos de UTI para Franca s\u00f3 ser\u00e1 feita na pr\u00f3xima semana<\/a><\/p>\n<\/blockquote>\n<p><iframe loading=\"lazy\" class=\"wp-embedded-content\" sandbox=\"allow-scripts\" security=\"restricted\" style=\"position: absolute; clip: rect(1px, 1px, 1px, 1px);\" title=\"\u201cAmplia\u00e7\u00e3o de leitos de UTI para Franca s\u00f3 ser\u00e1 feita na pr\u00f3xima semana\u201d \u2014 F3 Not\u00edcias\" src=\"https:\/\/www.f3noticias.com.br\/ampliacao-de-leitos-de-uti-clinicos-e-pediatricos-para-franca-so-sera-feita-na-proxima-semana\/embed\/#?secret=822jB9bykl#?secret=Wh9tWJsf0B\" data-secret=\"Wh9tWJsf0B\" width=\"500\" height=\"282\" frameborder=\"0\" marginwidth=\"0\" marginheight=\"0\" scrolling=\"no\"><\/iframe><\/p>\n<p><!-- CONTENT END 1 --><\/p><\/div>\n<p><br \/>\n<br \/><a href=\"https:\/\/www.f3noticias.com.br\/apos-crise-na-saude-com-falta-de-leitos-vacinacao-contra-gripe-e-liberada-em-franca\/\">Source link <\/a><\/p>\n","protected":false},"excerpt":{"rendered":"<p>H\u00e1 quase um m\u00eas, a falta de leitos em Franca e regi\u00e3o voltou a se agravar, al\u00e9m da demora no atendimento em unidades de sa\u00fade&#8230;<\/p>\n","protected":false},"author":1,"featured_media":69996,"comment_status":"open","ping_status":"open","sticky":false,"template":"","format":"standard","meta":{"advanced_seo_description":"","jetpack_seo_html_title":"","jetpack_seo_noindex":false,"jetpack_post_was_ever_published":false,"_jetpack_newsletter_access":"","_jetpack_dont_email_post_to_subs":false,"_jetpack_newsletter_tier_id":0,"_jetpack_memberships_contains_paywalled_content":false,"_jetpack_memberships_contains_paid_content":false,"footnotes":"","jetpack_publicize_message":"","jetpack_publicize_feature_enabled":true,"jetpack_social_post_already_shared":true,"jetpack_social_options":{"image_generator_settings":{"template":"highway","default_image_id":0,"font":"","enabled":false},"version":2}},"categories":[3597],"tags":[],"class_list":["post-69995","post","type-post","status-publish","format-standard","has-post-thumbnail","hentry","category-noticias-franca-sp"],"jetpack_publicize_connections":[],"jetpack_featured_media_url":"https:\/\/i0.wp.com\/noticiasribeiraopreto.com.br\/wp-content\/uploads\/2025\/05\/vacina-e1716412248187.jpg?fit=700%2C467&ssl=1","jetpack-related-posts":[{"id":70128,"url":"https:\/\/noticiasribeiraopreto.com.br\/index.php\/2025\/05\/22\/balanco-de-4-meses-da-prefeitura-de-franca-mostra-gasto-de-28-com-pessoal-e-menos-1-para-investimento\/","url_meta":{"origin":69995,"position":0},"title":"Balan\u00e7o de 4 meses da Prefeitura de Franca mostra gasto de 28% com pessoal e menos 1% para investimento","author":"noticiasribeiraopreto.com.br","date":"22 de May de 2025","format":false,"excerpt":"A administra\u00e7\u00e3o do prefeito Alexandre Ferreira (MDB) gastou entre janeiro e abril de 2025 o total de R$ 129.208.557,57 com pessoal e encargos sociais, enquanto destinou R$ 1.055.937,79 para realizar investimentos em Franca. Esses dados foram apresentados no demonstrativo da despesa do m\u00eas de abril de 2025, divulgado no Di\u00e1rio\u2026","rel":"","context":"In &quot;Not\u00edcias de Franca-SP&quot;","block_context":{"text":"Not\u00edcias de Franca-SP","link":"https:\/\/noticiasribeiraopreto.com.br\/index.php\/category\/noticias-de-ribeirao-preto-sp-e-regiao-ismael-colosi\/noticias-franca-sp\/"},"img":{"alt_text":"","src":"https:\/\/i0.wp.com\/noticiasribeiraopreto.com.br\/wp-content\/uploads\/2025\/05\/alexandre-ferreira.jpg?fit=600%2C400&ssl=1&resize=350%2C200","width":350,"height":200,"srcset":"https:\/\/i0.wp.com\/noticiasribeiraopreto.com.br\/wp-content\/uploads\/2025\/05\/alexandre-ferreira.jpg?fit=600%2C400&ssl=1&resize=350%2C200 1x, https:\/\/i0.wp.com\/noticiasribeiraopreto.com.br\/wp-content\/uploads\/2025\/05\/alexandre-ferreira.jpg?fit=600%2C400&ssl=1&resize=525%2C300 1.5x"},"classes":[]},{"id":69835,"url":"https:\/\/noticiasribeiraopreto.com.br\/index.php\/2025\/05\/09\/dia-d-para-vacinacao-contra-a-gripe-em-franca-vai-ser-no-terminal-ayrton-senna\/","url_meta":{"origin":69995,"position":1},"title":"Dia D para vacina\u00e7\u00e3o contra a gripe em Franca vai ser no Terminal Ayrton Senna","author":"noticiasribeiraopreto.com.br","date":"9 de May de 2025","format":false,"excerpt":"A Secretaria Municipal de Sa\u00fade de Franca realiza, neste s\u00e1bado, 10, o \u2018Dia D\u2019 de vacina\u00e7\u00e3o contra a gripe para proteger a popula\u00e7\u00e3o antes do inverno, per\u00edodo de maior circula\u00e7\u00e3o de v\u00edrus respirat\u00f3rios. A a\u00e7\u00e3o acontecer\u00e1 no Terminal de \u00d4nibus \u201cAyrton Senna\u201d, no Centro da cidade, das 9h \u00e0s 13h.\u2026","rel":"","context":"In &quot;Not\u00edcias de Franca-SP&quot;","block_context":{"text":"Not\u00edcias de Franca-SP","link":"https:\/\/noticiasribeiraopreto.com.br\/index.php\/category\/noticias-de-ribeirao-preto-sp-e-regiao-ismael-colosi\/noticias-franca-sp\/"},"img":{"alt_text":"","src":"https:\/\/i0.wp.com\/noticiasribeiraopreto.com.br\/wp-content\/uploads\/2025\/05\/vacinacao_gripe_3_original.png?fit=1200%2C794&ssl=1&resize=350%2C200","width":350,"height":200,"srcset":"https:\/\/i0.wp.com\/noticiasribeiraopreto.com.br\/wp-content\/uploads\/2025\/05\/vacinacao_gripe_3_original.png?fit=1200%2C794&ssl=1&resize=350%2C200 1x, https:\/\/i0.wp.com\/noticiasribeiraopreto.com.br\/wp-content\/uploads\/2025\/05\/vacinacao_gripe_3_original.png?fit=1200%2C794&ssl=1&resize=525%2C300 1.5x, https:\/\/i0.wp.com\/noticiasribeiraopreto.com.br\/wp-content\/uploads\/2025\/05\/vacinacao_gripe_3_original.png?fit=1200%2C794&ssl=1&resize=700%2C400 2x, https:\/\/i0.wp.com\/noticiasribeiraopreto.com.br\/wp-content\/uploads\/2025\/05\/vacinacao_gripe_3_original.png?fit=1200%2C794&ssl=1&resize=1050%2C600 3x"},"classes":[]},{"id":67234,"url":"https:\/\/noticiasribeiraopreto.com.br\/index.php\/2025\/04\/11\/jornal-da-franca-prefeitura-de-franca-tem-7-400-doses-para-fazer-a-vacinacao-contra-a-gripe\/","url_meta":{"origin":69995,"position":2},"title":"Jornal da Franca &#8211; Prefeitura de Franca tem 7.400 doses para fazer a vacina\u00e7\u00e3o contra a gripe","author":"noticiasribeiraopreto.com.br","date":"11 de April de 2025","format":false,"excerpt":"compartilhar no whatsapp compartilhar no telegram compartilhar no facebook compartilhar no linkedin Veja os grupos que ter\u00e3o prioridade para receber a vacina contra gripe nas unidades de sa\u00fade de Franca nesta primeira remessa A Secretaria de Sa\u00fade da Prefeitura de Franca iniciou a Campanha de Vacina\u00e7\u00e3o contra a Gripe em\u2026","rel":"","context":"In &quot;Not\u00edcias de Franca-SP&quot;","block_context":{"text":"Not\u00edcias de Franca-SP","link":"https:\/\/noticiasribeiraopreto.com.br\/index.php\/category\/noticias-de-ribeirao-preto-sp-e-regiao-ismael-colosi\/noticias-franca-sp\/"},"img":{"alt_text":"","src":"https:\/\/i0.wp.com\/noticiasribeiraopreto.com.br\/wp-content\/uploads\/2025\/04\/vacinacao-gripe.jpeg?fit=1200%2C794&ssl=1&resize=350%2C200","width":350,"height":200,"srcset":"https:\/\/i0.wp.com\/noticiasribeiraopreto.com.br\/wp-content\/uploads\/2025\/04\/vacinacao-gripe.jpeg?fit=1200%2C794&ssl=1&resize=350%2C200 1x, https:\/\/i0.wp.com\/noticiasribeiraopreto.com.br\/wp-content\/uploads\/2025\/04\/vacinacao-gripe.jpeg?fit=1200%2C794&ssl=1&resize=525%2C300 1.5x, https:\/\/i0.wp.com\/noticiasribeiraopreto.com.br\/wp-content\/uploads\/2025\/04\/vacinacao-gripe.jpeg?fit=1200%2C794&ssl=1&resize=700%2C400 2x, https:\/\/i0.wp.com\/noticiasribeiraopreto.com.br\/wp-content\/uploads\/2025\/04\/vacinacao-gripe.jpeg?fit=1200%2C794&ssl=1&resize=1050%2C600 3x"},"classes":[]},{"id":70589,"url":"https:\/\/noticiasribeiraopreto.com.br\/index.php\/2025\/05\/28\/jornal-da-franca-secretaria-de-saude-convoca-populacao-para-vacinacao-contra-a-gripe-em-franca\/","url_meta":{"origin":69995,"position":3},"title":"Jornal da Franca &#8211; Secretaria de Sa\u00fade convoca popula\u00e7\u00e3o para vacina\u00e7\u00e3o contra a gripe em Franca","author":"noticiasribeiraopreto.com.br","date":"28 de May de 2025","format":false,"excerpt":"compartilhar no whatsapp compartilhar no telegram compartilhar no facebook compartilhar no linkedin Vacina contra a gripe pode ser aplicada em toda a popula\u00e7\u00e3o acima dos 6 meses de idade Qualquer pessoa a partir de 6 meses de idade pode receber a vacina da gripe em Franca \u00a0 A Secretaria de\u2026","rel":"","context":"In &quot;Not\u00edcias de Franca-SP&quot;","block_context":{"text":"Not\u00edcias de Franca-SP","link":"https:\/\/noticiasribeiraopreto.com.br\/index.php\/category\/noticias-de-ribeirao-preto-sp-e-regiao-ismael-colosi\/noticias-franca-sp\/"},"img":{"alt_text":"","src":"https:\/\/i0.wp.com\/noticiasribeiraopreto.com.br\/wp-content\/uploads\/2025\/05\/vacina-gripe.jpeg?fit=1200%2C794&ssl=1&resize=350%2C200","width":350,"height":200,"srcset":"https:\/\/i0.wp.com\/noticiasribeiraopreto.com.br\/wp-content\/uploads\/2025\/05\/vacina-gripe.jpeg?fit=1200%2C794&ssl=1&resize=350%2C200 1x, https:\/\/i0.wp.com\/noticiasribeiraopreto.com.br\/wp-content\/uploads\/2025\/05\/vacina-gripe.jpeg?fit=1200%2C794&ssl=1&resize=525%2C300 1.5x, https:\/\/i0.wp.com\/noticiasribeiraopreto.com.br\/wp-content\/uploads\/2025\/05\/vacina-gripe.jpeg?fit=1200%2C794&ssl=1&resize=700%2C400 2x, https:\/\/i0.wp.com\/noticiasribeiraopreto.com.br\/wp-content\/uploads\/2025\/05\/vacina-gripe.jpeg?fit=1200%2C794&ssl=1&resize=1050%2C600 3x"},"classes":[]},{"id":71547,"url":"https:\/\/noticiasribeiraopreto.com.br\/index.php\/2025\/06\/07\/jornal-da-franca-vacinacao-contra-influenza-acontece-neste-sabado-7-no-terminal-ayrton-senna\/","url_meta":{"origin":69995,"position":4},"title":"Jornal da Franca &#8211; Vacina\u00e7\u00e3o contra Influenza acontece neste s\u00e1bado, 7, no Terminal Ayrton Senna","author":"noticiasribeiraopreto.com.br","date":"7 de June de 2025","format":false,"excerpt":"compartilhar no whatsapp compartilhar no telegram compartilhar no facebook compartilhar no linkedin Campanha busca ampliar a cobertura vacinal em Franca e inclui a\u00e7\u00f5es no shopping e nas UBSs Equipes da Secretaria de Sa\u00fade de Franca estar\u00e3o imunizando contra Influenza no Terminal Ayrton Senna, no centro de Franca \u00a0 A Secretaria\u2026","rel":"","context":"In &quot;Not\u00edcias de Franca-SP&quot;","block_context":{"text":"Not\u00edcias de Franca-SP","link":"https:\/\/noticiasribeiraopreto.com.br\/index.php\/category\/noticias-de-ribeirao-preto-sp-e-regiao-ismael-colosi\/noticias-franca-sp\/"},"img":{"alt_text":"","src":"https:\/\/i0.wp.com\/noticiasribeiraopreto.com.br\/wp-content\/uploads\/2025\/06\/1749291349_vacinacao-gripe-3.jpeg?fit=1200%2C794&ssl=1&resize=350%2C200","width":350,"height":200,"srcset":"https:\/\/i0.wp.com\/noticiasribeiraopreto.com.br\/wp-content\/uploads\/2025\/06\/1749291349_vacinacao-gripe-3.jpeg?fit=1200%2C794&ssl=1&resize=350%2C200 1x, https:\/\/i0.wp.com\/noticiasribeiraopreto.com.br\/wp-content\/uploads\/2025\/06\/1749291349_vacinacao-gripe-3.jpeg?fit=1200%2C794&ssl=1&resize=525%2C300 1.5x, https:\/\/i0.wp.com\/noticiasribeiraopreto.com.br\/wp-content\/uploads\/2025\/06\/1749291349_vacinacao-gripe-3.jpeg?fit=1200%2C794&ssl=1&resize=700%2C400 2x, https:\/\/i0.wp.com\/noticiasribeiraopreto.com.br\/wp-content\/uploads\/2025\/06\/1749291349_vacinacao-gripe-3.jpeg?fit=1200%2C794&ssl=1&resize=1050%2C600 3x"},"classes":[]},{"id":67837,"url":"https:\/\/noticiasribeiraopreto.com.br\/index.php\/2025\/04\/19\/jornal-da-franca-franca-ja-vacinou-mais-de-8-mil-pessoas-contra-a-gripe-nas-unidades-de-saude\/","url_meta":{"origin":69995,"position":5},"title":"Jornal da Franca &#8211; Franca j\u00e1 vacinou mais de 8 mil pessoas contra a gripe nas unidades de sa\u00fade","author":"noticiasribeiraopreto.com.br","date":"19 de April de 2025","format":false,"excerpt":"compartilhar no whatsapp compartilhar no telegram compartilhar no facebook compartilhar no linkedin \u00c9 importante que o p\u00fablico-alvo deste primeiro momento da campanha procure as unidades de Aten\u00e7\u00e3o B\u00e1sica e se vacine A Secretaria de Sa\u00fade segue com a Campanha de Vacina\u00e7\u00e3o contra a Gripe em todas as UBSs (Unidades B\u00e1sicas\u2026","rel":"","context":"In &quot;Not\u00edcias de Franca-SP&quot;","block_context":{"text":"Not\u00edcias de Franca-SP","link":"https:\/\/noticiasribeiraopreto.com.br\/index.php\/category\/noticias-de-ribeirao-preto-sp-e-regiao-ismael-colosi\/noticias-franca-sp\/"},"img":{"alt_text":"","src":"https:\/\/i0.wp.com\/noticiasribeiraopreto.com.br\/wp-content\/uploads\/2025\/04\/vacinacao-gripe-1.jpeg?fit=1200%2C794&ssl=1&resize=350%2C200","width":350,"height":200,"srcset":"https:\/\/i0.wp.com\/noticiasribeiraopreto.com.br\/wp-content\/uploads\/2025\/04\/vacinacao-gripe-1.jpeg?fit=1200%2C794&ssl=1&resize=350%2C200 1x, https:\/\/i0.wp.com\/noticiasribeiraopreto.com.br\/wp-content\/uploads\/2025\/04\/vacinacao-gripe-1.jpeg?fit=1200%2C794&ssl=1&resize=525%2C300 1.5x, https:\/\/i0.wp.com\/noticiasribeiraopreto.com.br\/wp-content\/uploads\/2025\/04\/vacinacao-gripe-1.jpeg?fit=1200%2C794&ssl=1&resize=700%2C400 2x, https:\/\/i0.wp.com\/noticiasribeiraopreto.com.br\/wp-content\/uploads\/2025\/04\/vacinacao-gripe-1.jpeg?fit=1200%2C794&ssl=1&resize=1050%2C600 3x"},"classes":[]}],"jetpack_sharing_enabled":true,"jetpack_shortlink":"https:\/\/wp.me\/peQAOb-icX","_links":{"self":[{"href":"https:\/\/noticiasribeiraopreto.com.br\/index.php\/wp-json\/wp\/v2\/posts\/69995","targetHints":{"allow":["GET"]}}],"collection":[{"href":"https:\/\/noticiasribeiraopreto.com.br\/index.php\/wp-json\/wp\/v2\/posts"}],"about":[{"href":"https:\/\/noticiasribeiraopreto.com.br\/index.php\/wp-json\/wp\/v2\/types\/post"}],"author":[{"embeddable":true,"href":"https:\/\/noticiasribeiraopreto.com.br\/index.php\/wp-json\/wp\/v2\/users\/1"}],"replies":[{"embeddable":true,"href":"https:\/\/noticiasribeiraopreto.com.br\/index.php\/wp-json\/wp\/v2\/comments?post=69995"}],"version-history":[{"count":0,"href":"https:\/\/noticiasribeiraopreto.com.br\/index.php\/wp-json\/wp\/v2\/posts\/69995\/revisions"}],"wp:featuredmedia":[{"embeddable":true,"href":"https:\/\/noticiasribeiraopreto.com.br\/index.php\/wp-json\/wp\/v2\/media\/69996"}],"wp:attachment":[{"href":"https:\/\/noticiasribeiraopreto.com.br\/index.php\/wp-json\/wp\/v2\/media?parent=69995"}],"wp:term":[{"taxonomy":"category","embeddable":true,"href":"https:\/\/noticiasribeiraopreto.com.br\/index.php\/wp-json\/wp\/v2\/categories?post=69995"},{"taxonomy":"post_tag","embeddable":true,"href":"https:\/\/noticiasribeiraopreto.com.br\/index.php\/wp-json\/wp\/v2\/tags?post=69995"}],"curies":[{"name":"wp","href":"https:\/\/api.w.org\/{rel}","templated":true}]}}