{"id":69997,"date":"2025-05-21T18:29:36","date_gmt":"2025-05-21T21:29:36","guid":{"rendered":"https:\/\/noticiasribeiraopreto.com.br\/index.php\/2025\/05\/21\/engenheiro-acusado-de-tentativa-de-feminicidio-vai-a-juri-popular\/"},"modified":"2025-05-21T18:29:36","modified_gmt":"2025-05-21T21:29:36","slug":"engenheiro-acusado-de-tentativa-de-feminicidio-vai-a-juri-popular","status":"publish","type":"post","link":"https:\/\/noticiasribeiraopreto.com.br\/index.php\/2025\/05\/21\/engenheiro-acusado-de-tentativa-de-feminicidio-vai-a-juri-popular\/","title":{"rendered":"Engenheiro acusado de tentativa de feminic\u00eddio vai a j\u00fari popular"},"content":{"rendered":"<p> <br \/>\n<\/p>\n<div>\n<p>A <strong>Justi\u00e7a de Franca<\/strong>, cidade a 90 quil\u00f4metros de <strong>Ribeir\u00e3o Preto<\/strong>, decidiu levar a <strong>j\u00fari popular<\/strong> o engenheiro <strong>Luis Fernando Moreira Bentivoglio Silveira<\/strong>, suspeito de <strong>esfaquear a ex-mulher, a filha de 1 ano e uma idosa, av\u00f3 da crian\u00e7a<\/strong>, em outubro de 2024.<\/p>\n<p><strong>Luis <\/strong>se tornou r\u00e9u no processo, ap\u00f3s ser denunciado pelo <strong>MP-SP (Minist\u00e9rio P\u00fablico de S\u00e3o Paulo)<\/strong>, por <strong>tentativa de feminic\u00eddio<\/strong>.<\/p>\n<p>A decis\u00e3o aconteceu ap\u00f3s a realiza\u00e7\u00e3o da primeira audi\u00eancia de instru\u00e7\u00e3o, que acontece em mar\u00e7o deste ano \u2013 nessa fase, as partes apresentaram suas <strong>provas <\/strong>e <strong>argumentos <\/strong>diante do juiz.<\/p>\n<p>Como o processo segue em segredo de Justi\u00e7a, as autoridades n\u00e3o divulgaram o nome do magistrado. <mark style=\"background-color:#fcb900\" class=\"has-inline-color\">Ainda n\u00e3o h\u00e1 uma data definida para o julgamento.<\/mark><\/p>\n<h2 class=\"wp-block-heading\"><strong>O caso<\/strong><\/h2>\n<p>A <strong>ex-mulher<\/strong>, <strong>a filha <\/strong>e uma<strong> idosa<\/strong>,<strong> que \u00e9 av\u00f3 da crian\u00e7a e ex-sogra <\/strong>do engenheiro Luis Fernando, foram feridas a faca no ataque ocorrido no dia <strong>21 de outubro de 2024<\/strong>, no apartamento onde a fam\u00edlia vivia, no Jardim No\u00eamia, em Franca.<\/p>\n<p>O casal <strong>estava separado havia um m\u00ea<\/strong>s e a ex-mulher tinha uma <strong>medida protetiva contra o engenheiro<\/strong>. Al\u00e9m disso, na \u00e9poca do ocorrido, Rosana Baldim Ramazini, m\u00e3e e av\u00f3 das v\u00edtimas, fez um apelo por justi\u00e7a \u2013 veja o v\u00eddeo abaixo.<\/p>\n<h2 class=\"wp-block-heading\"><strong>O outro lado<\/strong><\/h2>\n<p>Na \u00e9poca do ocorrido, a defesa de <strong>Luis <\/strong>informou que ele estava arrependido do ocorrido. Em rela\u00e7\u00e3o ao j\u00fari popular, o advogado disse que entrou com recurso contra a realiza\u00e7\u00e3o, no entanto, ainda n\u00e3o obteve uma resposta.<\/p>\n<p><em>*Com informa\u00e7\u00f5es da EPTV<\/em> <mark style=\"background-color:#ffffff\" class=\"has-inline-color has-white-color\">co<\/mark><\/p>\n<blockquote class=\"instagram-media\" data-instgrm-permalink=\"https:\/\/www.instagram.com\/reel\/DBd473xB8pG\/?utm_source=ig_embed&amp;utm_campaign=loading\" data-instgrm-version=\"14\" style=\"background:#FFF;border:0;border-radius:3px;margin: 1px;max-width:540px;min-width:326px;padding:0;width:99.375%;width:-webkit-calc(100% - 2px);width:calc(100% - 2px)\"\/>\n<p><mark style=\"background-color:#ffffff\" class=\"has-inline-color has-white-color\">contudo,<\/mark><\/p>\n<hr class=\"wp-block-separator has-alpha-channel-opacity\"\/>\n<p>SAIBA MAIS<\/p>\n<p>Homem de 52 anos morre carbonizado dentro de casa <mark style=\"background-color:#ffffff\" class=\"has-inline-color has-white-color\">contudo,<\/mark><\/p>\n<h4 class=\"wp-block-heading\"><strong>FIQUE ON<\/strong><\/h4>\n<p>Fique ligado em tudo que acontece em Ribeir\u00e3o Preto e regi\u00e3o. Siga os perfis do\u00a0<strong>acidade on<\/strong>\u00a0no\u00a0<a href=\"https:\/\/www.instagram.com\/acidadeonribeirao\">Instagram<\/a>\u00a0e no\u00a0<a href=\"https:\/\/www.facebook.com\/acidadeonribeirao\/\">Facebook<\/a>.<\/p>\n<p>Receba not\u00edcias do\u00a0<strong>acidade on<\/strong>\u00a0no WhatsApp.\u00a0<a href=\"https:\/\/chat.whatsapp.com\/BjKQZ9oJwlz8VVT50NuePq\">Para entrar no grupo, basta clicar aqui.<\/a><\/p>\n<p>Fa\u00e7a uma den\u00fancia ou sugira uma reportagem sobre Ribeir\u00e3o Preto e regi\u00e3o pelo WhatsApp: 16 99117 7802.<\/p>\n<p>VEJA TAMB\u00c9M<\/p>\n<p>O que aconteceu com Sofia de \u2018A Viagem\u2019? <mark style=\"background-color:#ffffff\" class=\"has-inline-color has-white-color\">contudo,<\/mark><\/p>\n<p><mark style=\"background-color:#ffffff\" class=\"has-inline-color has-white-color\">contudo,<br \/><\/mark><\/p>\n<p><!-- CONTENT END 1 -->\n<\/div>\n<p><script async src=\"\/\/www.instagram.com\/embed.js\"><\/script><br \/>\n<br \/><br \/>\n<br \/><a href=\"https:\/\/www.acidadeon.com\/ribeiraopreto\/cotidiano\/engenheiro-acusado-de-tentativa-de-feminicidio-vai-a-juri-popular\/\">Source link <\/a><\/p>\n","protected":false},"excerpt":{"rendered":"<p>A Justi\u00e7a de Franca, cidade a 90 quil\u00f4metros de Ribeir\u00e3o Preto, decidiu levar a j\u00fari popular o engenheiro Luis Fernando Moreira Bentivoglio Silveira, suspeito de&#8230;<\/p>\n","protected":false},"author":1,"featured_media":59379,"comment_status":"open","ping_status":"open","sticky":false,"template":"","format":"standard","meta":{"advanced_seo_description":"","jetpack_seo_html_title":"","jetpack_seo_noindex":false,"jetpack_post_was_ever_published":false,"_jetpack_newsletter_access":"","_jetpack_dont_email_post_to_subs":false,"_jetpack_newsletter_tier_id":0,"_jetpack_memberships_contains_paywalled_content":false,"_jetpack_memberships_contains_paid_content":false,"footnotes":"","jetpack_publicize_message":"","jetpack_publicize_feature_enabled":true,"jetpack_social_post_already_shared":true,"jetpack_social_options":{"image_generator_settings":{"template":"highway","default_image_id":0,"font":"","enabled":false},"version":2}},"categories":[11],"tags":[],"class_list":["post-69997","post","type-post","status-publish","format-standard","has-post-thumbnail","hentry","category-noticias-de-ribeirao-preto-sp-e-regiao-ismael-colosi"],"jetpack_publicize_connections":[],"jetpack_featured_media_url":"https:\/\/i0.wp.com\/noticiasribeiraopreto.com.br\/wp-content\/uploads\/2024\/10\/Copia-de-Copia-de-Copia-de-TAMANHO-EXATO-PARA-FOTOS-NO-SISTEMA-NOVO-33_2024-10-22_19-19-24_png_2024-10-22_19-19-25.webp.webp?fit=1200%2C675&ssl=1","jetpack-related-posts":[{"id":60585,"url":"https:\/\/noticiasribeiraopreto.com.br\/index.php\/2024\/11\/19\/engenheiro-vira-reu-por-tentativa-de-feminicidio-na-regiao-de-ribeirao-preto\/","url_meta":{"origin":69997,"position":0},"title":"Engenheiro vira r\u00e9u por tentativa de feminic\u00eddio na regi\u00e3o de Ribeir\u00e3o Preto","author":"noticiasribeiraopreto.com.br","date":"19 de November de 2024","format":false,"excerpt":"O Tribunal de Justi\u00e7a de S\u00e3o Paulo (TJ-SP) aceitou a den\u00fancia contra o engenheiro Luis Fernando Moreira Bentivoglio Silveira, que passou a ser r\u00e9u no processo que investiga tentativa de feminic\u00eddio, em Franca, cidade a aproximadamente 80 quil\u00f4metros de Ribeir\u00e3o Preto. Ele \u00e9 suspeito de esfaquear a ex-mulher, a filha\u2026","rel":"","context":"In &quot;Not\u00edcias de Ribeir\u00e3o Preto-SP e Regi\u00e3o&quot;","block_context":{"text":"Not\u00edcias de Ribeir\u00e3o Preto-SP e Regi\u00e3o","link":"https:\/\/noticiasribeiraopreto.com.br\/index.php\/category\/noticias-de-ribeirao-preto-sp-e-regiao-ismael-colosi\/"},"img":{"alt_text":"","src":"https:\/\/i0.wp.com\/noticiasribeiraopreto.com.br\/wp-content\/uploads\/2024\/10\/Copia-de-Copia-de-Copia-de-TAMANHO-EXATO-PARA-FOTOS-NO-SISTEMA-NOVO-33_2024-10-22_19-19-24_png_2024-10-22_19-19-25.webp.webp?fit=1200%2C675&ssl=1&resize=350%2C200","width":350,"height":200,"srcset":"https:\/\/i0.wp.com\/noticiasribeiraopreto.com.br\/wp-content\/uploads\/2024\/10\/Copia-de-Copia-de-Copia-de-TAMANHO-EXATO-PARA-FOTOS-NO-SISTEMA-NOVO-33_2024-10-22_19-19-24_png_2024-10-22_19-19-25.webp.webp?fit=1200%2C675&ssl=1&resize=350%2C200 1x, https:\/\/i0.wp.com\/noticiasribeiraopreto.com.br\/wp-content\/uploads\/2024\/10\/Copia-de-Copia-de-Copia-de-TAMANHO-EXATO-PARA-FOTOS-NO-SISTEMA-NOVO-33_2024-10-22_19-19-24_png_2024-10-22_19-19-25.webp.webp?fit=1200%2C675&ssl=1&resize=525%2C300 1.5x, https:\/\/i0.wp.com\/noticiasribeiraopreto.com.br\/wp-content\/uploads\/2024\/10\/Copia-de-Copia-de-Copia-de-TAMANHO-EXATO-PARA-FOTOS-NO-SISTEMA-NOVO-33_2024-10-22_19-19-24_png_2024-10-22_19-19-25.webp.webp?fit=1200%2C675&ssl=1&resize=700%2C400 2x, https:\/\/i0.wp.com\/noticiasribeiraopreto.com.br\/wp-content\/uploads\/2024\/10\/Copia-de-Copia-de-Copia-de-TAMANHO-EXATO-PARA-FOTOS-NO-SISTEMA-NOVO-33_2024-10-22_19-19-24_png_2024-10-22_19-19-25.webp.webp?fit=1200%2C675&ssl=1&resize=1050%2C600 3x"},"classes":[]},{"id":59389,"url":"https:\/\/noticiasribeiraopreto.com.br\/index.php\/2024\/10\/22\/justica-decreta-prisao-preventiva-de-engenheiro-que-esfaqueou-filha-ex-mulher-e-idosa-em-franca\/","url_meta":{"origin":69997,"position":1},"title":"Justi\u00e7a decreta pris\u00e3o preventiva de engenheiro que esfaqueou filha, ex-mulher e idosa em Franca","author":"noticiasribeiraopreto.com.br","date":"22 de October de 2024","format":false,"excerpt":"A Justi\u00e7a decretou, na tarde desta ter\u00e7a-feira (22), a pris\u00e3o preventiva do\u00a0engenheiro Luis Fernando Moreira Bentivoglio Silveira. Ele suspeito de esfaquear a ex-mulher, a filha de 1 ano e uma idosa, av\u00f3 da crian\u00e7a na segunda-feira (21), em\u00a0Franca, na regi\u00e3o de Ribeir\u00e3o Preto. Luis foi preso logo ap\u00f3s o crime\u2026","rel":"","context":"In &quot;Not\u00edcias de Ribeir\u00e3o Preto-SP e Regi\u00e3o&quot;","block_context":{"text":"Not\u00edcias de Ribeir\u00e3o Preto-SP e Regi\u00e3o","link":"https:\/\/noticiasribeiraopreto.com.br\/index.php\/category\/noticias-de-ribeirao-preto-sp-e-regiao-ismael-colosi\/"},"img":{"alt_text":"","src":"https:\/\/i0.wp.com\/noticiasribeiraopreto.com.br\/wp-content\/uploads\/2024\/10\/Copia-de-Copia-de-Copia-de-TAMANHO-EXATO-PARA-FOTOS-NO-SISTEMA-NOVO-36_2024-10-22_21-48-23_png_2024-10-22_21-48-23.webp.webp?fit=1200%2C675&ssl=1&resize=350%2C200","width":350,"height":200,"srcset":"https:\/\/i0.wp.com\/noticiasribeiraopreto.com.br\/wp-content\/uploads\/2024\/10\/Copia-de-Copia-de-Copia-de-TAMANHO-EXATO-PARA-FOTOS-NO-SISTEMA-NOVO-36_2024-10-22_21-48-23_png_2024-10-22_21-48-23.webp.webp?fit=1200%2C675&ssl=1&resize=350%2C200 1x, https:\/\/i0.wp.com\/noticiasribeiraopreto.com.br\/wp-content\/uploads\/2024\/10\/Copia-de-Copia-de-Copia-de-TAMANHO-EXATO-PARA-FOTOS-NO-SISTEMA-NOVO-36_2024-10-22_21-48-23_png_2024-10-22_21-48-23.webp.webp?fit=1200%2C675&ssl=1&resize=525%2C300 1.5x, https:\/\/i0.wp.com\/noticiasribeiraopreto.com.br\/wp-content\/uploads\/2024\/10\/Copia-de-Copia-de-Copia-de-TAMANHO-EXATO-PARA-FOTOS-NO-SISTEMA-NOVO-36_2024-10-22_21-48-23_png_2024-10-22_21-48-23.webp.webp?fit=1200%2C675&ssl=1&resize=700%2C400 2x, https:\/\/i0.wp.com\/noticiasribeiraopreto.com.br\/wp-content\/uploads\/2024\/10\/Copia-de-Copia-de-Copia-de-TAMANHO-EXATO-PARA-FOTOS-NO-SISTEMA-NOVO-36_2024-10-22_21-48-23_png_2024-10-22_21-48-23.webp.webp?fit=1200%2C675&ssl=1&resize=1050%2C600 3x"},"classes":[]},{"id":70738,"url":"https:\/\/noticiasribeiraopreto.com.br\/index.php\/2025\/05\/29\/morte-de-engenheiro-em-ribeirao-juri-popular-condena-dois-envolvidos-no-crime\/","url_meta":{"origin":69997,"position":2},"title":"Morte de engenheiro em Ribeir\u00e3o: J\u00fari Popular condena dois envolvidos no crime","author":"noticiasribeiraopreto.com.br","date":"29 de May de 2025","format":false,"excerpt":"Os dois acusados pelo envolvimento na morte do engenheiro C\u00e9sar Henrique Rinhel, em Ribeir\u00e3o Preto, foram condenados pelo J\u00fari Popular nesta quarta-feira (28). O crime, que aconteceu em dezembro de 2023, teria sido motivado por causa de uma briga na compra de uma caminhonete, que havia sido furtada. Hugo C\u00e9sar\u2026","rel":"","context":"In &quot;Not\u00edcias de Ribeir\u00e3o Preto-SP e Regi\u00e3o&quot;","block_context":{"text":"Not\u00edcias de Ribeir\u00e3o Preto-SP e Regi\u00e3o","link":"https:\/\/noticiasribeiraopreto.com.br\/index.php\/category\/noticias-de-ribeirao-preto-sp-e-regiao-ismael-colosi\/"},"img":{"alt_text":"","src":"https:\/\/i0.wp.com\/noticiasribeiraopreto.com.br\/wp-content\/uploads\/2025\/05\/engenheiro_2025-05-28_13-09-29.webp.webp?fit=982%2C612&ssl=1&resize=350%2C200","width":350,"height":200,"srcset":"https:\/\/i0.wp.com\/noticiasribeiraopreto.com.br\/wp-content\/uploads\/2025\/05\/engenheiro_2025-05-28_13-09-29.webp.webp?fit=982%2C612&ssl=1&resize=350%2C200 1x, https:\/\/i0.wp.com\/noticiasribeiraopreto.com.br\/wp-content\/uploads\/2025\/05\/engenheiro_2025-05-28_13-09-29.webp.webp?fit=982%2C612&ssl=1&resize=525%2C300 1.5x, https:\/\/i0.wp.com\/noticiasribeiraopreto.com.br\/wp-content\/uploads\/2025\/05\/engenheiro_2025-05-28_13-09-29.webp.webp?fit=982%2C612&ssl=1&resize=700%2C400 2x"},"classes":[]},{"id":42959,"url":"https:\/\/noticiasribeiraopreto.com.br\/index.php\/2024\/03\/18\/acusado-de-feminicidio-em-ribeirao-segue-foragido-apos-2-anos-juri-e-nesta-semana\/","url_meta":{"origin":69997,"position":3},"title":"Acusado de feminic\u00eddio em Ribeir\u00e3o segue foragido ap\u00f3s 2 anos; J\u00fari \u00e9 nesta semana","author":"noticiasribeiraopreto.com.br","date":"18 de March de 2024","format":false,"excerpt":"Acontece na pr\u00f3xima quinta-feira (21) o J\u00fari Popular do homem acusado de matar a mulher e fugir com o filho do casal, em maio de 2022, em Ribeir\u00e3o Preto. Ivan Nogueira, de 34 anos, segue foragido quase dois anos ap\u00f3s o crime. O J\u00fari Popular ser\u00e1 realizado no F\u00f3rum de\u2026","rel":"","context":"In &quot;Not\u00edcias de Ribeir\u00e3o Preto-SP e Regi\u00e3o&quot;","block_context":{"text":"Not\u00edcias de Ribeir\u00e3o Preto-SP e Regi\u00e3o","link":"https:\/\/noticiasribeiraopreto.com.br\/index.php\/category\/noticias-de-ribeirao-preto-sp-e-regiao-ismael-colosi\/"},"img":{"alt_text":"","src":"https:\/\/i0.wp.com\/noticiasribeiraopreto.com.br\/wp-content\/uploads\/2024\/03\/AnyConv.com__ivan-regiane.webp.webp?fit=1200%2C675&ssl=1&resize=350%2C200","width":350,"height":200,"srcset":"https:\/\/i0.wp.com\/noticiasribeiraopreto.com.br\/wp-content\/uploads\/2024\/03\/AnyConv.com__ivan-regiane.webp.webp?fit=1200%2C675&ssl=1&resize=350%2C200 1x, https:\/\/i0.wp.com\/noticiasribeiraopreto.com.br\/wp-content\/uploads\/2024\/03\/AnyConv.com__ivan-regiane.webp.webp?fit=1200%2C675&ssl=1&resize=525%2C300 1.5x, https:\/\/i0.wp.com\/noticiasribeiraopreto.com.br\/wp-content\/uploads\/2024\/03\/AnyConv.com__ivan-regiane.webp.webp?fit=1200%2C675&ssl=1&resize=700%2C400 2x, https:\/\/i0.wp.com\/noticiasribeiraopreto.com.br\/wp-content\/uploads\/2024\/03\/AnyConv.com__ivan-regiane.webp.webp?fit=1200%2C675&ssl=1&resize=1050%2C600 3x"},"classes":[]},{"id":58175,"url":"https:\/\/noticiasribeiraopreto.com.br\/index.php\/2024\/09\/20\/gravida-sofre-tentativa-de-feminicidio-na-zona-norte-de-ribeirao-preto\/","url_meta":{"origin":69997,"position":4},"title":"Gr\u00e1vida sofre tentativa de feminic\u00eddio na zona Norte de Ribeir\u00e3o Preto","author":"noticiasribeiraopreto.com.br","date":"20 de September de 2024","format":false,"excerpt":"Uma mulher de 39 anos, que est\u00e1 gr\u00e1vida de dois meses, foi alvo de disparos de arma de fogo na madrugada desta sexta-feira (20), no bairro Avelino Alves Palma, zona Norte de Ribeir\u00e3o Preto. O companheiro dela, de 31 anos, foi preso suspeito de tentativa de feminic\u00eddio. Segundo o boletim\u2026","rel":"","context":"In &quot;Not\u00edcias de Ribeir\u00e3o Preto-SP e Regi\u00e3o&quot;","block_context":{"text":"Not\u00edcias de Ribeir\u00e3o Preto-SP e Regi\u00e3o","link":"https:\/\/noticiasribeiraopreto.com.br\/index.php\/category\/noticias-de-ribeirao-preto-sp-e-regiao-ismael-colosi\/"},"img":{"alt_text":"","src":"https:\/\/i0.wp.com\/noticiasribeiraopreto.com.br\/wp-content\/uploads\/2024\/09\/TENTA-FEMINICIDIO_2024-09-20_14-11-24_jpg_2024-09-20_14-11-24.webp.webp?fit=1200%2C733&ssl=1&resize=350%2C200","width":350,"height":200,"srcset":"https:\/\/i0.wp.com\/noticiasribeiraopreto.com.br\/wp-content\/uploads\/2024\/09\/TENTA-FEMINICIDIO_2024-09-20_14-11-24_jpg_2024-09-20_14-11-24.webp.webp?fit=1200%2C733&ssl=1&resize=350%2C200 1x, https:\/\/i0.wp.com\/noticiasribeiraopreto.com.br\/wp-content\/uploads\/2024\/09\/TENTA-FEMINICIDIO_2024-09-20_14-11-24_jpg_2024-09-20_14-11-24.webp.webp?fit=1200%2C733&ssl=1&resize=525%2C300 1.5x, https:\/\/i0.wp.com\/noticiasribeiraopreto.com.br\/wp-content\/uploads\/2024\/09\/TENTA-FEMINICIDIO_2024-09-20_14-11-24_jpg_2024-09-20_14-11-24.webp.webp?fit=1200%2C733&ssl=1&resize=700%2C400 2x, https:\/\/i0.wp.com\/noticiasribeiraopreto.com.br\/wp-content\/uploads\/2024\/09\/TENTA-FEMINICIDIO_2024-09-20_14-11-24_jpg_2024-09-20_14-11-24.webp.webp?fit=1200%2C733&ssl=1&resize=1050%2C600 3x"},"classes":[]},{"id":41783,"url":"https:\/\/noticiasribeiraopreto.com.br\/index.php\/2024\/03\/11\/acusados-de-matar-engenheiro-em-ribeirao-preto-vao-a-juri-popular\/","url_meta":{"origin":69997,"position":5},"title":"Acusados de matar engenheiro em Ribeir\u00e3o Preto v\u00e3o a j\u00fari popular","author":"noticiasribeiraopreto.com.br","date":"11 de March de 2024","format":false,"excerpt":"O juiz da 3\u00aa Vara Criminal de Ribeir\u00e3o Preto Guacy Sibille Leite, acatou o pedido do Minist\u00e9rio P\u00fablico de S\u00e3o Paulo e os acusados de matar o engenheiro Paulo Roberto de Carvalho Braga Filho, morto em 29 de dezembro do ano passado, v\u00e3o a j\u00fari popular. A decis\u00e3o aconteceu na\u2026","rel":"","context":"In &quot;Not\u00edcias de Ribeir\u00e3o Preto-SP e Regi\u00e3o&quot;","block_context":{"text":"Not\u00edcias de Ribeir\u00e3o Preto-SP e Regi\u00e3o","link":"https:\/\/noticiasribeiraopreto.com.br\/index.php\/category\/noticias-de-ribeirao-preto-sp-e-regiao-ismael-colosi\/"},"img":{"alt_text":"","src":"https:\/\/i0.wp.com\/noticiasribeiraopreto.com.br\/wp-content\/uploads\/2024\/03\/AnyConv.com__beto-braga.webp.webp?fit=979%2C610&ssl=1&resize=350%2C200","width":350,"height":200,"srcset":"https:\/\/i0.wp.com\/noticiasribeiraopreto.com.br\/wp-content\/uploads\/2024\/03\/AnyConv.com__beto-braga.webp.webp?fit=979%2C610&ssl=1&resize=350%2C200 1x, https:\/\/i0.wp.com\/noticiasribeiraopreto.com.br\/wp-content\/uploads\/2024\/03\/AnyConv.com__beto-braga.webp.webp?fit=979%2C610&ssl=1&resize=525%2C300 1.5x, https:\/\/i0.wp.com\/noticiasribeiraopreto.com.br\/wp-content\/uploads\/2024\/03\/AnyConv.com__beto-braga.webp.webp?fit=979%2C610&ssl=1&resize=700%2C400 2x"},"classes":[]}],"jetpack_sharing_enabled":true,"jetpack_shortlink":"https:\/\/wp.me\/peQAOb-icZ","_links":{"self":[{"href":"https:\/\/noticiasribeiraopreto.com.br\/index.php\/wp-json\/wp\/v2\/posts\/69997","targetHints":{"allow":["GET"]}}],"collection":[{"href":"https:\/\/noticiasribeiraopreto.com.br\/index.php\/wp-json\/wp\/v2\/posts"}],"about":[{"href":"https:\/\/noticiasribeiraopreto.com.br\/index.php\/wp-json\/wp\/v2\/types\/post"}],"author":[{"embeddable":true,"href":"https:\/\/noticiasribeiraopreto.com.br\/index.php\/wp-json\/wp\/v2\/users\/1"}],"replies":[{"embeddable":true,"href":"https:\/\/noticiasribeiraopreto.com.br\/index.php\/wp-json\/wp\/v2\/comments?post=69997"}],"version-history":[{"count":0,"href":"https:\/\/noticiasribeiraopreto.com.br\/index.php\/wp-json\/wp\/v2\/posts\/69997\/revisions"}],"wp:featuredmedia":[{"embeddable":true,"href":"https:\/\/noticiasribeiraopreto.com.br\/index.php\/wp-json\/wp\/v2\/media\/59379"}],"wp:attachment":[{"href":"https:\/\/noticiasribeiraopreto.com.br\/index.php\/wp-json\/wp\/v2\/media?parent=69997"}],"wp:term":[{"taxonomy":"category","embeddable":true,"href":"https:\/\/noticiasribeiraopreto.com.br\/index.php\/wp-json\/wp\/v2\/categories?post=69997"},{"taxonomy":"post_tag","embeddable":true,"href":"https:\/\/noticiasribeiraopreto.com.br\/index.php\/wp-json\/wp\/v2\/tags?post=69997"}],"curies":[{"name":"wp","href":"https:\/\/api.w.org\/{rel}","templated":true}]}}