{"id":69998,"date":"2025-05-21T19:24:58","date_gmt":"2025-05-21T22:24:58","guid":{"rendered":"https:\/\/noticiasribeiraopreto.com.br\/index.php\/2025\/05\/21\/jornal-da-franca-cresce-a-procura-pela-vasectomia-veja-o-que-e-mito-e-o-que-e-verdade\/"},"modified":"2025-05-21T19:24:58","modified_gmt":"2025-05-21T22:24:58","slug":"jornal-da-franca-cresce-a-procura-pela-vasectomia-veja-o-que-e-mito-e-o-que-e-verdade","status":"publish","type":"post","link":"https:\/\/noticiasribeiraopreto.com.br\/index.php\/2025\/05\/21\/jornal-da-franca-cresce-a-procura-pela-vasectomia-veja-o-que-e-mito-e-o-que-e-verdade\/","title":{"rendered":"Jornal da Franca &#8211; Cresce a procura pela vasectomia: veja o que \u00e9 mito e o que \u00e9 verdade"},"content":{"rendered":"<p> <br \/>\n<\/p>\n<div>\n\t                            <a class=\"mb-1\" href=\"https:\/\/api.whatsapp.com\/send?text=Olha essa Not\u00edcia no Jornal da Franca.%0D%0D*Cresce a procura pela vasectomia: veja o que \u00e9 mito e o que \u00e9 verdade*%0D%0Dclique na url abaixo%0Dhttps:\/\/www.jornaldafranca.com.br\/cresce-a-procura-pela-vasectomia-veja-o-que-e-mito-e-o-que-e-verdade\/\" target=\"_blank\"><span class=\"text-12 badge badge-pill badge-success\"><i class=\"fa fa-whatsapp\"\/> compartilhar no whatsapp<\/span><\/a><\/p>\n<p>\t                            <a class=\"mb-1\" href=\"https:\/\/telegram.me\/share\/url?url=https:\/\/www.jornaldafranca.com.br\/cresce-a-procura-pela-vasectomia-veja-o-que-e-mito-e-o-que-e-verdade\/&amp;text=Olha essa Not\u00edcia no Jornal da Franca.\" target=\"_blank\"><span class=\"text-12 badge badge-pill badge-info\"><i class=\"fa fa-telegram\"\/> compartilhar no telegram<\/span><\/a><\/p>\n<p>\t                            <a class=\"mb-1\" href=\"https:\/\/www.facebook.com\/sharer\/sharer.php?u=https:\/\/www.jornaldafranca.com.br\/cresce-a-procura-pela-vasectomia-veja-o-que-e-mito-e-o-que-e-verdade\/\" target=\"_blank\"><span class=\"text-12 badge badge-pill badge-primary\"><i class=\"fa fa-facebook\"\/> compartilhar no facebook<\/span><\/a><\/p>\n<p>\t                            <a class=\"mb-1\" href=\"https:\/\/www.linkedin.com\/shareArticle?mini=true&amp;url=https:\/\/www.jornaldafranca.com.br\/cresce-a-procura-pela-vasectomia-veja-o-que-e-mito-e-o-que-e-verdade\/&amp;title=Cresce a procura pela vasectomia: veja o que \u00e9 mito e o que \u00e9 verdade&amp;source=JORNAL DA FRANCA\" target=\"_blank\"><span class=\"text-12 badge badge-pill badge-secondary\"><i class=\"fa fa-linkedin\"\/> compartilhar no linkedin<\/span><\/a><\/p>\n<div class=\"lead text-20\">\n<p>A vasectomia previne apenas a gravidez, mas n\u00e3o oferece prote\u00e7\u00e3o contra infec\u00e7\u00f5es sexualmente transmiss\u00edveis<\/p>\n<\/p><\/div>\n<p><img data-recalc-dims=\"1\" decoding=\"async\" src=\"https:\/\/i0.wp.com\/www.jornaldafranca.com.br\/wp-content\/uploads\/2025\/05\/1911.jpg?ssl=1\" alt=\"\"\/><\/p>\n<p>Mitos e desinforma\u00e7\u00e3o ainda cercam a vasectomia, gerando receios e d\u00favidas entre os homens. O Dr. Ernesto Alarcon esclarece os principais tabus, refor\u00e7a a import\u00e2ncia do planejamento familiar masculino e apresenta uma vis\u00e3o realista sobre esse procedimento seguro, eficaz e cada vez mais procurado.<\/p>\n<p>A vasectomia \u00e9 um procedimento cir\u00fargico simples, seguro e r\u00e1pido, realizado com anestesia local e que n\u00e3o requer interna\u00e7\u00e3o hospitalar. Apesar de suas vantagens, muitos homens ainda relutam em se submeter ao procedimento por medo e desinforma\u00e7\u00e3o.<\/p>\n<p>Por\u00e9m, pesquisas indicam que a procura pela vasectomia tem aumentado, com mais homens dividindo a responsabilidade da contracep\u00e7\u00e3o com suas parceiras. Homens que se submeteram \u00e0 vasectomia relataram mudan\u00e7as positivas em sua sa\u00fade, corpo, relacionamento familiar e vida sexual, al\u00e9m de uma melhoria na situa\u00e7\u00e3o econ\u00f4mica.<\/p>\n<p><strong>Contracep\u00e7\u00e3o<\/strong><\/p>\n<p>A procura pelo procedimento tem crescido, refletindo uma mudan\u00e7a de atitude em rela\u00e7\u00e3o \u00e0 responsabilidade masculina na contracep\u00e7\u00e3o. A vasectomia \u00e9 um m\u00e9todo de esteriliza\u00e7\u00e3o masculina que tem ganhado aten\u00e7\u00e3o como uma op\u00e7\u00e3o de contracep\u00e7\u00e3o segura e eficaz, al\u00e9m de contribuir para uma melhor qualidade de vida, tanto no \u00e2mbito pessoal quanto nos relacionamentos.<\/p>\n<p>No entanto, alguns dos tabus mais comuns sobre a vasectomia ainda podem gerar d\u00favidas, medos e preconceitos nos homens que desejam fazer a cirurgia.<\/p>\n<p>Descubra a verdade sobre a vasectomia: o Dr. Ernesto Alarcon desmistifica cren\u00e7as, destaca a import\u00e2ncia do planejamento familiar masculino e compartilha sua expertise para oferecer uma vis\u00e3o esclarecedora sobre esse procedimento.<\/p>\n<p><strong>Irrevers\u00edvel?<\/strong><\/p>\n<p>Embora a vasectomia seja geralmente considerada uma forma permanente de esteriliza\u00e7\u00e3o, existe a possibilidade de revers\u00e3o em alguns casos. A revers\u00e3o envolve a religa\u00e7\u00e3o dos canais deferentes para permitir o fluxo dos espermatozoides novamente.<\/p>\n<p>No entanto, essa revers\u00e3o n\u00e3o \u00e9 garantida e depende de v\u00e1rios fatores, como o tempo desde a vasectomia, a t\u00e9cnica utilizada, a idade do homem e a qualidade do s\u00eamen.<\/p>\n<p>Reverter a vasectomia \u00e9 um procedimento mais complexo, demorado e caro do que a vasectomia inicial, e pode n\u00e3o ser coberto pelo plano de sa\u00fade ou pelo SUS.<\/p>\n<p>Por isso, a vasectomia deve ser considerada uma decis\u00e3o definitiva, recomendada apenas para homens que t\u00eam certeza de que n\u00e3o desejam mais filhos biol\u00f3gicos \u2013 explica o Dr. Ernesto Alarcon, Cirurgi\u00e3o Geral e especialista em Videolaparoscopia.<\/p>\n<p><strong>Risco de C\u00e2ncer<\/strong><\/p>\n<p>Um mito persistente \u00e9 a cren\u00e7a de que a vasectomia aumenta o risco de c\u00e2ncer de pr\u00f3stata. Alguns estudos iniciais sugeriram essa associa\u00e7\u00e3o, mas foram contestados por pesquisas subsequentes que n\u00e3o encontraram nenhuma liga\u00e7\u00e3o causal.<\/p>\n<p>Tanto a Organiza\u00e7\u00e3o Mundial da Sa\u00fade (OMS) quanto a Sociedade Brasileira de Urologia (SBU) afirmam que n\u00e3o h\u00e1 evid\u00eancias cient\u00edficas que provem que a vasectomia aumenta o risco de c\u00e2ncer de pr\u00f3stata.<\/p>\n<p>Homens que realizaram ou pretendem realizar a vasectomia devem seguir as mesmas recomenda\u00e7\u00f5es de preven\u00e7\u00e3o e rastreamento do c\u00e2ncer de pr\u00f3stata que todos os outros: manter uma dieta saud\u00e1vel, praticar exerc\u00edcios regularmente, evitar tabagismo e consumo excessivo de \u00e1lcool, e realizar exames peri\u00f3dicos a partir dos 50 anos, ou antes, se houver fatores de risco ou sintomas \u2013 alerta o Dr. Ernesto Alarcon.<\/p>\n<p><strong>Uso de Preservativos<\/strong><\/p>\n<p>Um equ\u00edvoco perigoso \u00e9 pensar que a vasectomia elimina a necessidade do uso de preservativos. A vasectomia previne apenas a gravidez, mas n\u00e3o oferece prote\u00e7\u00e3o contra infec\u00e7\u00f5es sexualmente transmiss\u00edveis (ISTs) como HIV, s\u00edfilis, gonorreia, clam\u00eddia, HPV, herpes e hepatites.<\/p>\n<p>Al\u00e9m disso, a vasectomia n\u00e3o \u00e9 imediatamente eficaz ap\u00f3s a cirurgia, pois podem restar espermatozoides nos canais deferentes. Por isso, \u00e9 necess\u00e1rio fazer um exame de espermograma ap\u00f3s cerca de tr\u00eas meses ou 20 ejacula\u00e7\u00f5es para confirmar a aus\u00eancia de espermatozoides no s\u00eamen.<\/p>\n<p>At\u00e9 l\u00e1, \u00e9 preciso usar outro m\u00e9todo contraceptivo, como preservativos, para evitar uma gravidez. Portanto, a vasectomia n\u00e3o substitui o uso de preservativos, que s\u00e3o o \u00fanico m\u00e9todo eficaz para prevenir tanto a gravidez quanto as ISTs.<\/p>\n<p>\u00c9 fundamental buscar informa\u00e7\u00f5es confi\u00e1veis e conversar com seu m\u00e9dico. A vasectomia \u00e9 uma escolha pessoal e respons\u00e1vel, que deve ser tomada com consci\u00eancia e seguran\u00e7a \u2013 conclui o Dr. Ernesto Alarcon.<\/p>\n<p><!-- CONTENT END 1 --><\/p>\n<hr\/><\/div>\n<p><br \/>\n<br \/><a href=\"https:\/\/www.jornaldafranca.com.br\/cresce-a-procura-pela-vasectomia-veja-o-que-e-mito-e-o-que-e-verdade\/\">Source link <\/a><\/p>\n","protected":false},"excerpt":{"rendered":"<p>compartilhar no whatsapp compartilhar no telegram compartilhar no facebook compartilhar no linkedin A vasectomia previne apenas a gravidez, mas n\u00e3o oferece prote\u00e7\u00e3o contra infec\u00e7\u00f5es sexualmente&#8230;<\/p>\n","protected":false},"author":1,"featured_media":69999,"comment_status":"open","ping_status":"open","sticky":false,"template":"","format":"standard","meta":{"advanced_seo_description":"","jetpack_seo_html_title":"","jetpack_seo_noindex":false,"jetpack_post_was_ever_published":false,"_jetpack_newsletter_access":"","_jetpack_dont_email_post_to_subs":false,"_jetpack_newsletter_tier_id":0,"_jetpack_memberships_contains_paywalled_content":false,"_jetpack_memberships_contains_paid_content":false,"footnotes":"","jetpack_publicize_message":"","jetpack_publicize_feature_enabled":true,"jetpack_social_post_already_shared":true,"jetpack_social_options":{"image_generator_settings":{"template":"highway","default_image_id":0,"font":"","enabled":false},"version":2}},"categories":[3597],"tags":[],"class_list":["post-69998","post","type-post","status-publish","format-standard","has-post-thumbnail","hentry","category-noticias-franca-sp"],"jetpack_publicize_connections":[],"jetpack_featured_media_url":"https:\/\/i0.wp.com\/noticiasribeiraopreto.com.br\/wp-content\/uploads\/2025\/05\/1911.jpg?fit=1000%2C667&ssl=1","jetpack-related-posts":[{"id":72602,"url":"https:\/\/noticiasribeiraopreto.com.br\/index.php\/2025\/06\/18\/jornal-da-franca-uma-cidade-dominante-no-basquete-sesi-franca-vence-o-minas-e-conquista-tetra-do-nbb\/","url_meta":{"origin":69998,"position":0},"title":"Jornal da Franca &#8211; Uma cidade dominante no basquete: Sesi Franca vence o Minas e conquista tetra do NBB","author":"noticiasribeiraopreto.com.br","date":"18 de June de 2025","format":false,"excerpt":"compartilhar no whatsapp compartilhar no telegram compartilhar no facebook compartilhar no linkedin Equipe francana fecha playoff por 3 a 1 e reafirma momento hist\u00f3rico da Capital do Basquete Pode comemorar torcedor: o Sesi Franca venceu o Minas T\u00eanis no Pedroc\u00e3o por 86 a 73 e fechou a s\u00e9rie decisiva do\u2026","rel":"","context":"In &quot;Not\u00edcias de Franca-SP&quot;","block_context":{"text":"Not\u00edcias de Franca-SP","link":"https:\/\/noticiasribeiraopreto.com.br\/index.php\/category\/noticias-de-ribeirao-preto-sp-e-regiao-ismael-colosi\/noticias-franca-sp\/"},"img":{"alt_text":"","src":"https:\/\/i0.wp.com\/noticiasribeiraopreto.com.br\/wp-content\/uploads\/2025\/06\/IMG-20250618-WA0035-scaled.jpg?fit=1200%2C960&ssl=1&resize=350%2C200","width":350,"height":200,"srcset":"https:\/\/i0.wp.com\/noticiasribeiraopreto.com.br\/wp-content\/uploads\/2025\/06\/IMG-20250618-WA0035-scaled.jpg?fit=1200%2C960&ssl=1&resize=350%2C200 1x, https:\/\/i0.wp.com\/noticiasribeiraopreto.com.br\/wp-content\/uploads\/2025\/06\/IMG-20250618-WA0035-scaled.jpg?fit=1200%2C960&ssl=1&resize=525%2C300 1.5x, https:\/\/i0.wp.com\/noticiasribeiraopreto.com.br\/wp-content\/uploads\/2025\/06\/IMG-20250618-WA0035-scaled.jpg?fit=1200%2C960&ssl=1&resize=700%2C400 2x, https:\/\/i0.wp.com\/noticiasribeiraopreto.com.br\/wp-content\/uploads\/2025\/06\/IMG-20250618-WA0035-scaled.jpg?fit=1200%2C960&ssl=1&resize=1050%2C600 3x"},"classes":[]},{"id":66379,"url":"https:\/\/noticiasribeiraopreto.com.br\/index.php\/2025\/03\/31\/jornal-da-franca-sesi-franca-quer-nona-vitoria-consecutiva-pelo-nbb-nesta-noite-contra-o-caxias\/","url_meta":{"origin":69998,"position":1},"title":"Jornal da Franca &#8211; Sesi Franca quer nona vit\u00f3ria consecutiva pelo NBB nesta noite, contra o Caxias","author":"noticiasribeiraopreto.com.br","date":"31 de March de 2025","format":false,"excerpt":"compartilhar no whatsapp compartilhar no telegram compartilhar no facebook compartilhar no linkedin Time francano, terceiro colocado na tabela de classifica\u00e7\u00e3o, enfrenta o Caxias, que est\u00e1 em 15\u00ba\u00a0 O Sesi Franca Basquete recebe o Caxias \u00e0s 19h30 desta segunda-feira, 31 de mar\u00e7o, no gin\u00e1sio Pedroc\u00e3o, pelo segundo turno do NBB \u2013\u2026","rel":"","context":"In &quot;Not\u00edcias de Franca-SP&quot;","block_context":{"text":"Not\u00edcias de Franca-SP","link":"https:\/\/noticiasribeiraopreto.com.br\/index.php\/category\/noticias-de-ribeirao-preto-sp-e-regiao-ismael-colosi\/noticias-franca-sp\/"},"img":{"alt_text":"","src":"https:\/\/i0.wp.com\/noticiasribeiraopreto.com.br\/wp-content\/uploads\/2025\/03\/IMG-20250329-WA0001.jpg?fit=1040%2C694&ssl=1&resize=350%2C200","width":350,"height":200,"srcset":"https:\/\/i0.wp.com\/noticiasribeiraopreto.com.br\/wp-content\/uploads\/2025\/03\/IMG-20250329-WA0001.jpg?fit=1040%2C694&ssl=1&resize=350%2C200 1x, https:\/\/i0.wp.com\/noticiasribeiraopreto.com.br\/wp-content\/uploads\/2025\/03\/IMG-20250329-WA0001.jpg?fit=1040%2C694&ssl=1&resize=525%2C300 1.5x, https:\/\/i0.wp.com\/noticiasribeiraopreto.com.br\/wp-content\/uploads\/2025\/03\/IMG-20250329-WA0001.jpg?fit=1040%2C694&ssl=1&resize=700%2C400 2x"},"classes":[]},{"id":67863,"url":"https:\/\/noticiasribeiraopreto.com.br\/index.php\/2025\/04\/19\/jornal-da-franca-sesi-franca-quer-vencer-o-cordoba-e-deixar-a-champions-league-de-cabeca-erguida\/","url_meta":{"origin":69998,"position":2},"title":"Jornal da Franca &#8211; Sesi Franca quer vencer o C\u00f3rdoba e deixar a Champions League de cabe\u00e7a erguida","author":"noticiasribeiraopreto.com.br","date":"19 de April de 2025","format":false,"excerpt":"compartilhar no whatsapp compartilhar no telegram compartilhar no facebook compartilhar no linkedin Jogo de hoje servir\u00e1 para a equipe se reencontrar e encerrar campeonato honrosamente O Sesi Franca ainda procura se reencontrar ap\u00f3s a elimina\u00e7\u00e3o contra o Flamengo pelas semifinais da Champions League, por 91 a 65, na noite desta\u2026","rel":"","context":"In &quot;Not\u00edcias de Franca-SP&quot;","block_context":{"text":"Not\u00edcias de Franca-SP","link":"https:\/\/noticiasribeiraopreto.com.br\/index.php\/category\/noticias-de-ribeirao-preto-sp-e-regiao-ismael-colosi\/noticias-franca-sp\/"},"img":{"alt_text":"","src":"https:\/\/i0.wp.com\/noticiasribeiraopreto.com.br\/wp-content\/uploads\/2025\/04\/IMG_20250418_111654.jpg?fit=1080%2C710&ssl=1&resize=350%2C200","width":350,"height":200,"srcset":"https:\/\/i0.wp.com\/noticiasribeiraopreto.com.br\/wp-content\/uploads\/2025\/04\/IMG_20250418_111654.jpg?fit=1080%2C710&ssl=1&resize=350%2C200 1x, https:\/\/i0.wp.com\/noticiasribeiraopreto.com.br\/wp-content\/uploads\/2025\/04\/IMG_20250418_111654.jpg?fit=1080%2C710&ssl=1&resize=525%2C300 1.5x, https:\/\/i0.wp.com\/noticiasribeiraopreto.com.br\/wp-content\/uploads\/2025\/04\/IMG_20250418_111654.jpg?fit=1080%2C710&ssl=1&resize=700%2C400 2x, https:\/\/i0.wp.com\/noticiasribeiraopreto.com.br\/wp-content\/uploads\/2025\/04\/IMG_20250418_111654.jpg?fit=1080%2C710&ssl=1&resize=1050%2C600 3x"},"classes":[]},{"id":71199,"url":"https:\/\/noticiasribeiraopreto.com.br\/index.php\/2025\/06\/03\/jornal-da-franca-sesi-franca-e-flamengo-se-enfrentam-hoje-em-jogo-decisivo-pelas-semifinais-do-nbb\/","url_meta":{"origin":69998,"position":3},"title":"Jornal da Franca &#8211; Sesi Franca e Flamengo se enfrentam hoje em jogo decisivo pelas semifinais do NBB","author":"noticiasribeiraopreto.com.br","date":"3 de June de 2025","format":false,"excerpt":"compartilhar no whatsapp compartilhar no telegram compartilhar no facebook compartilhar no linkedin A expectativa \u00e9 de um confronto intenso e disputado; Sesi Franca quer vencer no Rio e eliminar cariocas A quinta partida entre Sesi Franca e Flamengo, pelas semifinais do NBB \u2013 Novo Basquete Brasil, promete ser emocionante. Ap\u00f3s\u2026","rel":"","context":"In &quot;Not\u00edcias de Franca-SP&quot;","block_context":{"text":"Not\u00edcias de Franca-SP","link":"https:\/\/noticiasribeiraopreto.com.br\/index.php\/category\/noticias-de-ribeirao-preto-sp-e-regiao-ismael-colosi\/noticias-franca-sp\/"},"img":{"alt_text":"","src":"https:\/\/i0.wp.com\/noticiasribeiraopreto.com.br\/wp-content\/uploads\/2025\/06\/1748980140_pLENARIO-13-scaled.jpg?fit=1200%2C800&ssl=1&resize=350%2C200","width":350,"height":200,"srcset":"https:\/\/i0.wp.com\/noticiasribeiraopreto.com.br\/wp-content\/uploads\/2025\/06\/1748980140_pLENARIO-13-scaled.jpg?fit=1200%2C800&ssl=1&resize=350%2C200 1x, https:\/\/i0.wp.com\/noticiasribeiraopreto.com.br\/wp-content\/uploads\/2025\/06\/1748980140_pLENARIO-13-scaled.jpg?fit=1200%2C800&ssl=1&resize=525%2C300 1.5x, https:\/\/i0.wp.com\/noticiasribeiraopreto.com.br\/wp-content\/uploads\/2025\/06\/1748980140_pLENARIO-13-scaled.jpg?fit=1200%2C800&ssl=1&resize=700%2C400 2x, https:\/\/i0.wp.com\/noticiasribeiraopreto.com.br\/wp-content\/uploads\/2025\/06\/1748980140_pLENARIO-13-scaled.jpg?fit=1200%2C800&ssl=1&resize=1050%2C600 3x"},"classes":[]},{"id":72354,"url":"https:\/\/noticiasribeiraopreto.com.br\/index.php\/2025\/06\/16\/jornal-da-franca-valendo-o-tetra-do-nbb-sesi-franca-se-prepara-para-decisao-contra-o-minas-tenis\/","url_meta":{"origin":69998,"position":4},"title":"Jornal da Franca &#8211; Valendo o tetra do NBB: Sesi Franca se prepara para decis\u00e3o contra o Minas T\u00eanis","author":"noticiasribeiraopreto.com.br","date":"16 de June de 2025","format":false,"excerpt":"compartilhar no whatsapp compartilhar no telegram compartilhar no facebook compartilhar no linkedin Treino desta segunda-feira visa aprimorar estrat\u00e9gia para jogo crucial na busca pelo tetracampeonato O Sesi Franca voltou \u00e0 quadra nesta segunda-feira para realizar treino visando o jogo de quarta-feira contra o Minas T\u00eanis, quarto confronto da s\u00e9rie decisiva\u2026","rel":"","context":"In &quot;Not\u00edcias de Franca-SP&quot;","block_context":{"text":"Not\u00edcias de Franca-SP","link":"https:\/\/noticiasribeiraopreto.com.br\/index.php\/category\/noticias-de-ribeirao-preto-sp-e-regiao-ismael-colosi\/noticias-franca-sp\/"},"img":{"alt_text":"","src":"https:\/\/i0.wp.com\/noticiasribeiraopreto.com.br\/wp-content\/uploads\/2025\/06\/WhatsApp-Image-2025-06-03-at-22.42.34-2-1200x800-3.jpeg?fit=1200%2C800&ssl=1&resize=350%2C200","width":350,"height":200,"srcset":"https:\/\/i0.wp.com\/noticiasribeiraopreto.com.br\/wp-content\/uploads\/2025\/06\/WhatsApp-Image-2025-06-03-at-22.42.34-2-1200x800-3.jpeg?fit=1200%2C800&ssl=1&resize=350%2C200 1x, https:\/\/i0.wp.com\/noticiasribeiraopreto.com.br\/wp-content\/uploads\/2025\/06\/WhatsApp-Image-2025-06-03-at-22.42.34-2-1200x800-3.jpeg?fit=1200%2C800&ssl=1&resize=525%2C300 1.5x, https:\/\/i0.wp.com\/noticiasribeiraopreto.com.br\/wp-content\/uploads\/2025\/06\/WhatsApp-Image-2025-06-03-at-22.42.34-2-1200x800-3.jpeg?fit=1200%2C800&ssl=1&resize=700%2C400 2x, https:\/\/i0.wp.com\/noticiasribeiraopreto.com.br\/wp-content\/uploads\/2025\/06\/WhatsApp-Image-2025-06-03-at-22.42.34-2-1200x800-3.jpeg?fit=1200%2C800&ssl=1&resize=1050%2C600 3x"},"classes":[]},{"id":69340,"url":"https:\/\/noticiasribeiraopreto.com.br\/index.php\/2025\/05\/05\/jornal-da-franca-implantacao-de-escola-civico-militar-em-franca-e-tema-de-debates-na-camara-municipal\/","url_meta":{"origin":69998,"position":5},"title":"Jornal da Franca &#8211; Implanta\u00e7\u00e3o de escola c\u00edvico-militar em Franca \u00e9 tema de debates na C\u00e2mara Municipal","author":"noticiasribeiraopreto.com.br","date":"5 de May de 2025","format":false,"excerpt":"compartilhar no whatsapp compartilhar no telegram compartilhar no facebook compartilhar no linkedin Mun\u00edcipe agradece apoio de vereadores e parlamentares para que Franca fosse contemplada com o modelo educacional A implanta\u00e7\u00e3o do Programa das Escolas C\u00edvico-Militares em Franca, pauta defendida pela direita, foi tema abordado durante a sess\u00e3o ordin\u00e1ria da C\u00e2mara\u2026","rel":"","context":"In &quot;Not\u00edcias de Franca-SP&quot;","block_context":{"text":"Not\u00edcias de Franca-SP","link":"https:\/\/noticiasribeiraopreto.com.br\/index.php\/category\/noticias-de-ribeirao-preto-sp-e-regiao-ismael-colosi\/noticias-franca-sp\/"},"img":{"alt_text":"","src":"https:\/\/i0.wp.com\/noticiasribeiraopreto.com.br\/wp-content\/uploads\/2025\/05\/1746449336_plenariodiagonal_0.jpg?fit=930%2C558&ssl=1&resize=350%2C200","width":350,"height":200,"srcset":"https:\/\/i0.wp.com\/noticiasribeiraopreto.com.br\/wp-content\/uploads\/2025\/05\/1746449336_plenariodiagonal_0.jpg?fit=930%2C558&ssl=1&resize=350%2C200 1x, https:\/\/i0.wp.com\/noticiasribeiraopreto.com.br\/wp-content\/uploads\/2025\/05\/1746449336_plenariodiagonal_0.jpg?fit=930%2C558&ssl=1&resize=525%2C300 1.5x, https:\/\/i0.wp.com\/noticiasribeiraopreto.com.br\/wp-content\/uploads\/2025\/05\/1746449336_plenariodiagonal_0.jpg?fit=930%2C558&ssl=1&resize=700%2C400 2x"},"classes":[]}],"jetpack_sharing_enabled":true,"jetpack_shortlink":"https:\/\/wp.me\/peQAOb-id0","_links":{"self":[{"href":"https:\/\/noticiasribeiraopreto.com.br\/index.php\/wp-json\/wp\/v2\/posts\/69998","targetHints":{"allow":["GET"]}}],"collection":[{"href":"https:\/\/noticiasribeiraopreto.com.br\/index.php\/wp-json\/wp\/v2\/posts"}],"about":[{"href":"https:\/\/noticiasribeiraopreto.com.br\/index.php\/wp-json\/wp\/v2\/types\/post"}],"author":[{"embeddable":true,"href":"https:\/\/noticiasribeiraopreto.com.br\/index.php\/wp-json\/wp\/v2\/users\/1"}],"replies":[{"embeddable":true,"href":"https:\/\/noticiasribeiraopreto.com.br\/index.php\/wp-json\/wp\/v2\/comments?post=69998"}],"version-history":[{"count":0,"href":"https:\/\/noticiasribeiraopreto.com.br\/index.php\/wp-json\/wp\/v2\/posts\/69998\/revisions"}],"wp:featuredmedia":[{"embeddable":true,"href":"https:\/\/noticiasribeiraopreto.com.br\/index.php\/wp-json\/wp\/v2\/media\/69999"}],"wp:attachment":[{"href":"https:\/\/noticiasribeiraopreto.com.br\/index.php\/wp-json\/wp\/v2\/media?parent=69998"}],"wp:term":[{"taxonomy":"category","embeddable":true,"href":"https:\/\/noticiasribeiraopreto.com.br\/index.php\/wp-json\/wp\/v2\/categories?post=69998"},{"taxonomy":"post_tag","embeddable":true,"href":"https:\/\/noticiasribeiraopreto.com.br\/index.php\/wp-json\/wp\/v2\/tags?post=69998"}],"curies":[{"name":"wp","href":"https:\/\/api.w.org\/{rel}","templated":true}]}}