{"id":70002,"date":"2025-05-21T20:46:25","date_gmt":"2025-05-21T23:46:25","guid":{"rendered":"https:\/\/noticiasribeiraopreto.com.br\/index.php\/2025\/05\/21\/caso-larissa-promotor-afirma-que-professora-nao-usou-celular-para-pedir-socorro\/"},"modified":"2025-05-21T20:46:25","modified_gmt":"2025-05-21T23:46:25","slug":"caso-larissa-promotor-afirma-que-professora-nao-usou-celular-para-pedir-socorro","status":"publish","type":"post","link":"https:\/\/noticiasribeiraopreto.com.br\/index.php\/2025\/05\/21\/caso-larissa-promotor-afirma-que-professora-nao-usou-celular-para-pedir-socorro\/","title":{"rendered":"Caso Larissa: promotor afirma que professora n\u00e3o usou celular para pedir socorro"},"content":{"rendered":"<p> <br \/>\n<\/p>\n<div data-td-block-uid=\"tdi_95\">\n<div class=\"tdb-block-inner td-fix-index\">\n<p>A professora de pilates Larissa Rodrigues, morta por envenenamento em Ribeir\u00e3o Preto, <strong>n\u00e3o chegou a pedir socorro enquanto passava mal.<\/strong> A informa\u00e7\u00e3o foi divulgada pelo promotor de Justi\u00e7a Marcos T\u00falio Nicolino, que acompanha a investiga\u00e7\u00e3o.<\/p>\n<p>Segundo o promotor, <strong>a \u00faltima movimenta\u00e7\u00e3o registrada no celular de Larissa ocorreu por volta das 23h do dia 21 de mar\u00e7o.<\/strong> Ela foi encontrada morta na manh\u00e3 seguinte, no apartamento onde morava com o marido. O m\u00e9dico Luiz Antonio Garnica localizou o corpo da esposa, ca\u00edda no ch\u00e3o do banheiro, por volta das 10h.<\/p>\n<p>De acordo com Nicolino, o <strong>aparelho celular da v\u00edtima n\u00e3o apresentou atividade ap\u00f3s as 23h. <\/strong><\/p>\n<figure class=\"wp-block-pullquote\">\n<blockquote>\n<p>Por volta das onze horas da noite, o aparelho n\u00e3o teve mais atividade. N\u00e3o recebeu chamadas nem mensagens nem fez tamb\u00e9m. O que quer dizer que, enquanto ela estava passando mal, ela n\u00e3o teve condi\u00e7\u00e3o de acessar esse aparelho. O que aconteceu ali ainda \u00e9 muito nebuloso<\/p>\n<p><cite>afirmou Nicolino<\/cite><\/p><\/blockquote>\n<\/figure>\n<p><strong>O laudo necrosc\u00f3pico indica que Larissa morreu por volta das 5h do dia 22 de mar\u00e7o.<\/strong><\/p>\n<p>As autoridades aguardam a an\u00e1lise pericial dos telefones apreendidos com Garnica, com a m\u00e3e dele, Elizabete Arraba\u00e7a, e com a v\u00edtima. Os dois est\u00e3o presos temporariamente, suspeitos de homic\u00eddio.<\/p>\n<p>De acordo com Nicolino, <strong>o conte\u00fado dos aparelhos pode ajudar a esclarecer a din\u00e2mica dos fatos.<\/strong><\/p>\n<figure class=\"wp-block-pullquote\">\n<blockquote>\n<p>Esses celulares podem trazer a din\u00e2mica dos fatos, o que as pessoas conversaram, trocaram de mensagens. Isso \u00e9 muito importante para a investiga\u00e7\u00e3o. Um planejamento, algum acesso a algum veneno, alguma conversa sobre isso<\/p>\n<p><cite>completou<\/cite><\/p><\/blockquote>\n<\/figure>\n<p><sub><sup>Com informa\u00e7\u00f5es da EPTV<\/sup><\/sub><\/p>\n<hr class=\"wp-block-separator has-alpha-channel-opacity\"\/>\n<p>SAIBA MAIS<br \/>Evento re\u00fane brech\u00f3s e oferece mais de 10 mil pe\u00e7as em Ribeir\u00e3o Preto; Veja quando<\/p>\n<h2 class=\"wp-block-heading\"><strong>FIQUE ON<\/strong><\/h2>\n<p>Fique ligado em tudo que acontece em Ribeir\u00e3o Preto e regi\u00e3o. Siga os perfis do\u00a0<strong>acidade on<\/strong>\u00a0no\u00a0<a href=\"https:\/\/www.instagram.com\/acidadeonribeirao\">Instagram\u00a0<\/a>e no\u00a0<a href=\"https:\/\/www.facebook.com\/acidadeonribeirao\/\">Facebook.<\/a><\/p>\n<p>Receba not\u00edcias do\u00a0<strong>acidade on<\/strong>\u00a0no WhatsApp.\u00a0<a href=\"https:\/\/chat.whatsapp.com\/BjKQZ9oJwlz8VVT50NuePq\">Para entrar no grupo, basta clicar aqui.<\/a><\/p>\n<p>Fa\u00e7a uma den\u00fancia ou sugira uma reportagem sobre Ribeir\u00e3o Preto e regi\u00e3o pelo WhatsApp: 16 99117 7802.<\/p>\n<p>VEJA TAMB\u00c9M<br \/>Quais marcas de azeite tiveram a venda proibida?<\/p>\n<p><!-- CONTENT END 1 -->\n<\/div>\n<\/div>\n<p><script async src=\"\/\/www.instagram.com\/embed.js\"><\/script><br \/>\n<br \/><br \/>\n<br \/><a href=\"https:\/\/www.acidadeon.com\/ribeiraopreto\/cotidiano\/caso-larissa-promotor-afirma-que-professora-nao-usou-celular-para-pedir-socorro\/\">Source link <\/a><\/p>\n","protected":false},"excerpt":{"rendered":"<p>A professora de pilates Larissa Rodrigues, morta por envenenamento em Ribeir\u00e3o Preto, n\u00e3o chegou a pedir socorro enquanto passava mal. A informa\u00e7\u00e3o foi divulgada pelo&#8230;<\/p>\n","protected":false},"author":1,"featured_media":69363,"comment_status":"open","ping_status":"open","sticky":false,"template":"","format":"standard","meta":{"advanced_seo_description":"","jetpack_seo_html_title":"","jetpack_seo_noindex":false,"jetpack_post_was_ever_published":false,"_jetpack_newsletter_access":"","_jetpack_dont_email_post_to_subs":false,"_jetpack_newsletter_tier_id":0,"_jetpack_memberships_contains_paywalled_content":false,"_jetpack_memberships_contains_paid_content":false,"footnotes":"","jetpack_publicize_message":"","jetpack_publicize_feature_enabled":true,"jetpack_social_post_already_shared":true,"jetpack_social_options":{"image_generator_settings":{"template":"highway","default_image_id":0,"font":"","enabled":false},"version":2}},"categories":[11],"tags":[],"class_list":["post-70002","post","type-post","status-publish","format-standard","has-post-thumbnail","hentry","category-noticias-de-ribeirao-preto-sp-e-regiao-ismael-colosi"],"jetpack_publicize_connections":[],"jetpack_featured_media_url":"https:\/\/i0.wp.com\/noticiasribeiraopreto.com.br\/wp-content\/uploads\/2025\/05\/LARISSA_2025-05-05_14-47-10.webp.webp?fit=1200%2C785&ssl=1","jetpack-related-posts":[{"id":76940,"url":"https:\/\/noticiasribeiraopreto.com.br\/index.php\/2025\/09\/09\/caso-larissa-justica-ouve-testemunhas-sobre-morte-de-professora-por-envenenamento\/","url_meta":{"origin":70002,"position":0},"title":"Caso Larissa: Justi\u00e7a ouve testemunhas sobre morte de professora por envenenamento","author":"noticiasribeiraopreto.com.br","date":"9 de September de 2025","format":false,"excerpt":"A Justi\u00e7a de Ribeir\u00e3o Preto come\u00e7a a ouvir, nesta ter\u00e7a-feira (9), as testemunhas de acusa\u00e7\u00e3o no caso da professora Larissa Rodrigues, de 37 anos, morta por envenenamento em mar\u00e7o. Os r\u00e9us s\u00e3o a sogra, Elizabete Arraba\u00e7a, e o marido, o m\u00e9dico Luiz Garnica, que est\u00e3o presos desde maio e negam\u2026","rel":"","context":"In &quot;Not\u00edcias de Ribeir\u00e3o Preto-SP e Regi\u00e3o&quot;","block_context":{"text":"Not\u00edcias de Ribeir\u00e3o Preto-SP e Regi\u00e3o","link":"https:\/\/noticiasribeiraopreto.com.br\/index.php\/category\/noticias-de-ribeirao-preto-sp-e-regiao-ismael-colosi\/"},"img":{"alt_text":"","src":"https:\/\/i0.wp.com\/noticiasribeiraopreto.com.br\/wp-content\/uploads\/2025\/07\/Copia-de-Copia-de-Copia-de-TAMANHO-EXATO-PARA-FOTOS-NO-SISTEMA-NOVO-2025-07-01T135245.697_2025-07-01_16-52-51.webp.webp?fit=1200%2C675&ssl=1&resize=350%2C200","width":350,"height":200,"srcset":"https:\/\/i0.wp.com\/noticiasribeiraopreto.com.br\/wp-content\/uploads\/2025\/07\/Copia-de-Copia-de-Copia-de-TAMANHO-EXATO-PARA-FOTOS-NO-SISTEMA-NOVO-2025-07-01T135245.697_2025-07-01_16-52-51.webp.webp?fit=1200%2C675&ssl=1&resize=350%2C200 1x, https:\/\/i0.wp.com\/noticiasribeiraopreto.com.br\/wp-content\/uploads\/2025\/07\/Copia-de-Copia-de-Copia-de-TAMANHO-EXATO-PARA-FOTOS-NO-SISTEMA-NOVO-2025-07-01T135245.697_2025-07-01_16-52-51.webp.webp?fit=1200%2C675&ssl=1&resize=525%2C300 1.5x, https:\/\/i0.wp.com\/noticiasribeiraopreto.com.br\/wp-content\/uploads\/2025\/07\/Copia-de-Copia-de-Copia-de-TAMANHO-EXATO-PARA-FOTOS-NO-SISTEMA-NOVO-2025-07-01T135245.697_2025-07-01_16-52-51.webp.webp?fit=1200%2C675&ssl=1&resize=700%2C400 2x, https:\/\/i0.wp.com\/noticiasribeiraopreto.com.br\/wp-content\/uploads\/2025\/07\/Copia-de-Copia-de-Copia-de-TAMANHO-EXATO-PARA-FOTOS-NO-SISTEMA-NOVO-2025-07-01T135245.697_2025-07-01_16-52-51.webp.webp?fit=1200%2C675&ssl=1&resize=1050%2C600 3x"},"classes":[]},{"id":76068,"url":"https:\/\/noticiasribeiraopreto.com.br\/index.php\/2025\/08\/21\/justica-rejeita-anulacao-de-provas-contra-marido-e-sogra-de-professora-morta-em-ribeirao\/","url_meta":{"origin":70002,"position":1},"title":"Justi\u00e7a rejeita anula\u00e7\u00e3o de provas contra marido e sogra de professora morta em Ribeir\u00e3o","author":"noticiasribeiraopreto.com.br","date":"21 de August de 2025","format":false,"excerpt":"A Justi\u00e7a de Ribeir\u00e3o Preto rejeitou um pedido das defesas de Luiz Ant\u00f4nio Garnica e Elizabete Arraba\u00e7a para anular as provas encontradas nos celulares deles. Os dois s\u00e3o acusados de envolvimento na morte por envenenamento da professora Larissa Rodrigues, em mar\u00e7o deste ano, na zona Sul. Os advogados de Luiz\u2026","rel":"","context":"In &quot;Not\u00edcias de Ribeir\u00e3o Preto-SP e Regi\u00e3o&quot;","block_context":{"text":"Not\u00edcias de Ribeir\u00e3o Preto-SP e Regi\u00e3o","link":"https:\/\/noticiasribeiraopreto.com.br\/index.php\/category\/noticias-de-ribeirao-preto-sp-e-regiao-ismael-colosi\/"},"img":{"alt_text":"","src":"https:\/\/i0.wp.com\/noticiasribeiraopreto.com.br\/wp-content\/uploads\/2025\/07\/Copia-de-Copia-de-Copia-de-TAMANHO-EXATO-PARA-FOTOS-NO-SISTEMA-NOVO-2025-07-01T135245.697_2025-07-01_16-52-51.webp.webp?fit=1200%2C675&ssl=1&resize=350%2C200","width":350,"height":200,"srcset":"https:\/\/i0.wp.com\/noticiasribeiraopreto.com.br\/wp-content\/uploads\/2025\/07\/Copia-de-Copia-de-Copia-de-TAMANHO-EXATO-PARA-FOTOS-NO-SISTEMA-NOVO-2025-07-01T135245.697_2025-07-01_16-52-51.webp.webp?fit=1200%2C675&ssl=1&resize=350%2C200 1x, https:\/\/i0.wp.com\/noticiasribeiraopreto.com.br\/wp-content\/uploads\/2025\/07\/Copia-de-Copia-de-Copia-de-TAMANHO-EXATO-PARA-FOTOS-NO-SISTEMA-NOVO-2025-07-01T135245.697_2025-07-01_16-52-51.webp.webp?fit=1200%2C675&ssl=1&resize=525%2C300 1.5x, https:\/\/i0.wp.com\/noticiasribeiraopreto.com.br\/wp-content\/uploads\/2025\/07\/Copia-de-Copia-de-Copia-de-TAMANHO-EXATO-PARA-FOTOS-NO-SISTEMA-NOVO-2025-07-01T135245.697_2025-07-01_16-52-51.webp.webp?fit=1200%2C675&ssl=1&resize=700%2C400 2x, https:\/\/i0.wp.com\/noticiasribeiraopreto.com.br\/wp-content\/uploads\/2025\/07\/Copia-de-Copia-de-Copia-de-TAMANHO-EXATO-PARA-FOTOS-NO-SISTEMA-NOVO-2025-07-01T135245.697_2025-07-01_16-52-51.webp.webp?fit=1200%2C675&ssl=1&resize=1050%2C600 3x"},"classes":[]},{"id":69499,"url":"https:\/\/noticiasribeiraopreto.com.br\/index.php\/2025\/05\/06\/marido-e-sogra-de-professora-envenenada-sao-presos\/","url_meta":{"origin":70002,"position":2},"title":"Marido e sogra de professora envenenada s\u00e3o presos","author":"noticiasribeiraopreto.com.br","date":"6 de May de 2025","format":false,"excerpt":"Por: Adalberto Luque O m\u00e9dico ortopedista Luiz Ant\u00f4nio Garnica, de 38 anos e sua m\u00e3e Elizabete Eug\u00eanio Arraba\u00e7a Garnica, de 67 anos, foram presos na tarde desta ter\u00e7a-feira (6), suspeitos de terem envenenado a professora de pilates Larissa Talle Le\u00f4ncio Rodrigues, de 37 anos. Ela foi encontrada morta em seu\u2026","rel":"","context":"In &quot;Not\u00edcias de Ribeir\u00e3o Preto-SP e Regi\u00e3o&quot;","block_context":{"text":"Not\u00edcias de Ribeir\u00e3o Preto-SP e Regi\u00e3o","link":"https:\/\/noticiasribeiraopreto.com.br\/index.php\/category\/noticias-de-ribeirao-preto-sp-e-regiao-ismael-colosi\/"},"img":{"alt_text":"","src":"https:\/\/i0.wp.com\/noticiasribeiraopreto.com.br\/wp-content\/uploads\/2025\/05\/06-mai-2025-envenenamentoprofessora1.jpg?fit=552%2C503&ssl=1&resize=350%2C200","width":350,"height":200,"srcset":"https:\/\/i0.wp.com\/noticiasribeiraopreto.com.br\/wp-content\/uploads\/2025\/05\/06-mai-2025-envenenamentoprofessora1.jpg?fit=552%2C503&ssl=1&resize=350%2C200 1x, https:\/\/i0.wp.com\/noticiasribeiraopreto.com.br\/wp-content\/uploads\/2025\/05\/06-mai-2025-envenenamentoprofessora1.jpg?fit=552%2C503&ssl=1&resize=525%2C300 1.5x"},"classes":[]},{"id":70187,"url":"https:\/\/noticiasribeiraopreto.com.br\/index.php\/2025\/05\/23\/caso-larissa-corpo-de-nathalia-e-exumado\/","url_meta":{"origin":70002,"position":3},"title":"Caso Larissa: Corpo de Nathalia \u00e9 exumado","author":"noticiasribeiraopreto.com.br","date":"23 de May de 2025","format":false,"excerpt":"Por: Adalberto Luque A pedido da Pol\u00edcia Civil e com aval da Justi\u00e7a de Pontal, o Instituto M\u00e9dico Legal (IML) promoveu na manh\u00e3 desta sexta-feira, 23 de maio, a exuma\u00e7\u00e3o do corpo de Nathalia Garnica, de 42 anos, irm\u00e3 do m\u00e9dico Luiz Ant\u00f4nio Garnica, de 38, e filha de Elizabete\u2026","rel":"","context":"In &quot;Not\u00edcias de Ribeir\u00e3o Preto-SP e Regi\u00e3o&quot;","block_context":{"text":"Not\u00edcias de Ribeir\u00e3o Preto-SP e Regi\u00e3o","link":"https:\/\/noticiasribeiraopreto.com.br\/index.php\/category\/noticias-de-ribeirao-preto-sp-e-regiao-ismael-colosi\/"},"img":{"alt_text":"","src":"https:\/\/i0.wp.com\/noticiasribeiraopreto.com.br\/wp-content\/uploads\/2025\/05\/23-mai-2025-00exumacaonathalia.jpg?fit=850%2C584&ssl=1&resize=350%2C200","width":350,"height":200,"srcset":"https:\/\/i0.wp.com\/noticiasribeiraopreto.com.br\/wp-content\/uploads\/2025\/05\/23-mai-2025-00exumacaonathalia.jpg?fit=850%2C584&ssl=1&resize=350%2C200 1x, https:\/\/i0.wp.com\/noticiasribeiraopreto.com.br\/wp-content\/uploads\/2025\/05\/23-mai-2025-00exumacaonathalia.jpg?fit=850%2C584&ssl=1&resize=525%2C300 1.5x, https:\/\/i0.wp.com\/noticiasribeiraopreto.com.br\/wp-content\/uploads\/2025\/05\/23-mai-2025-00exumacaonathalia.jpg?fit=850%2C584&ssl=1&resize=700%2C400 2x"},"classes":[]},{"id":78621,"url":"https:\/\/noticiasribeiraopreto.com.br\/index.php\/2025\/10\/14\/caso-larissa-medico-mantem-acusacao-contra-mae-por-morte-da-professora-em-ribeirao\/","url_meta":{"origin":70002,"position":4},"title":"Caso Larissa: m\u00e9dico mant\u00e9m acusa\u00e7\u00e3o contra m\u00e3e por morte da professora em Ribeir\u00e3o","author":"noticiasribeiraopreto.com.br","date":"14 de October de 2025","format":false,"excerpt":"Durante audi\u00eancia de instru\u00e7\u00e3o, realizada nesta ter\u00e7a-feira (14), o m\u00e9dico Luiz Ant\u00f4nio Garnica manteve a acusa\u00e7\u00e3o contra a m\u00e3e, Elizabete Arraba\u00e7a, pela morte da professora de pilates Larissa Rodrigues, em mar\u00e7o deste ano em Ribeir\u00e3o Preto. >>> FIQUE POR DENTRO: Confira a cobertura completa sobre o \u2018Caso Larissa\u2019 clicando aqui\u2026","rel":"","context":"In &quot;Not\u00edcias de Ribeir\u00e3o Preto-SP e Regi\u00e3o&quot;","block_context":{"text":"Not\u00edcias de Ribeir\u00e3o Preto-SP e Regi\u00e3o","link":"https:\/\/noticiasribeiraopreto.com.br\/index.php\/category\/noticias-de-ribeirao-preto-sp-e-regiao-ismael-colosi\/"},"img":{"alt_text":"","src":"https:\/\/i0.wp.com\/noticiasribeiraopreto.com.br\/wp-content\/uploads\/2025\/07\/Copia-de-Copia-de-Copia-de-TAMANHO-EXATO-PARA-FOTOS-NO-SISTEMA-NOVO-2025-07-01T135245.697_2025-07-01_16-52-51.webp.webp?fit=1200%2C675&ssl=1&resize=350%2C200","width":350,"height":200,"srcset":"https:\/\/i0.wp.com\/noticiasribeiraopreto.com.br\/wp-content\/uploads\/2025\/07\/Copia-de-Copia-de-Copia-de-TAMANHO-EXATO-PARA-FOTOS-NO-SISTEMA-NOVO-2025-07-01T135245.697_2025-07-01_16-52-51.webp.webp?fit=1200%2C675&ssl=1&resize=350%2C200 1x, https:\/\/i0.wp.com\/noticiasribeiraopreto.com.br\/wp-content\/uploads\/2025\/07\/Copia-de-Copia-de-Copia-de-TAMANHO-EXATO-PARA-FOTOS-NO-SISTEMA-NOVO-2025-07-01T135245.697_2025-07-01_16-52-51.webp.webp?fit=1200%2C675&ssl=1&resize=525%2C300 1.5x, https:\/\/i0.wp.com\/noticiasribeiraopreto.com.br\/wp-content\/uploads\/2025\/07\/Copia-de-Copia-de-Copia-de-TAMANHO-EXATO-PARA-FOTOS-NO-SISTEMA-NOVO-2025-07-01T135245.697_2025-07-01_16-52-51.webp.webp?fit=1200%2C675&ssl=1&resize=700%2C400 2x, https:\/\/i0.wp.com\/noticiasribeiraopreto.com.br\/wp-content\/uploads\/2025\/07\/Copia-de-Copia-de-Copia-de-TAMANHO-EXATO-PARA-FOTOS-NO-SISTEMA-NOVO-2025-07-01T135245.697_2025-07-01_16-52-51.webp.webp?fit=1200%2C675&ssl=1&resize=1050%2C600 3x"},"classes":[]},{"id":69480,"url":"https:\/\/noticiasribeiraopreto.com.br\/index.php\/2025\/05\/06\/investigacao-apura-possivel-envenenamento-de-professora-morta-em-ribeirao-preto-laudo-toxicologico-e-aguardado\/","url_meta":{"origin":70002,"position":5},"title":"Investiga\u00e7\u00e3o apura poss\u00edvel envenenamento de professora morta em Ribeir\u00e3o Preto; laudo toxicol\u00f3gico \u00e9 aguardado","author":"noticiasribeiraopreto.com.br","date":"6 de May de 2025","format":false,"excerpt":"A Pol\u00edcia Civil suspeita que a professora Larissa Talle Le\u00f4ncio Rodrigues, encontrada morta no dia 22 de mar\u00e7o, possa ter sido envenenada. Uma fonte ouvida pela EPTV informou que a suspeita por envenenamento envolveria o uso de chumbinho. Os investigadores aguardam o laudo toxicol\u00f3gico para avan\u00e7ar nesta possibilidade. Em depoimento,\u2026","rel":"","context":"In &quot;Not\u00edcias de Ribeir\u00e3o Preto-SP e Regi\u00e3o&quot;","block_context":{"text":"Not\u00edcias de Ribeir\u00e3o Preto-SP e Regi\u00e3o","link":"https:\/\/noticiasribeiraopreto.com.br\/index.php\/category\/noticias-de-ribeirao-preto-sp-e-regiao-ismael-colosi\/"},"img":{"alt_text":"","src":"https:\/\/i0.wp.com\/noticiasribeiraopreto.com.br\/wp-content\/uploads\/2025\/05\/larissa_2025-05-06_16-41-07.webp.webp?fit=936%2C681&ssl=1&resize=350%2C200","width":350,"height":200,"srcset":"https:\/\/i0.wp.com\/noticiasribeiraopreto.com.br\/wp-content\/uploads\/2025\/05\/larissa_2025-05-06_16-41-07.webp.webp?fit=936%2C681&ssl=1&resize=350%2C200 1x, https:\/\/i0.wp.com\/noticiasribeiraopreto.com.br\/wp-content\/uploads\/2025\/05\/larissa_2025-05-06_16-41-07.webp.webp?fit=936%2C681&ssl=1&resize=525%2C300 1.5x, https:\/\/i0.wp.com\/noticiasribeiraopreto.com.br\/wp-content\/uploads\/2025\/05\/larissa_2025-05-06_16-41-07.webp.webp?fit=936%2C681&ssl=1&resize=700%2C400 2x"},"classes":[]}],"jetpack_sharing_enabled":true,"jetpack_shortlink":"https:\/\/wp.me\/peQAOb-id4","_links":{"self":[{"href":"https:\/\/noticiasribeiraopreto.com.br\/index.php\/wp-json\/wp\/v2\/posts\/70002","targetHints":{"allow":["GET"]}}],"collection":[{"href":"https:\/\/noticiasribeiraopreto.com.br\/index.php\/wp-json\/wp\/v2\/posts"}],"about":[{"href":"https:\/\/noticiasribeiraopreto.com.br\/index.php\/wp-json\/wp\/v2\/types\/post"}],"author":[{"embeddable":true,"href":"https:\/\/noticiasribeiraopreto.com.br\/index.php\/wp-json\/wp\/v2\/users\/1"}],"replies":[{"embeddable":true,"href":"https:\/\/noticiasribeiraopreto.com.br\/index.php\/wp-json\/wp\/v2\/comments?post=70002"}],"version-history":[{"count":0,"href":"https:\/\/noticiasribeiraopreto.com.br\/index.php\/wp-json\/wp\/v2\/posts\/70002\/revisions"}],"wp:featuredmedia":[{"embeddable":true,"href":"https:\/\/noticiasribeiraopreto.com.br\/index.php\/wp-json\/wp\/v2\/media\/69363"}],"wp:attachment":[{"href":"https:\/\/noticiasribeiraopreto.com.br\/index.php\/wp-json\/wp\/v2\/media?parent=70002"}],"wp:term":[{"taxonomy":"category","embeddable":true,"href":"https:\/\/noticiasribeiraopreto.com.br\/index.php\/wp-json\/wp\/v2\/categories?post=70002"},{"taxonomy":"post_tag","embeddable":true,"href":"https:\/\/noticiasribeiraopreto.com.br\/index.php\/wp-json\/wp\/v2\/tags?post=70002"}],"curies":[{"name":"wp","href":"https:\/\/api.w.org\/{rel}","templated":true}]}}