{"id":70005,"date":"2025-05-21T21:06:23","date_gmt":"2025-05-22T00:06:23","guid":{"rendered":"https:\/\/noticiasribeiraopreto.com.br\/index.php\/2025\/05\/21\/saiba-como-funciona-a-venda-de-creditos-de-carbono-na-regiao-de-ribeirao-preto\/"},"modified":"2025-05-21T21:06:23","modified_gmt":"2025-05-22T00:06:23","slug":"saiba-como-funciona-a-venda-de-creditos-de-carbono-na-regiao-de-ribeirao-preto","status":"publish","type":"post","link":"https:\/\/noticiasribeiraopreto.com.br\/index.php\/2025\/05\/21\/saiba-como-funciona-a-venda-de-creditos-de-carbono-na-regiao-de-ribeirao-preto\/","title":{"rendered":"Saiba como funciona a venda de cr\u00e9ditos de carbono na regi\u00e3o de Ribeir\u00e3o Preto"},"content":{"rendered":"<p> <br \/>\n<\/p>\n<div>\n<p>Na regi\u00e3o de <strong>Ribeir\u00e3o Preto<\/strong>, a recupera\u00e7\u00e3o de \u00e1reas degradadas e a compensa\u00e7\u00e3o das emiss\u00f5es de gases de efeito estufa s\u00e3o realizadas, entre outras formas, por meio do plantio de \u00e1rvores nativas em propriedades rurais. Esse plantio<strong> gera cr\u00e9ditos de carbono que podem ser vendidos no mercado.<\/strong><\/p>\n<p><strong>A venda desses cr\u00e9ditos acontece por meio da compra antecipada por grandes empresas<\/strong>, que utilizam esse recurso para compensar suas emiss\u00f5es de carbono.<\/p>\n<p>Para participar, propriet\u00e1rios rurais precisam ter t\u00edtulos de terra regularizados e \u00e1reas desmatadas h\u00e1 mais de dez anos \u2013 saiba mais abaixo.<\/p>\n<h2 class=\"wp-block-heading\"><strong>O que \u00e9 cr\u00e9dito de carbono?<\/strong><\/h2>\n<p><strong>Cr\u00e9dito de carbono s\u00e3o certificados que representam a redu\u00e7\u00e3o ou remo\u00e7\u00e3o de uma tonelada de di\u00f3xido de carbono (CO\u2082)<\/strong>, ou de outro g\u00e1s de efeito estufa da atmosfera, segundo explica\u00e7\u00e3o do Minist\u00e9rio da Integra\u00e7\u00e3o e do Desenvolvimento Regional.<\/p>\n<p>Esses cr\u00e9ditos s\u00e3o usados para compensar emiss\u00f5es de gases de empresas, governos ou indiv\u00edduos que querem reduzir seu impacto ambiental. <strong>Vale lembrar que no mercado de cr\u00e9ditos de carbono<\/strong>, existem diferentes tipos de programas: <strong>voltados para compensar ou reduzir emiss\u00f5es de gases de efeito estufa.<\/strong><\/p>\n<p>Eles podem ser divididos em outros dois grandes grupos de Mercado Regulamentado (ou Compuls\u00f3rio) ou Mercado Volunt\u00e1rio.<\/p>\n<h3 class=\"wp-block-heading\"><strong>Compensa\u00e7\u00e3o na regi\u00e3o de Ribeir\u00e3o Preto<\/strong><\/h3>\n<p><strong>Iniciado na regi\u00e3o de Ribeir\u00e3o Preto<\/strong>, o programa \u201cAna Primavesi\u201d \u00e9 uma iniciativa do Instituto Ub\u00e1 de Sustentabilidade, que tem como meta recuperar dois mil hectares de APPs (\u00e1reas de preserva\u00e7\u00e3o permanentes), plantando neste espa\u00e7o cerca de 3 milh\u00f5es e 350 mil \u00e1rvores nativas.<\/p>\n<p>De acordo com a institui\u00e7\u00e3o,<strong> no ano passado o programa realizou o plantio de 42 mil \u00e1rvores de cerrado e mata atl\u00e2ntica, em 25 hectares de propriedades rurais da Alta Mogiana<\/strong> \u2013 regi\u00e3o conhecida por suas atividades agr\u00edcolas.<\/p>\n<p>Aberto a todos os propriet\u00e1rios rurais do Estado de S\u00e3o Paulo, a a\u00e7\u00e3o \u00e9 considerada uma solu\u00e7\u00e3o \u201cvi\u00e1vel at\u00e9 mesmo para os pequenos agricultores por causa da compra antecipada de cr\u00e9dito de carbono pelas grandes empresas\u201d.<\/p>\n<p>Na regi\u00e3o de Ribeir\u00e3o Preto, segundo a engenheira florestal Marina Gavald\u00e3o, grande parte dos recursos v\u00eam da compra antecipada dos cr\u00e9ditos de carbono pelo cliente, que assim compensa suas emiss\u00f5es de gases de efeito estufa.<\/p>\n<p>No processo, os agricultores que aderem ao programa realizam o plantio e o manejo das \u00e1reas reflorestadas. Portanto, eles transferem os direitos dos cr\u00e9ditos de carbono para as empresas que financiam os projetos e s\u00e3o obrigados a manter as \u00e1reas reflorestadas por um per\u00edodo de 40 anos, conforme a legisla\u00e7\u00e3o ambiental vigente.<\/p>\n<p>Os recursos obtidos com a venda antecipada dos cr\u00e9ditos tamb\u00e9m cobrem custos relacionados a auditorias, insumos e acompanhamento t\u00e9cnico dos projetos. O processo segue as normas previstas no C\u00f3digo Florestal para a recupera\u00e7\u00e3o\u00a0ambiental.<\/p>\n<hr class=\"wp-block-separator has-alpha-channel-opacity\"\/>\n<p>SAIBA MAIS<br \/>Evento re\u00fane brech\u00f3s e oferece mais de 10 mil pe\u00e7as em Ribeir\u00e3o Preto; Veja quando<\/p>\n<h2 class=\"wp-block-heading\"><strong>FIQUE ON<\/strong><\/h2>\n<p>Fique ligado em tudo que acontece em Ribeir\u00e3o Preto e regi\u00e3o. Siga os perfis do\u00a0<strong>acidade on<\/strong>\u00a0no\u00a0<a href=\"https:\/\/www.instagram.com\/acidadeonribeirao\">Instagram\u00a0<\/a>e no\u00a0<a href=\"https:\/\/www.facebook.com\/acidadeonribeirao\/\">Facebook.<\/a><\/p>\n<p>Receba not\u00edcias do\u00a0<strong>acidade on<\/strong>\u00a0no WhatsApp.\u00a0<a href=\"https:\/\/chat.whatsapp.com\/BjKQZ9oJwlz8VVT50NuePq\">Para entrar no grupo, basta clicar aqui.<\/a><\/p>\n<p>Fa\u00e7a uma den\u00fancia ou sugira uma reportagem sobre Ribeir\u00e3o Preto e regi\u00e3o pelo WhatsApp: 16 99117 7802.<\/p>\n<p>VEJA TAMB\u00c9M<br \/>Quais marcas de azeite tiveram a venda proibida?<\/p>\n<p><!-- CONTENT END 1 -->\n<\/div>\n<p><script async src=\"\/\/www.instagram.com\/embed.js\"><\/script><br \/>\n<br \/><br \/>\n<br \/><a href=\"https:\/\/www.acidadeon.com\/ribeiraopreto\/economia\/saiba-como-funciona-a-venda-de-creditos-de-carbono-na-regiao-de-ribeirao-preto\/\">Source link <\/a><\/p>\n","protected":false},"excerpt":{"rendered":"<p>Na regi\u00e3o de Ribeir\u00e3o Preto, a recupera\u00e7\u00e3o de \u00e1reas degradadas e a compensa\u00e7\u00e3o das emiss\u00f5es de gases de efeito estufa s\u00e3o realizadas, entre outras formas,&#8230;<\/p>\n","protected":false},"author":1,"featured_media":70006,"comment_status":"open","ping_status":"open","sticky":false,"template":"","format":"standard","meta":{"advanced_seo_description":"","jetpack_seo_html_title":"","jetpack_seo_noindex":false,"jetpack_post_was_ever_published":false,"_jetpack_newsletter_access":"","_jetpack_dont_email_post_to_subs":false,"_jetpack_newsletter_tier_id":0,"_jetpack_memberships_contains_paywalled_content":false,"_jetpack_memberships_contains_paid_content":false,"footnotes":"","jetpack_publicize_message":"","jetpack_publicize_feature_enabled":true,"jetpack_social_post_already_shared":true,"jetpack_social_options":{"image_generator_settings":{"template":"highway","default_image_id":0,"font":"","enabled":false},"version":2}},"categories":[11],"tags":[],"class_list":["post-70005","post","type-post","status-publish","format-standard","has-post-thumbnail","hentry","category-noticias-de-ribeirao-preto-sp-e-regiao-ismael-colosi"],"jetpack_publicize_connections":[],"jetpack_featured_media_url":"https:\/\/i0.wp.com\/noticiasribeiraopreto.com.br\/wp-content\/uploads\/2025\/05\/Imagem-do-WhatsApp-de-2025-05-21-as-12.19.28_0f01b3df_2025-05-21_21-47-12.webp.webp?fit=1200%2C800&ssl=1","jetpack-related-posts":[{"id":12803,"url":"https:\/\/noticiasribeiraopreto.com.br\/index.php\/2023\/12\/08\/b3-vai-lancar-plataforma-de-negociacao-de-creditos-de-carbono\/","url_meta":{"origin":70005,"position":0},"title":"B3 vai lan\u00e7ar plataforma de negocia\u00e7\u00e3o de cr\u00e9ditos de carbono","author":"noticiasribeiraopreto.com.br","date":"8 de December de 2023","format":false,"excerpt":"Enquanto ocorre a COP 28, que debate solu\u00e7\u00f5es sustent\u00e1veis para as mudan\u00e7as clim\u00e1ticas, o Brasil d\u00e1 mais um passo no novo universo da economia verde. A B3 anunciou hoje (8) o lan\u00e7amento de uma parceria com a ACX Group para cria\u00e7\u00e3o de uma plataforma de negocia\u00e7\u00e3o de cr\u00e9ditos de carbono.\u2026","rel":"","context":"In &quot;Dinheiro e Investimento&quot;","block_context":{"text":"Dinheiro e Investimento","link":"https:\/\/noticiasribeiraopreto.com.br\/index.php\/category\/dinheiro-e-investimento-como-fazer-como-ganhar\/"},"img":{"alt_text":"","src":"https:\/\/i0.wp.com\/noticiasribeiraopreto.com.br\/wp-content\/uploads\/2023\/12\/ESG-sustentabilidade-628x353.jpg?fit=628%2C353&ssl=1&resize=350%2C200","width":350,"height":200,"srcset":"https:\/\/i0.wp.com\/noticiasribeiraopreto.com.br\/wp-content\/uploads\/2023\/12\/ESG-sustentabilidade-628x353.jpg?fit=628%2C353&ssl=1&resize=350%2C200 1x, https:\/\/i0.wp.com\/noticiasribeiraopreto.com.br\/wp-content\/uploads\/2023\/12\/ESG-sustentabilidade-628x353.jpg?fit=628%2C353&ssl=1&resize=525%2C300 1.5x"},"classes":[]},{"id":48408,"url":"https:\/\/noticiasribeiraopreto.com.br\/index.php\/2024\/05\/02\/governo-assina-regra-na-agrishow-para-incentivar-pre-sal-caipira-no-interior-de-sp\/","url_meta":{"origin":70005,"position":1},"title":"Governo assina regra na Agrishow para incentivar \u2018pr\u00e9-sal caipira\u2019 no interior de SP","author":"noticiasribeiraopreto.com.br","date":"2 de May de 2024","format":false,"excerpt":"As secretarias de Agricultura e do Meio Ambiente de S\u00e3o Paulo assinaram na Agrishow, em Ribeir\u00e3o Preto, uma resolu\u00e7\u00e3o conjunta que normatiza o licenciamento ambiental para gera\u00e7\u00e3o de biog\u00e1s e biometano nas propriedades e ind\u00fastrias agr\u00edcolas paulistas. Segundo as secretarias, o maior potencial para esse aproveitamento est\u00e1 no setor sucroenerg\u00e9tico,\u2026","rel":"","context":"In &quot;Not\u00edcias de Ribeir\u00e3o Preto-SP e Regi\u00e3o&quot;","block_context":{"text":"Not\u00edcias de Ribeir\u00e3o Preto-SP e Regi\u00e3o","link":"https:\/\/noticiasribeiraopreto.com.br\/index.php\/category\/noticias-de-ribeirao-preto-sp-e-regiao-ismael-colosi\/"},"img":{"alt_text":"","src":"https:\/\/i0.wp.com\/noticiasribeiraopreto.com.br\/wp-content\/uploads\/2024\/05\/AnyConv.com__agrishow-2_2024-05-02_19-49-42.webp.webp?fit=1200%2C800&ssl=1&resize=350%2C200","width":350,"height":200,"srcset":"https:\/\/i0.wp.com\/noticiasribeiraopreto.com.br\/wp-content\/uploads\/2024\/05\/AnyConv.com__agrishow-2_2024-05-02_19-49-42.webp.webp?fit=1200%2C800&ssl=1&resize=350%2C200 1x, https:\/\/i0.wp.com\/noticiasribeiraopreto.com.br\/wp-content\/uploads\/2024\/05\/AnyConv.com__agrishow-2_2024-05-02_19-49-42.webp.webp?fit=1200%2C800&ssl=1&resize=525%2C300 1.5x, https:\/\/i0.wp.com\/noticiasribeiraopreto.com.br\/wp-content\/uploads\/2024\/05\/AnyConv.com__agrishow-2_2024-05-02_19-49-42.webp.webp?fit=1200%2C800&ssl=1&resize=700%2C400 2x, https:\/\/i0.wp.com\/noticiasribeiraopreto.com.br\/wp-content\/uploads\/2024\/05\/AnyConv.com__agrishow-2_2024-05-02_19-49-42.webp.webp?fit=1200%2C800&ssl=1&resize=1050%2C600 3x"},"classes":[]},{"id":56582,"url":"https:\/\/noticiasribeiraopreto.com.br\/index.php\/2024\/08\/15\/veja-qual-combustivel-pode-gerar-800-mil-empregos-no-brasil-sp-lidera-producao\/","url_meta":{"origin":70005,"position":2},"title":"Veja qual combust\u00edvel pode gerar 800 mil empregos no Brasil; SP lidera produ\u00e7\u00e3o","author":"noticiasribeiraopreto.com.br","date":"15 de August de 2024","format":false,"excerpt":"Uma alternativa para diminui\u00e7\u00e3o da polui\u00e7\u00e3o dos combust\u00edveis do Brasil, o biometano, pode gerar 800 mil empregos no Pa\u00eds nos pr\u00f3ximos anos, de acordo com proje\u00e7\u00e3o apresentada na Fenasucro, em Sert\u00e3ozinho. Al\u00e9m disso, o combust\u00edvel pode reduzir em 640 milh\u00f5es de toneladas a emiss\u00e3o de carbono, um dos principais causadores\u2026","rel":"","context":"In &quot;Not\u00edcias de Ribeir\u00e3o Preto-SP e Regi\u00e3o&quot;","block_context":{"text":"Not\u00edcias de Ribeir\u00e3o Preto-SP e Regi\u00e3o","link":"https:\/\/noticiasribeiraopreto.com.br\/index.php\/category\/noticias-de-ribeirao-preto-sp-e-regiao-ismael-colosi\/"},"img":{"alt_text":"","src":"https:\/\/i0.wp.com\/noticiasribeiraopreto.com.br\/wp-content\/uploads\/2024\/08\/fenasucro_2024-08-15_11-48-29_jpg_2024-08-15_11-48-29.webp.webp?fit=1200%2C799&ssl=1&resize=350%2C200","width":350,"height":200,"srcset":"https:\/\/i0.wp.com\/noticiasribeiraopreto.com.br\/wp-content\/uploads\/2024\/08\/fenasucro_2024-08-15_11-48-29_jpg_2024-08-15_11-48-29.webp.webp?fit=1200%2C799&ssl=1&resize=350%2C200 1x, https:\/\/i0.wp.com\/noticiasribeiraopreto.com.br\/wp-content\/uploads\/2024\/08\/fenasucro_2024-08-15_11-48-29_jpg_2024-08-15_11-48-29.webp.webp?fit=1200%2C799&ssl=1&resize=525%2C300 1.5x, https:\/\/i0.wp.com\/noticiasribeiraopreto.com.br\/wp-content\/uploads\/2024\/08\/fenasucro_2024-08-15_11-48-29_jpg_2024-08-15_11-48-29.webp.webp?fit=1200%2C799&ssl=1&resize=700%2C400 2x, https:\/\/i0.wp.com\/noticiasribeiraopreto.com.br\/wp-content\/uploads\/2024\/08\/fenasucro_2024-08-15_11-48-29_jpg_2024-08-15_11-48-29.webp.webp?fit=1200%2C799&ssl=1&resize=1050%2C600 3x"},"classes":[]},{"id":75575,"url":"https:\/\/noticiasribeiraopreto.com.br\/index.php\/2025\/08\/11\/alckmin-e-tarcisio-sao-confirmados-na-abertura-da-fenasucro-agrocana\/","url_meta":{"origin":70005,"position":3},"title":"Alckmin e Tarc\u00edsio s\u00e3o confirmados na abertura da Fenasucro &#038; Agrocana","author":"noticiasribeiraopreto.com.br","date":"11 de August de 2025","format":false,"excerpt":"O vice-presidente da Rep\u00fablica, Geraldo Alckmin (PSB), e o governador de S\u00e3o Paulo, Tarc\u00edsio de Freitas (REP), foram confirmados na abertura da Fenasucro & Agrocana, que acontece nesta ter\u00e7a-feira (12), em Sert\u00e3ozinho, na regi\u00e3o de Ribeir\u00e3o Preto. A feira, que tem o foco em temas como transi\u00e7\u00e3o energ\u00e9tica, mobilidade de\u2026","rel":"","context":"In &quot;Not\u00edcias de Ribeir\u00e3o Preto-SP e Regi\u00e3o&quot;","block_context":{"text":"Not\u00edcias de Ribeir\u00e3o Preto-SP e Regi\u00e3o","link":"https:\/\/noticiasribeiraopreto.com.br\/index.php\/category\/noticias-de-ribeirao-preto-sp-e-regiao-ismael-colosi\/"},"img":{"alt_text":"","src":"https:\/\/i0.wp.com\/noticiasribeiraopreto.com.br\/wp-content\/uploads\/2025\/08\/alckmin-tarcisio_2025-08-11_19-11-57.webp.webp?fit=1200%2C674&ssl=1&resize=350%2C200","width":350,"height":200,"srcset":"https:\/\/i0.wp.com\/noticiasribeiraopreto.com.br\/wp-content\/uploads\/2025\/08\/alckmin-tarcisio_2025-08-11_19-11-57.webp.webp?fit=1200%2C674&ssl=1&resize=350%2C200 1x, https:\/\/i0.wp.com\/noticiasribeiraopreto.com.br\/wp-content\/uploads\/2025\/08\/alckmin-tarcisio_2025-08-11_19-11-57.webp.webp?fit=1200%2C674&ssl=1&resize=525%2C300 1.5x, https:\/\/i0.wp.com\/noticiasribeiraopreto.com.br\/wp-content\/uploads\/2025\/08\/alckmin-tarcisio_2025-08-11_19-11-57.webp.webp?fit=1200%2C674&ssl=1&resize=700%2C400 2x, https:\/\/i0.wp.com\/noticiasribeiraopreto.com.br\/wp-content\/uploads\/2025\/08\/alckmin-tarcisio_2025-08-11_19-11-57.webp.webp?fit=1200%2C674&ssl=1&resize=1050%2C600 3x"},"classes":[]},{"id":76484,"url":"https:\/\/noticiasribeiraopreto.com.br\/index.php\/2025\/08\/29\/associacao-nucleo-de-postos-de-ribeirao-preto-se-manifesta-sobre-operacao-carbono-oculto\/","url_meta":{"origin":70005,"position":4},"title":"Associa\u00e7\u00e3o N\u00facleo de Postos de Ribeir\u00e3o Preto se manifesta sobre Opera\u00e7\u00e3o Carbono Oculto","author":"noticiasribeiraopreto.com.br","date":"29 de August de 2025","format":false,"excerpt":"A Associa\u00e7\u00e3o N\u00facleo de Postos de Ribeir\u00e3o Preto e regi\u00e3o divulgou nesta sexta-feira (30) nota de apoio \u00e0 Opera\u00e7\u00e3o Carbono Oculto, a\u00e7\u00e3o que investigou e desmantelou atividades ilegais no setor de combust\u00edveis, incluindo empresas da regi\u00e3o de Ribeir\u00e3o Preto. Segundo a associa\u00e7\u00e3o, a atua\u00e7\u00e3o do Estado \u00e9 fundamental para coibir\u2026","rel":"","context":"In &quot;Not\u00edcias de Ribeir\u00e3o Preto-SP e Regi\u00e3o&quot;","block_context":{"text":"Not\u00edcias de Ribeir\u00e3o Preto-SP e Regi\u00e3o","link":"https:\/\/noticiasribeiraopreto.com.br\/index.php\/category\/noticias-de-ribeirao-preto-sp-e-regiao-ismael-colosi\/"},"img":{"alt_text":"","src":"https:\/\/i0.wp.com\/noticiasribeiraopreto.com.br\/wp-content\/uploads\/2025\/08\/combustivel-adulterado_2025-08-28_21-10-05.webp.webp?fit=1024%2C683&ssl=1&resize=350%2C200","width":350,"height":200,"srcset":"https:\/\/i0.wp.com\/noticiasribeiraopreto.com.br\/wp-content\/uploads\/2025\/08\/combustivel-adulterado_2025-08-28_21-10-05.webp.webp?fit=1024%2C683&ssl=1&resize=350%2C200 1x, https:\/\/i0.wp.com\/noticiasribeiraopreto.com.br\/wp-content\/uploads\/2025\/08\/combustivel-adulterado_2025-08-28_21-10-05.webp.webp?fit=1024%2C683&ssl=1&resize=525%2C300 1.5x, https:\/\/i0.wp.com\/noticiasribeiraopreto.com.br\/wp-content\/uploads\/2025\/08\/combustivel-adulterado_2025-08-28_21-10-05.webp.webp?fit=1024%2C683&ssl=1&resize=700%2C400 2x"},"classes":[]},{"id":76496,"url":"https:\/\/noticiasribeiraopreto.com.br\/index.php\/2025\/08\/29\/associacao-nucleo-de-postos-de-ribeirao-preto-se-manifesta-sobre-a-operacao-carbono-oculto\/","url_meta":{"origin":70005,"position":5},"title":"Associa\u00e7\u00e3o N\u00facleo de Postos de Ribeir\u00e3o Preto se manifesta sobre a Opera\u00e7\u00e3o Carbono Oculto","author":"noticiasribeiraopreto.com.br","date":"29 de August de 2025","format":false,"excerpt":"A Associa\u00e7\u00e3o N\u00facleo de Postos de Ribeir\u00e3o Preto e regi\u00e3o divulgou nesta sexta-feira (29) nota de apoio \u00e0 Opera\u00e7\u00e3o Carbono Oculto, a\u00e7\u00e3o que investigou e desmantelou atividades ilegais no setor de combust\u00edveis, incluindo empresas da regi\u00e3o de Ribeir\u00e3o Preto. Segundo a associa\u00e7\u00e3o, a atua\u00e7\u00e3o do Estado \u00e9 fundamental para coibir\u2026","rel":"","context":"In &quot;Not\u00edcias de Ribeir\u00e3o Preto-SP e Regi\u00e3o&quot;","block_context":{"text":"Not\u00edcias de Ribeir\u00e3o Preto-SP e Regi\u00e3o","link":"https:\/\/noticiasribeiraopreto.com.br\/index.php\/category\/noticias-de-ribeirao-preto-sp-e-regiao-ismael-colosi\/"},"img":{"alt_text":"","src":"https:\/\/i0.wp.com\/noticiasribeiraopreto.com.br\/wp-content\/uploads\/2025\/08\/combustivel-adulterado_2025-08-28_21-10-05.webp.webp?fit=1024%2C683&ssl=1&resize=350%2C200","width":350,"height":200,"srcset":"https:\/\/i0.wp.com\/noticiasribeiraopreto.com.br\/wp-content\/uploads\/2025\/08\/combustivel-adulterado_2025-08-28_21-10-05.webp.webp?fit=1024%2C683&ssl=1&resize=350%2C200 1x, https:\/\/i0.wp.com\/noticiasribeiraopreto.com.br\/wp-content\/uploads\/2025\/08\/combustivel-adulterado_2025-08-28_21-10-05.webp.webp?fit=1024%2C683&ssl=1&resize=525%2C300 1.5x, https:\/\/i0.wp.com\/noticiasribeiraopreto.com.br\/wp-content\/uploads\/2025\/08\/combustivel-adulterado_2025-08-28_21-10-05.webp.webp?fit=1024%2C683&ssl=1&resize=700%2C400 2x"},"classes":[]}],"jetpack_sharing_enabled":true,"jetpack_shortlink":"https:\/\/wp.me\/peQAOb-id7","_links":{"self":[{"href":"https:\/\/noticiasribeiraopreto.com.br\/index.php\/wp-json\/wp\/v2\/posts\/70005","targetHints":{"allow":["GET"]}}],"collection":[{"href":"https:\/\/noticiasribeiraopreto.com.br\/index.php\/wp-json\/wp\/v2\/posts"}],"about":[{"href":"https:\/\/noticiasribeiraopreto.com.br\/index.php\/wp-json\/wp\/v2\/types\/post"}],"author":[{"embeddable":true,"href":"https:\/\/noticiasribeiraopreto.com.br\/index.php\/wp-json\/wp\/v2\/users\/1"}],"replies":[{"embeddable":true,"href":"https:\/\/noticiasribeiraopreto.com.br\/index.php\/wp-json\/wp\/v2\/comments?post=70005"}],"version-history":[{"count":0,"href":"https:\/\/noticiasribeiraopreto.com.br\/index.php\/wp-json\/wp\/v2\/posts\/70005\/revisions"}],"wp:featuredmedia":[{"embeddable":true,"href":"https:\/\/noticiasribeiraopreto.com.br\/index.php\/wp-json\/wp\/v2\/media\/70006"}],"wp:attachment":[{"href":"https:\/\/noticiasribeiraopreto.com.br\/index.php\/wp-json\/wp\/v2\/media?parent=70005"}],"wp:term":[{"taxonomy":"category","embeddable":true,"href":"https:\/\/noticiasribeiraopreto.com.br\/index.php\/wp-json\/wp\/v2\/categories?post=70005"},{"taxonomy":"post_tag","embeddable":true,"href":"https:\/\/noticiasribeiraopreto.com.br\/index.php\/wp-json\/wp\/v2\/tags?post=70005"}],"curies":[{"name":"wp","href":"https:\/\/api.w.org\/{rel}","templated":true}]}}