{"id":70011,"date":"2025-05-21T22:34:56","date_gmt":"2025-05-22T01:34:56","guid":{"rendered":"https:\/\/noticiasribeiraopreto.com.br\/index.php\/2025\/05\/21\/moradores-de-franca-e-regiao-podem-votar-em-propostas-para-o-estado-realizar-em-2026\/"},"modified":"2025-05-21T22:34:56","modified_gmt":"2025-05-22T01:34:56","slug":"moradores-de-franca-e-regiao-podem-votar-em-propostas-para-o-estado-realizar-em-2026","status":"publish","type":"post","link":"https:\/\/noticiasribeiraopreto.com.br\/index.php\/2025\/05\/21\/moradores-de-franca-e-regiao-podem-votar-em-propostas-para-o-estado-realizar-em-2026\/","title":{"rendered":"Moradores de Franca e regi\u00e3o podem votar em propostas para o Estado realizar em 2026"},"content":{"rendered":"<p> <br \/>\n<\/p>\n<div>\n<p>As sugest\u00f5es da popula\u00e7\u00e3o de Franca e regi\u00e3o para formar o or\u00e7amento do pr\u00f3ximo ano do Governo de S\u00e3o Paulo est\u00e3o sendo organizadas. No dia 5\/6 haver\u00e1 audi\u00eancia p\u00fablica para o Aglomerado Urbano de Franca, \u00e0s 10h. Para acessar o espa\u00e7o de sugest\u00f5es, o <a href=\"https:\/\/teams.microsoft.com\/l\/meetup-join\/19%3ameeting_ODFkYjA4NzctOGQ3Ni00YTc1LTllYzctOWNkMTc0YjBkYzcw%40thread.v2\/0?context=%7b%22Tid%22%3a%22ccb3a8f5-7e40-4e20-9b73-2a6bd0be61a4%22%2c%22Oid%22%3a%22982158c7-613a-4915-98d8-6deb59bed22b%22%7d\" target=\"_blank\" rel=\"noopener\"><strong>link \u00e9 esse aqui<\/strong><\/a>. A Secretaria da Fazenda e Planejamento do Estado de S\u00e3o Paulo (Sefaz-SP) est\u00e1 organizando as reuni\u00f5es em v\u00e1rias partes do Estado para a audi\u00eancia p\u00fablica da Lei Or\u00e7ament\u00e1ria Anual (LOA).<\/p>\n<p>\u201cEsse instrumento de participa\u00e7\u00e3o popular, sem car\u00e1ter deliberativo, est\u00e1 previsto na Lei de Responsabilidade Fiscal e na Lei de Diretrizes Or\u00e7ament\u00e1rias (LDO), e permite aos cidad\u00e3os manifestarem suas sugest\u00f5es para o estado como um todo e tamb\u00e9m para regi\u00f5es e cidades. A participa\u00e7\u00e3o \u00e9 virtual, pelo Teams, e as sugest\u00f5es abarcam as mais diversas \u00e1reas, como sa\u00fade, educa\u00e7\u00e3o, meio ambientes, infraestrutura, seguran\u00e7a p\u00fablica, entre outras. Al\u00e9m da popula\u00e7\u00e3o paulista em geral, o p\u00fablico-alvo contempla tamb\u00e9m entidades civis e representantes da administra\u00e7\u00e3o p\u00fablica\u201d, detalhou o governo do Estado.<\/p>\n<p>O calend\u00e1rio da LOA 2026 contempla 18 audi\u00eancias regionais, com eventos realizados at\u00e9 10 de junho. As regi\u00f5es de Barretos, Bauru, Marilia, Presidente Prudente, Registro e Ribeir\u00e3o Preto j\u00e1 receberam as audi\u00eancias virtuais. J\u00e1 a regi\u00e3o de Itapeva tamb\u00e9m recebe nesta quinta \u2013 o evento virtual ser\u00e1 na parte da tarde, \u00e0s 14h30.<\/p>\n<p>Ambiente de vota\u00e7\u00e3o<\/p>\n<p>Simultaneamente \u00e0s audi\u00eancias regionais, estar\u00e1 dispon\u00edvel no mesmo per\u00edodo, de 13 de maio a 10 de junho, o ambiente de vota\u00e7\u00e3o da LOA 2026, para que os cidad\u00e3os possam escolher as \u00e1reas e projetos que, em sua opini\u00e3o, colaborem para o desenvolvimento do Estado e da regi\u00e3o em que vivem.<\/p>\n<p>O processo \u00e9 bem simples: basta acessar o ambiente de vota\u00e7\u00e3o e selecionar o item ou os itens que melhor representem sua opini\u00e3o. O sistema tamb\u00e9m permite aos cidad\u00e3os a possibilidade de fazer coment\u00e1rios que detalhem ou especifiquem suas escolhas.<\/p>\n<p>Para mais informa\u00e7\u00f5es sobre as audi\u00eancias p\u00fablicas, acesse o site: <a href=\"https:\/\/www.audienciasdoorcamento.sp.gov.br\/\" target=\"_blank\" rel=\"noopener\"><strong>https:\/\/www.audienciasdoorcamento.sp.gov.br\/<\/strong><\/a>.<\/p>\n<p><!-- CONTENT END 1 --><\/p><\/div>\n<p><br \/>\n<br \/><a href=\"https:\/\/www.f3noticias.com.br\/moradores-de-franca-e-regiao-podem-votar-em-propostas-para-o-estado-realizar-em-2026\/\">Source link <\/a><\/p>\n","protected":false},"excerpt":{"rendered":"<p>As sugest\u00f5es da popula\u00e7\u00e3o de Franca e regi\u00e3o para formar o or\u00e7amento do pr\u00f3ximo ano do Governo de S\u00e3o Paulo est\u00e3o sendo organizadas. No dia&#8230;<\/p>\n","protected":false},"author":1,"featured_media":70012,"comment_status":"open","ping_status":"open","sticky":false,"template":"","format":"standard","meta":{"advanced_seo_description":"","jetpack_seo_html_title":"","jetpack_seo_noindex":false,"jetpack_post_was_ever_published":false,"_jetpack_newsletter_access":"","_jetpack_dont_email_post_to_subs":false,"_jetpack_newsletter_tier_id":0,"_jetpack_memberships_contains_paywalled_content":false,"_jetpack_memberships_contains_paid_content":false,"footnotes":"","jetpack_publicize_message":"","jetpack_publicize_feature_enabled":true,"jetpack_social_post_already_shared":true,"jetpack_social_options":{"image_generator_settings":{"template":"highway","default_image_id":0,"font":"","enabled":false},"version":2}},"categories":[3597],"tags":[],"class_list":["post-70011","post","type-post","status-publish","format-standard","has-post-thumbnail","hentry","category-noticias-franca-sp"],"jetpack_publicize_connections":[],"jetpack_featured_media_url":"https:\/\/i0.wp.com\/noticiasribeiraopreto.com.br\/wp-content\/uploads\/2025\/05\/franca-vista-aerea-sebrae-e1725380287325.jpeg?fit=1600%2C1064&ssl=1","jetpack-related-posts":[{"id":66038,"url":"https:\/\/noticiasribeiraopreto.com.br\/index.php\/2025\/03\/27\/policia-civil-vai-a-alesp-para-discutir-mudancas-em-lei-polemica-sugerida-pelo-governo-estadual\/","url_meta":{"origin":70011,"position":0},"title":"Pol\u00edcia Civil vai \u00e0 Alesp para discutir mudan\u00e7as em lei pol\u00eamica sugerida pelo governo estadual","author":"noticiasribeiraopreto.com.br","date":"27 de March de 2025","format":false,"excerpt":"A moderniza\u00e7\u00e3o da Lei Org\u00e2nica da Pol\u00edcia Civil de S\u00e3o Paulo foi tema de reuni\u00e3o entre policiais e deputados da bancada do PL na Assembleia Legislativa (Alesp), nesta ter\u00e7a-feira. Com as mudan\u00e7as propostas pelo governador Tarc\u00edsio de Freitas (Republicanos), entidades da Pol\u00edcia Civil criticaram as altera\u00e7\u00f5es, principalmente porque um militar\u2026","rel":"","context":"In &quot;Not\u00edcias de Franca-SP&quot;","block_context":{"text":"Not\u00edcias de Franca-SP","link":"https:\/\/noticiasribeiraopreto.com.br\/index.php\/category\/noticias-de-ribeirao-preto-sp-e-regiao-ismael-colosi\/noticias-franca-sp\/"},"img":{"alt_text":"","src":"https:\/\/i0.wp.com\/noticiasribeiraopreto.com.br\/wp-content\/uploads\/2025\/03\/IMG-20250327-WA0024-scaled.jpg?fit=1200%2C900&ssl=1&resize=350%2C200","width":350,"height":200,"srcset":"https:\/\/i0.wp.com\/noticiasribeiraopreto.com.br\/wp-content\/uploads\/2025\/03\/IMG-20250327-WA0024-scaled.jpg?fit=1200%2C900&ssl=1&resize=350%2C200 1x, https:\/\/i0.wp.com\/noticiasribeiraopreto.com.br\/wp-content\/uploads\/2025\/03\/IMG-20250327-WA0024-scaled.jpg?fit=1200%2C900&ssl=1&resize=525%2C300 1.5x, https:\/\/i0.wp.com\/noticiasribeiraopreto.com.br\/wp-content\/uploads\/2025\/03\/IMG-20250327-WA0024-scaled.jpg?fit=1200%2C900&ssl=1&resize=700%2C400 2x, https:\/\/i0.wp.com\/noticiasribeiraopreto.com.br\/wp-content\/uploads\/2025\/03\/IMG-20250327-WA0024-scaled.jpg?fit=1200%2C900&ssl=1&resize=1050%2C600 3x"},"classes":[]},{"id":16864,"url":"https:\/\/noticiasribeiraopreto.com.br\/index.php\/2023\/12\/16\/assembleia-aprova-orcamento-de-sp\/","url_meta":{"origin":70011,"position":1},"title":"Assembleia aprova or\u00e7amento de SP\u00a0","author":"noticiasribeiraopreto.com.br","date":"16 de December de 2023","format":false,"excerpt":"A Assembleia Legislativa de S\u00e3o Paulo aprovou, nesta quinta-feira, 14 de dezembro, a proposta or\u00e7ament\u00e1ria estadual para 2024. A arrecada\u00e7\u00e3o estimada \u00e9 de pouco mais de R$ 328 bilh\u00f5es (R$ 328.063.237.237,00). A previs\u00e3o \u00e9 a maior da hist\u00f3ria, com um aumento de 3,3% em rela\u00e7\u00e3o \u00e0 do ano corrente.Al\u00e9m de\u2026","rel":"","context":"In &quot;Not\u00edcias de Ribeir\u00e3o Preto-SP e Regi\u00e3o&quot;","block_context":{"text":"Not\u00edcias de Ribeir\u00e3o Preto-SP e Regi\u00e3o","link":"https:\/\/noticiasribeiraopreto.com.br\/index.php\/category\/noticias-de-ribeirao-preto-sp-e-regiao-ismael-colosi\/"},"img":{"alt_text":"","src":"https:\/\/i0.wp.com\/noticiasribeiraopreto.com.br\/wp-content\/uploads\/2023\/12\/OrcaSP-Rodrigo-Costa-e-Rodrigo-Romeo.jpg?fit=800%2C533&ssl=1&resize=350%2C200","width":350,"height":200,"srcset":"https:\/\/i0.wp.com\/noticiasribeiraopreto.com.br\/wp-content\/uploads\/2023\/12\/OrcaSP-Rodrigo-Costa-e-Rodrigo-Romeo.jpg?fit=800%2C533&ssl=1&resize=350%2C200 1x, https:\/\/i0.wp.com\/noticiasribeiraopreto.com.br\/wp-content\/uploads\/2023\/12\/OrcaSP-Rodrigo-Costa-e-Rodrigo-Romeo.jpg?fit=800%2C533&ssl=1&resize=525%2C300 1.5x, https:\/\/i0.wp.com\/noticiasribeiraopreto.com.br\/wp-content\/uploads\/2023\/12\/OrcaSP-Rodrigo-Costa-e-Rodrigo-Romeo.jpg?fit=800%2C533&ssl=1&resize=700%2C400 2x"},"classes":[]},{"id":74455,"url":"https:\/\/noticiasribeiraopreto.com.br\/index.php\/2025\/07\/23\/audiencias-do-orcamento-2026-comecam-em-agosto\/","url_meta":{"origin":70011,"position":2},"title":"Audi\u00eancias do Or\u00e7amento 2026 come\u00e7am em agosto","author":"noticiasribeiraopreto.com.br","date":"23 de July de 2025","format":false,"excerpt":"23 de julho de 2025 09:213 Compartilhar0 A Assembleia Legislativa de S\u00e3o Paulo (Alesp) definiu o calend\u00e1rio com as datas e os locais das audi\u00eancias p\u00fablicas que ir\u00e3o debater o Or\u00e7amento dl Estado para o ano de 2026. O ciclo de reuni\u00f5es, realizado pela Comiss\u00e3o de Finan\u00e7as, Or\u00e7amento e Planejamento,\u2026","rel":"","context":"In &quot;Not\u00edcias de Ribeir\u00e3o Preto-SP e Regi\u00e3o&quot;","block_context":{"text":"Not\u00edcias de Ribeir\u00e3o Preto-SP e Regi\u00e3o","link":"https:\/\/noticiasribeiraopreto.com.br\/index.php\/category\/noticias-de-ribeirao-preto-sp-e-regiao-ismael-colosi\/"},"img":{"alt_text":"","src":"https:\/\/i0.wp.com\/noticiasribeiraopreto.com.br\/wp-content\/uploads\/2025\/07\/OrcaSP-Divulgacao-Alesp.jpg?fit=1170%2C700&ssl=1&resize=350%2C200","width":350,"height":200,"srcset":"https:\/\/i0.wp.com\/noticiasribeiraopreto.com.br\/wp-content\/uploads\/2025\/07\/OrcaSP-Divulgacao-Alesp.jpg?fit=1170%2C700&ssl=1&resize=350%2C200 1x, https:\/\/i0.wp.com\/noticiasribeiraopreto.com.br\/wp-content\/uploads\/2025\/07\/OrcaSP-Divulgacao-Alesp.jpg?fit=1170%2C700&ssl=1&resize=525%2C300 1.5x, https:\/\/i0.wp.com\/noticiasribeiraopreto.com.br\/wp-content\/uploads\/2025\/07\/OrcaSP-Divulgacao-Alesp.jpg?fit=1170%2C700&ssl=1&resize=700%2C400 2x, https:\/\/i0.wp.com\/noticiasribeiraopreto.com.br\/wp-content\/uploads\/2025\/07\/OrcaSP-Divulgacao-Alesp.jpg?fit=1170%2C700&ssl=1&resize=1050%2C600 3x"},"classes":[]},{"id":45411,"url":"https:\/\/noticiasribeiraopreto.com.br\/index.php\/2024\/04\/04\/instrumentos-de-planejamento-da-gestao-publica\/","url_meta":{"origin":70011,"position":3},"title":"Instrumentos de planejamento da gest\u00e3o p\u00fablica\u00a0","author":"noticiasribeiraopreto.com.br","date":"4 de April de 2024","format":false,"excerpt":"4 de abril de 2024 | 9:484 de abril de 2024 | 9:48 0 Duarte Nogueira *\u202f[email\u00a0protected]\u202f Realizamos na \u00faltima ter\u00e7a-feira, dia 2 de abril, audi\u00eancia p\u00fablica para debater a Lei de Diretrizes Or\u00e7ament\u00e1rias (LDO) de 2025. O debate ocorreu de forma presencial e online, com transmiss\u00e3o ao vivo pelos\u2026","rel":"","context":"In &quot;Not\u00edcias de Ribeir\u00e3o Preto-SP e Regi\u00e3o&quot;","block_context":{"text":"Not\u00edcias de Ribeir\u00e3o Preto-SP e Regi\u00e3o","link":"https:\/\/noticiasribeiraopreto.com.br\/index.php\/category\/noticias-de-ribeirao-preto-sp-e-regiao-ismael-colosi\/"},"img":{"alt_text":"","src":"https:\/\/i0.wp.com\/noticiasribeiraopreto.com.br\/wp-content\/uploads\/2024\/04\/nogueira-atual.jpg?fit=800%2C500&ssl=1&resize=350%2C200","width":350,"height":200,"srcset":"https:\/\/i0.wp.com\/noticiasribeiraopreto.com.br\/wp-content\/uploads\/2024\/04\/nogueira-atual.jpg?fit=800%2C500&ssl=1&resize=350%2C200 1x, https:\/\/i0.wp.com\/noticiasribeiraopreto.com.br\/wp-content\/uploads\/2024\/04\/nogueira-atual.jpg?fit=800%2C500&ssl=1&resize=525%2C300 1.5x, https:\/\/i0.wp.com\/noticiasribeiraopreto.com.br\/wp-content\/uploads\/2024\/04\/nogueira-atual.jpg?fit=800%2C500&ssl=1&resize=700%2C400 2x"},"classes":[]},{"id":76780,"url":"https:\/\/noticiasribeiraopreto.com.br\/index.php\/2025\/09\/05\/prefeitura-comeca-a-desenhar-orcamento\/","url_meta":{"origin":70011,"position":4},"title":"Prefeitura come\u00e7a a \u2028desenhar Or\u00e7amento","author":"noticiasribeiraopreto.com.br","date":"5 de September de 2025","format":false,"excerpt":"A prefeitura de Ribeir\u00e3o Preto definiu a data da primeira audi\u00eancia p\u00fablica para apresenta\u00e7\u00e3o da Lei Or\u00e7ament\u00e1ria Anual (LOA) de 2026, o Or\u00e7amento Municipal de Ribeir\u00e3o Preto, ainda sem valor oficialmente definido. A reuni\u00e3o ser\u00e1 em 12 de setembro, segunda sexta-feira do m\u00eas, \u00e0s dez horas, de forma h\u00edbrida \u2013\u2026","rel":"","context":"In &quot;Not\u00edcias de Ribeir\u00e3o Preto-SP e Regi\u00e3o&quot;","block_context":{"text":"Not\u00edcias de Ribeir\u00e3o Preto-SP e Regi\u00e3o","link":"https:\/\/noticiasribeiraopreto.com.br\/index.php\/category\/noticias-de-ribeirao-preto-sp-e-regiao-ismael-colosi\/"},"img":{"alt_text":"","src":"https:\/\/i0.wp.com\/noticiasribeiraopreto.com.br\/wp-content\/uploads\/2025\/09\/Reforma-Isa-Divulgacao-SSM-scaled.jpg?fit=1179%2C780&ssl=1&resize=350%2C200","width":350,"height":200,"srcset":"https:\/\/i0.wp.com\/noticiasribeiraopreto.com.br\/wp-content\/uploads\/2025\/09\/Reforma-Isa-Divulgacao-SSM-scaled.jpg?fit=1179%2C780&ssl=1&resize=350%2C200 1x, https:\/\/i0.wp.com\/noticiasribeiraopreto.com.br\/wp-content\/uploads\/2025\/09\/Reforma-Isa-Divulgacao-SSM-scaled.jpg?fit=1179%2C780&ssl=1&resize=525%2C300 1.5x, https:\/\/i0.wp.com\/noticiasribeiraopreto.com.br\/wp-content\/uploads\/2025\/09\/Reforma-Isa-Divulgacao-SSM-scaled.jpg?fit=1179%2C780&ssl=1&resize=700%2C400 2x, https:\/\/i0.wp.com\/noticiasribeiraopreto.com.br\/wp-content\/uploads\/2025\/09\/Reforma-Isa-Divulgacao-SSM-scaled.jpg?fit=1179%2C780&ssl=1&resize=1050%2C600 3x"},"classes":[]},{"id":12542,"url":"https:\/\/noticiasribeiraopreto.com.br\/index.php\/2023\/12\/08\/o-controle-social-dos-orcamentos-publicos\/","url_meta":{"origin":70011,"position":5},"title":"O controle social dos or\u00e7amentos p\u00fablicos \u00a0","author":"noticiasribeiraopreto.com.br","date":"8 de December de 2023","format":false,"excerpt":"A efetividade e a legitimidade da participa\u00e7\u00e3o popular no processo legislativo or\u00e7ament\u00e1rio Dimas Ramalho*\u00a0[email\u00a0protected]Alguns estudiosos de direito financeiro costumam criticar a falta de planejamento na elabora\u00e7\u00e3o dos or\u00e7amentos p\u00fablicos, denominando-os de \u201cpe\u00e7as de fic\u00e7\u00e3o\u201d. Essa express\u00e3o refere-se ao fato de que a lei or\u00e7ament\u00e1ria, salvo raras exce\u00e7\u00f5es, cumpriria a fun\u00e7\u00e3o\u2026","rel":"","context":"In &quot;Not\u00edcias de Ribeir\u00e3o Preto-SP e Regi\u00e3o&quot;","block_context":{"text":"Not\u00edcias de Ribeir\u00e3o Preto-SP e Regi\u00e3o","link":"https:\/\/noticiasribeiraopreto.com.br\/index.php\/category\/noticias-de-ribeirao-preto-sp-e-regiao-ismael-colosi\/"},"img":{"alt_text":"","src":"https:\/\/i0.wp.com\/noticiasribeiraopreto.com.br\/wp-content\/uploads\/2023\/12\/dimasramalho.jpg?fit=700%2C450&ssl=1&resize=350%2C200","width":350,"height":200,"srcset":"https:\/\/i0.wp.com\/noticiasribeiraopreto.com.br\/wp-content\/uploads\/2023\/12\/dimasramalho.jpg?fit=700%2C450&ssl=1&resize=350%2C200 1x, https:\/\/i0.wp.com\/noticiasribeiraopreto.com.br\/wp-content\/uploads\/2023\/12\/dimasramalho.jpg?fit=700%2C450&ssl=1&resize=525%2C300 1.5x, https:\/\/i0.wp.com\/noticiasribeiraopreto.com.br\/wp-content\/uploads\/2023\/12\/dimasramalho.jpg?fit=700%2C450&ssl=1&resize=700%2C400 2x"},"classes":[]}],"jetpack_sharing_enabled":true,"jetpack_shortlink":"https:\/\/wp.me\/peQAOb-idd","_links":{"self":[{"href":"https:\/\/noticiasribeiraopreto.com.br\/index.php\/wp-json\/wp\/v2\/posts\/70011","targetHints":{"allow":["GET"]}}],"collection":[{"href":"https:\/\/noticiasribeiraopreto.com.br\/index.php\/wp-json\/wp\/v2\/posts"}],"about":[{"href":"https:\/\/noticiasribeiraopreto.com.br\/index.php\/wp-json\/wp\/v2\/types\/post"}],"author":[{"embeddable":true,"href":"https:\/\/noticiasribeiraopreto.com.br\/index.php\/wp-json\/wp\/v2\/users\/1"}],"replies":[{"embeddable":true,"href":"https:\/\/noticiasribeiraopreto.com.br\/index.php\/wp-json\/wp\/v2\/comments?post=70011"}],"version-history":[{"count":0,"href":"https:\/\/noticiasribeiraopreto.com.br\/index.php\/wp-json\/wp\/v2\/posts\/70011\/revisions"}],"wp:featuredmedia":[{"embeddable":true,"href":"https:\/\/noticiasribeiraopreto.com.br\/index.php\/wp-json\/wp\/v2\/media\/70012"}],"wp:attachment":[{"href":"https:\/\/noticiasribeiraopreto.com.br\/index.php\/wp-json\/wp\/v2\/media?parent=70011"}],"wp:term":[{"taxonomy":"category","embeddable":true,"href":"https:\/\/noticiasribeiraopreto.com.br\/index.php\/wp-json\/wp\/v2\/categories?post=70011"},{"taxonomy":"post_tag","embeddable":true,"href":"https:\/\/noticiasribeiraopreto.com.br\/index.php\/wp-json\/wp\/v2\/tags?post=70011"}],"curies":[{"name":"wp","href":"https:\/\/api.w.org\/{rel}","templated":true}]}}