{"id":70017,"date":"2025-05-22T01:51:42","date_gmt":"2025-05-22T04:51:42","guid":{"rendered":"https:\/\/noticiasribeiraopreto.com.br\/index.php\/2025\/05\/22\/jornal-da-franca-pets-ajudam-a-combater-a-crise-de-saude-mental-nas-empresas-brasileiras\/"},"modified":"2025-05-22T01:51:42","modified_gmt":"2025-05-22T04:51:42","slug":"jornal-da-franca-pets-ajudam-a-combater-a-crise-de-saude-mental-nas-empresas-brasileiras","status":"publish","type":"post","link":"https:\/\/noticiasribeiraopreto.com.br\/index.php\/2025\/05\/22\/jornal-da-franca-pets-ajudam-a-combater-a-crise-de-saude-mental-nas-empresas-brasileiras\/","title":{"rendered":"Jornal da Franca &#8211; Pets ajudam a combater a crise de sa\u00fade mental nas empresas brasileiras"},"content":{"rendered":"<div class='code-block code-block-1' style='margin: 8px 0 8px auto; text-align: right; display: block; clear: both;'>\n<p><a href=\"https:\/\/wa.link\/vpicfd\"><img data-recalc-dims=\"1\" class=\"wp-image-4922\" style=\"aspect-ratio: 2.0253164556962027; width: 561px; height: auto;\" src=\"https:\/\/i0.wp.com\/ismaelcolosi.com.br\/wp-content\/uploads\/2023\/11\/grupo-de-empregos-whatsapp-e-facebook-ismael-colosi-vagas.jpg?ssl=1\" alt=\"\" \/><\/a><\/p>\n<!-- \/wp:image -->\n<\/div>\n<p> <br \/>\n<\/p>\n<div>\n<p>A conviv\u00eancia com os animais de estima\u00e7\u00e3o pode promover o bem-estar de profissionais de diversas \u00e1reas das empresas<\/p>\n<\/p><\/div>\n<div>\n<p><img data-recalc-dims=\"1\" decoding=\"async\" src=\"https:\/\/i0.wp.com\/www.jornaldafranca.com.br\/wp-content\/uploads\/2025\/05\/Founders-Budz-scaled.jpg?ssl=1\" alt=\"\"\/><\/p>\n<p>Atualmente, o Brasil enfrenta a pior crise de sa\u00fade mental da sua hist\u00f3ria. Segundo dados que foram disponibilizados pelo Instituto Nacional do Seguro Social (INSS), apenas em 2024, mais de 472 mil trabalhadores precisaram ser afastados por transtornos psicol\u00f3gicos como ansiedade, depress\u00e3o e burnout, o que representa um aumento de 68% em rela\u00e7\u00e3o a 2023.<\/p>\n<p>Os afastamentos t\u00eam durado, em m\u00e9dia, tr\u00eas meses, com custo mensal de R$1.900 por colaborador, totalizando mais de R$3 bilh\u00f5es em impacto econ\u00f4mico direto para os cofres p\u00fablicos no \u00faltimo ano.<\/p>\n<p>Diante desse cen\u00e1rio, empresas t\u00eam buscado solu\u00e7\u00f5es inovadoras para promover o bem-estar de seus colaboradores e uma delas vem do mundo pet. Com mais de 160 milh\u00f5es de animais de estima\u00e7\u00e3o, o Brasil \u00e9 o terceiro maior mercado pet do mundo, e os pets v\u00eam se revelando aliados poderosos na sa\u00fade emocional das pessoas.<\/p>\n<p>\u201cEstudos mostram que a conviv\u00eancia com animais reduz os n\u00edveis de estresse, melhora o humor, diminui a ansiedade e aumenta a sensa\u00e7\u00e3o de bem-estar. Isso reflete diretamente em maior produtividade e engajamento no ambiente corporativo\u201d, afirma\u00a0Rodrigo Gomes, cofundador e CEO da\u00a0<a href=\"https:\/\/budz.app.br\/\" target=\"_blank\" rel=\"noopener noreferrer\">Budz<\/a>, uma pet tech brasileira que utiliza intelig\u00eancia artificial para empoderar tutores no cuidado com seus pets.<\/p>\n<p><strong>Menos estresse<\/strong><\/p>\n<p>De acordo com o\u00a0<em>Instituto de Pesquisa Animal Waltham Pet Care Science<\/em>, ter e cuidar de um pet, como cachorros e gatos, pode aumentar a presen\u00e7a de ocitocina \u2013 conhecida como o horm\u00f4nio do amor \u2013 e diminuir os n\u00edveis de estresse no organismo.<\/p>\n<p>Al\u00e9m disso, uma pesquisa da\u00a0<em>Edellman Intelligence em conjunto com a HABRI e a Mars Petcare<\/em>\u00a0revelou que 80% das pessoas se sentem menos solit\u00e1rias ao conviver com um animal de estima\u00e7\u00e3o.<\/p>\n<p>Neste sentido, Rodrigo explica que uma pessoa que convive com maior frequ\u00eancia com o seu animal de estima\u00e7\u00e3o, pode ter uma eventual melhora da sua sa\u00fade mental e do seu bem-estar de maneira geral, por consequ\u00eancia encontrando um equil\u00edbrio melhor entre a vida pessoal e profissional.<\/p>\n<p>Para\u00a0Jaimes Almeida Neto, cofundador e CRO da Budz, empresas que oferecem programas de apoio \u00e0 sa\u00fade mental e reconhecem a import\u00e2ncia do pet na vida do colaborador ganham diferencial competitivo e atraem talentos.<\/p>\n<p>Com mais de 150 mil usu\u00e1rios ativos, a Budz se destaca como uma das principais pet techs do pa\u00eds, oferecendo solu\u00e7\u00f5es que integram bem-estar animal, tecnologia e inova\u00e7\u00e3o, inclusive como benef\u00edcio corporativo.<\/p>\n<p>\u201cOrganiza\u00e7\u00f5es que j\u00e1 adotam pol\u00edticas de bem-estar pet-friendly relatam v\u00e1rios benef\u00edcios concretos, como maior reten\u00e7\u00e3o de talentos, fortalecimento da cultura organizacional e colaboradores mais motivados e saud\u00e1veis.<\/p>\n<p>A crise de sa\u00fade mental no Brasil \u00e9 um desafio crescente, mas uma oportunidade para inova\u00e7\u00e3o social e empresarial. E, nesse cen\u00e1rio, os pets se consolidam como parte essencial da solu\u00e7\u00e3o\u201d, finaliza Jaimes.<\/p>\n<\/div>\n<p><br \/>\n<br \/><a href=\"https:\/\/www.jornaldafranca.com.br\/pets-ajudam-a-combater-a-crise-de-saude-mental-nas-empresas-brasileiras\/\">Source link <\/a><\/p>\n<!-- CONTENT END 1 -->\n","protected":false},"excerpt":{"rendered":"<p>A conviv\u00eancia com os animais de estima\u00e7\u00e3o pode promover o bem-estar de profissionais de diversas \u00e1reas das empresas Atualmente, o Brasil enfrenta a pior crise&#8230;<\/p>\n","protected":false},"author":1,"featured_media":70018,"comment_status":"open","ping_status":"open","sticky":false,"template":"","format":"standard","meta":{"advanced_seo_description":"","jetpack_seo_html_title":"","jetpack_seo_noindex":false,"jetpack_post_was_ever_published":false,"_jetpack_newsletter_access":"","_jetpack_dont_email_post_to_subs":false,"_jetpack_newsletter_tier_id":0,"_jetpack_memberships_contains_paywalled_content":false,"_jetpack_memberships_contains_paid_content":false,"footnotes":"","jetpack_publicize_message":"","jetpack_publicize_feature_enabled":true,"jetpack_social_post_already_shared":true,"jetpack_social_options":{"image_generator_settings":{"template":"highway","default_image_id":0,"font":"","enabled":false},"version":2}},"categories":[3597],"tags":[],"class_list":["post-70017","post","type-post","status-publish","format-standard","has-post-thumbnail","hentry","category-noticias-franca-sp"],"jetpack_publicize_connections":[],"jetpack_featured_media_url":"https:\/\/i0.wp.com\/noticiasribeiraopreto.com.br\/wp-content\/uploads\/2025\/05\/Founders-Budz-scaled.jpg?fit=2560%2C1707&ssl=1","jetpack-related-posts":[{"id":14089,"url":"https:\/\/noticiasribeiraopreto.com.br\/index.php\/2023\/12\/11\/saude-mental-estrategica-forbes\/","url_meta":{"origin":70017,"position":0},"title":"Sa\u00fade mental estrat\u00e9gica &#8211; Forbes","author":"noticiasribeiraopreto.com.br","date":"11 de December de 2023","format":false,"excerpt":"Divulga\u00e7\u00e3oBem-estar psicol\u00f3gico dos colaboradores ganha relev\u00e2ncia e \u00e9 prioridade nas empresas No universo corporativo, promover ambientes organizacionais saud\u00e1veis e o bem-estar psicol\u00f3gico dos colaboradores \u00e9 um desafio. \u201cEste era um assunto secund\u00e1rio, normalmente restrito ao setor de RH e ao ambulat\u00f3rio m\u00e9dico, que ganhou relev\u00e2ncia e agora est\u00e1 na mesa\u2026","rel":"","context":"In &quot;Blog&quot;","block_context":{"text":"Blog","link":"https:\/\/noticiasribeiraopreto.com.br\/index.php\/category\/blog\/"},"img":{"alt_text":"","src":"https:\/\/i0.wp.com\/noticiasribeiraopreto.com.br\/wp-content\/uploads\/2023\/12\/bv-einstein_114-1016x683.jpg?fit=1016%2C683&ssl=1&resize=350%2C200","width":350,"height":200,"srcset":"https:\/\/i0.wp.com\/noticiasribeiraopreto.com.br\/wp-content\/uploads\/2023\/12\/bv-einstein_114-1016x683.jpg?fit=1016%2C683&ssl=1&resize=350%2C200 1x, https:\/\/i0.wp.com\/noticiasribeiraopreto.com.br\/wp-content\/uploads\/2023\/12\/bv-einstein_114-1016x683.jpg?fit=1016%2C683&ssl=1&resize=525%2C300 1.5x, https:\/\/i0.wp.com\/noticiasribeiraopreto.com.br\/wp-content\/uploads\/2023\/12\/bv-einstein_114-1016x683.jpg?fit=1016%2C683&ssl=1&resize=700%2C400 2x"},"classes":[]},{"id":54853,"url":"https:\/\/noticiasribeiraopreto.com.br\/index.php\/2024\/07\/25\/maus-habitos-de-saude-podem-custar-caro-as-empresas\/","url_meta":{"origin":70017,"position":1},"title":"Maus h\u00e1bitos de sa\u00fade podem custar caro \u00e0s empresas","author":"noticiasribeiraopreto.com.br","date":"25 de July de 2024","format":false,"excerpt":"\u00a0 Acessibilidade L L A- A+ \u25d0 \u00a0 Os resultados de uma empresa dependem de sua parte mais vital: as pessoas. Quando a sa\u00fade mental ou f\u00edsica dos funcion\u00e1rios est\u00e1 em risco, a companhia tamb\u00e9m pode arcar com as consequ\u00eancias. De acordo com um levantamento feito pela healthtech Pipo Sa\u00fade\u2026","rel":"","context":"In &quot;Blog&quot;","block_context":{"text":"Blog","link":"https:\/\/noticiasribeiraopreto.com.br\/index.php\/category\/blog\/"},"img":{"alt_text":"","src":"https:\/\/i0.wp.com\/noticiasribeiraopreto.com.br\/wp-content\/uploads\/2024\/07\/carreira-bebida-no-trabalho-1024x683.jpg?fit=1024%2C683&ssl=1&resize=350%2C200","width":350,"height":200,"srcset":"https:\/\/i0.wp.com\/noticiasribeiraopreto.com.br\/wp-content\/uploads\/2024\/07\/carreira-bebida-no-trabalho-1024x683.jpg?fit=1024%2C683&ssl=1&resize=350%2C200 1x, https:\/\/i0.wp.com\/noticiasribeiraopreto.com.br\/wp-content\/uploads\/2024\/07\/carreira-bebida-no-trabalho-1024x683.jpg?fit=1024%2C683&ssl=1&resize=525%2C300 1.5x, https:\/\/i0.wp.com\/noticiasribeiraopreto.com.br\/wp-content\/uploads\/2024\/07\/carreira-bebida-no-trabalho-1024x683.jpg?fit=1024%2C683&ssl=1&resize=700%2C400 2x"},"classes":[]},{"id":46958,"url":"https:\/\/noticiasribeiraopreto.com.br\/index.php\/2024\/04\/16\/por-que-os-chefes-tem-tanto-impacto-na-saude-mental\/","url_meta":{"origin":70017,"position":2},"title":"Por que os chefes t\u00eam tanto impacto na sa\u00fade mental?","author":"noticiasribeiraopreto.com.br","date":"16 de April de 2024","format":false,"excerpt":"Getty ImagesPor causa do estresse no trabalho, principal fator que influencia a sa\u00fade mental, 40% dos executivos pensam em se demitir este ano No mundo todo, os gestores e l\u00edderes t\u00eam mais influ\u00eancia sobre a sa\u00fade mental dos seus funcion\u00e1rios do que os m\u00e9dicos e terapeutas, e o mesmo impacto\u2026","rel":"","context":"In &quot;Blog&quot;","block_context":{"text":"Blog","link":"https:\/\/noticiasribeiraopreto.com.br\/index.php\/category\/blog\/"},"img":{"alt_text":"","src":"https:\/\/i0.wp.com\/noticiasribeiraopreto.com.br\/wp-content\/uploads\/2024\/04\/carreira-saude-mental-chefe-1024x683.jpg?fit=1024%2C683&ssl=1&resize=350%2C200","width":350,"height":200,"srcset":"https:\/\/i0.wp.com\/noticiasribeiraopreto.com.br\/wp-content\/uploads\/2024\/04\/carreira-saude-mental-chefe-1024x683.jpg?fit=1024%2C683&ssl=1&resize=350%2C200 1x, https:\/\/i0.wp.com\/noticiasribeiraopreto.com.br\/wp-content\/uploads\/2024\/04\/carreira-saude-mental-chefe-1024x683.jpg?fit=1024%2C683&ssl=1&resize=525%2C300 1.5x, https:\/\/i0.wp.com\/noticiasribeiraopreto.com.br\/wp-content\/uploads\/2024\/04\/carreira-saude-mental-chefe-1024x683.jpg?fit=1024%2C683&ssl=1&resize=700%2C400 2x"},"classes":[]},{"id":65830,"url":"https:\/\/noticiasribeiraopreto.com.br\/index.php\/2025\/03\/25\/jornal-da-franca-trabalho-cresce-numero-de-casos-de-afastamentos-por-ansiedade-e-depressao\/","url_meta":{"origin":70017,"position":3},"title":"Jornal da Franca &#8211; Trabalho: cresce n\u00famero de casos de afastamentos por ansiedade e depress\u00e3o","author":"noticiasribeiraopreto.com.br","date":"25 de March de 2025","format":false,"excerpt":"compartilhar no whatsapp compartilhar no telegram compartilhar no facebook compartilhar no linkedin Brasil enfrenta uma crise de sa\u00fade mental sem precedentes, refletida diretamente no mercado de trabalho. Casos aumentaram 68% em 2024 S\u00f3 em 2024, mais de 470 mil trabalhadores foram afastados por transtornos mentais \u2013 foto Arquivo \u00a0 Segundo\u2026","rel":"","context":"In &quot;Not\u00edcias de Franca-SP&quot;","block_context":{"text":"Not\u00edcias de Franca-SP","link":"https:\/\/noticiasribeiraopreto.com.br\/index.php\/category\/noticias-de-ribeirao-preto-sp-e-regiao-ismael-colosi\/noticias-franca-sp\/"},"img":{"alt_text":"","src":"https:\/\/i0.wp.com\/noticiasribeiraopreto.com.br\/wp-content\/uploads\/2025\/03\/mulher-cansada-trabalho.jpg?fit=799%2C449&ssl=1&resize=350%2C200","width":350,"height":200,"srcset":"https:\/\/i0.wp.com\/noticiasribeiraopreto.com.br\/wp-content\/uploads\/2025\/03\/mulher-cansada-trabalho.jpg?fit=799%2C449&ssl=1&resize=350%2C200 1x, https:\/\/i0.wp.com\/noticiasribeiraopreto.com.br\/wp-content\/uploads\/2025\/03\/mulher-cansada-trabalho.jpg?fit=799%2C449&ssl=1&resize=525%2C300 1.5x, https:\/\/i0.wp.com\/noticiasribeiraopreto.com.br\/wp-content\/uploads\/2025\/03\/mulher-cansada-trabalho.jpg?fit=799%2C449&ssl=1&resize=700%2C400 2x"},"classes":[]},{"id":38468,"url":"https:\/\/noticiasribeiraopreto.com.br\/index.php\/2024\/02\/20\/candidatos-e-empresas-priorizarao-saude-e-bem-estar-no-trabalho\/","url_meta":{"origin":70017,"position":4},"title":"Candidatos e empresas priorizar\u00e3o sa\u00fade e bem-estar no trabalho","author":"noticiasribeiraopreto.com.br","date":"20 de February de 2024","format":false,"excerpt":"Cada vez mais trabalhadores carregam desejos profissionais que v\u00e3o al\u00e9m de uma carteira assinada e bons sal\u00e1rios, mas carreiras significativas e ambientes de trabalho seguros e estimulantes. Do outro lado, as empresas seguem o mesmo caminho de valoriza\u00e7\u00e3o da sa\u00fade e bem-estar dos seus colaboradores \u2013 \u00e9 o que aponta\u2026","rel":"","context":"In &quot;Blog&quot;","block_context":{"text":"Blog","link":"https:\/\/noticiasribeiraopreto.com.br\/index.php\/category\/blog\/"},"img":{"alt_text":"","src":"https:\/\/i0.wp.com\/noticiasribeiraopreto.com.br\/wp-content\/uploads\/2024\/02\/saude-e-bem-estar-no-trabalho.jpg?fit=1200%2C675&ssl=1&resize=350%2C200","width":350,"height":200,"srcset":"https:\/\/i0.wp.com\/noticiasribeiraopreto.com.br\/wp-content\/uploads\/2024\/02\/saude-e-bem-estar-no-trabalho.jpg?fit=1200%2C675&ssl=1&resize=350%2C200 1x, https:\/\/i0.wp.com\/noticiasribeiraopreto.com.br\/wp-content\/uploads\/2024\/02\/saude-e-bem-estar-no-trabalho.jpg?fit=1200%2C675&ssl=1&resize=525%2C300 1.5x, https:\/\/i0.wp.com\/noticiasribeiraopreto.com.br\/wp-content\/uploads\/2024\/02\/saude-e-bem-estar-no-trabalho.jpg?fit=1200%2C675&ssl=1&resize=700%2C400 2x, https:\/\/i0.wp.com\/noticiasribeiraopreto.com.br\/wp-content\/uploads\/2024\/02\/saude-e-bem-estar-no-trabalho.jpg?fit=1200%2C675&ssl=1&resize=1050%2C600 3x"},"classes":[]},{"id":68897,"url":"https:\/\/noticiasribeiraopreto.com.br\/index.php\/2025\/04\/30\/jornal-da-franca-projeto-saude-em-acao-promove-bem-estar-e-movimenta-mais-de-800-pessoas-em-franca\/","url_meta":{"origin":70017,"position":5},"title":"Jornal da Franca &#8211; Projeto &#8216;Sa\u00fade em A\u00e7\u00e3o&#8217; promove bem-estar e movimenta mais de 800 pessoas em Franca","author":"noticiasribeiraopreto.com.br","date":"30 de April de 2025","format":false,"excerpt":"compartilhar no whatsapp compartilhar no telegram compartilhar no facebook compartilhar no linkedin Iniciativa da Secretaria de Sa\u00fade leva atividade f\u00edsica regular a UBSs da cidade e contribui para qualidade de vida, autonomia e preven\u00e7\u00e3o de doen\u00e7as entre os participantes. Projeto Sa\u00fade em A\u00e7\u00e3o est\u00e1 mudando a rotina de mais de\u2026","rel":"","context":"In &quot;Not\u00edcias de Franca-SP&quot;","block_context":{"text":"Not\u00edcias de Franca-SP","link":"https:\/\/noticiasribeiraopreto.com.br\/index.php\/category\/noticias-de-ribeirao-preto-sp-e-regiao-ismael-colosi\/noticias-franca-sp\/"},"img":{"alt_text":"","src":"https:\/\/i0.wp.com\/noticiasribeiraopreto.com.br\/wp-content\/uploads\/2025\/04\/Saude-em-Acao.jpeg?fit=1200%2C900&ssl=1&resize=350%2C200","width":350,"height":200,"srcset":"https:\/\/i0.wp.com\/noticiasribeiraopreto.com.br\/wp-content\/uploads\/2025\/04\/Saude-em-Acao.jpeg?fit=1200%2C900&ssl=1&resize=350%2C200 1x, https:\/\/i0.wp.com\/noticiasribeiraopreto.com.br\/wp-content\/uploads\/2025\/04\/Saude-em-Acao.jpeg?fit=1200%2C900&ssl=1&resize=525%2C300 1.5x, https:\/\/i0.wp.com\/noticiasribeiraopreto.com.br\/wp-content\/uploads\/2025\/04\/Saude-em-Acao.jpeg?fit=1200%2C900&ssl=1&resize=700%2C400 2x, https:\/\/i0.wp.com\/noticiasribeiraopreto.com.br\/wp-content\/uploads\/2025\/04\/Saude-em-Acao.jpeg?fit=1200%2C900&ssl=1&resize=1050%2C600 3x"},"classes":[]}],"jetpack_sharing_enabled":true,"jetpack_shortlink":"https:\/\/wp.me\/peQAOb-idj","_links":{"self":[{"href":"https:\/\/noticiasribeiraopreto.com.br\/index.php\/wp-json\/wp\/v2\/posts\/70017","targetHints":{"allow":["GET"]}}],"collection":[{"href":"https:\/\/noticiasribeiraopreto.com.br\/index.php\/wp-json\/wp\/v2\/posts"}],"about":[{"href":"https:\/\/noticiasribeiraopreto.com.br\/index.php\/wp-json\/wp\/v2\/types\/post"}],"author":[{"embeddable":true,"href":"https:\/\/noticiasribeiraopreto.com.br\/index.php\/wp-json\/wp\/v2\/users\/1"}],"replies":[{"embeddable":true,"href":"https:\/\/noticiasribeiraopreto.com.br\/index.php\/wp-json\/wp\/v2\/comments?post=70017"}],"version-history":[{"count":0,"href":"https:\/\/noticiasribeiraopreto.com.br\/index.php\/wp-json\/wp\/v2\/posts\/70017\/revisions"}],"wp:featuredmedia":[{"embeddable":true,"href":"https:\/\/noticiasribeiraopreto.com.br\/index.php\/wp-json\/wp\/v2\/media\/70018"}],"wp:attachment":[{"href":"https:\/\/noticiasribeiraopreto.com.br\/index.php\/wp-json\/wp\/v2\/media?parent=70017"}],"wp:term":[{"taxonomy":"category","embeddable":true,"href":"https:\/\/noticiasribeiraopreto.com.br\/index.php\/wp-json\/wp\/v2\/categories?post=70017"},{"taxonomy":"post_tag","embeddable":true,"href":"https:\/\/noticiasribeiraopreto.com.br\/index.php\/wp-json\/wp\/v2\/tags?post=70017"}],"curies":[{"name":"wp","href":"https:\/\/api.w.org\/{rel}","templated":true}]}}