{"id":70019,"date":"2025-05-22T02:55:08","date_gmt":"2025-05-22T05:55:08","guid":{"rendered":"https:\/\/noticiasribeiraopreto.com.br\/index.php\/2025\/05\/22\/em-programa-para-promover-fortalecimento-industrial-polo-de-calcado-de-franca-fica-com-nota-baixa\/"},"modified":"2025-05-22T02:55:08","modified_gmt":"2025-05-22T05:55:08","slug":"em-programa-para-promover-fortalecimento-industrial-polo-de-calcado-de-franca-fica-com-nota-baixa","status":"publish","type":"post","link":"https:\/\/noticiasribeiraopreto.com.br\/index.php\/2025\/05\/22\/em-programa-para-promover-fortalecimento-industrial-polo-de-calcado-de-franca-fica-com-nota-baixa\/","title":{"rendered":"Em programa para promover fortalecimento industrial, polo de cal\u00e7ado de Franca fica com nota baixa"},"content":{"rendered":"<p> <br \/>\n<\/p>\n<div>\n<p>O programa SP Produz, da Secretaria de Desenvolvimento Econ\u00f4mico (SDE), tem o objetivo de fortalecer as cadeias produtivas locais (CPLs) do estado de S\u00e3o Paulo. Ao todo, o projeto j\u00e1 reconheceu 95 CPLs, beneficiando cerca de 27 setores estrat\u00e9gicos para a economia paulista, como \u00e9 o caso do setor de cal\u00e7ados. Conforme a SDE, entre os destaques est\u00e3o as cidades de Birigui e Ja\u00fa.<\/p>\n<p>Com rela\u00e7\u00e3o \u00e0 Franca, o cal\u00e7ado francano ficou classificado como aglomerado produtivo e recebeu nota 2.8 em n\u00edvel de maturidade, n\u00e3o conseguiu ser classificado como cadeia produtiva local.. A nota vai de 0 a 10.<\/p>\n<p>Na pr\u00e1tica, os aglomerados produtivos, como acontece em Franca, carece ainda de uma organiza\u00e7\u00e3o sistem\u00e1tica na produ\u00e7\u00e3o de um produto. O aglomerado produtivo representa que em uma localidade h\u00e1 diferentes empresas que possuem atividades interconectadas e interdepentes. Com a organiza\u00e7\u00e3o de uma cadeia produtiva local,\u00a0 essa medida acaba representando que micro, pequenas e me\u0301dias empresas de um mesmo setor ou segmento atuem em coopera\u00e7\u00e3o entre si e com entidades pu\u0301blicas e privadas.<\/p>\n<p>\u201cAo se organizarem dessa forma, podem compartilhar recursos, adquirir insumos coletivamente, trocar experie\u0302ncias e promover a inovac\u0327a\u0303o, contribuindo para a reduc\u0327a\u0303o de custos, a gerac\u0327a\u0303o de empregos e renda, e o fortalecimento dos nego\u0301cios\u201d, apontou a Secretaria de Desenvolvimento Econ\u00f4mico.<\/p>\n<p>Na cidade de Birigui, regi\u00e3o de Ara\u00e7atuba, a CPL Cal\u00e7ado Infantil conta com cerca de 350 empresas em seu polo e foi reconhecida com o n\u00edvel mais elevado do programa: \u201cMadura\u201d. Com isso, o recurso fornecido por meio do SP Produz est\u00e1 sendo utilizado para investir em estrat\u00e9gias relacionadas \u00e0 inova\u00e7\u00e3o, tecnologia, capacita\u00e7\u00e3o e projetos de intelig\u00eancia artificial.<\/p>\n<p>\u201cParticipamos do edital e fomos classificados. Gra\u00e7as ao fomento, estamos levando para nossa cadeia produtiva workshops e outras a\u00e7\u00f5es estrat\u00e9gicas, como uma plataforma comercial, onde as empresas v\u00e3o ter acesso a lojistas. Ser\u00e1 uma ferramenta de vertente comercial para ajudar a buscar novos clientes\u201d, explica Fernanda Mantovani, assistente de comunica\u00e7\u00e3o e marketing no Sindicato das Ind\u00fastrias do Cal\u00e7ado e Vestu\u00e1rio de Birigui (Sinbi), entidade gestora da CPL.<\/p>\n<p>Outro exemplo est\u00e1 na CPL Cal\u00e7ado Feminino, de Ja\u00fa, localizada na regi\u00e3o de Bauru, que tamb\u00e9m foi reconhecida com o n\u00edvel mais elevado do programa e busca implementar suas estrat\u00e9gias.<\/p>\n<p>\u201cNosso objetivo dentro do SP Produz \u00e9 fortalecer a CPL, ter recursos e um norte estrat\u00e9gico. Esse papel de fomento das cadeias produtivas locais, a Secretaria de Desenvolvimento Econ\u00f4mico faz com brilhantismo, pois identifica as voca\u00e7\u00f5es regionais de cada uma das CPLs\u201d, comenta Luis Felipe Rodomonte, presidente do Sindicato da Ind\u00fastria de Cal\u00e7ados (SindJa\u00fa) \u2013 entidade gestora da CPL.<\/p>\n<p>\u00a0<\/p>\n<p>Novo edital<br \/>O SP Produz est\u00e1 com novo edital de reconhecimento para CPLs do estado de S\u00e3o Paulo que desejam participar do programa, com inscri\u00e7\u00f5es abertas at\u00e9 13 de junho. Independentemente do setor de atua\u00e7\u00e3o, as cadeias produtivas locais que desejam concorrer precisam:<\/p>\n<ul>\n<li>Ser representadas por entidade gestora: pessoa jur\u00eddica p\u00fablica ou privada, sem fins lucrativos e integrante da CPL; ou<\/li>\n<li>ter agente representante: pessoa jur\u00eddica p\u00fablica ou privada, com ou sem fins lucrativos, registrada no Cadastro Nacional da Pessoa Jur\u00eddica (CNPJ) h\u00e1 pelo menos dois anos e integrante da CPL.<\/li>\n<\/ul>\n<p>Cada CPL reconhecida recebe apoio t\u00e9cnico para aprimorar e fortalecer suas atividades. As cadeias podem ser classificadas em at\u00e9 quatro n\u00edveis e, dependendo do grau de maturidade alcan\u00e7ado, t\u00eam a possibilidade de participar de editais e obter recursos para seus projetos de desenvolvimento.<\/p>\n<p>Para CPLs que desejam participar, o local de inscri\u00e7\u00e3o, bem como mais informa\u00e7\u00f5es sobre os processos e etapas de avalia\u00e7\u00e3o, ficam dispon\u00edveis no site do programa , a partir da data de publica\u00e7\u00e3o do edital.<\/p>\n<p><!-- CONTENT END 1 --><\/p><\/div>\n<p><br \/>\n<br \/><a href=\"https:\/\/www.f3noticias.com.br\/em-programa-para-promover-fortalecimento-industrial-polo-de-calcado-de-franca-fica-com-nota-baixa\/\">Source link <\/a><\/p>\n","protected":false},"excerpt":{"rendered":"<p>O programa SP Produz, da Secretaria de Desenvolvimento Econ\u00f4mico (SDE), tem o objetivo de fortalecer as cadeias produtivas locais (CPLs) do estado de S\u00e3o Paulo&#8230;.<\/p>\n","protected":false},"author":1,"featured_media":70020,"comment_status":"open","ping_status":"open","sticky":false,"template":"","format":"standard","meta":{"advanced_seo_description":"","jetpack_seo_html_title":"","jetpack_seo_noindex":false,"jetpack_post_was_ever_published":false,"_jetpack_newsletter_access":"","_jetpack_dont_email_post_to_subs":false,"_jetpack_newsletter_tier_id":0,"_jetpack_memberships_contains_paywalled_content":false,"_jetpack_memberships_contains_paid_content":false,"footnotes":"","jetpack_publicize_message":"","jetpack_publicize_feature_enabled":true,"jetpack_social_post_already_shared":true,"jetpack_social_options":{"image_generator_settings":{"template":"highway","default_image_id":0,"font":"","enabled":false},"version":2}},"categories":[3597],"tags":[],"class_list":["post-70019","post","type-post","status-publish","format-standard","has-post-thumbnail","hentry","category-noticias-franca-sp"],"jetpack_publicize_connections":[],"jetpack_featured_media_url":"https:\/\/i0.wp.com\/noticiasribeiraopreto.com.br\/wp-content\/uploads\/2025\/05\/fabricas-de-calcados-em-franca.jpeg?fit=700%2C500&ssl=1","jetpack-related-posts":[{"id":70122,"url":"https:\/\/noticiasribeiraopreto.com.br\/index.php\/2025\/05\/22\/chapa-com-toni-hajel-como-presidente-vence-eleicao-do-sindicato-da-industria-de-calcados-de-franca\/","url_meta":{"origin":70019,"position":0},"title":"Chapa com Toni Hajel como presidente vence elei\u00e7\u00e3o do Sindicato da Ind\u00fastria de Cal\u00e7ados de Franca","author":"noticiasribeiraopreto.com.br","date":"22 de May de 2025","format":false,"excerpt":"A chapa encabe\u00e7ada por Toni Hajel foi a vencedora na elei\u00e7\u00e3o para dirigir o Sindicato da Ind\u00fastria de Cal\u00e7ados de Franca (SindiFranca). O resultado foi divulgado neste dia 22\/5, na sede da entidade. A disputa estava entre Carlos Roberto de Paula, da Cal\u00e7ados Kissol, que encabe\u00e7ava a chapa 1, e\u2026","rel":"","context":"In &quot;Not\u00edcias de Franca-SP&quot;","block_context":{"text":"Not\u00edcias de Franca-SP","link":"https:\/\/noticiasribeiraopreto.com.br\/index.php\/category\/noticias-de-ribeirao-preto-sp-e-regiao-ismael-colosi\/noticias-franca-sp\/"},"img":{"alt_text":"","src":"https:\/\/i0.wp.com\/noticiasribeiraopreto.com.br\/wp-content\/uploads\/2025\/05\/Screenshot_20250522_190518_Instagram.jpg?fit=980%2C561&ssl=1&resize=350%2C200","width":350,"height":200,"srcset":"https:\/\/i0.wp.com\/noticiasribeiraopreto.com.br\/wp-content\/uploads\/2025\/05\/Screenshot_20250522_190518_Instagram.jpg?fit=980%2C561&ssl=1&resize=350%2C200 1x, https:\/\/i0.wp.com\/noticiasribeiraopreto.com.br\/wp-content\/uploads\/2025\/05\/Screenshot_20250522_190518_Instagram.jpg?fit=980%2C561&ssl=1&resize=525%2C300 1.5x, https:\/\/i0.wp.com\/noticiasribeiraopreto.com.br\/wp-content\/uploads\/2025\/05\/Screenshot_20250522_190518_Instagram.jpg?fit=980%2C561&ssl=1&resize=700%2C400 2x"},"classes":[]},{"id":71075,"url":"https:\/\/noticiasribeiraopreto.com.br\/index.php\/2025\/06\/02\/jornal-da-franca-calcadistas-de-franca-recebem-solucoes-da-abicalcados-para-aumentar-competitividade\/","url_meta":{"origin":70019,"position":1},"title":"Jornal da Franca &#8211; Cal\u00e7adistas de Franca recebem solu\u00e7\u00f5es da Abical\u00e7ados para aumentar competitividade","author":"noticiasribeiraopreto.com.br","date":"2 de June de 2025","format":false,"excerpt":"compartilhar no whatsapp compartilhar no telegram compartilhar no facebook compartilhar no linkedin Entidade nacional destaca programas de apoio \u00e0 exporta\u00e7\u00e3o e sustentabilidade Franca, cidade reconhecida nacionalmente como um dos maiores polos cal\u00e7adistas do Brasil, recebeu no \u00faltimo dia 28 de maio o evento Conex\u00e3o Franca Cal\u00e7adista, promovido pelo Sindicato da\u2026","rel":"","context":"In &quot;Not\u00edcias de Franca-SP&quot;","block_context":{"text":"Not\u00edcias de Franca-SP","link":"https:\/\/noticiasribeiraopreto.com.br\/index.php\/category\/noticias-de-ribeirao-preto-sp-e-regiao-ismael-colosi\/noticias-franca-sp\/"},"img":{"alt_text":"","src":"https:\/\/i0.wp.com\/noticiasribeiraopreto.com.br\/wp-content\/uploads\/2025\/06\/WhatsApp-Image-2025-05-30-at-09.57.04.jpeg?fit=1200%2C675&ssl=1&resize=350%2C200","width":350,"height":200,"srcset":"https:\/\/i0.wp.com\/noticiasribeiraopreto.com.br\/wp-content\/uploads\/2025\/06\/WhatsApp-Image-2025-05-30-at-09.57.04.jpeg?fit=1200%2C675&ssl=1&resize=350%2C200 1x, https:\/\/i0.wp.com\/noticiasribeiraopreto.com.br\/wp-content\/uploads\/2025\/06\/WhatsApp-Image-2025-05-30-at-09.57.04.jpeg?fit=1200%2C675&ssl=1&resize=525%2C300 1.5x, https:\/\/i0.wp.com\/noticiasribeiraopreto.com.br\/wp-content\/uploads\/2025\/06\/WhatsApp-Image-2025-05-30-at-09.57.04.jpeg?fit=1200%2C675&ssl=1&resize=700%2C400 2x, https:\/\/i0.wp.com\/noticiasribeiraopreto.com.br\/wp-content\/uploads\/2025\/06\/WhatsApp-Image-2025-05-30-at-09.57.04.jpeg?fit=1200%2C675&ssl=1&resize=1050%2C600 3x"},"classes":[]},{"id":72883,"url":"https:\/\/noticiasribeiraopreto.com.br\/index.php\/2025\/06\/22\/jornal-da-franca-negocios-abicalcados-apresenta-setor-calcadista-a-embaixadores-europeus\/","url_meta":{"origin":70019,"position":2},"title":"Jornal da Franca &#8211; Neg\u00f3cios: Abical\u00e7ados apresenta setor cal\u00e7adista a embaixadores europeus","author":"noticiasribeiraopreto.com.br","date":"22 de June de 2025","format":false,"excerpt":"compartilhar no whatsapp compartilhar no telegram compartilhar no facebook compartilhar no linkedin Visita \u00e0 f\u00e1brica de cal\u00e7ados integrou agenda de neg\u00f3cios com representantes de dez pa\u00edses A Associa\u00e7\u00e3o Brasileira das Ind\u00fastrias de Cal\u00e7ados (Abical\u00e7ados) participou, no dia 6 de junho, de uma agenda institucional com representantes de embaixadas europeias promovida\u2026","rel":"","context":"In &quot;Not\u00edcias de Franca-SP&quot;","block_context":{"text":"Not\u00edcias de Franca-SP","link":"https:\/\/noticiasribeiraopreto.com.br\/index.php\/category\/noticias-de-ribeirao-preto-sp-e-regiao-ismael-colosi\/noticias-franca-sp\/"},"img":{"alt_text":"","src":"https:\/\/i0.wp.com\/noticiasribeiraopreto.com.br\/wp-content\/uploads\/2025\/06\/Calcadoss.jpg?fit=1200%2C539&ssl=1&resize=350%2C200","width":350,"height":200,"srcset":"https:\/\/i0.wp.com\/noticiasribeiraopreto.com.br\/wp-content\/uploads\/2025\/06\/Calcadoss.jpg?fit=1200%2C539&ssl=1&resize=350%2C200 1x, https:\/\/i0.wp.com\/noticiasribeiraopreto.com.br\/wp-content\/uploads\/2025\/06\/Calcadoss.jpg?fit=1200%2C539&ssl=1&resize=525%2C300 1.5x, https:\/\/i0.wp.com\/noticiasribeiraopreto.com.br\/wp-content\/uploads\/2025\/06\/Calcadoss.jpg?fit=1200%2C539&ssl=1&resize=700%2C400 2x, https:\/\/i0.wp.com\/noticiasribeiraopreto.com.br\/wp-content\/uploads\/2025\/06\/Calcadoss.jpg?fit=1200%2C539&ssl=1&resize=1050%2C600 3x"},"classes":[]},{"id":65560,"url":"https:\/\/noticiasribeiraopreto.com.br\/index.php\/2025\/03\/21\/jornal-da-franca-gauchos-seguem-como-maiores-exportadores-de-calcados-do-brasil-sp-e-o-terceiro\/","url_meta":{"origin":70019,"position":3},"title":"Jornal da Franca &#8211; Ga\u00fachos seguem como maiores exportadores de cal\u00e7ados do Brasil; SP \u00e9 o terceiro","author":"noticiasribeiraopreto.com.br","date":"21 de March de 2025","format":false,"excerpt":"compartilhar no whatsapp compartilhar no telegram compartilhar no facebook compartilhar no linkedin Rio Grande do Sul, Cear\u00e1 e S\u00e3o Paulo s\u00e3o os maiores exportadores de cal\u00e7ados do pa\u00eds O Rio Grande do Sul permanece como o maior exportador de cal\u00e7ados do Brasil, liderando o setor no primeiro bimestre de 2025.\u2026","rel":"","context":"In &quot;Not\u00edcias de Franca-SP&quot;","block_context":{"text":"Not\u00edcias de Franca-SP","link":"https:\/\/noticiasribeiraopreto.com.br\/index.php\/category\/noticias-de-ribeirao-preto-sp-e-regiao-ismael-colosi\/noticias-franca-sp\/"},"img":{"alt_text":"","src":"https:\/\/i0.wp.com\/noticiasribeiraopreto.com.br\/wp-content\/uploads\/2025\/03\/Esteira-de-producao-no-chao-de-fabrica.jpg?fit=1200%2C800&ssl=1&resize=350%2C200","width":350,"height":200,"srcset":"https:\/\/i0.wp.com\/noticiasribeiraopreto.com.br\/wp-content\/uploads\/2025\/03\/Esteira-de-producao-no-chao-de-fabrica.jpg?fit=1200%2C800&ssl=1&resize=350%2C200 1x, https:\/\/i0.wp.com\/noticiasribeiraopreto.com.br\/wp-content\/uploads\/2025\/03\/Esteira-de-producao-no-chao-de-fabrica.jpg?fit=1200%2C800&ssl=1&resize=525%2C300 1.5x, https:\/\/i0.wp.com\/noticiasribeiraopreto.com.br\/wp-content\/uploads\/2025\/03\/Esteira-de-producao-no-chao-de-fabrica.jpg?fit=1200%2C800&ssl=1&resize=700%2C400 2x, https:\/\/i0.wp.com\/noticiasribeiraopreto.com.br\/wp-content\/uploads\/2025\/03\/Esteira-de-producao-no-chao-de-fabrica.jpg?fit=1200%2C800&ssl=1&resize=1050%2C600 3x"},"classes":[]},{"id":65009,"url":"https:\/\/noticiasribeiraopreto.com.br\/index.php\/2025\/03\/14\/jornal-da-franca-empresas-de-franca-podem-expor-calcados-na-4a-bfshow-veja-como-participar\/","url_meta":{"origin":70019,"position":4},"title":"Jornal da Franca &#8211; Empresas de Franca podem expor cal\u00e7ados na 4\u00aa BFShow; veja como participar","author":"noticiasribeiraopreto.com.br","date":"14 de March de 2025","format":false,"excerpt":"compartilhar no whatsapp compartilhar no telegram compartilhar no facebook compartilhar no linkedin Para apoiar as empresas locais, um espa\u00e7o exclusivo para Franca ser\u00e1 montado na BFShow, com um investimento da Prefeitura de quase R$ 200 mil para subsidiar os estandes Inscri\u00e7\u00f5es para o Espa\u00e7o Moda Franca na BFShow seguem at\u00e9\u2026","rel":"","context":"In &quot;Not\u00edcias de Franca-SP&quot;","block_context":{"text":"Not\u00edcias de Franca-SP","link":"https:\/\/noticiasribeiraopreto.com.br\/index.php\/category\/noticias-de-ribeirao-preto-sp-e-regiao-ismael-colosi\/noticias-franca-sp\/"},"img":{"alt_text":"","src":"https:\/\/i0.wp.com\/noticiasribeiraopreto.com.br\/wp-content\/uploads\/2025\/03\/rQqlxa5492i8o8tDLJhtqVRcMjdoNfmpVRjIEsAm.jpeg?fit=990%2C594&ssl=1&resize=350%2C200","width":350,"height":200,"srcset":"https:\/\/i0.wp.com\/noticiasribeiraopreto.com.br\/wp-content\/uploads\/2025\/03\/rQqlxa5492i8o8tDLJhtqVRcMjdoNfmpVRjIEsAm.jpeg?fit=990%2C594&ssl=1&resize=350%2C200 1x, https:\/\/i0.wp.com\/noticiasribeiraopreto.com.br\/wp-content\/uploads\/2025\/03\/rQqlxa5492i8o8tDLJhtqVRcMjdoNfmpVRjIEsAm.jpeg?fit=990%2C594&ssl=1&resize=525%2C300 1.5x, https:\/\/i0.wp.com\/noticiasribeiraopreto.com.br\/wp-content\/uploads\/2025\/03\/rQqlxa5492i8o8tDLJhtqVRcMjdoNfmpVRjIEsAm.jpeg?fit=990%2C594&ssl=1&resize=700%2C400 2x"},"classes":[]},{"id":72489,"url":"https:\/\/noticiasribeiraopreto.com.br\/index.php\/2025\/06\/17\/jornal-da-franca-feira-italiana-reune-42-marcas-brasileiras-de-calcados-franca-marcara-presenca\/","url_meta":{"origin":70019,"position":5},"title":"Jornal da Franca &#8211; Feira italiana re\u00fane 42 marcas brasileiras de cal\u00e7ados; Franca marcar\u00e1 presen\u00e7a","author":"noticiasribeiraopreto.com.br","date":"17 de June de 2025","format":false,"excerpt":"compartilhar no whatsapp compartilhar no telegram compartilhar no facebook compartilhar no linkedin Feira est\u00e1 em sua 103\u00aa edi\u00e7\u00e3o e com mais de mil expositores do setor cal\u00e7adista A feira internacional Expo Riva Schuh, que come\u00e7ou no s\u00e1bado e encerrou nesta ter\u00e7a-feira, em Riva del Garda, na It\u00e1lia, teve a participa\u00e7\u00e3o\u2026","rel":"","context":"In &quot;Not\u00edcias de Franca-SP&quot;","block_context":{"text":"Not\u00edcias de Franca-SP","link":"https:\/\/noticiasribeiraopreto.com.br\/index.php\/category\/noticias-de-ribeirao-preto-sp-e-regiao-ismael-colosi\/noticias-franca-sp\/"},"img":{"alt_text":"","src":"https:\/\/i0.wp.com\/noticiasribeiraopreto.com.br\/wp-content\/uploads\/2025\/06\/Feira-calcado.jpg?fit=1000%2C750&ssl=1&resize=350%2C200","width":350,"height":200,"srcset":"https:\/\/i0.wp.com\/noticiasribeiraopreto.com.br\/wp-content\/uploads\/2025\/06\/Feira-calcado.jpg?fit=1000%2C750&ssl=1&resize=350%2C200 1x, https:\/\/i0.wp.com\/noticiasribeiraopreto.com.br\/wp-content\/uploads\/2025\/06\/Feira-calcado.jpg?fit=1000%2C750&ssl=1&resize=525%2C300 1.5x, https:\/\/i0.wp.com\/noticiasribeiraopreto.com.br\/wp-content\/uploads\/2025\/06\/Feira-calcado.jpg?fit=1000%2C750&ssl=1&resize=700%2C400 2x"},"classes":[]}],"jetpack_sharing_enabled":true,"jetpack_shortlink":"https:\/\/wp.me\/peQAOb-idl","_links":{"self":[{"href":"https:\/\/noticiasribeiraopreto.com.br\/index.php\/wp-json\/wp\/v2\/posts\/70019","targetHints":{"allow":["GET"]}}],"collection":[{"href":"https:\/\/noticiasribeiraopreto.com.br\/index.php\/wp-json\/wp\/v2\/posts"}],"about":[{"href":"https:\/\/noticiasribeiraopreto.com.br\/index.php\/wp-json\/wp\/v2\/types\/post"}],"author":[{"embeddable":true,"href":"https:\/\/noticiasribeiraopreto.com.br\/index.php\/wp-json\/wp\/v2\/users\/1"}],"replies":[{"embeddable":true,"href":"https:\/\/noticiasribeiraopreto.com.br\/index.php\/wp-json\/wp\/v2\/comments?post=70019"}],"version-history":[{"count":0,"href":"https:\/\/noticiasribeiraopreto.com.br\/index.php\/wp-json\/wp\/v2\/posts\/70019\/revisions"}],"wp:featuredmedia":[{"embeddable":true,"href":"https:\/\/noticiasribeiraopreto.com.br\/index.php\/wp-json\/wp\/v2\/media\/70020"}],"wp:attachment":[{"href":"https:\/\/noticiasribeiraopreto.com.br\/index.php\/wp-json\/wp\/v2\/media?parent=70019"}],"wp:term":[{"taxonomy":"category","embeddable":true,"href":"https:\/\/noticiasribeiraopreto.com.br\/index.php\/wp-json\/wp\/v2\/categories?post=70019"},{"taxonomy":"post_tag","embeddable":true,"href":"https:\/\/noticiasribeiraopreto.com.br\/index.php\/wp-json\/wp\/v2\/tags?post=70019"}],"curies":[{"name":"wp","href":"https:\/\/api.w.org\/{rel}","templated":true}]}}