{"id":70023,"date":"2025-05-22T05:03:37","date_gmt":"2025-05-22T08:03:37","guid":{"rendered":"https:\/\/noticiasribeiraopreto.com.br\/index.php\/2025\/05\/22\/bombeiros-e-pm-encontram-corpo-em-casa-incendiada-no-bairro-santo-agostinho\/"},"modified":"2025-05-22T05:03:37","modified_gmt":"2025-05-22T08:03:37","slug":"bombeiros-e-pm-encontram-corpo-em-casa-incendiada-no-bairro-santo-agostinho","status":"publish","type":"post","link":"https:\/\/noticiasribeiraopreto.com.br\/index.php\/2025\/05\/22\/bombeiros-e-pm-encontram-corpo-em-casa-incendiada-no-bairro-santo-agostinho\/","title":{"rendered":"Bombeiros e PM encontram corpo em casa incendiada no bairro Santo Agostinho"},"content":{"rendered":"<p> <br \/>\n<\/p>\n<div>\n<p>Os Bombeiros e a Pol\u00edcia Militar encontraram o corpo de uma pessoa, ainda n\u00e3o identificada, na noite deste dia 20\/5, na rua Maranh\u00e3o, no bairro Santo Agostinho. O local pegou fogo e testemunhas acionaram os Bombeiros para controlarem as chamas.<\/p>\n<p>Depois que houve o trabalho de combate e controle do fogo, houve vistoria dentro da casa e uma pessoa foi localizada, mas n\u00e3o foi poss\u00edvel encontrar documenta\u00e7\u00e3o ou pistas da identifica\u00e7\u00e3o em um primeiro momento.<\/p>\n<p>A Pol\u00edcia Civil tamb\u00e9m foi acionada, bem como a Per\u00edcia Criminal, que vai levantar dados e pistas para tentar identificar poss\u00edveis causas do inc\u00eandio e a identifica\u00e7\u00e3o da pessoa.<\/p>\n<p>Por conta do fogo e a necessidade de trabalho das autoridades, trecho da rua foi interditado. O fogo n\u00e3o atingiu as casas vizinhas.<\/p>\n<p>Testemunhas ainda ser\u00e3o ouvidas para tentar dar detalhes do que ocorreu na resid\u00eancia.<\/p>\n<p><!-- CONTENT END 1 --><\/p><\/div>\n<p><br \/>\n<br \/><a href=\"https:\/\/www.f3noticias.com.br\/bombeiros-e-pm-encontram-corpo-em-casa-incendiada-no-bairro-santo-agostinho\/\">Source link <\/a><\/p>\n","protected":false},"excerpt":{"rendered":"<p>Os Bombeiros e a Pol\u00edcia Militar encontraram o corpo de uma pessoa, ainda n\u00e3o identificada, na noite deste dia 20\/5, na rua Maranh\u00e3o, no bairro&#8230;<\/p>\n","protected":false},"author":1,"featured_media":70024,"comment_status":"open","ping_status":"open","sticky":false,"template":"","format":"standard","meta":{"advanced_seo_description":"","jetpack_seo_html_title":"","jetpack_seo_noindex":false,"jetpack_post_was_ever_published":false,"_jetpack_newsletter_access":"","_jetpack_dont_email_post_to_subs":false,"_jetpack_newsletter_tier_id":0,"_jetpack_memberships_contains_paywalled_content":false,"_jetpack_memberships_contains_paid_content":false,"footnotes":"","jetpack_publicize_message":"","jetpack_publicize_feature_enabled":true,"jetpack_social_post_already_shared":true,"jetpack_social_options":{"image_generator_settings":{"template":"highway","default_image_id":0,"font":"","enabled":false},"version":2}},"categories":[3597],"tags":[],"class_list":["post-70023","post","type-post","status-publish","format-standard","has-post-thumbnail","hentry","category-noticias-franca-sp"],"jetpack_publicize_connections":[],"jetpack_featured_media_url":"https:\/\/i0.wp.com\/noticiasribeiraopreto.com.br\/wp-content\/uploads\/2025\/05\/fogo-.jpg?fit=700%2C447&ssl=1","jetpack-related-posts":[{"id":43990,"url":"https:\/\/noticiasribeiraopreto.com.br\/index.php\/2024\/03\/25\/homem-morre-em-incendio-na-regiao\/","url_meta":{"origin":70023,"position":0},"title":"Homem morre em inc\u00eandio na regi\u00e3o","author":"noticiasribeiraopreto.com.br","date":"25 de March de 2024","format":false,"excerpt":"Resid\u00eancia da v\u00edtima foi atingida pelo fogo; al\u00e9m da v\u00edtima fatal, outra pessoa foi socorrida ap\u00f3s inalar fuma\u00e7a 25 de mar\u00e7o de 2024 | 9:1725 de mar\u00e7o de 2024 | 9:29 2 Por: Adalberto Luque Um homem morreu, na noite deste domingo (25), ap\u00f3s um inc\u00eandio atingir sua resid\u00eancia. O\u2026","rel":"","context":"In &quot;Not\u00edcias de Ribeir\u00e3o Preto-SP e Regi\u00e3o&quot;","block_context":{"text":"Not\u00edcias de Ribeir\u00e3o Preto-SP e Regi\u00e3o","link":"https:\/\/noticiasribeiraopreto.com.br\/index.php\/category\/noticias-de-ribeirao-preto-sp-e-regiao-ismael-colosi\/"},"img":{"alt_text":"","src":"https:\/\/i0.wp.com\/noticiasribeiraopreto.com.br\/wp-content\/uploads\/2024\/03\/00-19-mar-2024-incendio-botanico-foto-adalberto-luque-scaled.jpg?fit=860%2C645&ssl=1&resize=350%2C200","width":350,"height":200,"srcset":"https:\/\/i0.wp.com\/noticiasribeiraopreto.com.br\/wp-content\/uploads\/2024\/03\/00-19-mar-2024-incendio-botanico-foto-adalberto-luque-scaled.jpg?fit=860%2C645&ssl=1&resize=350%2C200 1x, https:\/\/i0.wp.com\/noticiasribeiraopreto.com.br\/wp-content\/uploads\/2024\/03\/00-19-mar-2024-incendio-botanico-foto-adalberto-luque-scaled.jpg?fit=860%2C645&ssl=1&resize=525%2C300 1.5x, https:\/\/i0.wp.com\/noticiasribeiraopreto.com.br\/wp-content\/uploads\/2024\/03\/00-19-mar-2024-incendio-botanico-foto-adalberto-luque-scaled.jpg?fit=860%2C645&ssl=1&resize=700%2C400 2x"},"classes":[]},{"id":80118,"url":"https:\/\/noticiasribeiraopreto.com.br\/index.php\/2025\/11\/15\/explosao-interdita-231-imoveis-em-sp\/","url_meta":{"origin":70023,"position":1},"title":"Explos\u00e3o interdita 231 im\u00f3veis em SP","author":"noticiasribeiraopreto.com.br","date":"15 de November de 2025","format":false,"excerpt":"Uma pessoa morreu e dez ficaram feridas ap\u00f3s explos\u00e3o seguida de inc\u00eandio em uma resid\u00eancia no Tatuap\u00e9, Zona Leste de S\u00e3o Paulo, por volta de 19h50 de quinta-feira, 13 de novembro. A Pol\u00edcia Civil ainda investiga a ocorr\u00eancia. C\u00e2meras de monitoramento registraram o momento em que rajadas de fogos de\u2026","rel":"","context":"In &quot;Not\u00edcias de Ribeir\u00e3o Preto-SP e Regi\u00e3o&quot;","block_context":{"text":"Not\u00edcias de Ribeir\u00e3o Preto-SP e Regi\u00e3o","link":"https:\/\/noticiasribeiraopreto.com.br\/index.php\/category\/noticias-de-ribeirao-preto-sp-e-regiao-ismael-colosi\/"},"img":{"alt_text":"","src":"https:\/\/i0.wp.com\/noticiasribeiraopreto.com.br\/wp-content\/uploads\/2025\/11\/Explosao-Reproducao.jpg?fit=888%2C685&ssl=1&resize=350%2C200","width":350,"height":200,"srcset":"https:\/\/i0.wp.com\/noticiasribeiraopreto.com.br\/wp-content\/uploads\/2025\/11\/Explosao-Reproducao.jpg?fit=888%2C685&ssl=1&resize=350%2C200 1x, https:\/\/i0.wp.com\/noticiasribeiraopreto.com.br\/wp-content\/uploads\/2025\/11\/Explosao-Reproducao.jpg?fit=888%2C685&ssl=1&resize=525%2C300 1.5x, https:\/\/i0.wp.com\/noticiasribeiraopreto.com.br\/wp-content\/uploads\/2025\/11\/Explosao-Reproducao.jpg?fit=888%2C685&ssl=1&resize=700%2C400 2x"},"classes":[]},{"id":83958,"url":"https:\/\/noticiasribeiraopreto.com.br\/index.php\/2026\/03\/30\/video-incendio-atinge-salgaderia-no-centro\/","url_meta":{"origin":70023,"position":2},"title":"V\u00cdDEO &#8211; Inc\u00eandio atinge salgaderia no Centro","author":"noticiasribeiraopreto.com.br","date":"30 de March de 2026","format":false,"excerpt":"\r \r \r Fogo teria come\u00e7ado na coifa da cozinha e tr\u00eas viaturas do Corpo de Bombeiros trabalharam para extinguir chamas\r \r 30 de mar\u00e7o de 2026 09:1230 de mar\u00e7o de 2026 09:13 \r Compartilhar2 \r Por: Adalberto Luque Um inc\u00eandio atingiu uma unidade da tradicional Salgadinhos Alzira, na noite\u2026","rel":"","context":"In &quot;Not\u00edcias de Ribeir\u00e3o Preto-SP e Regi\u00e3o&quot;","block_context":{"text":"Not\u00edcias de Ribeir\u00e3o Preto-SP e Regi\u00e3o","link":"https:\/\/noticiasribeiraopreto.com.br\/index.php\/category\/noticias-de-ribeirao-preto-sp-e-regiao-ismael-colosi\/"},"img":{"alt_text":"","src":"https:\/\/i0.wp.com\/noticiasribeiraopreto.com.br\/wp-content\/uploads\/2026\/03\/30-mar-2026-incendiosalgados4.jpg?fit=861%2C780&ssl=1&resize=350%2C200","width":350,"height":200,"srcset":"https:\/\/i0.wp.com\/noticiasribeiraopreto.com.br\/wp-content\/uploads\/2026\/03\/30-mar-2026-incendiosalgados4.jpg?fit=861%2C780&ssl=1&resize=350%2C200 1x, https:\/\/i0.wp.com\/noticiasribeiraopreto.com.br\/wp-content\/uploads\/2026\/03\/30-mar-2026-incendiosalgados4.jpg?fit=861%2C780&ssl=1&resize=525%2C300 1.5x, https:\/\/i0.wp.com\/noticiasribeiraopreto.com.br\/wp-content\/uploads\/2026\/03\/30-mar-2026-incendiosalgados4.jpg?fit=861%2C780&ssl=1&resize=700%2C400 2x"},"classes":[]},{"id":62473,"url":"https:\/\/noticiasribeiraopreto.com.br\/index.php\/2025\/01\/15\/incendio-atinge-casa-durante-a-madrugada-no-bairro-campos-eliseos-em-ribeirao-video\/","url_meta":{"origin":70023,"position":3},"title":"Inc\u00eandio atinge casa durante a madrugada no bairro Campos El\u00edseos em Ribeir\u00e3o; V\u00eddeo","author":"noticiasribeiraopreto.com.br","date":"15 de January de 2025","format":false,"excerpt":"Um inc\u00eandio atingiu uma casa na rua Onze de Agosto, na madrugada desta quarta (15), no bairro Campos El\u00edseos, zona Norte de Ribeir\u00e3o Preto. Assista ao v\u00eddeo abaixo. Segundo informa\u00e7\u00f5es da PM (Pol\u00edcia Militar), apesar da intensidade do fogo, n\u00e3o houve registro de v\u00edtimas. O combate \u00e0s chamas foi feito\u2026","rel":"","context":"In &quot;Not\u00edcias de Ribeir\u00e3o Preto-SP e Regi\u00e3o&quot;","block_context":{"text":"Not\u00edcias de Ribeir\u00e3o Preto-SP e Regi\u00e3o","link":"https:\/\/noticiasribeiraopreto.com.br\/index.php\/category\/noticias-de-ribeirao-preto-sp-e-regiao-ismael-colosi\/"},"img":{"alt_text":"","src":"https:\/\/i0.wp.com\/noticiasribeiraopreto.com.br\/wp-content\/uploads\/2025\/01\/INCENDIO_2025-01-15_15-31-22_jpg_2025-01-15_15-31-22.webp.webp?fit=1200%2C1062&ssl=1&resize=350%2C200","width":350,"height":200,"srcset":"https:\/\/i0.wp.com\/noticiasribeiraopreto.com.br\/wp-content\/uploads\/2025\/01\/INCENDIO_2025-01-15_15-31-22_jpg_2025-01-15_15-31-22.webp.webp?fit=1200%2C1062&ssl=1&resize=350%2C200 1x, https:\/\/i0.wp.com\/noticiasribeiraopreto.com.br\/wp-content\/uploads\/2025\/01\/INCENDIO_2025-01-15_15-31-22_jpg_2025-01-15_15-31-22.webp.webp?fit=1200%2C1062&ssl=1&resize=525%2C300 1.5x, https:\/\/i0.wp.com\/noticiasribeiraopreto.com.br\/wp-content\/uploads\/2025\/01\/INCENDIO_2025-01-15_15-31-22_jpg_2025-01-15_15-31-22.webp.webp?fit=1200%2C1062&ssl=1&resize=700%2C400 2x, https:\/\/i0.wp.com\/noticiasribeiraopreto.com.br\/wp-content\/uploads\/2025\/01\/INCENDIO_2025-01-15_15-31-22_jpg_2025-01-15_15-31-22.webp.webp?fit=1200%2C1062&ssl=1&resize=1050%2C600 3x"},"classes":[]},{"id":63339,"url":"https:\/\/noticiasribeiraopreto.com.br\/index.php\/2025\/02\/10\/carro-pega-fogo-apos-colisao-e-deixa-tres-pessoas-feridas-na-regiao-de-ribeirao\/","url_meta":{"origin":70023,"position":4},"title":"Carro pega fogo ap\u00f3s colis\u00e3o e deixa tr\u00eas pessoas feridas na regi\u00e3o de Ribeir\u00e3o","author":"noticiasribeiraopreto.com.br","date":"10 de February de 2025","format":false,"excerpt":"Na tarde desta segunda-feira (10), tr\u00eas pessoas ficaram feridas ap\u00f3s um acidente envolvendo dois ve\u00edculos na estrada Jos\u00e9 Riul, que liga Jardin\u00f3polis e Juruc\u00ea, na regi\u00e3o de Ribeir\u00e3o Preto. Segundo informa\u00e7\u00f5es da Pol\u00edcia Militar, o motorista de um dos carros perdeu o controle da dire\u00e7\u00e3o e colidiu frontalmente com uma\u2026","rel":"","context":"In &quot;Not\u00edcias de Ribeir\u00e3o Preto-SP e Regi\u00e3o&quot;","block_context":{"text":"Not\u00edcias de Ribeir\u00e3o Preto-SP e Regi\u00e3o","link":"https:\/\/noticiasribeiraopreto.com.br\/index.php\/category\/noticias-de-ribeirao-preto-sp-e-regiao-ismael-colosi\/"},"img":{"alt_text":"","src":"https:\/\/i0.wp.com\/noticiasribeiraopreto.com.br\/wp-content\/uploads\/2025\/02\/Copia-de-Copia-de-Copia-de-TAMANHO-EXATO-PARA-FOTOS-NO-SISTEMA-NOVO-2025-02-10T171341.087_2025-02-10_20-23-09_png_2025-02-10_20-23-09.webp.webp?fit=1200%2C675&ssl=1&resize=350%2C200","width":350,"height":200,"srcset":"https:\/\/i0.wp.com\/noticiasribeiraopreto.com.br\/wp-content\/uploads\/2025\/02\/Copia-de-Copia-de-Copia-de-TAMANHO-EXATO-PARA-FOTOS-NO-SISTEMA-NOVO-2025-02-10T171341.087_2025-02-10_20-23-09_png_2025-02-10_20-23-09.webp.webp?fit=1200%2C675&ssl=1&resize=350%2C200 1x, https:\/\/i0.wp.com\/noticiasribeiraopreto.com.br\/wp-content\/uploads\/2025\/02\/Copia-de-Copia-de-Copia-de-TAMANHO-EXATO-PARA-FOTOS-NO-SISTEMA-NOVO-2025-02-10T171341.087_2025-02-10_20-23-09_png_2025-02-10_20-23-09.webp.webp?fit=1200%2C675&ssl=1&resize=525%2C300 1.5x, https:\/\/i0.wp.com\/noticiasribeiraopreto.com.br\/wp-content\/uploads\/2025\/02\/Copia-de-Copia-de-Copia-de-TAMANHO-EXATO-PARA-FOTOS-NO-SISTEMA-NOVO-2025-02-10T171341.087_2025-02-10_20-23-09_png_2025-02-10_20-23-09.webp.webp?fit=1200%2C675&ssl=1&resize=700%2C400 2x, https:\/\/i0.wp.com\/noticiasribeiraopreto.com.br\/wp-content\/uploads\/2025\/02\/Copia-de-Copia-de-Copia-de-TAMANHO-EXATO-PARA-FOTOS-NO-SISTEMA-NOVO-2025-02-10T171341.087_2025-02-10_20-23-09_png_2025-02-10_20-23-09.webp.webp?fit=1200%2C675&ssl=1&resize=1050%2C600 3x"},"classes":[]},{"id":82325,"url":"https:\/\/noticiasribeiraopreto.com.br\/index.php\/2026\/02\/11\/caminhao-com-batatas-pega-fogo-na-anhanguera\/","url_meta":{"origin":70023,"position":5},"title":"Caminh\u00e3o com batatas pega fogo na Anhanguera","author":"noticiasribeiraopreto.com.br","date":"11 de February de 2026","format":false,"excerpt":"\r \r \r Ve\u00edculo teria sofrido pane mec\u00e2nica e testemunhas indicam que combate ao fogo teria demorado 40 minutos\r \r 11 de fevereiro de 2026 07:1311 de fevereiro de 2026 07:13 \r Compartilhar0 \r Por: Adalberto Luque \u2013 Um caminh\u00e3o carregado de batatas pegou fogo, na noite desta ter\u00e7a-feira (10).\u2026","rel":"","context":"In &quot;Not\u00edcias de Ribeir\u00e3o Preto-SP e Regi\u00e3o&quot;","block_context":{"text":"Not\u00edcias de Ribeir\u00e3o Preto-SP e Regi\u00e3o","link":"https:\/\/noticiasribeiraopreto.com.br\/index.php\/category\/noticias-de-ribeirao-preto-sp-e-regiao-ismael-colosi\/"},"img":{"alt_text":"","src":"https:\/\/i0.wp.com\/noticiasribeiraopreto.com.br\/wp-content\/uploads\/2026\/02\/11-fev-2025-caminhaofogo1.jpg?fit=887%2C780&ssl=1&resize=350%2C200","width":350,"height":200,"srcset":"https:\/\/i0.wp.com\/noticiasribeiraopreto.com.br\/wp-content\/uploads\/2026\/02\/11-fev-2025-caminhaofogo1.jpg?fit=887%2C780&ssl=1&resize=350%2C200 1x, https:\/\/i0.wp.com\/noticiasribeiraopreto.com.br\/wp-content\/uploads\/2026\/02\/11-fev-2025-caminhaofogo1.jpg?fit=887%2C780&ssl=1&resize=525%2C300 1.5x, https:\/\/i0.wp.com\/noticiasribeiraopreto.com.br\/wp-content\/uploads\/2026\/02\/11-fev-2025-caminhaofogo1.jpg?fit=887%2C780&ssl=1&resize=700%2C400 2x"},"classes":[]}],"jetpack_sharing_enabled":true,"jetpack_shortlink":"https:\/\/wp.me\/peQAOb-idp","_links":{"self":[{"href":"https:\/\/noticiasribeiraopreto.com.br\/index.php\/wp-json\/wp\/v2\/posts\/70023","targetHints":{"allow":["GET"]}}],"collection":[{"href":"https:\/\/noticiasribeiraopreto.com.br\/index.php\/wp-json\/wp\/v2\/posts"}],"about":[{"href":"https:\/\/noticiasribeiraopreto.com.br\/index.php\/wp-json\/wp\/v2\/types\/post"}],"author":[{"embeddable":true,"href":"https:\/\/noticiasribeiraopreto.com.br\/index.php\/wp-json\/wp\/v2\/users\/1"}],"replies":[{"embeddable":true,"href":"https:\/\/noticiasribeiraopreto.com.br\/index.php\/wp-json\/wp\/v2\/comments?post=70023"}],"version-history":[{"count":0,"href":"https:\/\/noticiasribeiraopreto.com.br\/index.php\/wp-json\/wp\/v2\/posts\/70023\/revisions"}],"wp:featuredmedia":[{"embeddable":true,"href":"https:\/\/noticiasribeiraopreto.com.br\/index.php\/wp-json\/wp\/v2\/media\/70024"}],"wp:attachment":[{"href":"https:\/\/noticiasribeiraopreto.com.br\/index.php\/wp-json\/wp\/v2\/media?parent=70023"}],"wp:term":[{"taxonomy":"category","embeddable":true,"href":"https:\/\/noticiasribeiraopreto.com.br\/index.php\/wp-json\/wp\/v2\/categories?post=70023"},{"taxonomy":"post_tag","embeddable":true,"href":"https:\/\/noticiasribeiraopreto.com.br\/index.php\/wp-json\/wp\/v2\/tags?post=70023"}],"curies":[{"name":"wp","href":"https:\/\/api.w.org\/{rel}","templated":true}]}}