{"id":70027,"date":"2025-05-22T07:08:38","date_gmt":"2025-05-22T10:08:38","guid":{"rendered":"https:\/\/noticiasribeiraopreto.com.br\/index.php\/2025\/05\/22\/bar-na-avenida-champagnat-tem-mais-de-3-decadas-de-historia-e-viraliza-com-centenas-de-fotos-de-famosos-e-comuns-veja-video\/"},"modified":"2025-05-22T07:08:38","modified_gmt":"2025-05-22T10:08:38","slug":"bar-na-avenida-champagnat-tem-mais-de-3-decadas-de-historia-e-viraliza-com-centenas-de-fotos-de-famosos-e-comuns-veja-video","status":"publish","type":"post","link":"https:\/\/noticiasribeiraopreto.com.br\/index.php\/2025\/05\/22\/bar-na-avenida-champagnat-tem-mais-de-3-decadas-de-historia-e-viraliza-com-centenas-de-fotos-de-famosos-e-comuns-veja-video\/","title":{"rendered":"Bar na avenida Champagnat tem mais de 3 d\u00e9cadas de hist\u00f3ria e viraliza com centenas de fotos de famosos e comuns; veja v\u00eddeo"},"content":{"rendered":"<p> <br \/>\n<\/p>\n<div>\n<p>Um bar de Franca localizado na avenida Champagnat, que completou 35 anos agora em 2025, decidiu comemorar essa hist\u00f3ria de d\u00e9cadas com centenas de fotos de famosos e pessoas comuns que passaram pelo local em alguma noite dessas d\u00e9cadas passadas. A ideia acabou viralizando nas redes e, claro, gerou muita pesquisa para descobrir quem \u00e9 quem.<\/p>\n<p>Entre os famosos tem o cantor j\u00e1 falecido Belchior, que se apresentou no palco. Houve tamb\u00e9m um situa\u00e7\u00e3o inusitada, quando Bruno, da dupla Bruno e Marrone, apareceu de repente no bar ap\u00f3s um show e n\u00e3o se incomodou para dar uma \u201ccanja\u201d e cantar junto com todos que estavam no local.<\/p>\n<p>Tem tamb\u00e9m nessa lista o atual treinador do Sesi Franca Basquete Helinho, mas quando ele era ainda juvenil e aproveitou uma folga para sair na noite com amigos.<\/p>\n<p>O palco do bar teve fotografado o guitarrista Diego Figueiredo, ainda no come\u00e7o da carreira.<\/p>\n<p>O com\u00e9rcio ainda deu destaque para quem ajudou a construir essa tradi\u00e7\u00e3o, como os funcion\u00e1rios. Nesse caso, Sor\u00f3, gar\u00e7om de 57 anos, que h\u00e1 35 anos est\u00e1 no bar. \u201cTemos um colaborador que est\u00e1 em nosso quadro desde o in\u00edcio. Querido por todos e conhecido como Sor\u00f3. Ele tem 57 anos\u201d, comentou o porta-voz do Picanha na T\u00e1bua.<\/p>\n<p>\u201cNosso desafio \u00e9 sempre manter qualidade em produtos, bem como excel\u00eancia em nosso atendimento. Sempre prezando tamb\u00e9m das bandas que se apresentam em nosso palco. J\u00e1 recebemos muitos famosos nessa trajet\u00f3ria, mas a que mais marcou foi uma canja musical do cantor Bruno, da dupla Bruno e Marrone\u201d, detalharam.<\/p>\n<p><!-- CONTENT END 1 --><\/p><\/div>\n<p><br \/>\n<br \/><a href=\"https:\/\/www.f3noticias.com.br\/bar-na-avenida-champagnat-tem-mais-de-3-decadas-de-historia-e-viraliza-com-centenas-de-fotos-de-famosos-e-comuns-veja-video\/\">Source link <\/a><\/p>\n","protected":false},"excerpt":{"rendered":"<p>Um bar de Franca localizado na avenida Champagnat, que completou 35 anos agora em 2025, decidiu comemorar essa hist\u00f3ria de d\u00e9cadas com centenas de fotos&#8230;<\/p>\n","protected":false},"author":1,"featured_media":70028,"comment_status":"open","ping_status":"open","sticky":false,"template":"","format":"standard","meta":{"advanced_seo_description":"","jetpack_seo_html_title":"","jetpack_seo_noindex":false,"jetpack_post_was_ever_published":false,"_jetpack_newsletter_access":"","_jetpack_dont_email_post_to_subs":false,"_jetpack_newsletter_tier_id":0,"_jetpack_memberships_contains_paywalled_content":false,"_jetpack_memberships_contains_paid_content":false,"footnotes":"","jetpack_publicize_message":"","jetpack_publicize_feature_enabled":true,"jetpack_social_post_already_shared":true,"jetpack_social_options":{"image_generator_settings":{"template":"highway","default_image_id":0,"font":"","enabled":false},"version":2}},"categories":[3597],"tags":[],"class_list":["post-70027","post","type-post","status-publish","format-standard","has-post-thumbnail","hentry","category-noticias-franca-sp"],"jetpack_publicize_connections":[],"jetpack_featured_media_url":"https:\/\/i0.wp.com\/noticiasribeiraopreto.com.br\/wp-content\/uploads\/2025\/05\/Screenshot_20250520_202935_Instagram.jpg?fit=1079%2C1258&ssl=1","jetpack-related-posts":[{"id":66650,"url":"https:\/\/noticiasribeiraopreto.com.br\/index.php\/2025\/04\/03\/ha-mais-de-550-vagas-gratuitas-para-pratica-de-atividades-esportivas-em-bairros-de-franca\/","url_meta":{"origin":70027,"position":0},"title":"H\u00e1 mais de 550 vagas gratuitas para pr\u00e1tica de atividades esportivas em bairros de Franca","author":"noticiasribeiraopreto.com.br","date":"3 de April de 2025","format":false,"excerpt":"Quem deseja praticar atividades esportivas de forma gratuita tem oportunidade dispon\u00edvel em Franca. H\u00e1 vagas em diferentes centros esportivos, sendo necess\u00e1rio comparecer aos locais com os documentos pessoais do interessado para fazer a matr\u00edcula. Destinadas a adultos e crian\u00e7as, constam ainda 50 vagas para aulas de nata\u00e7\u00e3o no Centro Aqu\u00e1tico\u2026","rel":"","context":"In &quot;Not\u00edcias de Franca-SP&quot;","block_context":{"text":"Not\u00edcias de Franca-SP","link":"https:\/\/noticiasribeiraopreto.com.br\/index.php\/category\/noticias-de-ribeirao-preto-sp-e-regiao-ismael-colosi\/noticias-franca-sp\/"},"img":{"alt_text":"","src":"https:\/\/i0.wp.com\/noticiasribeiraopreto.com.br\/wp-content\/uploads\/2025\/04\/aulas_esportivas_original.png?fit=1200%2C794&ssl=1&resize=350%2C200","width":350,"height":200,"srcset":"https:\/\/i0.wp.com\/noticiasribeiraopreto.com.br\/wp-content\/uploads\/2025\/04\/aulas_esportivas_original.png?fit=1200%2C794&ssl=1&resize=350%2C200 1x, https:\/\/i0.wp.com\/noticiasribeiraopreto.com.br\/wp-content\/uploads\/2025\/04\/aulas_esportivas_original.png?fit=1200%2C794&ssl=1&resize=525%2C300 1.5x, https:\/\/i0.wp.com\/noticiasribeiraopreto.com.br\/wp-content\/uploads\/2025\/04\/aulas_esportivas_original.png?fit=1200%2C794&ssl=1&resize=700%2C400 2x, https:\/\/i0.wp.com\/noticiasribeiraopreto.com.br\/wp-content\/uploads\/2025\/04\/aulas_esportivas_original.png?fit=1200%2C794&ssl=1&resize=1050%2C600 3x"},"classes":[]},{"id":60848,"url":"https:\/\/noticiasribeiraopreto.com.br\/index.php\/2024\/11\/27\/conheca-a-historia-do-supermercado-que-quase-nunca-fecha-em-franca\/","url_meta":{"origin":70027,"position":1},"title":"Conhe\u00e7a a hist\u00f3ria do supermercado que quase &#8216;nunca fecha&#8217; em Franca","author":"noticiasribeiraopreto.com.br","date":"27 de November de 2024","format":false,"excerpt":"Comerciante h\u00e1 quase sete d\u00e9cadas em Franca, cidade que completa 200 anos nesta quinta-feira (28), Aparecido Maldonado Ponce \u00e9 conhecido pelo seu carisma, determina\u00e7\u00e3o, e por manter um supermercado que \u201cnunca fecha\u201d no munic\u00edpio. \u00a0 O Supermercado S\u00e3o Paulo ganhou ao longo dos anos a caracter\u00edstica de ter desde alimentos\u2026","rel":"","context":"In &quot;Not\u00edcias de Ribeir\u00e3o Preto-SP e Regi\u00e3o&quot;","block_context":{"text":"Not\u00edcias de Ribeir\u00e3o Preto-SP e Regi\u00e3o","link":"https:\/\/noticiasribeiraopreto.com.br\/index.php\/category\/noticias-de-ribeirao-preto-sp-e-regiao-ismael-colosi\/"},"img":{"alt_text":"","src":"https:\/\/i0.wp.com\/noticiasribeiraopreto.com.br\/wp-content\/uploads\/2024\/11\/aparecido-e-daniel-maldonado_2024-11-27_12-49-07_jpg_2024-11-27_12-49-07.webp.webp?fit=1200%2C624&ssl=1&resize=350%2C200","width":350,"height":200,"srcset":"https:\/\/i0.wp.com\/noticiasribeiraopreto.com.br\/wp-content\/uploads\/2024\/11\/aparecido-e-daniel-maldonado_2024-11-27_12-49-07_jpg_2024-11-27_12-49-07.webp.webp?fit=1200%2C624&ssl=1&resize=350%2C200 1x, https:\/\/i0.wp.com\/noticiasribeiraopreto.com.br\/wp-content\/uploads\/2024\/11\/aparecido-e-daniel-maldonado_2024-11-27_12-49-07_jpg_2024-11-27_12-49-07.webp.webp?fit=1200%2C624&ssl=1&resize=525%2C300 1.5x, https:\/\/i0.wp.com\/noticiasribeiraopreto.com.br\/wp-content\/uploads\/2024\/11\/aparecido-e-daniel-maldonado_2024-11-27_12-49-07_jpg_2024-11-27_12-49-07.webp.webp?fit=1200%2C624&ssl=1&resize=700%2C400 2x, https:\/\/i0.wp.com\/noticiasribeiraopreto.com.br\/wp-content\/uploads\/2024\/11\/aparecido-e-daniel-maldonado_2024-11-27_12-49-07_jpg_2024-11-27_12-49-07.webp.webp?fit=1200%2C624&ssl=1&resize=1050%2C600 3x"},"classes":[]},{"id":68611,"url":"https:\/\/noticiasribeiraopreto.com.br\/index.php\/2025\/04\/27\/famoso-por-ensinar-matematica-professor-cebolinha-vai-ser-sepultado-neste-dia-27-4\/","url_meta":{"origin":70027,"position":2},"title":"Famoso por ensinar matem\u00e1tica, Professor Cebolinha vai ser sepultado neste dia 27\/4","author":"noticiasribeiraopreto.com.br","date":"27 de April de 2025","format":false,"excerpt":"Famoso por sua metodologia de ensino sobre a matem\u00e1tica, al\u00e9m da experi\u00eancia de mais de 20 anos, o conhecido Professor Cebolinha faleceu neste s\u00e1bado (26\/4) em Franca. Ele ministrou aulas em Franca, Ituverava e outras cidades com o sistema Objetivo. A forma\u00e7\u00e3o dele foi em engenharia qu\u00edmica, mas preferiu a\u2026","rel":"","context":"In &quot;Not\u00edcias de Franca-SP&quot;","block_context":{"text":"Not\u00edcias de Franca-SP","link":"https:\/\/noticiasribeiraopreto.com.br\/index.php\/category\/noticias-de-ribeirao-preto-sp-e-regiao-ismael-colosi\/noticias-franca-sp\/"},"img":{"alt_text":"","src":"https:\/\/i0.wp.com\/noticiasribeiraopreto.com.br\/wp-content\/uploads\/2025\/04\/Captura-de-tela-2025-04-27-013945.png?fit=547%2C341&ssl=1&resize=350%2C200","width":350,"height":200,"srcset":"https:\/\/i0.wp.com\/noticiasribeiraopreto.com.br\/wp-content\/uploads\/2025\/04\/Captura-de-tela-2025-04-27-013945.png?fit=547%2C341&ssl=1&resize=350%2C200 1x, https:\/\/i0.wp.com\/noticiasribeiraopreto.com.br\/wp-content\/uploads\/2025\/04\/Captura-de-tela-2025-04-27-013945.png?fit=547%2C341&ssl=1&resize=525%2C300 1.5x"},"classes":[]},{"id":67269,"url":"https:\/\/noticiasribeiraopreto.com.br\/index.php\/2025\/04\/11\/jornal-da-franca-academia-francana-de-letras-tem-dois-novos-membros-vejam-os-nomes-eleitos\/","url_meta":{"origin":70027,"position":3},"title":"Jornal da Franca &#8211; Academia Francana de Letras tem dois novos membros: vejam os nomes eleitos","author":"noticiasribeiraopreto.com.br","date":"11 de April de 2025","format":false,"excerpt":"compartilhar no whatsapp compartilhar no telegram compartilhar no facebook compartilhar no linkedin Na mesma reuni\u00e3o, os acad\u00eamicos aprovaram por unanimidade duas mudan\u00e7as importantes na configura\u00e7\u00e3o da Academia Francana de Letras. Presidente da AFL, Perp\u00e9tua Amorim, explica regras da vota\u00e7\u00e3o enquanto \u00e9 observada pela vice-presidente\u00a0 Maria Silvia Alves (Foto: Bruno Piola)\u2026","rel":"","context":"In &quot;Not\u00edcias de Franca-SP&quot;","block_context":{"text":"Not\u00edcias de Franca-SP","link":"https:\/\/noticiasribeiraopreto.com.br\/index.php\/category\/noticias-de-ribeirao-preto-sp-e-regiao-ismael-colosi\/noticias-franca-sp\/"},"img":{"alt_text":"","src":"https:\/\/i0.wp.com\/noticiasribeiraopreto.com.br\/wp-content\/uploads\/2025\/04\/2fc083b9-8348-49d5-9c61-9db3d3f3e2c2.jpg?fit=1170%2C818&ssl=1&resize=350%2C200","width":350,"height":200,"srcset":"https:\/\/i0.wp.com\/noticiasribeiraopreto.com.br\/wp-content\/uploads\/2025\/04\/2fc083b9-8348-49d5-9c61-9db3d3f3e2c2.jpg?fit=1170%2C818&ssl=1&resize=350%2C200 1x, https:\/\/i0.wp.com\/noticiasribeiraopreto.com.br\/wp-content\/uploads\/2025\/04\/2fc083b9-8348-49d5-9c61-9db3d3f3e2c2.jpg?fit=1170%2C818&ssl=1&resize=525%2C300 1.5x, https:\/\/i0.wp.com\/noticiasribeiraopreto.com.br\/wp-content\/uploads\/2025\/04\/2fc083b9-8348-49d5-9c61-9db3d3f3e2c2.jpg?fit=1170%2C818&ssl=1&resize=700%2C400 2x, https:\/\/i0.wp.com\/noticiasribeiraopreto.com.br\/wp-content\/uploads\/2025\/04\/2fc083b9-8348-49d5-9c61-9db3d3f3e2c2.jpg?fit=1170%2C818&ssl=1&resize=1050%2C600 3x"},"classes":[]},{"id":81614,"url":"https:\/\/noticiasribeiraopreto.com.br\/index.php\/2026\/01\/11\/tamandua-bandeira-e-flagrado-circulando-por-avenida-de-franca-video\/","url_meta":{"origin":70027,"position":4},"title":"Tamandu\u00e1-bandeira \u00e9 flagrado circulando por avenida de Franca; V\u00eddeo","author":"noticiasribeiraopreto.com.br","date":"11 de January de 2026","format":false,"excerpt":"Ver essa foto no Instagram Um post compartilhado por acidade on Ribeir\u00e3o (@acidadeonribeirao) Um tamandu\u00e1-bandeira foi flagrado circulando em uma avenida de Franca, na madrugada desta quinta-feira (8) \u2013 veja o v\u00eddeo acima. O animal silvestre foi visto andando tranquilamente pela via localizada no Jardim Pulicano, chamando a aten\u00e7\u00e3o de\u2026","rel":"","context":"In &quot;Not\u00edcias de Ribeir\u00e3o Preto-SP e Regi\u00e3o&quot;","block_context":{"text":"Not\u00edcias de Ribeir\u00e3o Preto-SP e Regi\u00e3o","link":"https:\/\/noticiasribeiraopreto.com.br\/index.php\/category\/noticias-de-ribeirao-preto-sp-e-regiao-ismael-colosi\/"},"img":{"alt_text":"","src":"https:\/\/i0.wp.com\/noticiasribeiraopreto.com.br\/wp-content\/uploads\/2026\/01\/tamandua_2026-01-10_14-18-29.webp.webp?fit=1200%2C801&ssl=1&resize=350%2C200","width":350,"height":200,"srcset":"https:\/\/i0.wp.com\/noticiasribeiraopreto.com.br\/wp-content\/uploads\/2026\/01\/tamandua_2026-01-10_14-18-29.webp.webp?fit=1200%2C801&ssl=1&resize=350%2C200 1x, https:\/\/i0.wp.com\/noticiasribeiraopreto.com.br\/wp-content\/uploads\/2026\/01\/tamandua_2026-01-10_14-18-29.webp.webp?fit=1200%2C801&ssl=1&resize=525%2C300 1.5x, https:\/\/i0.wp.com\/noticiasribeiraopreto.com.br\/wp-content\/uploads\/2026\/01\/tamandua_2026-01-10_14-18-29.webp.webp?fit=1200%2C801&ssl=1&resize=700%2C400 2x, https:\/\/i0.wp.com\/noticiasribeiraopreto.com.br\/wp-content\/uploads\/2026\/01\/tamandua_2026-01-10_14-18-29.webp.webp?fit=1200%2C801&ssl=1&resize=1050%2C600 3x"},"classes":[]},{"id":66830,"url":"https:\/\/noticiasribeiraopreto.com.br\/index.php\/2025\/04\/06\/jornal-da-franca-vegas-card-2-decadas-de-historia-de-inovacao-crescimento-e-responsabilidade-social\/","url_meta":{"origin":70027,"position":5},"title":"Jornal da Franca &#8211; Vegas Card: 2 d\u00e9cadas de hist\u00f3ria de inova\u00e7\u00e3o, crescimento e responsabilidade social","author":"noticiasribeiraopreto.com.br","date":"6 de April de 2025","format":false,"excerpt":"compartilhar no whatsapp compartilhar no telegram compartilhar no facebook compartilhar no linkedin No in\u00edcio de 2025, a marca passou por uma moderniza\u00e7\u00e3o, visando atender a uma nova linha de comunica\u00e7\u00e3o Em 2025, a Vegas Card celebra um marco importante em sua trajet\u00f3ria: 20 anos de excel\u00eancia no mercado de cart\u00f5es\u2026","rel":"","context":"In &quot;Not\u00edcias de Franca-SP&quot;","block_context":{"text":"Not\u00edcias de Franca-SP","link":"https:\/\/noticiasribeiraopreto.com.br\/index.php\/category\/noticias-de-ribeirao-preto-sp-e-regiao-ismael-colosi\/noticias-franca-sp\/"},"img":{"alt_text":"","src":"https:\/\/i0.wp.com\/noticiasribeiraopreto.com.br\/wp-content\/uploads\/2025\/04\/Sem-titulo-2.jpg?fit=691%2C441&ssl=1&resize=350%2C200","width":350,"height":200,"srcset":"https:\/\/i0.wp.com\/noticiasribeiraopreto.com.br\/wp-content\/uploads\/2025\/04\/Sem-titulo-2.jpg?fit=691%2C441&ssl=1&resize=350%2C200 1x, https:\/\/i0.wp.com\/noticiasribeiraopreto.com.br\/wp-content\/uploads\/2025\/04\/Sem-titulo-2.jpg?fit=691%2C441&ssl=1&resize=525%2C300 1.5x"},"classes":[]}],"jetpack_sharing_enabled":true,"jetpack_shortlink":"https:\/\/wp.me\/peQAOb-idt","_links":{"self":[{"href":"https:\/\/noticiasribeiraopreto.com.br\/index.php\/wp-json\/wp\/v2\/posts\/70027","targetHints":{"allow":["GET"]}}],"collection":[{"href":"https:\/\/noticiasribeiraopreto.com.br\/index.php\/wp-json\/wp\/v2\/posts"}],"about":[{"href":"https:\/\/noticiasribeiraopreto.com.br\/index.php\/wp-json\/wp\/v2\/types\/post"}],"author":[{"embeddable":true,"href":"https:\/\/noticiasribeiraopreto.com.br\/index.php\/wp-json\/wp\/v2\/users\/1"}],"replies":[{"embeddable":true,"href":"https:\/\/noticiasribeiraopreto.com.br\/index.php\/wp-json\/wp\/v2\/comments?post=70027"}],"version-history":[{"count":0,"href":"https:\/\/noticiasribeiraopreto.com.br\/index.php\/wp-json\/wp\/v2\/posts\/70027\/revisions"}],"wp:featuredmedia":[{"embeddable":true,"href":"https:\/\/noticiasribeiraopreto.com.br\/index.php\/wp-json\/wp\/v2\/media\/70028"}],"wp:attachment":[{"href":"https:\/\/noticiasribeiraopreto.com.br\/index.php\/wp-json\/wp\/v2\/media?parent=70027"}],"wp:term":[{"taxonomy":"category","embeddable":true,"href":"https:\/\/noticiasribeiraopreto.com.br\/index.php\/wp-json\/wp\/v2\/categories?post=70027"},{"taxonomy":"post_tag","embeddable":true,"href":"https:\/\/noticiasribeiraopreto.com.br\/index.php\/wp-json\/wp\/v2\/tags?post=70027"}],"curies":[{"name":"wp","href":"https:\/\/api.w.org\/{rel}","templated":true}]}}