{"id":70030,"date":"2025-05-22T08:10:20","date_gmt":"2025-05-22T11:10:20","guid":{"rendered":"https:\/\/noticiasribeiraopreto.com.br\/index.php\/2025\/05\/22\/jornal-da-franca-perdeu-o-prazo-para-regularizar-seu-titulo-eleitoral-veja-como-ficar-em-dia\/"},"modified":"2025-05-22T08:10:20","modified_gmt":"2025-05-22T11:10:20","slug":"jornal-da-franca-perdeu-o-prazo-para-regularizar-seu-titulo-eleitoral-veja-como-ficar-em-dia","status":"publish","type":"post","link":"https:\/\/noticiasribeiraopreto.com.br\/index.php\/2025\/05\/22\/jornal-da-franca-perdeu-o-prazo-para-regularizar-seu-titulo-eleitoral-veja-como-ficar-em-dia\/","title":{"rendered":"Jornal da Franca &#8211; Perdeu o prazo para regularizar seu t\u00edtulo eleitoral? Veja como ficar em dia"},"content":{"rendered":"<p> <br \/>\n<\/p>\n<div>\n\t                            <a class=\"mb-1\" href=\"https:\/\/api.whatsapp.com\/send?text=Olha essa Not\u00edcia no Jornal da Franca.%0D%0D*Perdeu o prazo para regularizar seu t\u00edtulo eleitoral? Veja como ficar em dia*%0D%0Dclique na url abaixo%0Dhttps:\/\/www.jornaldafranca.com.br\/perdeu-o-prazo-para-regularizar-seu-titulo-eleitoral-veja-como-ficar-em-dia\/\" target=\"_blank\"><span class=\"text-12 badge badge-pill badge-success\"><i class=\"fa fa-whatsapp\"\/> compartilhar no whatsapp<\/span><\/a><\/p>\n<p>\t                            <a class=\"mb-1\" href=\"https:\/\/telegram.me\/share\/url?url=https:\/\/www.jornaldafranca.com.br\/perdeu-o-prazo-para-regularizar-seu-titulo-eleitoral-veja-como-ficar-em-dia\/&amp;text=Olha essa Not\u00edcia no Jornal da Franca.\" target=\"_blank\"><span class=\"text-12 badge badge-pill badge-info\"><i class=\"fa fa-telegram\"\/> compartilhar no telegram<\/span><\/a><\/p>\n<p>\t                            <a class=\"mb-1\" href=\"https:\/\/www.facebook.com\/sharer\/sharer.php?u=https:\/\/www.jornaldafranca.com.br\/perdeu-o-prazo-para-regularizar-seu-titulo-eleitoral-veja-como-ficar-em-dia\/\" target=\"_blank\"><span class=\"text-12 badge badge-pill badge-primary\"><i class=\"fa fa-facebook\"\/> compartilhar no facebook<\/span><\/a><\/p>\n<p>\t                            <a class=\"mb-1\" href=\"https:\/\/www.linkedin.com\/shareArticle?mini=true&amp;url=https:\/\/www.jornaldafranca.com.br\/perdeu-o-prazo-para-regularizar-seu-titulo-eleitoral-veja-como-ficar-em-dia\/&amp;title=Perdeu o prazo para regularizar seu t\u00edtulo eleitoral? Veja como ficar em dia&amp;source=JORNAL DA FRANCA\" target=\"_blank\"><span class=\"text-12 badge badge-pill badge-secondary\"><i class=\"fa fa-linkedin\"\/> compartilhar no linkedin<\/span><\/a><\/p>\n<div class=\"lead text-20\">\n<p>Em Franca, 14 mil pessoas ter\u00e3o o t\u00edtulo cancelado; quem perdeu o prazo deve quitar as multas e pedir revis\u00e3o de dados ou transfer\u00eancia de domic\u00edlio <\/p>\n<\/p><\/div>\n<p><img data-recalc-dims=\"1\" decoding=\"async\" src=\"https:\/\/i0.wp.com\/www.jornaldafranca.com.br\/wp-content\/uploads\/2025\/05\/essa-00-1.jpg?ssl=1\" alt=\"\"\/><\/p>\n<p>Mais de 1,3 milh\u00e3o de eleitoras e eleitores que n\u00e3o votaram, n\u00e3o justificaram a falta nem pagaram as multas por aus\u00eancia \u00e0s urnas em tr\u00eas turnos consecutivos de elei\u00e7\u00e3o ter\u00e3o o t\u00edtulo cancelado em S\u00e3o Paulo.<\/p>\n<p>Em Franca, s\u00e3o mais de 14 mil eleitores que n\u00e3o compareceram \u00e0s tr\u00eas \u00faltimas elei\u00e7\u00f5es e que est\u00e3o em situa\u00e7\u00e3o irregular perante da Justi\u00e7a Eleitoral.<\/p>\n<p>A medida est\u00e1 prevista na <a href=\"https:\/\/www.tse.jus.br\/legislacao\/compilada\/res\/2024\/resolucao-no-23-737-de-27-de-fevereiro-de-2024\"><b>Resolu\u00e7\u00e3o n\u00ba 23.737\/2024<\/b><\/a>\u00a0do Tribunal Superior Eleitoral (TSE) e no\u00a0<a href=\"https:\/\/www.tse.jus.br\/legislacao\/compilada\/prv-cge\/2025\/provimento-cge-no-1-de-27-de-fevereiro-de-2025\"><b>Provimento n\u00ba 1\/2025<\/b><\/a>\u00a0da Corregedoria-Geral Eleitoral. O prazo para regularizar o documento e evitar o seu cancelamento terminou nesta segunda (19).<\/p>\n<p><b>O que fazer agora?<\/b><\/p>\n<p>Os eleitores que deixaram de votar ou justificar a aus\u00eancia \u00e0s urnas eleitorais nas tr\u00eas \u00faltimas elei\u00e7\u00f5es (cada turno \u00e9 considerada uma elei\u00e7\u00e3o) e perderam o prazo para regulariza\u00e7\u00e3o dever\u00e3o requerer revis\u00e3o de dados ou transfer\u00eancia de domic\u00edlio em um cart\u00f3rio ou no\u00a0<a href=\"https:\/\/www.tse.jus.br\/servicos-eleitorais\/autoatendimento-eleitoral#\/\"><b>Autoatendimento Eleitoral<\/b><\/a>\u00a0(clicar na op\u00e7\u00e3o 3), no site do TRE-SP, instruindo o requerimento com a documenta\u00e7\u00e3o necess\u00e1ria \u00e0 sua aprecia\u00e7\u00e3o.<\/p>\n<p>Tamb\u00e9m \u00e9 necess\u00e1rio realizar o pagamento de eventuais multas no valor de R$ 3,51 por turno em que a pessoa deixou de votar ou de justificar a aus\u00eancia.<\/p>\n<p><b>Como verificar minha situa\u00e7\u00e3o?<\/b><\/p>\n<p>De acordo com o TSE, o cancelamento n\u00e3o ser\u00e1 comunicado individualmente, mas o eleitor poder\u00e1 verificar se teve o t\u00edtulo cancelado consultando sua situa\u00e7\u00e3o eleitoral na internet. Basta acessar a p\u00e1gina de\u00a0<a href=\"https:\/\/www.tse.jus.br\/servicos-eleitorais\/autoatendimento-eleitoral#\/\"><b>Autoatendimento<\/b><\/a>\u00a0(clicar em \u201cT\u00edtulo Eleitoral\u201d e, na p\u00e1gina seguinte, na op\u00e7\u00e3o 7, \u201cConsultar situa\u00e7\u00e3o eleitoral\u201d) ou o aplicativo e-T\u00edtulo (clicar em \u201cMais op\u00e7\u00f5es\u201d na barra inferior da tela).<\/p>\n<p>Caso tenha multa, o pagamento tamb\u00e9m pode ser feito, inclusive via Pix, por meio do\u00a0<a href=\"https:\/\/www.tse.jus.br\/servicos-eleitorais\/autoatendimento-eleitoral#\/\"><b>Autoatendimento<\/b><\/a>\u00a0(clicar em \u201cD\u00e9bito Eleitoral\u201d, informar os dados e, em seguida, escolher uma das op\u00e7\u00f5es: \u201cEmitir Boleto\u201d ou \u201cPagar via Pix\u201d) ou pelo aplicativo (\u201cMais op\u00e7\u00f5es\u201d depois \u201cPagar Multa Eleitoral).<\/p>\n<p>Ap\u00f3s quitar as multas, o eleitor com o t\u00edtulo cancelado dever\u00e1 requerer ainda a regulariza\u00e7\u00e3o do documento solicitando a revis\u00e3o de dados ou transfer\u00eancia de domic\u00edlio no\u00a0<a href=\"https:\/\/www.tse.jus.br\/servicos-eleitorais\/autoatendimento-eleitoral#\/\"><b>Autoatendimento<\/b><\/a>.<\/p>\n<p><b>Posso buscar atendimento presencial?<\/b><\/p>\n<p>No estado de S\u00e3o Paulo, os eleitores tamb\u00e9m podem solicitar a regulariza\u00e7\u00e3o presencialmente em qualquer cart\u00f3rio, independentemente da zona eleitoral \u00e0 qual seu t\u00edtulo est\u00e1 vinculado (<a href=\"https:\/\/www.tre-sp.jus.br\/servicos-eleitorais\/consulta-a-zonas-eleitorais\"><b>consulte<\/b><\/a>\u00a0o cart\u00f3rio mais pr\u00f3ximo de sua resid\u00eancia).<\/p>\n<p>O atendimento ao p\u00fablico nas unidades \u00e9 feito de segunda a sexta, das 11h \u00e0s 17h. \u00c9 necess\u00e1rio fazer\u00a0<strong><a href=\"https:\/\/apps.tre-sp.jus.br\/AgendaBioOrdinario\/publico\/\">agendamento pr\u00e9vio<\/a>\u00a0<\/strong>pelo site do Tribunal antes de ir ao cart\u00f3rio. A eleitora ou o eleitor que comparecer a uma das unidades dever\u00e1 apresentar, obrigatoriamente, documento oficial com foto.<\/p>\n<p><!-- CONTENT END 1 --><\/p>\n<hr\/><\/div>\n<p><br \/>\n<br \/><a href=\"https:\/\/www.jornaldafranca.com.br\/perdeu-o-prazo-para-regularizar-seu-titulo-eleitoral-veja-como-ficar-em-dia\/\">Source link <\/a><\/p>\n","protected":false},"excerpt":{"rendered":"<p>compartilhar no whatsapp compartilhar no telegram compartilhar no facebook compartilhar no linkedin Em Franca, 14 mil pessoas ter\u00e3o o t\u00edtulo cancelado; quem perdeu o prazo&#8230;<\/p>\n","protected":false},"author":1,"featured_media":70031,"comment_status":"open","ping_status":"open","sticky":false,"template":"","format":"standard","meta":{"advanced_seo_description":"","jetpack_seo_html_title":"","jetpack_seo_noindex":false,"jetpack_post_was_ever_published":false,"_jetpack_newsletter_access":"","_jetpack_dont_email_post_to_subs":false,"_jetpack_newsletter_tier_id":0,"_jetpack_memberships_contains_paywalled_content":false,"_jetpack_memberships_contains_paid_content":false,"footnotes":"","jetpack_publicize_message":"","jetpack_publicize_feature_enabled":true,"jetpack_social_post_already_shared":true,"jetpack_social_options":{"image_generator_settings":{"template":"highway","default_image_id":0,"font":"","enabled":false},"version":2}},"categories":[3597],"tags":[],"class_list":["post-70030","post","type-post","status-publish","format-standard","has-post-thumbnail","hentry","category-noticias-franca-sp"],"jetpack_publicize_connections":[],"jetpack_featured_media_url":"https:\/\/i0.wp.com\/noticiasribeiraopreto.com.br\/wp-content\/uploads\/2025\/05\/essa-00-1.jpg?fit=1049%2C620&ssl=1","jetpack-related-posts":[{"id":73017,"url":"https:\/\/noticiasribeiraopreto.com.br\/index.php\/2025\/06\/24\/jornal-da-franca-clima-sera-de-frio-porem-agradavel-e-fresco-em-franca-nesta-terca-deve-chover\/","url_meta":{"origin":70030,"position":0},"title":"Jornal da Franca &#8211; Clima ser\u00e1 de frio, por\u00e9m agrad\u00e1vel e fresco em Franca nesta ter\u00e7a: deve chover","author":"noticiasribeiraopreto.com.br","date":"24 de June de 2025","format":false,"excerpt":"compartilhar no whatsapp compartilhar no telegram compartilhar no facebook compartilhar no linkedin Cidade tem previs\u00e3o de chuva de at\u00e9 12 mil\u00edmetros A previs\u00e3o do tempo para Franca indica um dia agrad\u00e1vel, com temperatura m\u00ednima de 5\u00b0C e m\u00e1xima de 22\u00b0C. H\u00e1 grande possibilidade de chuva, com volume de at\u00e9 12\u2026","rel":"","context":"In &quot;Not\u00edcias de Franca-SP&quot;","block_context":{"text":"Not\u00edcias de Franca-SP","link":"https:\/\/noticiasribeiraopreto.com.br\/index.php\/category\/noticias-de-ribeirao-preto-sp-e-regiao-ismael-colosi\/noticias-franca-sp\/"},"img":{"alt_text":"","src":"https:\/\/i0.wp.com\/noticiasribeiraopreto.com.br\/wp-content\/uploads\/2025\/06\/1750758766_Franca.jpeg?fit=1200%2C806&ssl=1&resize=350%2C200","width":350,"height":200,"srcset":"https:\/\/i0.wp.com\/noticiasribeiraopreto.com.br\/wp-content\/uploads\/2025\/06\/1750758766_Franca.jpeg?fit=1200%2C806&ssl=1&resize=350%2C200 1x, https:\/\/i0.wp.com\/noticiasribeiraopreto.com.br\/wp-content\/uploads\/2025\/06\/1750758766_Franca.jpeg?fit=1200%2C806&ssl=1&resize=525%2C300 1.5x, https:\/\/i0.wp.com\/noticiasribeiraopreto.com.br\/wp-content\/uploads\/2025\/06\/1750758766_Franca.jpeg?fit=1200%2C806&ssl=1&resize=700%2C400 2x, https:\/\/i0.wp.com\/noticiasribeiraopreto.com.br\/wp-content\/uploads\/2025\/06\/1750758766_Franca.jpeg?fit=1200%2C806&ssl=1&resize=1050%2C600 3x"},"classes":[]},{"id":69340,"url":"https:\/\/noticiasribeiraopreto.com.br\/index.php\/2025\/05\/05\/jornal-da-franca-implantacao-de-escola-civico-militar-em-franca-e-tema-de-debates-na-camara-municipal\/","url_meta":{"origin":70030,"position":1},"title":"Jornal da Franca &#8211; Implanta\u00e7\u00e3o de escola c\u00edvico-militar em Franca \u00e9 tema de debates na C\u00e2mara Municipal","author":"noticiasribeiraopreto.com.br","date":"5 de May de 2025","format":false,"excerpt":"compartilhar no whatsapp compartilhar no telegram compartilhar no facebook compartilhar no linkedin Mun\u00edcipe agradece apoio de vereadores e parlamentares para que Franca fosse contemplada com o modelo educacional A implanta\u00e7\u00e3o do Programa das Escolas C\u00edvico-Militares em Franca, pauta defendida pela direita, foi tema abordado durante a sess\u00e3o ordin\u00e1ria da C\u00e2mara\u2026","rel":"","context":"In &quot;Not\u00edcias de Franca-SP&quot;","block_context":{"text":"Not\u00edcias de Franca-SP","link":"https:\/\/noticiasribeiraopreto.com.br\/index.php\/category\/noticias-de-ribeirao-preto-sp-e-regiao-ismael-colosi\/noticias-franca-sp\/"},"img":{"alt_text":"","src":"https:\/\/i0.wp.com\/noticiasribeiraopreto.com.br\/wp-content\/uploads\/2025\/05\/1746449336_plenariodiagonal_0.jpg?fit=930%2C558&ssl=1&resize=350%2C200","width":350,"height":200,"srcset":"https:\/\/i0.wp.com\/noticiasribeiraopreto.com.br\/wp-content\/uploads\/2025\/05\/1746449336_plenariodiagonal_0.jpg?fit=930%2C558&ssl=1&resize=350%2C200 1x, https:\/\/i0.wp.com\/noticiasribeiraopreto.com.br\/wp-content\/uploads\/2025\/05\/1746449336_plenariodiagonal_0.jpg?fit=930%2C558&ssl=1&resize=525%2C300 1.5x, https:\/\/i0.wp.com\/noticiasribeiraopreto.com.br\/wp-content\/uploads\/2025\/05\/1746449336_plenariodiagonal_0.jpg?fit=930%2C558&ssl=1&resize=700%2C400 2x"},"classes":[]},{"id":70143,"url":"https:\/\/noticiasribeiraopreto.com.br\/index.php\/2025\/05\/23\/jornal-da-franca-chegou-a-sexta-feira-dia-sera-seco-mas-sem-muito-frio-em-franca-e-regiao\/","url_meta":{"origin":70030,"position":2},"title":"Jornal da Franca &#8211; Chegou a sexta-feira! Dia ser\u00e1 seco, mas sem muito frio em Franca e regi\u00e3o","author":"noticiasribeiraopreto.com.br","date":"23 de May de 2025","format":false,"excerpt":"compartilhar no whatsapp compartilhar no telegram compartilhar no facebook compartilhar no linkedin Previs\u00e3o do tempo para Franca nesta sexta-feira indica temperaturas amenas e c\u00e9u parcialmente nublado A sexta-feira chegou e a previs\u00e3o do tempo para Franca \u00e9 de um dia agrad\u00e1vel, com temperaturas amenas e c\u00e9u parcialmente nublado. De acordo\u2026","rel":"","context":"In &quot;Not\u00edcias de Franca-SP&quot;","block_context":{"text":"Not\u00edcias de Franca-SP","link":"https:\/\/noticiasribeiraopreto.com.br\/index.php\/category\/noticias-de-ribeirao-preto-sp-e-regiao-ismael-colosi\/noticias-franca-sp\/"},"img":{"alt_text":"","src":"https:\/\/i0.wp.com\/noticiasribeiraopreto.com.br\/wp-content\/uploads\/2025\/05\/campanha-do-agasalho.jpg?fit=1086%2C652&ssl=1&resize=350%2C200","width":350,"height":200,"srcset":"https:\/\/i0.wp.com\/noticiasribeiraopreto.com.br\/wp-content\/uploads\/2025\/05\/campanha-do-agasalho.jpg?fit=1086%2C652&ssl=1&resize=350%2C200 1x, https:\/\/i0.wp.com\/noticiasribeiraopreto.com.br\/wp-content\/uploads\/2025\/05\/campanha-do-agasalho.jpg?fit=1086%2C652&ssl=1&resize=525%2C300 1.5x, https:\/\/i0.wp.com\/noticiasribeiraopreto.com.br\/wp-content\/uploads\/2025\/05\/campanha-do-agasalho.jpg?fit=1086%2C652&ssl=1&resize=700%2C400 2x, https:\/\/i0.wp.com\/noticiasribeiraopreto.com.br\/wp-content\/uploads\/2025\/05\/campanha-do-agasalho.jpg?fit=1086%2C652&ssl=1&resize=1050%2C600 3x"},"classes":[]},{"id":69220,"url":"https:\/\/noticiasribeiraopreto.com.br\/index.php\/2025\/05\/03\/jornal-da-franca-socorristas-que-salvaram-crianca-em-franca-recebem-mocao-de-aplausos-da-camara\/","url_meta":{"origin":70030,"position":3},"title":"Jornal da Franca &#8211; Socorristas que salvaram crian\u00e7a em Franca\u00a0recebem Mo\u00e7\u00e3o de Aplausos da C\u00e2mara","author":"noticiasribeiraopreto.com.br","date":"3 de May de 2025","format":false,"excerpt":"compartilhar no whatsapp compartilhar no telegram compartilhar no facebook compartilhar no linkedin Mo\u00e7\u00e3o reconhece trabalho de equipe de sa\u00fade que atuou no salvamento de beb\u00ea A C\u00e2mara aprovou a Mo\u00e7\u00e3o de Aplausos n\u00ba 41 de 2025, de autoria do vereador Walker Bombeiro da Libras, para a equipe de sa\u00fade da\u2026","rel":"","context":"In &quot;Not\u00edcias de Franca-SP&quot;","block_context":{"text":"Not\u00edcias de Franca-SP","link":"https:\/\/noticiasribeiraopreto.com.br\/index.php\/category\/noticias-de-ribeirao-preto-sp-e-regiao-ismael-colosi\/noticias-franca-sp\/"},"img":{"alt_text":"","src":"https:\/\/i0.wp.com\/noticiasribeiraopreto.com.br\/wp-content\/uploads\/2025\/05\/mocaoravi17sessao.jpg?fit=1000%2C562&ssl=1&resize=350%2C200","width":350,"height":200,"srcset":"https:\/\/i0.wp.com\/noticiasribeiraopreto.com.br\/wp-content\/uploads\/2025\/05\/mocaoravi17sessao.jpg?fit=1000%2C562&ssl=1&resize=350%2C200 1x, https:\/\/i0.wp.com\/noticiasribeiraopreto.com.br\/wp-content\/uploads\/2025\/05\/mocaoravi17sessao.jpg?fit=1000%2C562&ssl=1&resize=525%2C300 1.5x, https:\/\/i0.wp.com\/noticiasribeiraopreto.com.br\/wp-content\/uploads\/2025\/05\/mocaoravi17sessao.jpg?fit=1000%2C562&ssl=1&resize=700%2C400 2x"},"classes":[]},{"id":67863,"url":"https:\/\/noticiasribeiraopreto.com.br\/index.php\/2025\/04\/19\/jornal-da-franca-sesi-franca-quer-vencer-o-cordoba-e-deixar-a-champions-league-de-cabeca-erguida\/","url_meta":{"origin":70030,"position":4},"title":"Jornal da Franca &#8211; Sesi Franca quer vencer o C\u00f3rdoba e deixar a Champions League de cabe\u00e7a erguida","author":"noticiasribeiraopreto.com.br","date":"19 de April de 2025","format":false,"excerpt":"compartilhar no whatsapp compartilhar no telegram compartilhar no facebook compartilhar no linkedin Jogo de hoje servir\u00e1 para a equipe se reencontrar e encerrar campeonato honrosamente O Sesi Franca ainda procura se reencontrar ap\u00f3s a elimina\u00e7\u00e3o contra o Flamengo pelas semifinais da Champions League, por 91 a 65, na noite desta\u2026","rel":"","context":"In &quot;Not\u00edcias de Franca-SP&quot;","block_context":{"text":"Not\u00edcias de Franca-SP","link":"https:\/\/noticiasribeiraopreto.com.br\/index.php\/category\/noticias-de-ribeirao-preto-sp-e-regiao-ismael-colosi\/noticias-franca-sp\/"},"img":{"alt_text":"","src":"https:\/\/i0.wp.com\/noticiasribeiraopreto.com.br\/wp-content\/uploads\/2025\/04\/IMG_20250418_111654.jpg?fit=1080%2C710&ssl=1&resize=350%2C200","width":350,"height":200,"srcset":"https:\/\/i0.wp.com\/noticiasribeiraopreto.com.br\/wp-content\/uploads\/2025\/04\/IMG_20250418_111654.jpg?fit=1080%2C710&ssl=1&resize=350%2C200 1x, https:\/\/i0.wp.com\/noticiasribeiraopreto.com.br\/wp-content\/uploads\/2025\/04\/IMG_20250418_111654.jpg?fit=1080%2C710&ssl=1&resize=525%2C300 1.5x, https:\/\/i0.wp.com\/noticiasribeiraopreto.com.br\/wp-content\/uploads\/2025\/04\/IMG_20250418_111654.jpg?fit=1080%2C710&ssl=1&resize=700%2C400 2x, https:\/\/i0.wp.com\/noticiasribeiraopreto.com.br\/wp-content\/uploads\/2025\/04\/IMG_20250418_111654.jpg?fit=1080%2C710&ssl=1&resize=1050%2C600 3x"},"classes":[]},{"id":72002,"url":"https:\/\/noticiasribeiraopreto.com.br\/index.php\/2025\/06\/12\/jornal-da-franca-cinco-partidas-movimentam-a-rodada-da-copa-franca-de-basquete-neste-domingo-15\/","url_meta":{"origin":70030,"position":5},"title":"Jornal da Franca &#8211; Cinco partidas movimentam a rodada da Copa Franca de Basquete neste domingo, 15","author":"noticiasribeiraopreto.com.br","date":"12 de June de 2025","format":false,"excerpt":"compartilhar no whatsapp compartilhar no telegram compartilhar no facebook compartilhar no linkedin Secretaria de Esporte e Cultura de Franca promove competi\u00e7\u00e3o com 28 equipes participantes Jogos acontecem no Gin\u00e1sio Pedroc\u00e3o a partir das 8h30, reunindo equipes da regi\u00e3o \u00a0 A tradicional Copa Franca de Basquete ter\u00e1 mais uma rodada neste\u2026","rel":"","context":"In &quot;Not\u00edcias de Franca-SP&quot;","block_context":{"text":"Not\u00edcias de Franca-SP","link":"https:\/\/noticiasribeiraopreto.com.br\/index.php\/category\/noticias-de-ribeirao-preto-sp-e-regiao-ismael-colosi\/noticias-franca-sp\/"},"img":{"alt_text":"","src":"https:\/\/i0.wp.com\/noticiasribeiraopreto.com.br\/wp-content\/uploads\/2025\/06\/Copa-Basquete.jpeg?fit=1200%2C802&ssl=1&resize=350%2C200","width":350,"height":200,"srcset":"https:\/\/i0.wp.com\/noticiasribeiraopreto.com.br\/wp-content\/uploads\/2025\/06\/Copa-Basquete.jpeg?fit=1200%2C802&ssl=1&resize=350%2C200 1x, https:\/\/i0.wp.com\/noticiasribeiraopreto.com.br\/wp-content\/uploads\/2025\/06\/Copa-Basquete.jpeg?fit=1200%2C802&ssl=1&resize=525%2C300 1.5x, https:\/\/i0.wp.com\/noticiasribeiraopreto.com.br\/wp-content\/uploads\/2025\/06\/Copa-Basquete.jpeg?fit=1200%2C802&ssl=1&resize=700%2C400 2x, https:\/\/i0.wp.com\/noticiasribeiraopreto.com.br\/wp-content\/uploads\/2025\/06\/Copa-Basquete.jpeg?fit=1200%2C802&ssl=1&resize=1050%2C600 3x"},"classes":[]}],"jetpack_sharing_enabled":true,"jetpack_shortlink":"https:\/\/wp.me\/peQAOb-idw","_links":{"self":[{"href":"https:\/\/noticiasribeiraopreto.com.br\/index.php\/wp-json\/wp\/v2\/posts\/70030","targetHints":{"allow":["GET"]}}],"collection":[{"href":"https:\/\/noticiasribeiraopreto.com.br\/index.php\/wp-json\/wp\/v2\/posts"}],"about":[{"href":"https:\/\/noticiasribeiraopreto.com.br\/index.php\/wp-json\/wp\/v2\/types\/post"}],"author":[{"embeddable":true,"href":"https:\/\/noticiasribeiraopreto.com.br\/index.php\/wp-json\/wp\/v2\/users\/1"}],"replies":[{"embeddable":true,"href":"https:\/\/noticiasribeiraopreto.com.br\/index.php\/wp-json\/wp\/v2\/comments?post=70030"}],"version-history":[{"count":0,"href":"https:\/\/noticiasribeiraopreto.com.br\/index.php\/wp-json\/wp\/v2\/posts\/70030\/revisions"}],"wp:featuredmedia":[{"embeddable":true,"href":"https:\/\/noticiasribeiraopreto.com.br\/index.php\/wp-json\/wp\/v2\/media\/70031"}],"wp:attachment":[{"href":"https:\/\/noticiasribeiraopreto.com.br\/index.php\/wp-json\/wp\/v2\/media?parent=70030"}],"wp:term":[{"taxonomy":"category","embeddable":true,"href":"https:\/\/noticiasribeiraopreto.com.br\/index.php\/wp-json\/wp\/v2\/categories?post=70030"},{"taxonomy":"post_tag","embeddable":true,"href":"https:\/\/noticiasribeiraopreto.com.br\/index.php\/wp-json\/wp\/v2\/tags?post=70030"}],"curies":[{"name":"wp","href":"https:\/\/api.w.org\/{rel}","templated":true}]}}