{"id":70034,"date":"2025-05-22T09:03:14","date_gmt":"2025-05-22T12:03:14","guid":{"rendered":"https:\/\/noticiasribeiraopreto.com.br\/index.php\/2025\/05\/22\/confessionario-tribuna-ribeirao-21\/"},"modified":"2025-05-22T09:03:14","modified_gmt":"2025-05-22T12:03:14","slug":"confessionario-tribuna-ribeirao-21","status":"publish","type":"post","link":"https:\/\/noticiasribeiraopreto.com.br\/index.php\/2025\/05\/22\/confessionario-tribuna-ribeirao-21\/","title":{"rendered":"Confession\u00e1rio &#8211; Tribuna Ribeir\u00e3o"},"content":{"rendered":"<div class='code-block code-block-1' style='margin: 8px 0 8px auto; text-align: right; display: block; clear: both;'>\n<p><a href=\"https:\/\/wa.link\/vpicfd\"><img data-recalc-dims=\"1\" class=\"wp-image-4922\" style=\"aspect-ratio: 2.0253164556962027; width: 561px; height: auto;\" src=\"https:\/\/i0.wp.com\/ismaelcolosi.com.br\/wp-content\/uploads\/2023\/11\/grupo-de-empregos-whatsapp-e-facebook-ismael-colosi-vagas.jpg?ssl=1\" alt=\"\" \/><\/a><\/p>\n<!-- \/wp:image -->\n<\/div>\n<p> <br \/>\n<\/p>\n<div id=\"post-426454\">\n<header class=\"entry-header penci-entry-header penci-title-center\">\n<p>\n\t\t\t\t\t\t\t\t\t<span class=\"entry-meta-item penci-posted-on\"><i class=\"fa fa-clock-o\"\/><time class=\"entry-date published\" datetime=\"2025-05-22T09:00:19-03:00\">22 de maio de 2025 09:00<\/time><time class=\"updated\" datetime=\"2025-05-21T21:16:06-03:00\">21 de maio de 2025 21:16<\/time><\/span><span class=\"entry-meta-item penci-post-countview\"><span class=\"entry-meta-item penci-post-countview penci_post-meta_item\"><i class=\"fa fa-eye\"\/><span class=\"penci-post-countview-number penci-post-countview-p426454\">11<\/span><\/span><\/span>\t\t\t\t\t\t\t\t<\/p>\n<p><!-- .entry-meta --><br \/>\n\t\t\t\t\t\t\t\t<span class=\"penci-social-buttons penci-social-share-footer\"><span class=\"penci-social-share-text\">Compartilhar<\/span><a href=\"#\" class=\"penci-post-like penci_post-meta_item  single-like-button penci-social-item like\" data-post_id=\"426454\" title=\"Like\" data-like=\"Like\" data-unlike=\"Unlike\"><i class=\"fa fa-thumbs-o-up\"\/><span class=\"penci-share-number\">0<\/span><\/a><i class=\"fa fa-facebook\"\/><a class=\"penci-social-item twitter\" target=\"_blank\" rel=\"noopener\" title=\"\" href=\"https:\/\/twitter.com\/intent\/tweet?text=Confession\u00e1rio%20-%20https:\/\/www.tribunaribeirao.com.br\/confessionario-37\/\"><i class=\"fa fa-twitter\"\/><\/a><i class=\"fa fa-linkedin\"\/><i class=\"fa fa-whatsapp\"\/><i class=\"fa fa-telegram\"\/><i class=\"fa fa-envelope\"\/><\/span>\t\t\t\t\t\t\t<\/header>\n<p><!-- .entry-header --><\/p>\n<div class=\"entry-media penci-entry-media\">\n<div class=\"post-format-meta \"><img data-recalc-dims=\"1\" loading=\"lazy\" width=\"960\" height=\"1152\" src=\"https:\/\/i0.wp.com\/www.tribunaribeirao.com.br\/wp-content\/uploads\/2025\/05\/bebe-960x1152.jpeg?resize=960%2C1152&#038;ssl=1\" class=\"attachment-penci-thumb-960-auto size-penci-thumb-960-auto wp-post-image\" alt=\"\" decoding=\"async\" srcset=\"https:\/\/www.tribunaribeirao.com.br\/wp-content\/uploads\/2025\/05\/bebe-960x1152.jpeg 960w, https:\/\/www.tribunaribeirao.com.br\/wp-content\/uploads\/2025\/05\/bebe-250x300.jpeg 250w, https:\/\/www.tribunaribeirao.com.br\/wp-content\/uploads\/2025\/05\/bebe-853x1024.jpeg 853w, https:\/\/www.tribunaribeirao.com.br\/wp-content\/uploads\/2025\/05\/bebe-768x922.jpeg 768w, https:\/\/www.tribunaribeirao.com.br\/wp-content\/uploads\/2025\/05\/bebe-333x400.jpeg 333w, https:\/\/www.tribunaribeirao.com.br\/wp-content\/uploads\/2025\/05\/bebe-585x702.jpeg 585w, https:\/\/www.tribunaribeirao.com.br\/wp-content\/uploads\/2025\/05\/bebe.jpeg 1000w\" sizes=\"auto, (max-width: 960px) 100vw, 960px\"\/><\/div>\n<\/p><\/div>\n<div class=\"penci-entry-content entry-content\">\n<p><strong>No mundo do faz-de-conta\u2026<\/strong><\/p>\n<p>Dif\u00edcil explicar a perda de tempo de v\u00e1rios pol\u00edticos pelo pa\u00eds tentando emplacar leis sobre o assunto e Ribeir\u00e3o n\u00e3o passou ilesa. O vereador de Ribeir\u00e3o Preto, Igor Oliveira (MDB) protocolou na C\u00e2mara Municipal, um projeto de lei que prev\u00ea multa de at\u00e9 R$ 3.728,00 para quem utilizar bonecas do tipo \u201cbeb\u00ea reborn\u201d (bonecas hiper-realistas que imitam rec\u00e9m-nascidos), com o objetivo de obter benef\u00edcios destinados a crian\u00e7as de colo em servi\u00e7os p\u00fablicos e privados. A proposta de Igor quer proibir o uso das bonecas ou qualquer artif\u00edcio que simule a presen\u00e7a de um beb\u00ea com a inten\u00e7\u00e3o de acessar atendimentos preferenciais, filas priorit\u00e1rias, assentos reservados ou benef\u00edcios financeiros voltados a respons\u00e1veis por crian\u00e7as de colo. O assunto ganhou o cen\u00e1rio nacional depois que uma influenciadora mineira, postou um v\u00eddeo em que simulava levar um \u201cbeb\u00ea reborn\u201d a um Hospital. Tudo para conseguir mais seguidores. Voltando a Ribeir\u00e3o, daqui da friorenta \u2018bat caverna\u2019 da nossa reda\u00e7\u00e3o, ficamos imaginando: quem poderia combater crimes assim? A Liga da Justi\u00e7a?<\/p>\n<\/div>\n<p><!-- .entry-content --><\/p>\n<footer class=\"penci-entry-footer\">\n\t\t\t\t\t\t\t\t<span class=\"penci-social-buttons penci-social-share-footer\"><span class=\"penci-social-share-text\">Compartilhar<\/span><a href=\"#\" class=\"penci-post-like penci_post-meta_item  single-like-button penci-social-item like\" data-post_id=\"426454\" title=\"Like\" data-like=\"Like\" data-unlike=\"Unlike\"><i class=\"fa fa-thumbs-o-up\"\/><span class=\"penci-share-number\">0<\/span><\/a><i class=\"fa fa-facebook\"\/><a class=\"penci-social-item twitter\" target=\"_blank\" rel=\"noopener\" title=\"\" href=\"https:\/\/twitter.com\/intent\/tweet?text=Confession\u00e1rio%20-%20https:\/\/www.tribunaribeirao.com.br\/confessionario-37\/\"><i class=\"fa fa-twitter\"\/><\/a><i class=\"fa fa-linkedin\"\/><i class=\"fa fa-whatsapp\"\/><i class=\"fa fa-telegram\"\/><i class=\"fa fa-envelope\"\/><\/span>\t\t\t\t\t\t\t<\/footer>\n<p><!-- .entry-footer -->\n\t\t\t\t\t\t<\/div>\n<p><script async src=\"\/\/platform.twitter.com\/widgets.js\" charset=\"utf-8\"><\/script><br \/>\n<br \/><br \/>\n<br \/><a href=\"https:\/\/www.tribunaribeirao.com.br\/confessionario-37\/\">Source link <\/a><\/p>\n<!-- CONTENT END 1 -->\n","protected":false},"excerpt":{"rendered":"<p>22 de maio de 2025 09:0021 de maio de 2025 21:1611 Compartilhar0 No mundo do faz-de-conta\u2026 Dif\u00edcil explicar a perda de tempo de v\u00e1rios pol\u00edticos&#8230;<\/p>\n","protected":false},"author":1,"featured_media":70035,"comment_status":"open","ping_status":"open","sticky":false,"template":"","format":"standard","meta":{"advanced_seo_description":"","jetpack_seo_html_title":"","jetpack_seo_noindex":false,"jetpack_post_was_ever_published":false,"_jetpack_newsletter_access":"","_jetpack_dont_email_post_to_subs":false,"_jetpack_newsletter_tier_id":0,"_jetpack_memberships_contains_paywalled_content":false,"_jetpack_memberships_contains_paid_content":false,"footnotes":"","jetpack_publicize_message":"","jetpack_publicize_feature_enabled":true,"jetpack_social_post_already_shared":true,"jetpack_social_options":{"image_generator_settings":{"template":"highway","default_image_id":0,"font":"","enabled":false},"version":2}},"categories":[11],"tags":[],"class_list":["post-70034","post","type-post","status-publish","format-standard","has-post-thumbnail","hentry","category-noticias-de-ribeirao-preto-sp-e-regiao-ismael-colosi"],"jetpack_publicize_connections":[],"jetpack_featured_media_url":"https:\/\/i0.wp.com\/noticiasribeiraopreto.com.br\/wp-content\/uploads\/2025\/05\/bebe.jpeg?fit=1000%2C1200&ssl=1","jetpack-related-posts":[{"id":69004,"url":"https:\/\/noticiasribeiraopreto.com.br\/index.php\/2025\/05\/01\/saiba-como-fica-o-tempo-em-ribeirao-preto-neste-feriado-de-1o-de-maio\/","url_meta":{"origin":70034,"position":0},"title":"Saiba como fica o tempo em Ribeir\u00e3o Preto neste feriado de 1\u00ba de maio","author":"noticiasribeiraopreto.com.br","date":"1 de May de 2025","format":false,"excerpt":"O feriado de 1\u00ba de maio, comemorado nesta quinta-feira, come\u00e7ou gelado e com Sol em Ribeir\u00e3o Preto. De acordo com a Climatempo, a temperatura m\u00ednima registrada foi de 16\u00b0C. Os meteorologistas informam que a temperatura m\u00e1xima deve chegar aos 28\u00b0C. A previs\u00e3o do tempo aponta para dia de Sol, com\u2026","rel":"","context":"In &quot;Not\u00edcias de Ribeir\u00e3o Preto-SP e Regi\u00e3o&quot;","block_context":{"text":"Not\u00edcias de Ribeir\u00e3o Preto-SP e Regi\u00e3o","link":"https:\/\/noticiasribeiraopreto.com.br\/index.php\/category\/noticias-de-ribeirao-preto-sp-e-regiao-ismael-colosi\/"},"img":{"alt_text":"","src":"https:\/\/i0.wp.com\/noticiasribeiraopreto.com.br\/wp-content\/uploads\/2025\/05\/ceu-sol-ribeirao-preto_2025-05-01_10-48-25.webp.webp?fit=1200%2C900&ssl=1&resize=350%2C200","width":350,"height":200,"srcset":"https:\/\/i0.wp.com\/noticiasribeiraopreto.com.br\/wp-content\/uploads\/2025\/05\/ceu-sol-ribeirao-preto_2025-05-01_10-48-25.webp.webp?fit=1200%2C900&ssl=1&resize=350%2C200 1x, https:\/\/i0.wp.com\/noticiasribeiraopreto.com.br\/wp-content\/uploads\/2025\/05\/ceu-sol-ribeirao-preto_2025-05-01_10-48-25.webp.webp?fit=1200%2C900&ssl=1&resize=525%2C300 1.5x, https:\/\/i0.wp.com\/noticiasribeiraopreto.com.br\/wp-content\/uploads\/2025\/05\/ceu-sol-ribeirao-preto_2025-05-01_10-48-25.webp.webp?fit=1200%2C900&ssl=1&resize=700%2C400 2x, https:\/\/i0.wp.com\/noticiasribeiraopreto.com.br\/wp-content\/uploads\/2025\/05\/ceu-sol-ribeirao-preto_2025-05-01_10-48-25.webp.webp?fit=1200%2C900&ssl=1&resize=1050%2C600 3x"},"classes":[]},{"id":84775,"url":"https:\/\/noticiasribeiraopreto.com.br\/index.php\/2026\/04\/15\/quermesse-de-santa-rita-sera-realizada-em-10-dias-de-maio-em-paroquia-de-ribeirao-preto\/","url_meta":{"origin":70034,"position":1},"title":"Quermesse de Santa Rita ser\u00e1 realizada em 10 dias de maio em par\u00f3quia de Ribeir\u00e3o Preto","author":"noticiasribeiraopreto.com.br","date":"15 de April de 2026","format":false,"excerpt":"00:00 A+ A- Ler o resumo da not\u00edcia \r Par\u00f3quia Santa Rita de C\u00e1ssia promove quermesse em louvor \u00e0 padroeira de 8 a 24 de maio, em Ribeir\u00e3o Preto.\r Evento ocorre na Rua Primo Furquim, 18, no Jardim Independ\u00eancia, zona Norte da cidade.\r No dia 22 de maio, data de\u2026","rel":"","context":"In &quot;Not\u00edcias de Ribeir\u00e3o Preto-SP e Regi\u00e3o&quot;","block_context":{"text":"Not\u00edcias de Ribeir\u00e3o Preto-SP e Regi\u00e3o","link":"https:\/\/noticiasribeiraopreto.com.br\/index.php\/category\/noticias-de-ribeirao-preto-sp-e-regiao-ismael-colosi\/"},"img":{"alt_text":"","src":"https:\/\/i0.wp.com\/noticiasribeiraopreto.com.br\/wp-content\/uploads\/2026\/04\/santaritacassiaribeirao_2026-04-15_14-50-55.webp.webp?fit=804%2C534&ssl=1&resize=350%2C200","width":350,"height":200,"srcset":"https:\/\/i0.wp.com\/noticiasribeiraopreto.com.br\/wp-content\/uploads\/2026\/04\/santaritacassiaribeirao_2026-04-15_14-50-55.webp.webp?fit=804%2C534&ssl=1&resize=350%2C200 1x, https:\/\/i0.wp.com\/noticiasribeiraopreto.com.br\/wp-content\/uploads\/2026\/04\/santaritacassiaribeirao_2026-04-15_14-50-55.webp.webp?fit=804%2C534&ssl=1&resize=525%2C300 1.5x, https:\/\/i0.wp.com\/noticiasribeiraopreto.com.br\/wp-content\/uploads\/2026\/04\/santaritacassiaribeirao_2026-04-15_14-50-55.webp.webp?fit=804%2C534&ssl=1&resize=700%2C400 2x"},"classes":[]},{"id":69907,"url":"https:\/\/noticiasribeiraopreto.com.br\/index.php\/2025\/05\/10\/ribeirao-preto-recebe-projeto-que-leva-palestras-cientificas-aos-bares\/","url_meta":{"origin":70034,"position":2},"title":"Ribeir\u00e3o Preto recebe projeto que leva palestras cient\u00edficas aos bares","author":"noticiasribeiraopreto.com.br","date":"10 de May de 2025","format":false,"excerpt":"Entre os dias 19 a 21 de maio, sempre \u00e0s 19h, cientistas e pesquisadores do projeto Pint Of Science ir\u00e3o se apresentar em quatro bares e cervejarias de Ribeir\u00e3o Preto com palestras e mesas redondas sobre suas descobertas e \u00e1reas de conhecimento. Neste ano, o projeto comemora 10 anos no\u2026","rel":"","context":"In &quot;Not\u00edcias de Ribeir\u00e3o Preto-SP e Regi\u00e3o&quot;","block_context":{"text":"Not\u00edcias de Ribeir\u00e3o Preto-SP e Regi\u00e3o","link":"https:\/\/noticiasribeiraopreto.com.br\/index.php\/category\/noticias-de-ribeirao-preto-sp-e-regiao-ismael-colosi\/"},"img":{"alt_text":"","src":"https:\/\/i0.wp.com\/noticiasribeiraopreto.com.br\/wp-content\/uploads\/2025\/05\/Pint-Of-Science-158-_2025-05-10_14-18-29.webp.webp?fit=1200%2C675&ssl=1&resize=350%2C200","width":350,"height":200,"srcset":"https:\/\/i0.wp.com\/noticiasribeiraopreto.com.br\/wp-content\/uploads\/2025\/05\/Pint-Of-Science-158-_2025-05-10_14-18-29.webp.webp?fit=1200%2C675&ssl=1&resize=350%2C200 1x, https:\/\/i0.wp.com\/noticiasribeiraopreto.com.br\/wp-content\/uploads\/2025\/05\/Pint-Of-Science-158-_2025-05-10_14-18-29.webp.webp?fit=1200%2C675&ssl=1&resize=525%2C300 1.5x, https:\/\/i0.wp.com\/noticiasribeiraopreto.com.br\/wp-content\/uploads\/2025\/05\/Pint-Of-Science-158-_2025-05-10_14-18-29.webp.webp?fit=1200%2C675&ssl=1&resize=700%2C400 2x, https:\/\/i0.wp.com\/noticiasribeiraopreto.com.br\/wp-content\/uploads\/2025\/05\/Pint-Of-Science-158-_2025-05-10_14-18-29.webp.webp?fit=1200%2C675&ssl=1&resize=1050%2C600 3x"},"classes":[]},{"id":14115,"url":"https:\/\/noticiasribeiraopreto.com.br\/index.php\/2023\/12\/11\/obras-do-corredor-de-onibus-castelo-branco-13-de-maio-estao-em-andamento\/","url_meta":{"origin":70034,"position":3},"title":"Obras do corredor de \u00f4nibus Castelo Branco\/ 13 de Maio est\u00e3o em andamento \u2013 Folha de Ribeir\u00e3o","author":"noticiasribeiraopreto.com.br","date":"11 de December de 2023","format":false,"excerpt":"As obras do corredor de \u00f4nibus das avenidas Castelo Branco\/ 13 de Maio est\u00e3o\u00a0em ritmo acelerado, com mais de 40% do projeto conclu\u00eddo. Com previs\u00e3o para ser entregue em setembro de 2024, os trabalhos est\u00e3o concentrados na reconstru\u00e7\u00e3o do pavimento dos corredores na avenida Le\u00e3o XIII e, nas marginais da\u2026","rel":"","context":"In &quot;Not\u00edcias de Ribeir\u00e3o Preto-SP e Regi\u00e3o&quot;","block_context":{"text":"Not\u00edcias de Ribeir\u00e3o Preto-SP e Regi\u00e3o","link":"https:\/\/noticiasribeiraopreto.com.br\/index.php\/category\/noticias-de-ribeirao-preto-sp-e-regiao-ismael-colosi\/"},"img":{"alt_text":"","src":"https:\/\/i0.wp.com\/noticiasribeiraopreto.com.br\/wp-content\/uploads\/2023\/12\/obras_corredor_castelo_branco_-_foto_guilherme_sircili_5.jpg?fit=1200%2C800&ssl=1&resize=350%2C200","width":350,"height":200,"srcset":"https:\/\/i0.wp.com\/noticiasribeiraopreto.com.br\/wp-content\/uploads\/2023\/12\/obras_corredor_castelo_branco_-_foto_guilherme_sircili_5.jpg?fit=1200%2C800&ssl=1&resize=350%2C200 1x, https:\/\/i0.wp.com\/noticiasribeiraopreto.com.br\/wp-content\/uploads\/2023\/12\/obras_corredor_castelo_branco_-_foto_guilherme_sircili_5.jpg?fit=1200%2C800&ssl=1&resize=525%2C300 1.5x, https:\/\/i0.wp.com\/noticiasribeiraopreto.com.br\/wp-content\/uploads\/2023\/12\/obras_corredor_castelo_branco_-_foto_guilherme_sircili_5.jpg?fit=1200%2C800&ssl=1&resize=700%2C400 2x, https:\/\/i0.wp.com\/noticiasribeiraopreto.com.br\/wp-content\/uploads\/2023\/12\/obras_corredor_castelo_branco_-_foto_guilherme_sircili_5.jpg?fit=1200%2C800&ssl=1&resize=1050%2C600 3x"},"classes":[]},{"id":64247,"url":"https:\/\/noticiasribeiraopreto.com.br\/index.php\/2025\/03\/06\/quermesse-da-catedral-de-ribeirao-preto-sera-em-maio-veja-datas-e-horarios\/","url_meta":{"origin":70034,"position":4},"title":"Quermesse da Catedral de Ribeir\u00e3o Preto ser\u00e1 em maio; Veja datas e hor\u00e1rios","author":"noticiasribeiraopreto.com.br","date":"6 de March de 2025","format":false,"excerpt":"A Catedral de S\u00e3o Sebasti\u00e3o, em Ribeir\u00e3o Preto, divulgou as datas de sua quermesse. O evento ser\u00e1 realizado em frente \u00e0 igreja, no Centro da cidade, nos seguintes dias e hor\u00e1rios: S\u00e1bado, 24 de maio \u2013 Das 19h \u00e0s 23h Domingo, 25 de maio \u2013 Das 17h \u00e0s 23h A\u2026","rel":"","context":"In &quot;Not\u00edcias de Ribeir\u00e3o Preto-SP e Regi\u00e3o&quot;","block_context":{"text":"Not\u00edcias de Ribeir\u00e3o Preto-SP e Regi\u00e3o","link":"https:\/\/noticiasribeiraopreto.com.br\/index.php\/category\/noticias-de-ribeirao-preto-sp-e-regiao-ismael-colosi\/"},"img":{"alt_text":"","src":"https:\/\/i0.wp.com\/noticiasribeiraopreto.com.br\/wp-content\/uploads\/2025\/03\/WhatsApp-Image-2023-09-13-at-13.07.49.jpeg?fit=1200%2C779&ssl=1&resize=350%2C200","width":350,"height":200,"srcset":"https:\/\/i0.wp.com\/noticiasribeiraopreto.com.br\/wp-content\/uploads\/2025\/03\/WhatsApp-Image-2023-09-13-at-13.07.49.jpeg?fit=1200%2C779&ssl=1&resize=350%2C200 1x, https:\/\/i0.wp.com\/noticiasribeiraopreto.com.br\/wp-content\/uploads\/2025\/03\/WhatsApp-Image-2023-09-13-at-13.07.49.jpeg?fit=1200%2C779&ssl=1&resize=525%2C300 1.5x, https:\/\/i0.wp.com\/noticiasribeiraopreto.com.br\/wp-content\/uploads\/2025\/03\/WhatsApp-Image-2023-09-13-at-13.07.49.jpeg?fit=1200%2C779&ssl=1&resize=700%2C400 2x, https:\/\/i0.wp.com\/noticiasribeiraopreto.com.br\/wp-content\/uploads\/2025\/03\/WhatsApp-Image-2023-09-13-at-13.07.49.jpeg?fit=1200%2C779&ssl=1&resize=1050%2C600 3x"},"classes":[]},{"id":61076,"url":"https:\/\/noticiasribeiraopreto.com.br\/index.php\/2024\/12\/03\/vereadores-de-ribeirao-preto-realizam-fiscalizacao-na-upa-da-treze-de-maio\/","url_meta":{"origin":70034,"position":5},"title":"Vereadores de Ribeir\u00e3o Preto Realizam Fiscaliza\u00e7\u00e3o na UPA da Treze de Maio","author":"noticiasribeiraopreto.com.br","date":"3 de December de 2024","format":false,"excerpt":"Na \u00faltima semana, vereadores de Ribeir\u00e3o Preto realizaram uma vistoria na Unidade de Pronto Atendimento (UPA) da Treze de Maio, com o objetivo de verificar as condi\u00e7\u00f5es do local e identificar poss\u00edveis pontos de melhoria. Durante a fiscaliza\u00e7\u00e3o, foram analisados aspectos como infraestrutura, tempo de espera no atendimento e a\u2026","rel":"","context":"In &quot;Not\u00edcias de Ribeir\u00e3o Preto-SP e Regi\u00e3o&quot;","block_context":{"text":"Not\u00edcias de Ribeir\u00e3o Preto-SP e Regi\u00e3o","link":"https:\/\/noticiasribeiraopreto.com.br\/index.php\/category\/noticias-de-ribeirao-preto-sp-e-regiao-ismael-colosi\/"},"img":{"alt_text":"","src":"https:\/\/i0.wp.com\/noticiasribeiraopreto.com.br\/wp-content\/uploads\/2024\/12\/20241125_161355-scaled.jpg?fit=1200%2C675&ssl=1&resize=350%2C200","width":350,"height":200,"srcset":"https:\/\/i0.wp.com\/noticiasribeiraopreto.com.br\/wp-content\/uploads\/2024\/12\/20241125_161355-scaled.jpg?fit=1200%2C675&ssl=1&resize=350%2C200 1x, https:\/\/i0.wp.com\/noticiasribeiraopreto.com.br\/wp-content\/uploads\/2024\/12\/20241125_161355-scaled.jpg?fit=1200%2C675&ssl=1&resize=525%2C300 1.5x, https:\/\/i0.wp.com\/noticiasribeiraopreto.com.br\/wp-content\/uploads\/2024\/12\/20241125_161355-scaled.jpg?fit=1200%2C675&ssl=1&resize=700%2C400 2x, https:\/\/i0.wp.com\/noticiasribeiraopreto.com.br\/wp-content\/uploads\/2024\/12\/20241125_161355-scaled.jpg?fit=1200%2C675&ssl=1&resize=1050%2C600 3x"},"classes":[]}],"jetpack_sharing_enabled":true,"jetpack_shortlink":"https:\/\/wp.me\/peQAOb-idA","_links":{"self":[{"href":"https:\/\/noticiasribeiraopreto.com.br\/index.php\/wp-json\/wp\/v2\/posts\/70034","targetHints":{"allow":["GET"]}}],"collection":[{"href":"https:\/\/noticiasribeiraopreto.com.br\/index.php\/wp-json\/wp\/v2\/posts"}],"about":[{"href":"https:\/\/noticiasribeiraopreto.com.br\/index.php\/wp-json\/wp\/v2\/types\/post"}],"author":[{"embeddable":true,"href":"https:\/\/noticiasribeiraopreto.com.br\/index.php\/wp-json\/wp\/v2\/users\/1"}],"replies":[{"embeddable":true,"href":"https:\/\/noticiasribeiraopreto.com.br\/index.php\/wp-json\/wp\/v2\/comments?post=70034"}],"version-history":[{"count":0,"href":"https:\/\/noticiasribeiraopreto.com.br\/index.php\/wp-json\/wp\/v2\/posts\/70034\/revisions"}],"wp:featuredmedia":[{"embeddable":true,"href":"https:\/\/noticiasribeiraopreto.com.br\/index.php\/wp-json\/wp\/v2\/media\/70035"}],"wp:attachment":[{"href":"https:\/\/noticiasribeiraopreto.com.br\/index.php\/wp-json\/wp\/v2\/media?parent=70034"}],"wp:term":[{"taxonomy":"category","embeddable":true,"href":"https:\/\/noticiasribeiraopreto.com.br\/index.php\/wp-json\/wp\/v2\/categories?post=70034"},{"taxonomy":"post_tag","embeddable":true,"href":"https:\/\/noticiasribeiraopreto.com.br\/index.php\/wp-json\/wp\/v2\/tags?post=70034"}],"curies":[{"name":"wp","href":"https:\/\/api.w.org\/{rel}","templated":true}]}}