{"id":70036,"date":"2025-05-22T09:07:11","date_gmt":"2025-05-22T12:07:11","guid":{"rendered":"https:\/\/noticiasribeiraopreto.com.br\/index.php\/2025\/05\/22\/falta-dagua-afeta-seis-bairros-de-ribeirao-preto-saiba-quais-sao\/"},"modified":"2025-05-22T09:07:11","modified_gmt":"2025-05-22T12:07:11","slug":"falta-dagua-afeta-seis-bairros-de-ribeirao-preto-saiba-quais-sao","status":"publish","type":"post","link":"https:\/\/noticiasribeiraopreto.com.br\/index.php\/2025\/05\/22\/falta-dagua-afeta-seis-bairros-de-ribeirao-preto-saiba-quais-sao\/","title":{"rendered":"Falta d&#8217;\u00e1gua afeta seis bairros de Ribeir\u00e3o Preto; Saiba quais s\u00e3o"},"content":{"rendered":"<p> <br \/>\n<\/p>\n<div data-td-block-uid=\"tdi_95\">\n<div class=\"tdb-block-inner td-fix-index\">\n<p>A <strong>Saerp (Secretaria de \u00c1gua e Esgoto de Ribeir\u00e3o Preto)<\/strong> alertou para <strong>falta d\u2019\u00e1gua<\/strong> em pelo menos <strong>seis bairros de Ribeir\u00e3o Preto<\/strong>, nesta quinta-feira (22).<\/p>\n<p>De acordo com a pasta, as equipes est\u00e3o realizando um <strong>reparo na parte el\u00e9trica da elevat\u00f3ria do Parque Ribeir\u00e3o<\/strong>. Portanto, intermit\u00eancias podem acontecer nos seguintes locais:<\/p>\n<ul class=\"wp-block-list\">\n<li>Jardim Piratininga<\/li>\n<li>Ad\u00e3o do Carmo Leonel<\/li>\n<li>Jardim Maria Goretti<\/li>\n<li>Jardim Branca Sales<\/li>\n<li>Vila Virg\u00ednia<\/li>\n<li>Parque Ribeir\u00e3o Preto e imedia\u00e7\u00f5es.<\/li>\n<\/ul>\n<h2 class=\"wp-block-heading\"><strong>Qual a previs\u00e3o para o t\u00e9rmino dos trabalhos?<\/strong><\/h2>\n<p>Ainda de acordo com a <strong>Saerp<\/strong>, a previs\u00e3o de t\u00e9rmino do servi\u00e7o \u00e9 para hoje \u00e0s 13h. Ap\u00f3s a conclus\u00e3o, o sistema ser\u00e1 religado e o abastecimento voltar\u00e1 de forma gradativa.<\/p>\n<h3 class=\"wp-block-heading\"><strong>O que fazer?<\/strong><\/h3>\n<p>Caso o seu bairro apresente falhas no abastecimento, entre em contato com a\u00a0<strong>Saerp\u00a0<\/strong>pelo telefone 0800 115 0115 ou procure por um posto de atendimento (<a href=\"https:\/\/www.ribeiraopreto.sp.gov.br\/portal\/saerp\/postos-de-atendimento\" target=\"_blank\" rel=\"noreferrer noopener\">clique aqui<\/a>).<\/p>\n<hr class=\"wp-block-separator has-alpha-channel-opacity\"\/>\n<p>SAIBA MAIS<\/p>\n<p>Inc\u00eandio atinge \u00e1rea de Ribeir\u00e3o Preto; veja v\u00eddeo<\/p>\n<h4 class=\"wp-block-heading\"><strong>FIQUE ON<\/strong><\/h4>\n<p>Fique ligado em tudo que acontece em Ribeir\u00e3o Preto e regi\u00e3o. Siga os perfis do\u00a0<strong>acidade on<\/strong>\u00a0no\u00a0<a href=\"https:\/\/www.instagram.com\/acidadeonribeirao\">Instagram\u00a0<\/a>e no\u00a0<a href=\"https:\/\/www.facebook.com\/acidadeonribeirao\/\">Facebook.<\/a><\/p>\n<p>Receba not\u00edcias do\u00a0<strong>acidade on<\/strong>\u00a0no WhatsApp.\u00a0<a href=\"https:\/\/chat.whatsapp.com\/BjKQZ9oJwlz8VVT50NuePq\">Para entrar no grupo, basta clicar aqui.<\/a><\/p>\n<p>Fa\u00e7a uma den\u00fancia ou sugira uma reportagem sobre Ribeir\u00e3o Preto e regi\u00e3o pelo WhatsApp: 16 99117 7802.<\/p>\n<p>VEJA TAMB\u00c9M<\/p>\n<p>Quem ser\u00e1 Kieran Culkin em \u2018Amanhecer na Colheita\u2019?<\/p>\n<p><!-- CONTENT END 1 -->\n<\/div>\n<\/div>\n<p><script async src=\"\/\/www.instagram.com\/embed.js\"><\/script><br \/>\n<br \/><br \/>\n<br \/><a href=\"https:\/\/www.acidadeon.com\/ribeiraopreto\/cotidiano\/falta-dagua-afeta-seis-bairros-de-ribeirao-preto-saiba-quais-sao\/\">Source link <\/a><\/p>\n","protected":false},"excerpt":{"rendered":"<p>A Saerp (Secretaria de \u00c1gua e Esgoto de Ribeir\u00e3o Preto) alertou para falta d\u2019\u00e1gua em pelo menos seis bairros de Ribeir\u00e3o Preto, nesta quinta-feira (22)&#8230;.<\/p>\n","protected":false},"author":1,"featured_media":70037,"comment_status":"open","ping_status":"open","sticky":false,"template":"","format":"standard","meta":{"advanced_seo_description":"","jetpack_seo_html_title":"","jetpack_seo_noindex":false,"jetpack_post_was_ever_published":false,"_jetpack_newsletter_access":"","_jetpack_dont_email_post_to_subs":false,"_jetpack_newsletter_tier_id":0,"_jetpack_memberships_contains_paywalled_content":false,"_jetpack_memberships_contains_paid_content":false,"footnotes":"","jetpack_publicize_message":"","jetpack_publicize_feature_enabled":true,"jetpack_social_post_already_shared":true,"jetpack_social_options":{"image_generator_settings":{"template":"highway","default_image_id":0,"font":"","enabled":false},"version":2}},"categories":[11],"tags":[],"class_list":["post-70036","post","type-post","status-publish","format-standard","has-post-thumbnail","hentry","category-noticias-de-ribeirao-preto-sp-e-regiao-ismael-colosi"],"jetpack_publicize_connections":[],"jetpack_featured_media_url":"https:\/\/i0.wp.com\/noticiasribeiraopreto.com.br\/wp-content\/uploads\/2025\/05\/bebedouro-saerp.jpg?fit=1056%2C574&ssl=1","jetpack-related-posts":[{"id":59532,"url":"https:\/\/noticiasribeiraopreto.com.br\/index.php\/2024\/10\/25\/saerp-alerta-para-falta-dagua-em-ribeirao-preto-ate-amanha-veja-os-bairros\/","url_meta":{"origin":70036,"position":0},"title":"Saerp alerta para falta d\u2019\u00e1gua em Ribeir\u00e3o Preto at\u00e9 amanh\u00e3; Veja os bairros","author":"noticiasribeiraopreto.com.br","date":"25 de October de 2024","format":false,"excerpt":"A Saerp (Secretaria de \u00c1gua e Esgoto de Ribeir\u00e3o Preto) publicou um aviso de possibilidade de falta d\u2019\u00e1gua em Ribeir\u00e3o Preto at\u00e9 s\u00e1bado (26). De acordo com a secretaria, est\u00e1 sendo realizada a troca emergencial de uma bomba submersa no po\u00e7o Branca Salles. Em raz\u00e3o do servi\u00e7o, bairros da zona\u2026","rel":"","context":"In &quot;Not\u00edcias de Ribeir\u00e3o Preto-SP e Regi\u00e3o&quot;","block_context":{"text":"Not\u00edcias de Ribeir\u00e3o Preto-SP e Regi\u00e3o","link":"https:\/\/noticiasribeiraopreto.com.br\/index.php\/category\/noticias-de-ribeirao-preto-sp-e-regiao-ismael-colosi\/"},"img":{"alt_text":"","src":"https:\/\/i0.wp.com\/noticiasribeiraopreto.com.br\/wp-content\/uploads\/2024\/08\/Copia-de-Copia-de-TAMANHO-EXATO-PARA-FOTOS-NO-SISTEMA-NOVO-15_2024-07-10_14-38-39_jpg_2024-07-10_14-38-39.webp.webp?fit=1200%2C675&ssl=1&resize=350%2C200","width":350,"height":200,"srcset":"https:\/\/i0.wp.com\/noticiasribeiraopreto.com.br\/wp-content\/uploads\/2024\/08\/Copia-de-Copia-de-TAMANHO-EXATO-PARA-FOTOS-NO-SISTEMA-NOVO-15_2024-07-10_14-38-39_jpg_2024-07-10_14-38-39.webp.webp?fit=1200%2C675&ssl=1&resize=350%2C200 1x, https:\/\/i0.wp.com\/noticiasribeiraopreto.com.br\/wp-content\/uploads\/2024\/08\/Copia-de-Copia-de-TAMANHO-EXATO-PARA-FOTOS-NO-SISTEMA-NOVO-15_2024-07-10_14-38-39_jpg_2024-07-10_14-38-39.webp.webp?fit=1200%2C675&ssl=1&resize=525%2C300 1.5x, https:\/\/i0.wp.com\/noticiasribeiraopreto.com.br\/wp-content\/uploads\/2024\/08\/Copia-de-Copia-de-TAMANHO-EXATO-PARA-FOTOS-NO-SISTEMA-NOVO-15_2024-07-10_14-38-39_jpg_2024-07-10_14-38-39.webp.webp?fit=1200%2C675&ssl=1&resize=700%2C400 2x, https:\/\/i0.wp.com\/noticiasribeiraopreto.com.br\/wp-content\/uploads\/2024\/08\/Copia-de-Copia-de-TAMANHO-EXATO-PARA-FOTOS-NO-SISTEMA-NOVO-15_2024-07-10_14-38-39_jpg_2024-07-10_14-38-39.webp.webp?fit=1200%2C675&ssl=1&resize=1050%2C600 3x"},"classes":[]},{"id":65855,"url":"https:\/\/noticiasribeiraopreto.com.br\/index.php\/2025\/03\/25\/bairros-de-ribeirao-preto-estao-em-alerta-para-falta-dagua-veja-locais-2\/","url_meta":{"origin":70036,"position":1},"title":"Bairros de Ribeir\u00e3o Preto est\u00e3o em alerta para falta d\u2019\u00e1gua; Veja locais","author":"noticiasribeiraopreto.com.br","date":"25 de March de 2025","format":false,"excerpt":"A Saerp (Secretaria de \u00c1gua e Esgoto de Ribeir\u00e3o Preto) informou nesta ter\u00e7a-feira (25) que seis bairros de Ribeir\u00e3o Preto podem ficar sem \u00e1gua. De acordo com a secretaria, uma equipe est\u00e1 realizando a limpeza e profilaxia do sistema de abastecimento nos reservat\u00f3rios Parque dos Lagos 1 e 2. O\u2026","rel":"","context":"In &quot;Not\u00edcias de Ribeir\u00e3o Preto-SP e Regi\u00e3o&quot;","block_context":{"text":"Not\u00edcias de Ribeir\u00e3o Preto-SP e Regi\u00e3o","link":"https:\/\/noticiasribeiraopreto.com.br\/index.php\/category\/noticias-de-ribeirao-preto-sp-e-regiao-ismael-colosi\/"},"img":{"alt_text":"","src":"https:\/\/i0.wp.com\/noticiasribeiraopreto.com.br\/wp-content\/uploads\/2025\/01\/close-up-da-agua-caindo-da-torneira_1048944-30000278_2025-01-21_13-30-54_jpg_2025-01-21_13-30-54.webp.webp?fit=740%2C493&ssl=1&resize=350%2C200","width":350,"height":200,"srcset":"https:\/\/i0.wp.com\/noticiasribeiraopreto.com.br\/wp-content\/uploads\/2025\/01\/close-up-da-agua-caindo-da-torneira_1048944-30000278_2025-01-21_13-30-54_jpg_2025-01-21_13-30-54.webp.webp?fit=740%2C493&ssl=1&resize=350%2C200 1x, https:\/\/i0.wp.com\/noticiasribeiraopreto.com.br\/wp-content\/uploads\/2025\/01\/close-up-da-agua-caindo-da-torneira_1048944-30000278_2025-01-21_13-30-54_jpg_2025-01-21_13-30-54.webp.webp?fit=740%2C493&ssl=1&resize=525%2C300 1.5x, https:\/\/i0.wp.com\/noticiasribeiraopreto.com.br\/wp-content\/uploads\/2025\/01\/close-up-da-agua-caindo-da-torneira_1048944-30000278_2025-01-21_13-30-54_jpg_2025-01-21_13-30-54.webp.webp?fit=740%2C493&ssl=1&resize=700%2C400 2x"},"classes":[]},{"id":58984,"url":"https:\/\/noticiasribeiraopreto.com.br\/index.php\/2024\/10\/11\/saerp-alerta-para-falta-dagua-em-oito-bairros-de-ribeirao-preto-veja-onde\/","url_meta":{"origin":70036,"position":2},"title":"Saerp alerta para falta d&#8217;\u00e1gua em oito bairros de Ribeir\u00e3o Preto; Veja onde","author":"noticiasribeiraopreto.com.br","date":"11 de October de 2024","format":false,"excerpt":"A Saerp (Secretaria de \u00c1gua e Esgoto de Ribeir\u00e3o Preto) informou nesta sexta-feira (11) que oito bairros de Ribeir\u00e3o Preto podem apresentar falta d\u2019\u00e1gua. De acordo com a secretaria, o Po\u00e7o Ribeirania IV est\u00e1 paralisado devido a uma queda de energia, o que pode gerar falhas no abastecimento dos seguintes\u2026","rel":"","context":"In &quot;Not\u00edcias de Ribeir\u00e3o Preto-SP e Regi\u00e3o&quot;","block_context":{"text":"Not\u00edcias de Ribeir\u00e3o Preto-SP e Regi\u00e3o","link":"https:\/\/noticiasribeiraopreto.com.br\/index.php\/category\/noticias-de-ribeirao-preto-sp-e-regiao-ismael-colosi\/"},"img":{"alt_text":"","src":"https:\/\/i0.wp.com\/noticiasribeiraopreto.com.br\/wp-content\/uploads\/2024\/08\/Copia-de-Copia-de-TAMANHO-EXATO-PARA-FOTOS-NO-SISTEMA-NOVO-15_2024-07-10_14-38-39_jpg_2024-07-10_14-38-39.webp.webp?fit=1200%2C675&ssl=1&resize=350%2C200","width":350,"height":200,"srcset":"https:\/\/i0.wp.com\/noticiasribeiraopreto.com.br\/wp-content\/uploads\/2024\/08\/Copia-de-Copia-de-TAMANHO-EXATO-PARA-FOTOS-NO-SISTEMA-NOVO-15_2024-07-10_14-38-39_jpg_2024-07-10_14-38-39.webp.webp?fit=1200%2C675&ssl=1&resize=350%2C200 1x, https:\/\/i0.wp.com\/noticiasribeiraopreto.com.br\/wp-content\/uploads\/2024\/08\/Copia-de-Copia-de-TAMANHO-EXATO-PARA-FOTOS-NO-SISTEMA-NOVO-15_2024-07-10_14-38-39_jpg_2024-07-10_14-38-39.webp.webp?fit=1200%2C675&ssl=1&resize=525%2C300 1.5x, https:\/\/i0.wp.com\/noticiasribeiraopreto.com.br\/wp-content\/uploads\/2024\/08\/Copia-de-Copia-de-TAMANHO-EXATO-PARA-FOTOS-NO-SISTEMA-NOVO-15_2024-07-10_14-38-39_jpg_2024-07-10_14-38-39.webp.webp?fit=1200%2C675&ssl=1&resize=700%2C400 2x, https:\/\/i0.wp.com\/noticiasribeiraopreto.com.br\/wp-content\/uploads\/2024\/08\/Copia-de-Copia-de-TAMANHO-EXATO-PARA-FOTOS-NO-SISTEMA-NOVO-15_2024-07-10_14-38-39_jpg_2024-07-10_14-38-39.webp.webp?fit=1200%2C675&ssl=1&resize=1050%2C600 3x"},"classes":[]},{"id":70622,"url":"https:\/\/noticiasribeiraopreto.com.br\/index.php\/2025\/05\/28\/seis-bairros-tem-alerta-de-falta-dagua-na-zona-leste-de-ribeirao-preto-veja-lista\/","url_meta":{"origin":70036,"position":3},"title":"Seis bairros t\u00eam alerta de falta d&#8217;\u00e1gua na zona Leste de Ribeir\u00e3o Preto; Veja lista","author":"noticiasribeiraopreto.com.br","date":"28 de May de 2025","format":false,"excerpt":"A Saerp (Secretaria de \u00c1gua e Esgoto de Ribeir\u00e3o Preto) emitiu um alerta nesta quarta-feira (28) para o risco de falta d\u2019\u00e1gua em seis bairros da zona Leste da cidade. Veja os bairros: Lagoinha Parque Bandeirantes Jardim Paulista Jardim Paulistano Castelo Branco Ribeir\u00e2nia (parte) A Saerp infomou que realiza a\u2026","rel":"","context":"In &quot;Not\u00edcias de Ribeir\u00e3o Preto-SP e Regi\u00e3o&quot;","block_context":{"text":"Not\u00edcias de Ribeir\u00e3o Preto-SP e Regi\u00e3o","link":"https:\/\/noticiasribeiraopreto.com.br\/index.php\/category\/noticias-de-ribeirao-preto-sp-e-regiao-ismael-colosi\/"},"img":{"alt_text":"","src":"https:\/\/i0.wp.com\/noticiasribeiraopreto.com.br\/wp-content\/uploads\/2025\/05\/torneira_falta_1024x576_01122020133928.jpg?fit=1024%2C576&ssl=1&resize=350%2C200","width":350,"height":200,"srcset":"https:\/\/i0.wp.com\/noticiasribeiraopreto.com.br\/wp-content\/uploads\/2025\/05\/torneira_falta_1024x576_01122020133928.jpg?fit=1024%2C576&ssl=1&resize=350%2C200 1x, https:\/\/i0.wp.com\/noticiasribeiraopreto.com.br\/wp-content\/uploads\/2025\/05\/torneira_falta_1024x576_01122020133928.jpg?fit=1024%2C576&ssl=1&resize=525%2C300 1.5x, https:\/\/i0.wp.com\/noticiasribeiraopreto.com.br\/wp-content\/uploads\/2025\/05\/torneira_falta_1024x576_01122020133928.jpg?fit=1024%2C576&ssl=1&resize=700%2C400 2x"},"classes":[]},{"id":60768,"url":"https:\/\/noticiasribeiraopreto.com.br\/index.php\/2024\/11\/25\/nove-bairros-tem-alerta-para-falta-dagua-na-zona-leste-de-ribeirao-veja-quais\/","url_meta":{"origin":70036,"position":4},"title":"Nove bairros t\u00eam alerta para falta d\u2019\u00e1gua na zona Leste de Ribeir\u00e3o; Veja quais","author":"noticiasribeiraopreto.com.br","date":"25 de November de 2024","format":false,"excerpt":"A Saerp (Secretaria de \u00c1gua e Esgoto de Ribeir\u00e3o Preto) emitiu, nesta segunda-feira (25), alerta para o risco de falta d\u2019\u00e1gua em nove bairros da zona Leste da cidade. Veja os bairros: 1 \u2013 Interliga\u00e7\u00e3o de rede de abastecimento no Reservat\u00f3rio Palmares Jardim Palmares Jardim Zara Jardim Novo Mundo Jardim\u2026","rel":"","context":"In &quot;Not\u00edcias de Ribeir\u00e3o Preto-SP e Regi\u00e3o&quot;","block_context":{"text":"Not\u00edcias de Ribeir\u00e3o Preto-SP e Regi\u00e3o","link":"https:\/\/noticiasribeiraopreto.com.br\/index.php\/category\/noticias-de-ribeirao-preto-sp-e-regiao-ismael-colosi\/"},"img":{"alt_text":"","src":"https:\/\/i0.wp.com\/noticiasribeiraopreto.com.br\/wp-content\/uploads\/2024\/11\/capa_manutencao_matadouro1_2024-05-08_20-04-56_jpeg_2024-05-08_20-04-57.webp.webp?fit=1200%2C1033&ssl=1&resize=350%2C200","width":350,"height":200,"srcset":"https:\/\/i0.wp.com\/noticiasribeiraopreto.com.br\/wp-content\/uploads\/2024\/11\/capa_manutencao_matadouro1_2024-05-08_20-04-56_jpeg_2024-05-08_20-04-57.webp.webp?fit=1200%2C1033&ssl=1&resize=350%2C200 1x, https:\/\/i0.wp.com\/noticiasribeiraopreto.com.br\/wp-content\/uploads\/2024\/11\/capa_manutencao_matadouro1_2024-05-08_20-04-56_jpeg_2024-05-08_20-04-57.webp.webp?fit=1200%2C1033&ssl=1&resize=525%2C300 1.5x, https:\/\/i0.wp.com\/noticiasribeiraopreto.com.br\/wp-content\/uploads\/2024\/11\/capa_manutencao_matadouro1_2024-05-08_20-04-56_jpeg_2024-05-08_20-04-57.webp.webp?fit=1200%2C1033&ssl=1&resize=700%2C400 2x, https:\/\/i0.wp.com\/noticiasribeiraopreto.com.br\/wp-content\/uploads\/2024\/11\/capa_manutencao_matadouro1_2024-05-08_20-04-56_jpeg_2024-05-08_20-04-57.webp.webp?fit=1200%2C1033&ssl=1&resize=1050%2C600 3x"},"classes":[]},{"id":57350,"url":"https:\/\/noticiasribeiraopreto.com.br\/index.php\/2024\/08\/29\/saerp-alerta-para-falta-dagua-em-bairros-da-zona-norte-de-ribeirao-veja-quais\/","url_meta":{"origin":70036,"position":5},"title":"Saerp alerta para falta d&#8217;\u00e1gua em bairros da zona Norte de Ribeir\u00e3o; Veja quais","author":"noticiasribeiraopreto.com.br","date":"29 de August de 2024","format":false,"excerpt":"A Secretaria de \u00c1gua e Esgoto de Ribeir\u00e3o Preto (Saerp) emitiu um novo alerta para falta d\u2019\u00e1gua em bairros na zona Norte do munic\u00edpio, nesta quinta-feira (29). Conforme o comunicado, equipes est\u00e3o realizando uma interliga\u00e7\u00e3o de rede no Po\u00e7o Vila Tecnol\u00f3gica, com o intuito da a\u00e7\u00e3o \u00e9 melhorar o abastecimento\u2026","rel":"","context":"In &quot;Not\u00edcias de Ribeir\u00e3o Preto-SP e Regi\u00e3o&quot;","block_context":{"text":"Not\u00edcias de Ribeir\u00e3o Preto-SP e Regi\u00e3o","link":"https:\/\/noticiasribeiraopreto.com.br\/index.php\/category\/noticias-de-ribeirao-preto-sp-e-regiao-ismael-colosi\/"},"img":{"alt_text":"","src":"https:\/\/i0.wp.com\/noticiasribeiraopreto.com.br\/wp-content\/uploads\/2024\/08\/Copia-de-Copia-de-TAMANHO-EXATO-PARA-FOTOS-NO-SISTEMA-NOVO-24_2024-07-16_12-53-45_jpg_2024-07-16_12-53-45.webp.webp?fit=1200%2C675&ssl=1&resize=350%2C200","width":350,"height":200,"srcset":"https:\/\/i0.wp.com\/noticiasribeiraopreto.com.br\/wp-content\/uploads\/2024\/08\/Copia-de-Copia-de-TAMANHO-EXATO-PARA-FOTOS-NO-SISTEMA-NOVO-24_2024-07-16_12-53-45_jpg_2024-07-16_12-53-45.webp.webp?fit=1200%2C675&ssl=1&resize=350%2C200 1x, https:\/\/i0.wp.com\/noticiasribeiraopreto.com.br\/wp-content\/uploads\/2024\/08\/Copia-de-Copia-de-TAMANHO-EXATO-PARA-FOTOS-NO-SISTEMA-NOVO-24_2024-07-16_12-53-45_jpg_2024-07-16_12-53-45.webp.webp?fit=1200%2C675&ssl=1&resize=525%2C300 1.5x, https:\/\/i0.wp.com\/noticiasribeiraopreto.com.br\/wp-content\/uploads\/2024\/08\/Copia-de-Copia-de-TAMANHO-EXATO-PARA-FOTOS-NO-SISTEMA-NOVO-24_2024-07-16_12-53-45_jpg_2024-07-16_12-53-45.webp.webp?fit=1200%2C675&ssl=1&resize=700%2C400 2x, https:\/\/i0.wp.com\/noticiasribeiraopreto.com.br\/wp-content\/uploads\/2024\/08\/Copia-de-Copia-de-TAMANHO-EXATO-PARA-FOTOS-NO-SISTEMA-NOVO-24_2024-07-16_12-53-45_jpg_2024-07-16_12-53-45.webp.webp?fit=1200%2C675&ssl=1&resize=1050%2C600 3x"},"classes":[]}],"jetpack_sharing_enabled":true,"jetpack_shortlink":"https:\/\/wp.me\/peQAOb-idC","_links":{"self":[{"href":"https:\/\/noticiasribeiraopreto.com.br\/index.php\/wp-json\/wp\/v2\/posts\/70036","targetHints":{"allow":["GET"]}}],"collection":[{"href":"https:\/\/noticiasribeiraopreto.com.br\/index.php\/wp-json\/wp\/v2\/posts"}],"about":[{"href":"https:\/\/noticiasribeiraopreto.com.br\/index.php\/wp-json\/wp\/v2\/types\/post"}],"author":[{"embeddable":true,"href":"https:\/\/noticiasribeiraopreto.com.br\/index.php\/wp-json\/wp\/v2\/users\/1"}],"replies":[{"embeddable":true,"href":"https:\/\/noticiasribeiraopreto.com.br\/index.php\/wp-json\/wp\/v2\/comments?post=70036"}],"version-history":[{"count":0,"href":"https:\/\/noticiasribeiraopreto.com.br\/index.php\/wp-json\/wp\/v2\/posts\/70036\/revisions"}],"wp:featuredmedia":[{"embeddable":true,"href":"https:\/\/noticiasribeiraopreto.com.br\/index.php\/wp-json\/wp\/v2\/media\/70037"}],"wp:attachment":[{"href":"https:\/\/noticiasribeiraopreto.com.br\/index.php\/wp-json\/wp\/v2\/media?parent=70036"}],"wp:term":[{"taxonomy":"category","embeddable":true,"href":"https:\/\/noticiasribeiraopreto.com.br\/index.php\/wp-json\/wp\/v2\/categories?post=70036"},{"taxonomy":"post_tag","embeddable":true,"href":"https:\/\/noticiasribeiraopreto.com.br\/index.php\/wp-json\/wp\/v2\/tags?post=70036"}],"curies":[{"name":"wp","href":"https:\/\/api.w.org\/{rel}","templated":true}]}}