{"id":70038,"date":"2025-05-22T09:10:59","date_gmt":"2025-05-22T12:10:59","guid":{"rendered":"https:\/\/noticiasribeiraopreto.com.br\/index.php\/2025\/05\/22\/depois-de-problemas-na-praca-nossa-senhora-da-conceicao-agora-e-praca-barao-que-sera-fechada\/"},"modified":"2025-05-22T09:10:59","modified_gmt":"2025-05-22T12:10:59","slug":"depois-de-problemas-na-praca-nossa-senhora-da-conceicao-agora-e-praca-barao-que-sera-fechada","status":"publish","type":"post","link":"https:\/\/noticiasribeiraopreto.com.br\/index.php\/2025\/05\/22\/depois-de-problemas-na-praca-nossa-senhora-da-conceicao-agora-e-praca-barao-que-sera-fechada\/","title":{"rendered":"Depois de problemas na pra\u00e7a Nossa Senhora da Concei\u00e7\u00e3o, agora \u00e9 pra\u00e7a Bar\u00e3o que ser\u00e1 fechada"},"content":{"rendered":"<p> <br \/>\n<\/p>\n<div>\n<p>As obras de remodela\u00e7\u00e3o do Centro de Franca ainda v\u00e3o continuar e agora a pra\u00e7a Bar\u00e3o vai ser fechada. Essas obras foram feitas na pra\u00e7a Nossa Senhora da Concei\u00e7\u00e3o e tiveram v\u00e1rios problemas, atrasos.<\/p>\n<p>Quem mora na regi\u00e3o, tem com\u00e9rcio ou trabalha diz estar preocupado. Na instala\u00e7\u00e3o de tapumes, houve reclama\u00e7\u00e3o para a empresa que executa a interven\u00e7\u00e3o e \u00e9 a mesma que atuou na pra\u00e7a Nossa Senhora da Concei\u00e7\u00e3o. Conforme apurado, ainda foi acionada a Prefeitura de Franca para dar explica\u00e7\u00f5es aos comerciantes sobre os procedimentos de fechamento da pra\u00e7a Bar\u00e3o.<\/p>\n<p>Os problemas na obra<\/p>\n<p>Os taxistas que trabalham h\u00e1 d\u00e9cadas na Pra\u00e7a Nossa Senhora da Concei\u00e7\u00e3o, no Centro de Franca, est\u00e3o na imin\u00eancia de ter o abastecimento de \u00e1gua cortado por que a empresa contratada pela Prefeitura de Franca para fazer a reforma no local n\u00e3o pagou duas contas. Uma delas tem valor de mais de R$ 1 mil, total muito acima do que \u00e9 consumido pelos profissionais que atuam no local.<\/p>\n<p>As obras da pra\u00e7a est\u00e3o atrasadas e o que era para durar em torno de seis meses, j\u00e1 tem dura\u00e7\u00e3o de mais de 14 meses. A licita\u00e7\u00e3o da Prefeitura definiu a contrata\u00e7\u00e3o no valor de quase R$ 2,5 milh\u00f5es com dinheiro p\u00fablico.<\/p>\n<p>Os taxistas que trabalham na pra\u00e7a central relataram que a empresa vinha pagando os valores, mesmo com atraso, mas que de dois meses para c\u00e1 os contatos ficaram mais dif\u00edceis e sem retorno para quita\u00e7\u00e3o das contas.<\/p>\n<p>Oficialmente, a Prefeitura de Franca foi procurada pelo F3 Not\u00edcias e informou que o acordo sobre esse pagamento da conta envolve os taxistas e a empresa.<\/p>\n<p>\u201cA Secretaria de Infraestrutura informa que, segundo o engenheiro respons\u00e1vel pela empresa, o repasse destes custos est\u00e1 sendo feito pela empresa diretamente aos taxistas do local, que fazem o acerto das despesas relacionadas ao uso da \u00e1gua na pra\u00e7a\u201d, informou.<\/p>\n<p>Como a Prefeitura de Franca \u00e9 a contratante, cabe a ela a fiscaliza\u00e7\u00e3o do andamento da obra.<\/p>\n<p>Reforma intermin\u00e1vel<\/p>\n<p>A obras envolvem o processo n\u00ba 20616\/22, Concorr\u00eancia n\u00ba 05\/23 e acontecem no entorno das ruas Monsenhor Rosa, Major Claudiano, do Com\u00e9rcio, Marechal Deodoro, General Teles, Volunt\u00e1rios da Franca e Saldanha Marinho, no Centro de Franca.<\/p>\n<p>A empresa que foi contratada pelo governo municipal \u00e9 a Terra Incorporadora e Construtora Ltda e como ocorreram sucessivos atrasos, o contrato foi aditado. A Pra\u00e7a Nossa Senhora da Concei\u00e7\u00e3o, um dos cart\u00f5es postais da cidade, n\u00e3o ficou pronta para o anivers\u00e1rio de 200 anos, em novembro. A licita\u00e7\u00e3o da Prefeitura de Franca que definiu a empresa vencedora envolvia que a reforma fosse conclu\u00edda para a data especial para o munic\u00edpio. O extrato de contrato do certame foi publicado no Di\u00e1rio Oficial em 16 de dezembro de 2023. A empresa Terra Incorporadora e Construtora Ltda apresentou o valor de R$ 2.423.118,56 para vencer o certame.<\/p>\n<p>Por conta do aditamento do contrato para dar mais tempo para a realiza\u00e7\u00e3o da obra, a Prefeitura de Franca informou que ficou suprimido o valor correspondente a R$ 422.094,17 ao contrato, conforme solicita\u00e7\u00e3o e justificativas da Secretaria Municipal de Infraestrutura. O valor n\u00e3o estaria sendo repassado por conta do andamento da execu\u00e7\u00e3o das atividades.<\/p>\n<p><!-- CONTENT END 1 --><\/p><\/div>\n<p><br \/>\n<br \/><a href=\"https:\/\/www.f3noticias.com.br\/depois-de-problemas-na-praca-nossa-senhora-da-conceicao-agora-e-praca-barao-que-sera-fechada\/\">Source link <\/a><\/p>\n","protected":false},"excerpt":{"rendered":"<p>As obras de remodela\u00e7\u00e3o do Centro de Franca ainda v\u00e3o continuar e agora a pra\u00e7a Bar\u00e3o vai ser fechada. Essas obras foram feitas na pra\u00e7a&#8230;<\/p>\n","protected":false},"author":1,"featured_media":70039,"comment_status":"open","ping_status":"open","sticky":false,"template":"","format":"standard","meta":{"advanced_seo_description":"","jetpack_seo_html_title":"","jetpack_seo_noindex":false,"jetpack_post_was_ever_published":false,"_jetpack_newsletter_access":"","_jetpack_dont_email_post_to_subs":false,"_jetpack_newsletter_tier_id":0,"_jetpack_memberships_contains_paywalled_content":false,"_jetpack_memberships_contains_paid_content":false,"footnotes":"","jetpack_publicize_message":"","jetpack_publicize_feature_enabled":true,"jetpack_social_post_already_shared":true,"jetpack_social_options":{"image_generator_settings":{"template":"highway","default_image_id":0,"font":"","enabled":false},"version":2}},"categories":[3597],"tags":[],"class_list":["post-70038","post","type-post","status-publish","format-standard","has-post-thumbnail","hentry","category-noticias-franca-sp"],"jetpack_publicize_connections":[],"jetpack_featured_media_url":"https:\/\/i0.wp.com\/noticiasribeiraopreto.com.br\/wp-content\/uploads\/2025\/05\/Screenshot_20250520_190846_Gallery.jpg?fit=1713%2C1078&ssl=1","jetpack-related-posts":[{"id":69512,"url":"https:\/\/noticiasribeiraopreto.com.br\/index.php\/2025\/05\/06\/video-apos-quase-r-25-milhoes-e-atrasos-veja-situacao-de-praca-cartao-postal-de-franca\/","url_meta":{"origin":70038,"position":0},"title":"V\u00eddeo: Ap\u00f3s quase R$ 2,5 milh\u00f5es e atrasos, veja situa\u00e7\u00e3o de pra\u00e7a cart\u00e3o postal de Franca","author":"noticiasribeiraopreto.com.br","date":"6 de May de 2025","format":false,"excerpt":"A Pra\u00e7a Nossa Senhora da Concei\u00e7\u00e3o, no cora\u00e7\u00e3o de Franca, ainda n\u00e3o teve suas obras conclu\u00eddas. Os gastos alcan\u00e7am quase R$ 2,5 milh\u00f5es e o projeto era ter o local pronto para os 200 anos da cidade, em novembro de 2024. Incluindo a licita\u00e7\u00e3o, a Prefeitura de Franca come\u00e7ou essa\u2026","rel":"","context":"In &quot;Not\u00edcias de Franca-SP&quot;","block_context":{"text":"Not\u00edcias de Franca-SP","link":"https:\/\/noticiasribeiraopreto.com.br\/index.php\/category\/noticias-de-ribeirao-preto-sp-e-regiao-ismael-colosi\/noticias-franca-sp\/"},"img":{"alt_text":"","src":"https:\/\/i0.wp.com\/noticiasribeiraopreto.com.br\/wp-content\/uploads\/2025\/05\/Screenshot_20250506_204232_Gallery.jpg?fit=1200%2C849&ssl=1&resize=350%2C200","width":350,"height":200,"srcset":"https:\/\/i0.wp.com\/noticiasribeiraopreto.com.br\/wp-content\/uploads\/2025\/05\/Screenshot_20250506_204232_Gallery.jpg?fit=1200%2C849&ssl=1&resize=350%2C200 1x, https:\/\/i0.wp.com\/noticiasribeiraopreto.com.br\/wp-content\/uploads\/2025\/05\/Screenshot_20250506_204232_Gallery.jpg?fit=1200%2C849&ssl=1&resize=525%2C300 1.5x, https:\/\/i0.wp.com\/noticiasribeiraopreto.com.br\/wp-content\/uploads\/2025\/05\/Screenshot_20250506_204232_Gallery.jpg?fit=1200%2C849&ssl=1&resize=700%2C400 2x, https:\/\/i0.wp.com\/noticiasribeiraopreto.com.br\/wp-content\/uploads\/2025\/05\/Screenshot_20250506_204232_Gallery.jpg?fit=1200%2C849&ssl=1&resize=1050%2C600 3x"},"classes":[]},{"id":68095,"url":"https:\/\/noticiasribeiraopreto.com.br\/index.php\/2025\/04\/22\/jornal-da-franca-atraso-em-obras-na-praca-central-e-convocacao-de-medicos-serao-debatidos-na-camara\/","url_meta":{"origin":70038,"position":1},"title":"Jornal da Franca &#8211; Atraso em obras na Pra\u00e7a Central e convoca\u00e7\u00e3o de m\u00e9dicos ser\u00e3o debatidos na C\u00e2mara\u00a0","author":"noticiasribeiraopreto.com.br","date":"22 de April de 2025","format":false,"excerpt":"compartilhar no whatsapp compartilhar no telegram compartilhar no facebook compartilhar no linkedin Requerimentos s\u00e3o forma de vereadores questionarem assuntos de interesse dos francanos Sobre infraestrutura, o vice-presidente da Casa de Leis vereador Walker Bombeiro da Libras (PL) questiona a Prefeitura atrav\u00e9s do Requerimento n\u00ba 336 de 2025 Informa\u00e7\u00f5es sobre obras\u2026","rel":"","context":"In &quot;Not\u00edcias de Franca-SP&quot;","block_context":{"text":"Not\u00edcias de Franca-SP","link":"https:\/\/noticiasribeiraopreto.com.br\/index.php\/category\/noticias-de-ribeirao-preto-sp-e-regiao-ismael-colosi\/noticias-franca-sp\/"},"img":{"alt_text":"","src":"https:\/\/i0.wp.com\/noticiasribeiraopreto.com.br\/wp-content\/uploads\/2025\/04\/1745340544_plenariodiagonal_1.jpg?fit=930%2C558&ssl=1&resize=350%2C200","width":350,"height":200,"srcset":"https:\/\/i0.wp.com\/noticiasribeiraopreto.com.br\/wp-content\/uploads\/2025\/04\/1745340544_plenariodiagonal_1.jpg?fit=930%2C558&ssl=1&resize=350%2C200 1x, https:\/\/i0.wp.com\/noticiasribeiraopreto.com.br\/wp-content\/uploads\/2025\/04\/1745340544_plenariodiagonal_1.jpg?fit=930%2C558&ssl=1&resize=525%2C300 1.5x, https:\/\/i0.wp.com\/noticiasribeiraopreto.com.br\/wp-content\/uploads\/2025\/04\/1745340544_plenariodiagonal_1.jpg?fit=930%2C558&ssl=1&resize=700%2C400 2x"},"classes":[]},{"id":69805,"url":"https:\/\/noticiasribeiraopreto.com.br\/index.php\/2025\/05\/09\/empresa-contratada-pela-prefeitura-de-franca-para-obras-em-praca-nao-paga-contas-de-agua\/","url_meta":{"origin":70038,"position":2},"title":"Empresa contratada pela Prefeitura de Franca para obras em pra\u00e7a n\u00e3o paga contas de \u00e1gua","author":"noticiasribeiraopreto.com.br","date":"9 de May de 2025","format":false,"excerpt":"Os taxistas que trabalham h\u00e1 d\u00e9cadas na Pra\u00e7a Nossa Senhora da Concei\u00e7\u00e3o, no Centro de Franca, est\u00e3o na imin\u00eancia de ter o abastecimento de \u00e1gua cortado por que a empresa contratada pela Prefeitura de Franca para fazer a reforma no local n\u00e3o pagou duas contas. Uma delas tem valor de\u2026","rel":"","context":"In &quot;Not\u00edcias de Franca-SP&quot;","block_context":{"text":"Not\u00edcias de Franca-SP","link":"https:\/\/noticiasribeiraopreto.com.br\/index.php\/category\/noticias-de-ribeirao-preto-sp-e-regiao-ismael-colosi\/noticias-franca-sp\/"},"img":{"alt_text":"","src":"https:\/\/i0.wp.com\/noticiasribeiraopreto.com.br\/wp-content\/uploads\/2025\/05\/1746802205_logo.png?fit=1200%2C630&ssl=1&resize=350%2C200","width":350,"height":200,"srcset":"https:\/\/i0.wp.com\/noticiasribeiraopreto.com.br\/wp-content\/uploads\/2025\/05\/1746802205_logo.png?fit=1200%2C630&ssl=1&resize=350%2C200 1x, https:\/\/i0.wp.com\/noticiasribeiraopreto.com.br\/wp-content\/uploads\/2025\/05\/1746802205_logo.png?fit=1200%2C630&ssl=1&resize=525%2C300 1.5x, https:\/\/i0.wp.com\/noticiasribeiraopreto.com.br\/wp-content\/uploads\/2025\/05\/1746802205_logo.png?fit=1200%2C630&ssl=1&resize=700%2C400 2x, https:\/\/i0.wp.com\/noticiasribeiraopreto.com.br\/wp-content\/uploads\/2025\/05\/1746802205_logo.png?fit=1200%2C630&ssl=1&resize=1050%2C600 3x"},"classes":[]},{"id":69326,"url":"https:\/\/noticiasribeiraopreto.com.br\/index.php\/2025\/05\/05\/jornal-da-franca-voce-alimenta-pombos-na-praca-da-matriz-saiba-os-perigos-que-essa-ave-pode-trazer\/","url_meta":{"origin":70038,"position":3},"title":"Jornal da Franca &#8211; Voc\u00ea alimenta pombos na Pra\u00e7a da Matriz? Saiba os perigos que essa ave pode trazer","author":"noticiasribeiraopreto.com.br","date":"5 de May de 2025","format":false,"excerpt":"compartilhar no whatsapp compartilhar no telegram compartilhar no facebook compartilhar no linkedin Apesar da apar\u00eancia inofensiva, esses animais trazem riscos para a sa\u00fade dos seres humanos Alimentar pombos em pra\u00e7as p\u00fablicas pode parecer um ato de carinho, exemplo do que vemos diariamente nas pra\u00e7as de Franca, especialmente na pra\u00e7a da\u2026","rel":"","context":"In &quot;Not\u00edcias de Franca-SP&quot;","block_context":{"text":"Not\u00edcias de Franca-SP","link":"https:\/\/noticiasribeiraopreto.com.br\/index.php\/category\/noticias-de-ribeirao-preto-sp-e-regiao-ismael-colosi\/noticias-franca-sp\/"},"img":{"alt_text":"","src":"https:\/\/i0.wp.com\/noticiasribeiraopreto.com.br\/wp-content\/uploads\/2025\/05\/images-63.jpeg?fit=626%2C417&ssl=1&resize=350%2C200","width":350,"height":200,"srcset":"https:\/\/i0.wp.com\/noticiasribeiraopreto.com.br\/wp-content\/uploads\/2025\/05\/images-63.jpeg?fit=626%2C417&ssl=1&resize=350%2C200 1x, https:\/\/i0.wp.com\/noticiasribeiraopreto.com.br\/wp-content\/uploads\/2025\/05\/images-63.jpeg?fit=626%2C417&ssl=1&resize=525%2C300 1.5x"},"classes":[]},{"id":68833,"url":"https:\/\/noticiasribeiraopreto.com.br\/index.php\/2025\/04\/29\/jornal-da-franca-vereadores-discutem-na-camara-melhoria-na-regiao-central-e-estudo-sobre-centro-pop\/","url_meta":{"origin":70038,"position":4},"title":"Jornal da Franca &#8211; Vereadores discutem na C\u00e2mara melhoria na regi\u00e3o central e estudo sobre Centro Pop\u00a0\u00a0","author":"noticiasribeiraopreto.com.br","date":"29 de April de 2025","format":false,"excerpt":"compartilhar no whatsapp compartilhar no telegram compartilhar no facebook compartilhar no linkedin Projetos incluem obras de manuten\u00e7\u00e3o e ilumina\u00e7\u00e3o, al\u00e9m de estudos sobre reforma de pra\u00e7as e implanta\u00e7\u00e3o do Procon Na sess\u00e3o desta ter\u00e7a-feira (29), os vereadores da C\u00e2mara Municipal de Franca ir\u00e3o debater sete requerimentos, sendo que cinco deles\u2026","rel":"","context":"In &quot;Not\u00edcias de Franca-SP&quot;","block_context":{"text":"Not\u00edcias de Franca-SP","link":"https:\/\/noticiasribeiraopreto.com.br\/index.php\/category\/noticias-de-ribeirao-preto-sp-e-regiao-ismael-colosi\/noticias-franca-sp\/"},"img":{"alt_text":"","src":"https:\/\/i0.wp.com\/noticiasribeiraopreto.com.br\/wp-content\/uploads\/2025\/04\/IMG-20250428-WA0010-1.jpg?fit=838%2C562&ssl=1&resize=350%2C200","width":350,"height":200,"srcset":"https:\/\/i0.wp.com\/noticiasribeiraopreto.com.br\/wp-content\/uploads\/2025\/04\/IMG-20250428-WA0010-1.jpg?fit=838%2C562&ssl=1&resize=350%2C200 1x, https:\/\/i0.wp.com\/noticiasribeiraopreto.com.br\/wp-content\/uploads\/2025\/04\/IMG-20250428-WA0010-1.jpg?fit=838%2C562&ssl=1&resize=525%2C300 1.5x, https:\/\/i0.wp.com\/noticiasribeiraopreto.com.br\/wp-content\/uploads\/2025\/04\/IMG-20250428-WA0010-1.jpg?fit=838%2C562&ssl=1&resize=700%2C400 2x"},"classes":[]},{"id":58982,"url":"https:\/\/noticiasribeiraopreto.com.br\/index.php\/2024\/10\/11\/veja-a-historia-da-imagem-de-nossa-senhora-que-foi-roubada-e-ficou-intacta-apos-incendio\/","url_meta":{"origin":70038,"position":5},"title":"Veja a hist\u00f3ria da imagem de Nossa Senhora que foi roubada e ficou intacta ap\u00f3s inc\u00eandio","author":"noticiasribeiraopreto.com.br","date":"11 de October de 2024","format":false,"excerpt":"A imagem de Nossa Senhora j\u00e1 foi alvo de roubo e ficou intacta, depois que um inc\u00eandio atingiu a capela onde a santa era venerada, em Aparecida de Monte Alto, distrito de Monte Alto,\u00a0cidade a aproximadamente 80 quil\u00f4metros de Ribeir\u00e3o Preto. O local hoje abriga o Santu\u00e1rio Diocesano de Nossa\u2026","rel":"","context":"In &quot;Not\u00edcias de Ribeir\u00e3o Preto-SP e Regi\u00e3o&quot;","block_context":{"text":"Not\u00edcias de Ribeir\u00e3o Preto-SP e Regi\u00e3o","link":"https:\/\/noticiasribeiraopreto.com.br\/index.php\/category\/noticias-de-ribeirao-preto-sp-e-regiao-ismael-colosi\/"},"img":{"alt_text":"","src":"https:\/\/i0.wp.com\/noticiasribeiraopreto.com.br\/wp-content\/uploads\/2024\/10\/NOSSA-SENHORA_2024-10-11_12-01-45_jpg_2024-10-11_12-01-46.webp.webp?fit=1200%2C831&ssl=1&resize=350%2C200","width":350,"height":200,"srcset":"https:\/\/i0.wp.com\/noticiasribeiraopreto.com.br\/wp-content\/uploads\/2024\/10\/NOSSA-SENHORA_2024-10-11_12-01-45_jpg_2024-10-11_12-01-46.webp.webp?fit=1200%2C831&ssl=1&resize=350%2C200 1x, https:\/\/i0.wp.com\/noticiasribeiraopreto.com.br\/wp-content\/uploads\/2024\/10\/NOSSA-SENHORA_2024-10-11_12-01-45_jpg_2024-10-11_12-01-46.webp.webp?fit=1200%2C831&ssl=1&resize=525%2C300 1.5x, https:\/\/i0.wp.com\/noticiasribeiraopreto.com.br\/wp-content\/uploads\/2024\/10\/NOSSA-SENHORA_2024-10-11_12-01-45_jpg_2024-10-11_12-01-46.webp.webp?fit=1200%2C831&ssl=1&resize=700%2C400 2x, https:\/\/i0.wp.com\/noticiasribeiraopreto.com.br\/wp-content\/uploads\/2024\/10\/NOSSA-SENHORA_2024-10-11_12-01-45_jpg_2024-10-11_12-01-46.webp.webp?fit=1200%2C831&ssl=1&resize=1050%2C600 3x"},"classes":[]}],"jetpack_sharing_enabled":true,"jetpack_shortlink":"https:\/\/wp.me\/peQAOb-idE","_links":{"self":[{"href":"https:\/\/noticiasribeiraopreto.com.br\/index.php\/wp-json\/wp\/v2\/posts\/70038","targetHints":{"allow":["GET"]}}],"collection":[{"href":"https:\/\/noticiasribeiraopreto.com.br\/index.php\/wp-json\/wp\/v2\/posts"}],"about":[{"href":"https:\/\/noticiasribeiraopreto.com.br\/index.php\/wp-json\/wp\/v2\/types\/post"}],"author":[{"embeddable":true,"href":"https:\/\/noticiasribeiraopreto.com.br\/index.php\/wp-json\/wp\/v2\/users\/1"}],"replies":[{"embeddable":true,"href":"https:\/\/noticiasribeiraopreto.com.br\/index.php\/wp-json\/wp\/v2\/comments?post=70038"}],"version-history":[{"count":0,"href":"https:\/\/noticiasribeiraopreto.com.br\/index.php\/wp-json\/wp\/v2\/posts\/70038\/revisions"}],"wp:featuredmedia":[{"embeddable":true,"href":"https:\/\/noticiasribeiraopreto.com.br\/index.php\/wp-json\/wp\/v2\/media\/70039"}],"wp:attachment":[{"href":"https:\/\/noticiasribeiraopreto.com.br\/index.php\/wp-json\/wp\/v2\/media?parent=70038"}],"wp:term":[{"taxonomy":"category","embeddable":true,"href":"https:\/\/noticiasribeiraopreto.com.br\/index.php\/wp-json\/wp\/v2\/categories?post=70038"},{"taxonomy":"post_tag","embeddable":true,"href":"https:\/\/noticiasribeiraopreto.com.br\/index.php\/wp-json\/wp\/v2\/tags?post=70038"}],"curies":[{"name":"wp","href":"https:\/\/api.w.org\/{rel}","templated":true}]}}