{"id":70042,"date":"2025-05-22T09:30:36","date_gmt":"2025-05-22T12:30:36","guid":{"rendered":"https:\/\/noticiasribeiraopreto.com.br\/index.php\/2025\/05\/22\/aprovada-adesao-de-rp-ao-comam\/"},"modified":"2025-05-22T09:30:36","modified_gmt":"2025-05-22T12:30:36","slug":"aprovada-adesao-de-rp-ao-comam","status":"publish","type":"post","link":"https:\/\/noticiasribeiraopreto.com.br\/index.php\/2025\/05\/22\/aprovada-adesao-de-rp-ao-comam\/","title":{"rendered":"Aprovada ades\u00e3o de RP ao Comam \u00a0"},"content":{"rendered":"<div class='code-block code-block-1' style='margin: 8px 0 8px auto; text-align: right; display: block; clear: both;'>\n<p><a href=\"https:\/\/wa.link\/vpicfd\"><img data-recalc-dims=\"1\" class=\"wp-image-4922\" style=\"aspect-ratio: 2.0253164556962027; width: 561px; height: auto;\" src=\"https:\/\/i0.wp.com\/ismaelcolosi.com.br\/wp-content\/uploads\/2023\/11\/grupo-de-empregos-whatsapp-e-facebook-ismael-colosi-vagas.jpg?ssl=1\" alt=\"\" \/><\/a><\/p>\n<!-- \/wp:image -->\n<\/div>\n<p> <br \/>\n<\/p>\n<div>\n<p><span data-contrast=\"auto\">A C\u00e2mara de Vereadores aprovou, na sess\u00e3o desta quarta-feira, 21 de maio, projeto de lei do prefeito Ricardo Silva (PSD) que autoriza a ades\u00e3o de Ribeir\u00e3o Preto ao Cons\u00f3rcio de Munic\u00edpios da Alta Mogiana (Comam).\u00a0<\/span><\/p>\n<p><span data-contrast=\"auto\">O custo de rateio para a manuten\u00e7\u00e3o do cons\u00f3rcio \u00e9 atualmente de R$ 12 mil por ano para cada cidade, cerca de R$ 348 mil no total. Criado em 1985, atualmente o Comam \u00e9 composto por 29 munic\u00edpios das regi\u00f5es de Ribeir\u00e3o Preto e Franca, e seu principal foco \u00e9 pleitear recursos e defender os interesses dos consorciados junto aos \u00f3rg\u00e3os governamentais e privados. <\/span><\/p>\n<p><span data-contrast=\"auto\">Al\u00e9m de capitanear as a\u00e7\u00f5es em busca de recursos, defendendo de maneira quantitativa e qualitativa os interesses e as a\u00e7\u00f5es dos munic\u00edpios que o integram, atua ainda para refor\u00e7ar os pedidos e solicita\u00e7\u00f5es de cada consorciado e servir como um elo de liga\u00e7\u00e3o entre estas comunidades e os governos estadual e federal.<\/span><\/p>\n<p><span data-contrast=\"auto\">Na justificativa, o prefeito argumenta que o Comam \u00e9 uma ferramenta de coopera\u00e7\u00e3o intermunicipal, permitindo que diversas prefeituras compartilhem responsabilidades e conquistem excel\u00eancia na presta\u00e7\u00e3o de servi\u00e7os p\u00fablicos. \u201cA ades\u00e3o tem por objetivo conquistar e participar de diversas vantagens e benef\u00edcios que os munic\u00edpios j\u00e1 consorciados disp\u00f5em\u201d, diz,<\/span><\/p>\n<p><span data-contrast=\"auto\">Ele cita a \u201credu\u00e7\u00e3o de custos na aquisi\u00e7\u00e3o de bens e servi\u00e7os, com ganhos em escala pela possibilidade de compras conjuntas; competitividade em contratos e conv\u00eanios; recebimento de benef\u00edcios, como contribui\u00e7\u00f5es e subven\u00e7\u00f5es sociais de outras entidades e \u00f3rg\u00e3os de governo; e participa\u00e7\u00e3o em c\u00e2maras t\u00e9cnicas para discuss\u00e3o de todos os setores da gest\u00e3o p\u00fablica.\u201d<\/span><\/p>\n<p><span data-contrast=\"auto\">J\u00e1 fazem parte do cons\u00f3rcio as cidades de Altin\u00f3polis, Aramina, Batatais, Brodowski, Buritizal, Cravinhos, Cristais Paulista, Franca, Gua\u00edra, Guar\u00e1, Ituverava, Igarapava, Itirapu\u00e3, Ipu\u00e3, Jardin\u00f3polis, Jeriquara, Miguel\u00f3polis, Nuporanga, Orl\u00e2ndia, Patroc\u00ednio Paulista, Pedregulho, Ribeir\u00e3o Corrente, Restinga, Santo Ant\u00f4nio da Alegria, S\u00e3o Joaquim da Barra, S\u00e3o Jos\u00e9 da Bela Vista, Sales Oliveira e Serrana.\u00a0<\/span><span data-ccp-props=\"{}\">\u00a0<\/span><\/p>\n<p><span data-ccp-props=\"{}\">\u00a0\u2014\u2014<\/span><\/p>\n<p>Jornal Tribuna Ribeir\u00e3o<\/p>\n<p>Um Jornal com a cara de Ribeir\u00e3o!<\/p>\n<p>\u00a0<\/p>\n<p>Impresso | WEB | Redes sociais<\/p>\n<p>Tribuna Ribeir\u00e3o \u2013 Fone: (16) 3632-2200 \u2013 Whatsapp: (16) 98161-8743<\/p>\n<p>Av. Bar\u00e3o do Bananal, 880 \u2013 Jardim Anhanguera, Ribeir\u00e3o Preto<\/p>\n<p>\u00a0<\/p>\n<p>@tribunaribeirao @meiaderibeirao @dinoderibeirao<\/p>\n<p>\u00a0<\/p>\n<p>#TribunaRibeir\u00e3o #News #Not\u00edcia #Ribeir\u00e3oPreto #Not\u00edciasDeRibeir\u00e3oPreto<\/p>\n<p>#ClassificadosTribunaRibeir\u00e3o #Jornalismo #ClassificadosRibeir\u00e3o<\/p>\n<\/div>\n<p><br \/>\n<br \/><a href=\"https:\/\/www.tribunaribeirao.com.br\/aprovada-adesao-de-rp-ao-comam\/\">Source link <\/a><\/p>\n<!-- CONTENT END 1 -->\n","protected":false},"excerpt":{"rendered":"<p>A C\u00e2mara de Vereadores aprovou, na sess\u00e3o desta quarta-feira, 21 de maio, projeto de lei do prefeito Ricardo Silva (PSD) que autoriza a ades\u00e3o de&#8230;<\/p>\n","protected":false},"author":1,"featured_media":70043,"comment_status":"open","ping_status":"open","sticky":false,"template":"","format":"standard","meta":{"advanced_seo_description":"","jetpack_seo_html_title":"","jetpack_seo_noindex":false,"jetpack_post_was_ever_published":false,"_jetpack_newsletter_access":"","_jetpack_dont_email_post_to_subs":false,"_jetpack_newsletter_tier_id":0,"_jetpack_memberships_contains_paywalled_content":false,"_jetpack_memberships_contains_paid_content":false,"footnotes":"","jetpack_publicize_message":"","jetpack_publicize_feature_enabled":true,"jetpack_social_post_already_shared":true,"jetpack_social_options":{"image_generator_settings":{"template":"highway","default_image_id":0,"font":"","enabled":false},"version":2}},"categories":[11],"tags":[],"class_list":["post-70042","post","type-post","status-publish","format-standard","has-post-thumbnail","hentry","category-noticias-de-ribeirao-preto-sp-e-regiao-ismael-colosi"],"jetpack_publicize_connections":[],"jetpack_featured_media_url":"https:\/\/i0.wp.com\/noticiasribeiraopreto.com.br\/wp-content\/uploads\/2025\/05\/Comam-Divulgacao.jpg?fit=1326%2C747&ssl=1","jetpack-related-posts":[{"id":23368,"url":"https:\/\/noticiasribeiraopreto.com.br\/index.php\/2024\/01\/02\/o-que-e-e-como-fazer-2\/","url_meta":{"origin":70042,"position":0},"title":"o que \u00e9 e como fazer?","author":"noticiasribeiraopreto.com.br","date":"2 de January de 2024","format":false,"excerpt":"Para quem vai ingressar em um cons\u00f3rcio com lance embutido conhecer os detalhes \u00e9 importante para aproveitar boas oportunidades. Mas, afinal, o que \u00e9 lance embutido? Na pr\u00e1tica, ele permite que voc\u00ea antecipe a carta de cr\u00e9dito utilizando uma porcentagem do montante recebido no cons\u00f3rcio. Por\u00e9m, para aproveitar o lance\u2026","rel":"","context":"In &quot;Dinheiro e Investimento&quot;","block_context":{"text":"Dinheiro e Investimento","link":"https:\/\/noticiasribeiraopreto.com.br\/index.php\/category\/dinheiro-e-investimento-como-fazer-como-ganhar\/"},"img":{"alt_text":"","src":"https:\/\/i0.wp.com\/noticiasribeiraopreto.com.br\/wp-content\/uploads\/2024\/01\/lance-embutido-no-consorcio.jpg?fit=1200%2C600&ssl=1&resize=350%2C200","width":350,"height":200,"srcset":"https:\/\/i0.wp.com\/noticiasribeiraopreto.com.br\/wp-content\/uploads\/2024\/01\/lance-embutido-no-consorcio.jpg?fit=1200%2C600&ssl=1&resize=350%2C200 1x, https:\/\/i0.wp.com\/noticiasribeiraopreto.com.br\/wp-content\/uploads\/2024\/01\/lance-embutido-no-consorcio.jpg?fit=1200%2C600&ssl=1&resize=525%2C300 1.5x, https:\/\/i0.wp.com\/noticiasribeiraopreto.com.br\/wp-content\/uploads\/2024\/01\/lance-embutido-no-consorcio.jpg?fit=1200%2C600&ssl=1&resize=700%2C400 2x, https:\/\/i0.wp.com\/noticiasribeiraopreto.com.br\/wp-content\/uploads\/2024\/01\/lance-embutido-no-consorcio.jpg?fit=1200%2C600&ssl=1&resize=1050%2C600 3x"},"classes":[]},{"id":32238,"url":"https:\/\/noticiasribeiraopreto.com.br\/index.php\/2024\/01\/24\/como-funciona-um-consorcio-descubra-se-vale-a-pena\/","url_meta":{"origin":70042,"position":1},"title":"Como Funciona um Cons\u00f3rcio? Descubra se Vale a Pena!","author":"noticiasribeiraopreto.com.br","date":"24 de January de 2024","format":false,"excerpt":"Se voc\u00ea j\u00e1 se perguntou como funciona um cons\u00f3rcio ou ponderou sobre a viabilidade dessa modalidade financeira, este artigo foi elaborado para esclarecer todas as suas d\u00favidas.\u00a0 O cons\u00f3rcio \u00e9 uma alternativa atrativa para quem busca adquirir bens de forma planejada e econ\u00f4mica, mas compreender seu funcionamento \u00e9 crucial antes\u2026","rel":"","context":"In &quot;Dinheiro e Investimento&quot;","block_context":{"text":"Dinheiro e Investimento","link":"https:\/\/noticiasribeiraopreto.com.br\/index.php\/category\/dinheiro-e-investimento-como-fazer-como-ganhar\/"},"img":{"alt_text":"","src":"https:\/\/i0.wp.com\/noticiasribeiraopreto.com.br\/wp-content\/uploads\/2024\/01\/como-funciona-um-consorci-1.jpg?fit=1000%2C715&ssl=1&resize=350%2C200","width":350,"height":200,"srcset":"https:\/\/i0.wp.com\/noticiasribeiraopreto.com.br\/wp-content\/uploads\/2024\/01\/como-funciona-um-consorci-1.jpg?fit=1000%2C715&ssl=1&resize=350%2C200 1x, https:\/\/i0.wp.com\/noticiasribeiraopreto.com.br\/wp-content\/uploads\/2024\/01\/como-funciona-um-consorci-1.jpg?fit=1000%2C715&ssl=1&resize=525%2C300 1.5x, https:\/\/i0.wp.com\/noticiasribeiraopreto.com.br\/wp-content\/uploads\/2024\/01\/como-funciona-um-consorci-1.jpg?fit=1000%2C715&ssl=1&resize=700%2C400 2x"},"classes":[]},{"id":78578,"url":"https:\/\/noticiasribeiraopreto.com.br\/index.php\/2025\/10\/14\/relatorio-da-iluminacao-chega-ao-mp\/","url_meta":{"origin":70042,"position":2},"title":"Relat\u00f3rio da ilumina\u00e7\u00e3o chega ao MP","author":"noticiasribeiraopreto.com.br","date":"14 de October de 2025","format":false,"excerpt":"Relat\u00f3rio final da Comiss\u00e3o Especial de Estudos da PPP da Ilumina\u00e7\u00e3o P\u00fablica foi recepcionado pelo promotor de Justi\u00e7a Alexandre Padilha\u2028\u2028 Nesta segunda-feira, 13 de outubro, os vereadores Daniel Gobbi (PP) e Rangel Scandiuzzi (PSD), presidente e relator da Comiss\u00e3o Especial de Estudos (CEE) da Ilumina\u00e7\u00e3o P\u00fablica, entregaram o relat\u00f3rio final\u2026","rel":"","context":"In &quot;Not\u00edcias de Ribeir\u00e3o Preto-SP e Regi\u00e3o&quot;","block_context":{"text":"Not\u00edcias de Ribeir\u00e3o Preto-SP e Regi\u00e3o","link":"https:\/\/noticiasribeiraopreto.com.br\/index.php\/category\/noticias-de-ribeirao-preto-sp-e-regiao-ismael-colosi\/"},"img":{"alt_text":"","src":"https:\/\/i0.wp.com\/noticiasribeiraopreto.com.br\/wp-content\/uploads\/2025\/10\/Iluminacao-Divulgacao-scaled.jpg?fit=1170%2C780&ssl=1&resize=350%2C200","width":350,"height":200,"srcset":"https:\/\/i0.wp.com\/noticiasribeiraopreto.com.br\/wp-content\/uploads\/2025\/10\/Iluminacao-Divulgacao-scaled.jpg?fit=1170%2C780&ssl=1&resize=350%2C200 1x, https:\/\/i0.wp.com\/noticiasribeiraopreto.com.br\/wp-content\/uploads\/2025\/10\/Iluminacao-Divulgacao-scaled.jpg?fit=1170%2C780&ssl=1&resize=525%2C300 1.5x, https:\/\/i0.wp.com\/noticiasribeiraopreto.com.br\/wp-content\/uploads\/2025\/10\/Iluminacao-Divulgacao-scaled.jpg?fit=1170%2C780&ssl=1&resize=700%2C400 2x, https:\/\/i0.wp.com\/noticiasribeiraopreto.com.br\/wp-content\/uploads\/2025\/10\/Iluminacao-Divulgacao-scaled.jpg?fit=1170%2C780&ssl=1&resize=1050%2C600 3x"},"classes":[]},{"id":62342,"url":"https:\/\/noticiasribeiraopreto.com.br\/index.php\/2025\/01\/10\/saiba-como-esta-a-situacao-da-nova-iluminacao-publica-em-ribeirao-preto\/","url_meta":{"origin":70042,"position":3},"title":"Saiba como est\u00e1 a situa\u00e7\u00e3o da nova ilumina\u00e7\u00e3o p\u00fablica em Ribeir\u00e3o Preto","author":"noticiasribeiraopreto.com.br","date":"10 de January de 2025","format":false,"excerpt":"Homologada em agosto de 2023, a PPP (Parceria P\u00fablico-Privada) para concess\u00e3o do novo sistema de ilumina\u00e7\u00e3o p\u00fablica em Ribeir\u00e3o Preto, continua na fase burocr\u00e1tica. De acordo com o Cons\u00f3rcio Conecta Ribeir\u00e3o Preto, a previs\u00e3o para o in\u00edcio dos servi\u00e7os de moderniza\u00e7\u00e3o est\u00e1 marcada para o m\u00eas de fevereiro. A concess\u00e3o\u2026","rel":"","context":"In &quot;Not\u00edcias de Ribeir\u00e3o Preto-SP e Regi\u00e3o&quot;","block_context":{"text":"Not\u00edcias de Ribeir\u00e3o Preto-SP e Regi\u00e3o","link":"https:\/\/noticiasribeiraopreto.com.br\/index.php\/category\/noticias-de-ribeirao-preto-sp-e-regiao-ismael-colosi\/"},"img":{"alt_text":"","src":"https:\/\/i0.wp.com\/noticiasribeiraopreto.com.br\/wp-content\/uploads\/2025\/01\/iluminacao_zeladoria_-_foto_guilherme_sircili_17-1_2025-01-10_22-27-16_jpg_2025-01-10_22-27-16.webp.webp?fit=1200%2C799&ssl=1&resize=350%2C200","width":350,"height":200,"srcset":"https:\/\/i0.wp.com\/noticiasribeiraopreto.com.br\/wp-content\/uploads\/2025\/01\/iluminacao_zeladoria_-_foto_guilherme_sircili_17-1_2025-01-10_22-27-16_jpg_2025-01-10_22-27-16.webp.webp?fit=1200%2C799&ssl=1&resize=350%2C200 1x, https:\/\/i0.wp.com\/noticiasribeiraopreto.com.br\/wp-content\/uploads\/2025\/01\/iluminacao_zeladoria_-_foto_guilherme_sircili_17-1_2025-01-10_22-27-16_jpg_2025-01-10_22-27-16.webp.webp?fit=1200%2C799&ssl=1&resize=525%2C300 1.5x, https:\/\/i0.wp.com\/noticiasribeiraopreto.com.br\/wp-content\/uploads\/2025\/01\/iluminacao_zeladoria_-_foto_guilherme_sircili_17-1_2025-01-10_22-27-16_jpg_2025-01-10_22-27-16.webp.webp?fit=1200%2C799&ssl=1&resize=700%2C400 2x, https:\/\/i0.wp.com\/noticiasribeiraopreto.com.br\/wp-content\/uploads\/2025\/01\/iluminacao_zeladoria_-_foto_guilherme_sircili_17-1_2025-01-10_22-27-16_jpg_2025-01-10_22-27-16.webp.webp?fit=1200%2C799&ssl=1&resize=1050%2C600 3x"},"classes":[]},{"id":19935,"url":"https:\/\/noticiasribeiraopreto.com.br\/index.php\/2023\/12\/23\/rp-ainda-aguarda-para-se-tornar-municipio-de-interesse-turistico\/","url_meta":{"origin":70042,"position":4},"title":"RP ainda aguarda para se tornar Munic\u00edpio de Interesse Tur\u00edstico\u00a0","author":"noticiasribeiraopreto.com.br","date":"23 de December de 2023","format":false,"excerpt":"Projeto de lei que classifica a cidade como MIT j\u00e1 tramitou em todas as comiss\u00f5es permanentes necess\u00e1rias na Alesp e est\u00e1 pronto para ser votado\u00a0 23 de dezembro de 2023 | 17:0023 de dezembro de 2023 | 11:52 0A transforma\u00e7\u00e3o de Ribeir\u00e3o Preto em Munic\u00edpio de Interesse Tur\u00edstico (MIT) e\u2026","rel":"","context":"In &quot;Not\u00edcias de Ribeir\u00e3o Preto-SP e Regi\u00e3o&quot;","block_context":{"text":"Not\u00edcias de Ribeir\u00e3o Preto-SP e Regi\u00e3o","link":"https:\/\/noticiasribeiraopreto.com.br\/index.php\/category\/noticias-de-ribeirao-preto-sp-e-regiao-ismael-colosi\/"},"img":{"alt_text":"","src":"https:\/\/i0.wp.com\/noticiasribeiraopreto.com.br\/wp-content\/uploads\/2023\/12\/1-mit-dia_mundial_do_turismo_2-scaled.jpg?fit=968%2C645&ssl=1&resize=350%2C200","width":350,"height":200,"srcset":"https:\/\/i0.wp.com\/noticiasribeiraopreto.com.br\/wp-content\/uploads\/2023\/12\/1-mit-dia_mundial_do_turismo_2-scaled.jpg?fit=968%2C645&ssl=1&resize=350%2C200 1x, https:\/\/i0.wp.com\/noticiasribeiraopreto.com.br\/wp-content\/uploads\/2023\/12\/1-mit-dia_mundial_do_turismo_2-scaled.jpg?fit=968%2C645&ssl=1&resize=525%2C300 1.5x, https:\/\/i0.wp.com\/noticiasribeiraopreto.com.br\/wp-content\/uploads\/2023\/12\/1-mit-dia_mundial_do_turismo_2-scaled.jpg?fit=968%2C645&ssl=1&resize=700%2C400 2x"},"classes":[]},{"id":68371,"url":"https:\/\/noticiasribeiraopreto.com.br\/index.php\/2025\/04\/24\/cidades-na-regiao-de-ribeirao-preto-terao-consorcio-por-servicos-de-saneamento\/","url_meta":{"origin":70042,"position":5},"title":"Cidades na regi\u00e3o de Ribeir\u00e3o Preto ter\u00e3o cons\u00f3rcio por servi\u00e7os de saneamento","author":"noticiasribeiraopreto.com.br","date":"24 de April de 2025","format":false,"excerpt":"O programa Universaliza SP, que prop\u00f5e a organiza\u00e7\u00e3o de cons\u00f3rcios regionais para a presta\u00e7\u00e3o de servi\u00e7os de saneamento, recebeu a ades\u00e3o de 13 cidades da regi\u00e3o de Ribeir\u00e3o Preto. A a\u00e7\u00e3o visa apoiar as cidades paulistas no alcance das metas de universaliza\u00e7\u00e3o estabelecidas pelo Novo Marco Legal do Saneamento. Segundo\u2026","rel":"","context":"In &quot;Not\u00edcias de Ribeir\u00e3o Preto-SP e Regi\u00e3o&quot;","block_context":{"text":"Not\u00edcias de Ribeir\u00e3o Preto-SP e Regi\u00e3o","link":"https:\/\/noticiasribeiraopreto.com.br\/index.php\/category\/noticias-de-ribeirao-preto-sp-e-regiao-ismael-colosi\/"},"img":{"alt_text":"","src":"https:\/\/i0.wp.com\/noticiasribeiraopreto.com.br\/wp-content\/uploads\/2025\/04\/agua-tratada_2025-04-24_18-28-47.webp.webp?fit=1200%2C800&ssl=1&resize=350%2C200","width":350,"height":200,"srcset":"https:\/\/i0.wp.com\/noticiasribeiraopreto.com.br\/wp-content\/uploads\/2025\/04\/agua-tratada_2025-04-24_18-28-47.webp.webp?fit=1200%2C800&ssl=1&resize=350%2C200 1x, https:\/\/i0.wp.com\/noticiasribeiraopreto.com.br\/wp-content\/uploads\/2025\/04\/agua-tratada_2025-04-24_18-28-47.webp.webp?fit=1200%2C800&ssl=1&resize=525%2C300 1.5x, https:\/\/i0.wp.com\/noticiasribeiraopreto.com.br\/wp-content\/uploads\/2025\/04\/agua-tratada_2025-04-24_18-28-47.webp.webp?fit=1200%2C800&ssl=1&resize=700%2C400 2x, https:\/\/i0.wp.com\/noticiasribeiraopreto.com.br\/wp-content\/uploads\/2025\/04\/agua-tratada_2025-04-24_18-28-47.webp.webp?fit=1200%2C800&ssl=1&resize=1050%2C600 3x"},"classes":[]}],"jetpack_sharing_enabled":true,"jetpack_shortlink":"https:\/\/wp.me\/peQAOb-idI","_links":{"self":[{"href":"https:\/\/noticiasribeiraopreto.com.br\/index.php\/wp-json\/wp\/v2\/posts\/70042","targetHints":{"allow":["GET"]}}],"collection":[{"href":"https:\/\/noticiasribeiraopreto.com.br\/index.php\/wp-json\/wp\/v2\/posts"}],"about":[{"href":"https:\/\/noticiasribeiraopreto.com.br\/index.php\/wp-json\/wp\/v2\/types\/post"}],"author":[{"embeddable":true,"href":"https:\/\/noticiasribeiraopreto.com.br\/index.php\/wp-json\/wp\/v2\/users\/1"}],"replies":[{"embeddable":true,"href":"https:\/\/noticiasribeiraopreto.com.br\/index.php\/wp-json\/wp\/v2\/comments?post=70042"}],"version-history":[{"count":0,"href":"https:\/\/noticiasribeiraopreto.com.br\/index.php\/wp-json\/wp\/v2\/posts\/70042\/revisions"}],"wp:featuredmedia":[{"embeddable":true,"href":"https:\/\/noticiasribeiraopreto.com.br\/index.php\/wp-json\/wp\/v2\/media\/70043"}],"wp:attachment":[{"href":"https:\/\/noticiasribeiraopreto.com.br\/index.php\/wp-json\/wp\/v2\/media?parent=70042"}],"wp:term":[{"taxonomy":"category","embeddable":true,"href":"https:\/\/noticiasribeiraopreto.com.br\/index.php\/wp-json\/wp\/v2\/categories?post=70042"},{"taxonomy":"post_tag","embeddable":true,"href":"https:\/\/noticiasribeiraopreto.com.br\/index.php\/wp-json\/wp\/v2\/tags?post=70042"}],"curies":[{"name":"wp","href":"https:\/\/api.w.org\/{rel}","templated":true}]}}