{"id":70044,"date":"2025-05-22T09:34:52","date_gmt":"2025-05-22T12:34:52","guid":{"rendered":"https:\/\/noticiasribeiraopreto.com.br\/index.php\/2025\/05\/22\/nova-frente-fria-traz-chuva-para-sp-veja-previsao-para-os-proximos-dias\/"},"modified":"2025-05-22T09:34:52","modified_gmt":"2025-05-22T12:34:52","slug":"nova-frente-fria-traz-chuva-para-sp-veja-previsao-para-os-proximos-dias","status":"publish","type":"post","link":"https:\/\/noticiasribeiraopreto.com.br\/index.php\/2025\/05\/22\/nova-frente-fria-traz-chuva-para-sp-veja-previsao-para-os-proximos-dias\/","title":{"rendered":"Nova frente fria traz chuva para SP; Veja previs\u00e3o para os pr\u00f3ximos dias"},"content":{"rendered":"<p> <br \/>\n<\/p>\n<div data-td-block-uid=\"tdi_95\">\n<div class=\"tdb-block-inner td-fix-index\">\n<p>A chegada de uma <strong>frente fria<\/strong> mudou o tempo em algumas regi\u00f5es <strong>de S\u00e3o Paulo<\/strong>, favorecendo a forma\u00e7\u00e3o de <strong>nuvens <\/strong>e aumentando as <strong>condi\u00e7\u00f5es para chuva<\/strong>, principalmente nas \u00e1reas mais pr\u00f3ximas ao mar.<\/p>\n<p>No <strong>interior paulist<\/strong>a, no entanto, os efeitos desse sistema quase <strong>n\u00e3o devem ser sentidos<\/strong>. <mark style=\"background-color:#fcb900\" class=\"has-inline-color\">Em <strong>Ribeir\u00e3o Preto<\/strong>, nesta quinta-feira (22), as temperaturas variam entre <strong>14\u00baC <\/strong>e <strong>28\u00baC<\/strong> e <strong>n\u00e3o h\u00e1 previs\u00e3o de chuva<\/strong><\/mark>.<\/p>\n<p>Contudo, os meteorologistas dizem que na <strong>pr\u00f3xima semana<\/strong>, um <strong>intenso ciclone<\/strong> vai se configurar sobre o oceano Atl\u00e2ntico e esse fen\u00f4meno vai provocar uma<strong> frente fria intensa<\/strong> <strong>no Sul que vai avan\u00e7ar e atingir a regi\u00e3o Sudeste<\/strong> \u2013 veja mais detalhes abaixo.<\/p>\n<h2 class=\"wp-block-heading\"><strong>Frente fria traz chuva para SP<\/strong><\/h2>\n<p>De acordo com o meteorologista <strong>Matheus Manente<\/strong>, da<strong> <a href=\"https:\/\/www.tempo.com\/noticias\/previsao\/primeira-massa-de-ar-polar-do-ano-vai-trazer-frio-intenso-e-temperaturas-abaixo-de-zero-na-proxima-semana.html\" target=\"_blank\" rel=\"noreferrer noopener\">Meteored<\/a><\/strong>, entre a pr\u00f3xima <strong>ter\u00e7a (27)<\/strong> e a <strong>quinta-feira (29<\/strong>), uma nova <strong>frente fria <\/strong>deve provocar chuvas na regi\u00e3o Sudeste, especialmente no <strong>estado de S\u00e3o Paulo<\/strong>.<\/p>\n<figure class=\"wp-block-pullquote\">\n<blockquote>\n<p>Ap\u00f3s a passagem dessa frente fria, uma intensa massa de ar polar \u2013 a primeira do ano \u2013 tamb\u00e9m avan\u00e7ar\u00e1 pelo pa\u00eds, fazendo as temperaturas ca\u00edrem de maneira pronunciada<\/p>\n<p><cite>Matheus Manenten, da Meteored<\/cite><\/p><\/blockquote>\n<\/figure>\n<p>Sendo assim, com a entrada de uma <strong>massa de ar frio<\/strong>, <mark style=\"background-color:#fcb900\" class=\"has-inline-color\">haver\u00e1<strong> queda brusca de temperatura <\/strong>a partir da quarta-feira (28). <\/mark>\u201cTudo indica que essa massa de ar polar que entra no pa\u00eds na semana que vem causar\u00e1 uma onda de frio intensa em diversos estados brasileiros\u201d.<\/p>\n<h3 class=\"wp-block-heading\"><strong>Confira a previs\u00e3o para os pr\u00f3ximos dias<\/strong> <strong>em Ribeir\u00e3o Preto<\/strong><\/h3>\n<ul class=\"wp-block-list\">\n<li><strong>Quinta-feira (22): <\/strong>Sol o dia todo sem nuvens no c\u00e9u. Noite de tempo aberto ainda sem nuvens. M\u00ednima de 4\u00baC e m\u00e1xima de 28\u00baC;<\/li>\n<li><strong>Sexta-feira (23): <\/strong>Sol o dia todo sem nuvens no c\u00e9u. Noite de tempo aberto ainda sem nuvens. M\u00ednima de 14\u00baC e m\u00e1xima de 29\u00baC;<\/li>\n<li><strong>S\u00e1bado (24): <\/strong>Sol o dia todo com algumas nuvens \u00e0 tarde. M\u00ednima de 16\u00baC e m\u00e1xima de 29\u00baC;<\/li>\n<li><strong>Domingo (25):<\/strong> Sol com aumento de nuvens a partir da tarde. N\u00e3o chove. M\u00ednima de 16\u00baC e m\u00e1xima de 30\u00baC.<\/li>\n<\/ul>\n<hr class=\"wp-block-separator has-alpha-channel-opacity\"\/>\n<p>SAIBA MAIS<\/p>\n<p>Inc\u00eandio atinge \u00e1rea de Ribeir\u00e3o Preto; veja v\u00eddeo <mark style=\"background-color:#ffffff\" class=\"has-inline-color has-white-color\">contudo,<\/mark><\/p>\n<h2 class=\"wp-block-heading\"><strong>FIQUE ON<\/strong><\/h2>\n<p>Fique ligado em tudo que acontece em Ribeir\u00e3o Preto e regi\u00e3o. Siga os perfis do\u00a0<strong>acidade on<\/strong>\u00a0no\u00a0<a href=\"https:\/\/www.instagram.com\/acidadeonribeirao\">Instagram\u00a0<\/a>e no\u00a0<a href=\"https:\/\/www.facebook.com\/acidadeonribeirao\/\">Facebook.<\/a><\/p>\n<p>Receba not\u00edcias do\u00a0<strong>acidade on<\/strong>\u00a0no WhatsApp.\u00a0<a href=\"https:\/\/chat.whatsapp.com\/BjKQZ9oJwlz8VVT50NuePq\">Para entrar no grupo, basta clicar aqui.<\/a><\/p>\n<p>Fa\u00e7a uma den\u00fancia ou sugira uma reportagem sobre Ribeir\u00e3o Preto e regi\u00e3o pelo WhatsApp: 16 99117 7802.<\/p>\n<p>VEJA TAMB\u00c9M<\/p>\n<p>Vai ter a segunda temporada de \u2018A Reserva\u2019? <mark style=\"background-color:#ffffff\" class=\"has-inline-color has-white-color\">contudo,<\/mark><\/p>\n<p><!-- CONTENT END 1 -->\n<\/div>\n<\/div>\n<p><script async src=\"\/\/www.instagram.com\/embed.js\"><\/script><br \/>\n<br \/><br \/>\n<br \/><a href=\"https:\/\/www.acidadeon.com\/ribeiraopreto\/cotidiano\/nova-frente-fria-traz-chuva-para-sp-veja-previsao-para-os-proximos-dias\/\">Source link <\/a><\/p>\n","protected":false},"excerpt":{"rendered":"<p>A chegada de uma frente fria mudou o tempo em algumas regi\u00f5es de S\u00e3o Paulo, favorecendo a forma\u00e7\u00e3o de nuvens e aumentando as condi\u00e7\u00f5es para&#8230;<\/p>\n","protected":false},"author":1,"featured_media":46285,"comment_status":"open","ping_status":"open","sticky":false,"template":"","format":"standard","meta":{"advanced_seo_description":"","jetpack_seo_html_title":"","jetpack_seo_noindex":false,"jetpack_post_was_ever_published":false,"_jetpack_newsletter_access":"","_jetpack_dont_email_post_to_subs":false,"_jetpack_newsletter_tier_id":0,"_jetpack_memberships_contains_paywalled_content":false,"_jetpack_memberships_contains_paid_content":false,"footnotes":"","jetpack_publicize_message":"","jetpack_publicize_feature_enabled":true,"jetpack_social_post_already_shared":true,"jetpack_social_options":{"image_generator_settings":{"template":"highway","default_image_id":0,"font":"","enabled":false},"version":2}},"categories":[11],"tags":[],"class_list":["post-70044","post","type-post","status-publish","format-standard","has-post-thumbnail","hentry","category-noticias-de-ribeirao-preto-sp-e-regiao-ismael-colosi"],"jetpack_publicize_connections":[],"jetpack_featured_media_url":"https:\/\/noticiasribeiraopreto.com.br\/wp-content\/uploads\/2024\/04\/whatsapp_image_2022-08-08_at_07_42_08.jpe","jetpack-related-posts":[{"id":54981,"url":"https:\/\/noticiasribeiraopreto.com.br\/index.php\/2024\/07\/27\/saiba-locais-que-a-frente-fria-vai-atingir-no-interior-de-sp-na-proxima-semana\/","url_meta":{"origin":70044,"position":0},"title":"Saiba locais que a frente fria vai atingir no interior de SP na pr\u00f3xima semana","author":"noticiasribeiraopreto.com.br","date":"27 de July de 2024","format":false,"excerpt":"A frente fria que chega ao estado na pr\u00f3xima semana deve derrubar as temperaturas no interior de S\u00e3o Paulo a partir de ter\u00e7a-feira (30), de acordo com a Climatempo. Contudo, \u00e9 de apenas 1% a possibilidade de chuva em Ribeir\u00e3o Preto. O site especializado Meteored aponta que a parte leste\u2026","rel":"","context":"In &quot;Not\u00edcias de Ribeir\u00e3o Preto-SP e Regi\u00e3o&quot;","block_context":{"text":"Not\u00edcias de Ribeir\u00e3o Preto-SP e Regi\u00e3o","link":"https:\/\/noticiasribeiraopreto.com.br\/index.php\/category\/noticias-de-ribeirao-preto-sp-e-regiao-ismael-colosi\/"},"img":{"alt_text":"","src":"https:\/\/i0.wp.com\/noticiasribeiraopreto.com.br\/wp-content\/uploads\/2024\/07\/WhatsApp-Image-2024-02-21-at-07.07.05.jpeg?fit=1200%2C623&ssl=1&resize=350%2C200","width":350,"height":200,"srcset":"https:\/\/i0.wp.com\/noticiasribeiraopreto.com.br\/wp-content\/uploads\/2024\/07\/WhatsApp-Image-2024-02-21-at-07.07.05.jpeg?fit=1200%2C623&ssl=1&resize=350%2C200 1x, https:\/\/i0.wp.com\/noticiasribeiraopreto.com.br\/wp-content\/uploads\/2024\/07\/WhatsApp-Image-2024-02-21-at-07.07.05.jpeg?fit=1200%2C623&ssl=1&resize=525%2C300 1.5x, https:\/\/i0.wp.com\/noticiasribeiraopreto.com.br\/wp-content\/uploads\/2024\/07\/WhatsApp-Image-2024-02-21-at-07.07.05.jpeg?fit=1200%2C623&ssl=1&resize=700%2C400 2x, https:\/\/i0.wp.com\/noticiasribeiraopreto.com.br\/wp-content\/uploads\/2024\/07\/WhatsApp-Image-2024-02-21-at-07.07.05.jpeg?fit=1200%2C623&ssl=1&resize=1050%2C600 3x"},"classes":[]},{"id":63471,"url":"https:\/\/noticiasribeiraopreto.com.br\/index.php\/2025\/02\/14\/frente-fria-deixa-interior-sp-em-alerta-para-chuva-forte-veja-cidades\/","url_meta":{"origin":70044,"position":1},"title":"Frente fria deixa interior SP em alerta para chuva forte; Veja cidades","author":"noticiasribeiraopreto.com.br","date":"14 de February de 2025","format":false,"excerpt":"A sexta-feira (14) ser\u00e1 mais um dia de aten\u00e7\u00e3o para o risco de chuva forte em regi\u00f5es do interior de S\u00e3o Paulo. Al\u00e9m do calor, uma frente fria que vem do Sul estar\u00e1 passando em alto-mar, na costa paulista. A passagem desta frente fria deve provocar uma mudan\u00e7a na circula\u00e7\u00e3o\u2026","rel":"","context":"In &quot;Not\u00edcias de Ribeir\u00e3o Preto-SP e Regi\u00e3o&quot;","block_context":{"text":"Not\u00edcias de Ribeir\u00e3o Preto-SP e Regi\u00e3o","link":"https:\/\/noticiasribeiraopreto.com.br\/index.php\/category\/noticias-de-ribeirao-preto-sp-e-regiao-ismael-colosi\/"},"img":{"alt_text":"","src":"https:\/\/i0.wp.com\/noticiasribeiraopreto.com.br\/wp-content\/uploads\/2024\/08\/WhatsApp-Image-2024-07-13-at-19.42.17_2024-07-13_22-42-51_jpeg_2024-07-13_22-42-51.webp.webp?fit=1200%2C553&ssl=1&resize=350%2C200","width":350,"height":200,"srcset":"https:\/\/i0.wp.com\/noticiasribeiraopreto.com.br\/wp-content\/uploads\/2024\/08\/WhatsApp-Image-2024-07-13-at-19.42.17_2024-07-13_22-42-51_jpeg_2024-07-13_22-42-51.webp.webp?fit=1200%2C553&ssl=1&resize=350%2C200 1x, https:\/\/i0.wp.com\/noticiasribeiraopreto.com.br\/wp-content\/uploads\/2024\/08\/WhatsApp-Image-2024-07-13-at-19.42.17_2024-07-13_22-42-51_jpeg_2024-07-13_22-42-51.webp.webp?fit=1200%2C553&ssl=1&resize=525%2C300 1.5x, https:\/\/i0.wp.com\/noticiasribeiraopreto.com.br\/wp-content\/uploads\/2024\/08\/WhatsApp-Image-2024-07-13-at-19.42.17_2024-07-13_22-42-51_jpeg_2024-07-13_22-42-51.webp.webp?fit=1200%2C553&ssl=1&resize=700%2C400 2x, https:\/\/i0.wp.com\/noticiasribeiraopreto.com.br\/wp-content\/uploads\/2024\/08\/WhatsApp-Image-2024-07-13-at-19.42.17_2024-07-13_22-42-51_jpeg_2024-07-13_22-42-51.webp.webp?fit=1200%2C553&ssl=1&resize=1050%2C600 3x"},"classes":[]},{"id":70349,"url":"https:\/\/noticiasribeiraopreto.com.br\/index.php\/2025\/05\/25\/sol-chuva-ou-frio-veja-como-vai-estar-o-tempo-neste-domingo-em-ribeirao-preto\/","url_meta":{"origin":70044,"position":2},"title":"Sol, chuva ou frio? Veja como vai estar o tempo neste domingo em Ribeir\u00e3o Preto","author":"noticiasribeiraopreto.com.br","date":"25 de May de 2025","format":false,"excerpt":"A previs\u00e3o do tempo para este domingo (25) em Ribeir\u00e3o Preto indica um dia semelhante ao anterior. O sol aparece entre muitas nuvens durante a manh\u00e3 e a tarde, com per\u00edodos de c\u00e9u nublado. \u00c0 noite, o c\u00e9u deve permanecer limpo, mas h\u00e1 possibilidade de nevoeiro. As temperaturas variam entre\u2026","rel":"","context":"In &quot;Not\u00edcias de Ribeir\u00e3o Preto-SP e Regi\u00e3o&quot;","block_context":{"text":"Not\u00edcias de Ribeir\u00e3o Preto-SP e Regi\u00e3o","link":"https:\/\/noticiasribeiraopreto.com.br\/index.php\/category\/noticias-de-ribeirao-preto-sp-e-regiao-ismael-colosi\/"},"img":{"alt_text":"","src":"https:\/\/i0.wp.com\/noticiasribeiraopreto.com.br\/wp-content\/uploads\/2025\/05\/Imagem-do-WhatsApp-de-2025-05-25-as-09.33.04_1f9e47fe_2025-05-25_12-33-46.webp.webp?fit=1200%2C675&ssl=1&resize=350%2C200","width":350,"height":200,"srcset":"https:\/\/i0.wp.com\/noticiasribeiraopreto.com.br\/wp-content\/uploads\/2025\/05\/Imagem-do-WhatsApp-de-2025-05-25-as-09.33.04_1f9e47fe_2025-05-25_12-33-46.webp.webp?fit=1200%2C675&ssl=1&resize=350%2C200 1x, https:\/\/i0.wp.com\/noticiasribeiraopreto.com.br\/wp-content\/uploads\/2025\/05\/Imagem-do-WhatsApp-de-2025-05-25-as-09.33.04_1f9e47fe_2025-05-25_12-33-46.webp.webp?fit=1200%2C675&ssl=1&resize=525%2C300 1.5x, https:\/\/i0.wp.com\/noticiasribeiraopreto.com.br\/wp-content\/uploads\/2025\/05\/Imagem-do-WhatsApp-de-2025-05-25-as-09.33.04_1f9e47fe_2025-05-25_12-33-46.webp.webp?fit=1200%2C675&ssl=1&resize=700%2C400 2x, https:\/\/i0.wp.com\/noticiasribeiraopreto.com.br\/wp-content\/uploads\/2025\/05\/Imagem-do-WhatsApp-de-2025-05-25-as-09.33.04_1f9e47fe_2025-05-25_12-33-46.webp.webp?fit=1200%2C675&ssl=1&resize=1050%2C600 3x"},"classes":[]},{"id":67845,"url":"https:\/\/noticiasribeiraopreto.com.br\/index.php\/2025\/04\/19\/frente-fria-avanca-pelo-estado-de-sp-e-ha-alerta-veja-previsao\/","url_meta":{"origin":70044,"position":3},"title":"Frente fria avan\u00e7a pelo estado de SP e h\u00e1 alerta; Veja previs\u00e3o","author":"noticiasribeiraopreto.com.br","date":"19 de April de 2025","format":false,"excerpt":"O s\u00e1bado (19) come\u00e7ou com muita nebulosidade em Ribeir\u00e3o Preto. Segundo a Climatempo, hoje ser\u00e1 o dia mais inst\u00e1vel do feriado prolongado, pois, grandes \u00e1reas de instabilidade ser\u00e3o refor\u00e7adas por um cavado meteorol\u00f3gico e o deslocamento da frente fria entre o Sul e o Sudeste. A meteorologia aponta chance de\u2026","rel":"","context":"In &quot;Not\u00edcias de Ribeir\u00e3o Preto-SP e Regi\u00e3o&quot;","block_context":{"text":"Not\u00edcias de Ribeir\u00e3o Preto-SP e Regi\u00e3o","link":"https:\/\/noticiasribeiraopreto.com.br\/index.php\/category\/noticias-de-ribeirao-preto-sp-e-regiao-ismael-colosi\/"},"img":{"alt_text":"","src":"https:\/\/i0.wp.com\/noticiasribeiraopreto.com.br\/wp-content\/uploads\/2025\/03\/WhatsApp-Image-2025-03-11-at-08.31.43_2025-03-11_11-32-18_jpeg_2025-03-11_11-32-18.webp.webp?fit=1200%2C900&ssl=1&resize=350%2C200","width":350,"height":200,"srcset":"https:\/\/i0.wp.com\/noticiasribeiraopreto.com.br\/wp-content\/uploads\/2025\/03\/WhatsApp-Image-2025-03-11-at-08.31.43_2025-03-11_11-32-18_jpeg_2025-03-11_11-32-18.webp.webp?fit=1200%2C900&ssl=1&resize=350%2C200 1x, https:\/\/i0.wp.com\/noticiasribeiraopreto.com.br\/wp-content\/uploads\/2025\/03\/WhatsApp-Image-2025-03-11-at-08.31.43_2025-03-11_11-32-18_jpeg_2025-03-11_11-32-18.webp.webp?fit=1200%2C900&ssl=1&resize=525%2C300 1.5x, https:\/\/i0.wp.com\/noticiasribeiraopreto.com.br\/wp-content\/uploads\/2025\/03\/WhatsApp-Image-2025-03-11-at-08.31.43_2025-03-11_11-32-18_jpeg_2025-03-11_11-32-18.webp.webp?fit=1200%2C900&ssl=1&resize=700%2C400 2x, https:\/\/i0.wp.com\/noticiasribeiraopreto.com.br\/wp-content\/uploads\/2025\/03\/WhatsApp-Image-2025-03-11-at-08.31.43_2025-03-11_11-32-18_jpeg_2025-03-11_11-32-18.webp.webp?fit=1200%2C900&ssl=1&resize=1050%2C600 3x"},"classes":[]},{"id":54147,"url":"https:\/\/noticiasribeiraopreto.com.br\/index.php\/2024\/06\/30\/frente-fria-avanca-para-o-interior-de-sp-e-pode-trazer-chuva-confira-a-previsao\/","url_meta":{"origin":70044,"position":4},"title":"Frente fria avan\u00e7a para o interior de SP e pode trazer chuva; Confira a previs\u00e3o","author":"noticiasribeiraopreto.com.br","date":"30 de June de 2024","format":false,"excerpt":"Uma frente fria avan\u00e7a neste domingo (30) e poder\u00e1 causar\u00a0chuva no estado de S\u00e3o Paulo. Atr\u00e1s deste sistema, uma massa de ar frio tamb\u00e9m segue para o Sudeste e poder\u00e1 ser sentida at\u00e9 em estados do Norte. \u201cVeremos\u00a0uma mudan\u00e7a de padr\u00e3o atmosf\u00e9rico acontecer em parte do Brasil, gra\u00e7as a uma\u2026","rel":"","context":"In &quot;Not\u00edcias de Ribeir\u00e3o Preto-SP e Regi\u00e3o&quot;","block_context":{"text":"Not\u00edcias de Ribeir\u00e3o Preto-SP e Regi\u00e3o","link":"https:\/\/noticiasribeiraopreto.com.br\/index.php\/category\/noticias-de-ribeirao-preto-sp-e-regiao-ismael-colosi\/"},"img":{"alt_text":"","src":"https:\/\/i0.wp.com\/noticiasribeiraopreto.com.br\/wp-content\/uploads\/2024\/06\/1719754438_InmetemitealertadechuvasintensasparaolitoraleinteriordeSoPaulo_Tamanho_2_image.jpg?fit=1200%2C900&ssl=1&resize=350%2C200","width":350,"height":200,"srcset":"https:\/\/i0.wp.com\/noticiasribeiraopreto.com.br\/wp-content\/uploads\/2024\/06\/1719754438_InmetemitealertadechuvasintensasparaolitoraleinteriordeSoPaulo_Tamanho_2_image.jpg?fit=1200%2C900&ssl=1&resize=350%2C200 1x, https:\/\/i0.wp.com\/noticiasribeiraopreto.com.br\/wp-content\/uploads\/2024\/06\/1719754438_InmetemitealertadechuvasintensasparaolitoraleinteriordeSoPaulo_Tamanho_2_image.jpg?fit=1200%2C900&ssl=1&resize=525%2C300 1.5x, https:\/\/i0.wp.com\/noticiasribeiraopreto.com.br\/wp-content\/uploads\/2024\/06\/1719754438_InmetemitealertadechuvasintensasparaolitoraleinteriordeSoPaulo_Tamanho_2_image.jpg?fit=1200%2C900&ssl=1&resize=700%2C400 2x, https:\/\/i0.wp.com\/noticiasribeiraopreto.com.br\/wp-content\/uploads\/2024\/06\/1719754438_InmetemitealertadechuvasintensasparaolitoraleinteriordeSoPaulo_Tamanho_2_image.jpg?fit=1200%2C900&ssl=1&resize=1050%2C600 3x"},"classes":[]},{"id":56966,"url":"https:\/\/noticiasribeiraopreto.com.br\/index.php\/2024\/08\/19\/vai-fazer-mais-frio-em-agosto-veja-a-previsao-do-tempo-para-o-interior-de-sp\/","url_meta":{"origin":70044,"position":5},"title":"Vai fazer mais frio em agosto? Veja a previs\u00e3o do tempo para o interior de SP","author":"noticiasribeiraopreto.com.br","date":"19 de August de 2024","format":false,"excerpt":"Ap\u00f3s uma forte onda de frio que estabeleceu recordes de baixas temperaturas na primeira quinzena do m\u00eas de agosto, o calor voltou a afetar diversas regi\u00f5es do interior de S\u00e3o Paulo. Entretanto, essa onda de calor n\u00e3o vai durar muito, pois o frio j\u00e1 tem data marcada para retornar, de\u2026","rel":"","context":"In &quot;Not\u00edcias de Ribeir\u00e3o Preto-SP e Regi\u00e3o&quot;","block_context":{"text":"Not\u00edcias de Ribeir\u00e3o Preto-SP e Regi\u00e3o","link":"https:\/\/noticiasribeiraopreto.com.br\/index.php\/category\/noticias-de-ribeirao-preto-sp-e-regiao-ismael-colosi\/"},"img":{"alt_text":"","src":"https:\/\/i0.wp.com\/noticiasribeiraopreto.com.br\/wp-content\/uploads\/2024\/08\/frente_fria_-_foto_guilherme_sircili_5.jpg_231334169.png?fit=600%2C400&ssl=1&resize=350%2C200","width":350,"height":200,"srcset":"https:\/\/i0.wp.com\/noticiasribeiraopreto.com.br\/wp-content\/uploads\/2024\/08\/frente_fria_-_foto_guilherme_sircili_5.jpg_231334169.png?fit=600%2C400&ssl=1&resize=350%2C200 1x, https:\/\/i0.wp.com\/noticiasribeiraopreto.com.br\/wp-content\/uploads\/2024\/08\/frente_fria_-_foto_guilherme_sircili_5.jpg_231334169.png?fit=600%2C400&ssl=1&resize=525%2C300 1.5x"},"classes":[]}],"jetpack_sharing_enabled":true,"jetpack_shortlink":"https:\/\/wp.me\/peQAOb-idK","_links":{"self":[{"href":"https:\/\/noticiasribeiraopreto.com.br\/index.php\/wp-json\/wp\/v2\/posts\/70044","targetHints":{"allow":["GET"]}}],"collection":[{"href":"https:\/\/noticiasribeiraopreto.com.br\/index.php\/wp-json\/wp\/v2\/posts"}],"about":[{"href":"https:\/\/noticiasribeiraopreto.com.br\/index.php\/wp-json\/wp\/v2\/types\/post"}],"author":[{"embeddable":true,"href":"https:\/\/noticiasribeiraopreto.com.br\/index.php\/wp-json\/wp\/v2\/users\/1"}],"replies":[{"embeddable":true,"href":"https:\/\/noticiasribeiraopreto.com.br\/index.php\/wp-json\/wp\/v2\/comments?post=70044"}],"version-history":[{"count":0,"href":"https:\/\/noticiasribeiraopreto.com.br\/index.php\/wp-json\/wp\/v2\/posts\/70044\/revisions"}],"wp:featuredmedia":[{"embeddable":true,"href":"https:\/\/noticiasribeiraopreto.com.br\/index.php\/wp-json\/wp\/v2\/media\/46285"}],"wp:attachment":[{"href":"https:\/\/noticiasribeiraopreto.com.br\/index.php\/wp-json\/wp\/v2\/media?parent=70044"}],"wp:term":[{"taxonomy":"category","embeddable":true,"href":"https:\/\/noticiasribeiraopreto.com.br\/index.php\/wp-json\/wp\/v2\/categories?post=70044"},{"taxonomy":"post_tag","embeddable":true,"href":"https:\/\/noticiasribeiraopreto.com.br\/index.php\/wp-json\/wp\/v2\/tags?post=70044"}],"curies":[{"name":"wp","href":"https:\/\/api.w.org\/{rel}","templated":true}]}}