{"id":70050,"date":"2025-05-22T10:36:11","date_gmt":"2025-05-22T13:36:11","guid":{"rendered":"https:\/\/noticiasribeiraopreto.com.br\/index.php\/2025\/05\/22\/upa-central-depende-de-projeto\/"},"modified":"2025-05-22T10:36:11","modified_gmt":"2025-05-22T13:36:11","slug":"upa-central-depende-de-projeto","status":"publish","type":"post","link":"https:\/\/noticiasribeiraopreto.com.br\/index.php\/2025\/05\/22\/upa-central-depende-de-projeto\/","title":{"rendered":"UPA Central depende de projeto \u00a0"},"content":{"rendered":"<div class='code-block code-block-1' style='margin: 8px 0 8px auto; text-align: right; display: block; clear: both;'>\n<p><a href=\"https:\/\/wa.link\/vpicfd\"><img data-recalc-dims=\"1\" class=\"wp-image-4922\" style=\"aspect-ratio: 2.0253164556962027; width: 561px; height: auto;\" src=\"https:\/\/i0.wp.com\/ismaelcolosi.com.br\/wp-content\/uploads\/2023\/11\/grupo-de-empregos-whatsapp-e-facebook-ismael-colosi-vagas.jpg?ssl=1\" alt=\"\" \/><\/a><\/p>\n<!-- \/wp:image -->\n<\/div>\n<p> <br \/>\n<\/p>\n<div>\n<p><span data-contrast=\"auto\">A readequa\u00e7\u00e3o do pr\u00e9dio da antiga Unidade B\u00e1sica Distrital de Sa\u00fade Doutor Jo\u00e3o Baptista Quartin, a UBDS Central, para transforma\u00e7\u00e3o em Unidade de Pronto Atendimento (UPA) ainda depende da conclus\u00e3o do projeto el\u00e9trico. Na gest\u00e3o do ex-prefeito Duarte Nogueira (PSDB), o local virou sede do Centro de Aten\u00e7\u00e3o Psicossocial IV (Caps IV). <\/span><\/p>\n<p><span data-contrast=\"auto\">A Secretaria Municipal de Sa\u00fade informou ao Tribuna que a licita\u00e7\u00e3o para a readequa\u00e7\u00e3o do im\u00f3vel ser\u00e1 aberta somente ap\u00f3s o projeto el\u00e9trico do pr\u00e9dio ficar pronto. Atualmente, est\u00e1 em fase de finaliza\u00e7\u00e3o para posterior publica\u00e7\u00e3o do edital no Di\u00e1rio Oficial do Munic\u00edpio (DOM). <\/span><\/p>\n<p><span data-contrast=\"auto\">A gest\u00e3o do prefeito Ricardo Silva (PSD) pretende gastar cerca de R$ 7 milh\u00f5es nas obras de readequa\u00e7\u00e3o.\u00a0 A UBDS Central fica na avenida Jer\u00f4nimo Gon\u00e7alves n\u00ba 466, na regi\u00e3o conhecida como Baixada, na divisa do Centro com a Vila Tib\u00e9rio (Zona Oeste).<\/span><\/p>\n<p><span data-contrast=\"auto\">Quando estiver em funcionamento \u2013 provavelmente at\u00e9 o final deste ano \u2013, a nova UPA contar\u00e1 com tom\u00f3grafo e um Centro de Refer\u00eancia em Sa\u00fade da Mulher, com atendimentos exclusivos. A reativa\u00e7\u00e3o da unidade em posto 24 horas (urg\u00eancia e emerg\u00eancia) e a transforma\u00e7\u00e3o em UPA foi uma das promessas de campanha do ent\u00e3o candidato Ricardo Silva. <\/span><\/p>\n<p><span data-contrast=\"auto\">Nos primeiros dias de seu governo, o prefeito publicou decreto que transforma o Centro de Aten\u00e7\u00e3o Psicossocial em Unidade de Pronto Atendimento para urg\u00eancia e emerg\u00eancia. De acordo com a prefeitura, os atendimentos do Caps IV ser\u00e3o transferidos para uma unidade de sa\u00fade na Zona Norte, que est\u00e1 passando por adequa\u00e7\u00f5es para receber os pacientes. <\/span><\/p>\n<p><span data-contrast=\"auto\">O Tribuna apurou que a proposta inicial do governo de levar o Caps IV para o Hospital Municipal Francisco de Assis, na Zona Oeste, foi descartada. O local deve continuar a ser utilizado como retaguarda para pacientes atendidos pelas UPAs, que necessitem de interna\u00e7\u00e3o imediata e nos casos em que n\u00e3o houver vagas nos demais hospitais da cidade. S\u00e3o 19 leitos.<\/span><\/p>\n<p><span data-contrast=\"auto\">Atualmente, o atendimento de urg\u00eancia e emerg\u00eancia 24 horas \u00e9 realizado em quatro pontos de Ribeir\u00e3o Preto. Um \u00e9 a Unidade B\u00e1sica Distrital de Sa\u00fade (UBDS) <\/span><span data-contrast=\"none\">Doutor Marco Ant\u00f4nio Sah\u00e3o, na rua Franco da Rocha n\u00ba 1.270, Vila Virg\u00ednia, conhecida como UPA Sul<\/span><span data-contrast=\"auto\">.<\/span><\/p>\n<p><span data-contrast=\"auto\">As outras tr\u00eas UPAs s\u00e3o a Doutor Luis At\u00edlio Losi Viana (UPA Leste, avenida Treze de Maio n\u00ba 353, Jardim Paulistano), <\/span><span data-contrast=\"none\">Nelson Mandela (UPA Norte, no Adelino Simioni, avenida General Euclides de Figueiredo n\u00ba 295 ) e Doutor <\/span><span data-contrast=\"auto\">Jo\u00e3o Jos\u00e9 Carneiro (UPA Oeste, no Sumarezinho, rua Teresina n\u00ba 678). Todas s\u00e3o administradas pela Funda\u00e7\u00e3o Hospital Santa Lydia. <\/span><\/p>\n<p><span data-contrast=\"auto\">Em m\u00e9dia, s\u00e3o 600 atendimentos por dia em cada unidade. A prefeitura tamb\u00e9m est\u00e1 construindo uma UPA no Complexo Ribeir\u00e3o Verde Ser\u00e1 a primeira unidade municipal de pronto atendimento e est\u00e1 sendo constru\u00edda pela empresa Laforma Com\u00e9rcio e Servi\u00e7o Ltda., pelo valor global de R$ 14.765.131,91.<\/span><\/p>\n<p><span data-contrast=\"auto\">Em setembro de 2021, o juiz Gustavo M\u00fcller Lorenzato, da 1\u00aa Vara da Fazenda P\u00fablica de Ribeir\u00e3o Preto, rejeitou, sem resolu\u00e7\u00e3o de m\u00e9rito, a\u00e7\u00e3o popular proposta pelo Partido Socialismo e Liberdade (PSB) contra a desativa\u00e7\u00e3o do pronto atendimento da <\/span><span data-contrast=\"none\">UBDS Central e sua transforma\u00e7\u00e3o em Centro de Aten\u00e7\u00e3o Psicossocial IV. <\/span><\/p>\n<p><span data-contrast=\"none\">Segundo o magistrado, a a\u00e7\u00e3o popular n\u00e3o era o instrumento adequado para este tipo de questionamento. Ele tamb\u00e9m acatou argumentos elencados pelo<\/span><span data-contrast=\"auto\"> promotor de Sa\u00fade P\u00fablica de Ribeir\u00e3o Preto, Sebasti\u00e3o S\u00e9rgio da Silveira. O representante do Minist\u00e9rio P\u00fablico de S\u00e3o Paulo (MPSP) tamb\u00e9m havia rejeitado a a\u00e7\u00e3o movida pelo ent\u00e3o deputado federal Ricardo Silva e pelo vereador Jean Corauci, que eram do PSB e hoje est\u00e3o no PSD. <\/span><\/p>\n<p>\u2014\u2014<\/p>\n<p>Jornal Tribuna Ribeir\u00e3o<\/p>\n<p>Um Jornal com a cara de Ribeir\u00e3o!<\/p>\n<p>\u00a0<\/p>\n<p>Impresso | WEB | Redes sociais<\/p>\n<p>Tribuna Ribeir\u00e3o \u2013 Fone: (16) 3632-2200 \u2013 Whatsapp: (16) 98161-8743<\/p>\n<p>Av. Bar\u00e3o do Bananal, 880 \u2013 Jardim Anhanguera, Ribeir\u00e3o Preto<\/p>\n<p>\u00a0<\/p>\n<p>@tribunaribeirao @meiaderibeirao @dinoderibeirao<\/p>\n<p>\u00a0<\/p>\n<p>#TribunaRibeir\u00e3o #News #Not\u00edcia #Ribeir\u00e3oPreto #Not\u00edciasDeRibeir\u00e3oPreto<\/p>\n<p>#ClassificadosTribunaRibeir\u00e3o #Jornalismo #ClassificadosRibeir\u00e3o<\/p>\n<p><span data-ccp-props=\"{}\">\u00a0<\/span><\/p>\n<p><span data-ccp-props=\"{}\">\u00a0<\/span><\/p>\n<\/div>\n<p><br \/>\n<br \/><a href=\"https:\/\/www.tribunaribeirao.com.br\/upa-central-depende-de-projeto\/\">Source link <\/a><\/p>\n<!-- CONTENT END 1 -->\n","protected":false},"excerpt":{"rendered":"<p>A readequa\u00e7\u00e3o do pr\u00e9dio da antiga Unidade B\u00e1sica Distrital de Sa\u00fade Doutor Jo\u00e3o Baptista Quartin, a UBDS Central, para transforma\u00e7\u00e3o em Unidade de Pronto Atendimento&#8230;<\/p>\n","protected":false},"author":1,"featured_media":70051,"comment_status":"open","ping_status":"open","sticky":false,"template":"","format":"standard","meta":{"advanced_seo_description":"","jetpack_seo_html_title":"","jetpack_seo_noindex":false,"jetpack_post_was_ever_published":false,"_jetpack_newsletter_access":"","_jetpack_dont_email_post_to_subs":false,"_jetpack_newsletter_tier_id":0,"_jetpack_memberships_contains_paywalled_content":false,"_jetpack_memberships_contains_paid_content":false,"footnotes":"","jetpack_publicize_message":"","jetpack_publicize_feature_enabled":true,"jetpack_social_post_already_shared":true,"jetpack_social_options":{"image_generator_settings":{"template":"highway","default_image_id":0,"font":"","enabled":false},"version":2}},"categories":[11],"tags":[],"class_list":["post-70050","post","type-post","status-publish","format-standard","has-post-thumbnail","hentry","category-noticias-de-ribeirao-preto-sp-e-regiao-ismael-colosi"],"jetpack_publicize_connections":[],"jetpack_featured_media_url":"https:\/\/i0.wp.com\/noticiasribeiraopreto.com.br\/wp-content\/uploads\/2025\/05\/MentalRP-Alfredo-Risk-scaled.jpg?fit=2560%2C1707&ssl=1","jetpack-related-posts":[{"id":80410,"url":"https:\/\/noticiasribeiraopreto.com.br\/index.php\/2025\/12\/03\/lancada-licitacao-da-upa-central-antiga-ubds\/","url_meta":{"origin":70050,"position":0},"title":"Lan\u00e7ada licita\u00e7\u00e3o \u2028da UPA Central, antiga UBDS","author":"noticiasribeiraopreto.com.br","date":"3 de December de 2025","format":false,"excerpt":"\r \r \r 2 de dezembro de 2025 10:452 de dezembro de 2025 10:19 \r Compartilhar0 O custo estimado da obra \u00e9 de R$ 8.958.700,35; empresa vencedora ter\u00e1 sete meses para concluir as obras \u2028\u2028A prefeitura de Ribeir\u00e3o Preto publicou no Di\u00e1rio Oficial do Munic\u00edpio (DOM) de sexta-feira, 28 de\u2026","rel":"","context":"In &quot;Not\u00edcias de Ribeir\u00e3o Preto-SP e Regi\u00e3o&quot;","block_context":{"text":"Not\u00edcias de Ribeir\u00e3o Preto-SP e Regi\u00e3o","link":"https:\/\/noticiasribeiraopreto.com.br\/index.php\/category\/noticias-de-ribeirao-preto-sp-e-regiao-ismael-colosi\/"},"img":{"alt_text":"","src":"https:\/\/i0.wp.com\/noticiasribeiraopreto.com.br\/wp-content\/uploads\/2025\/12\/MentalRP-Alfredo-Risk-scaled.jpg?fit=1170%2C780&ssl=1&resize=350%2C200","width":350,"height":200,"srcset":"https:\/\/i0.wp.com\/noticiasribeiraopreto.com.br\/wp-content\/uploads\/2025\/12\/MentalRP-Alfredo-Risk-scaled.jpg?fit=1170%2C780&ssl=1&resize=350%2C200 1x, https:\/\/i0.wp.com\/noticiasribeiraopreto.com.br\/wp-content\/uploads\/2025\/12\/MentalRP-Alfredo-Risk-scaled.jpg?fit=1170%2C780&ssl=1&resize=525%2C300 1.5x, https:\/\/i0.wp.com\/noticiasribeiraopreto.com.br\/wp-content\/uploads\/2025\/12\/MentalRP-Alfredo-Risk-scaled.jpg?fit=1170%2C780&ssl=1&resize=700%2C400 2x, https:\/\/i0.wp.com\/noticiasribeiraopreto.com.br\/wp-content\/uploads\/2025\/12\/MentalRP-Alfredo-Risk-scaled.jpg?fit=1170%2C780&ssl=1&resize=1050%2C600 3x"},"classes":[]},{"id":81715,"url":"https:\/\/noticiasribeiraopreto.com.br\/index.php\/2026\/01\/15\/licitacao-da-upa-inabilita-3a-empresa\/","url_meta":{"origin":70050,"position":1},"title":"\u2028Licita\u00e7\u00e3o da UPA \u2028inabilita 3\u00aa empresa","author":"noticiasribeiraopreto.com.br","date":"15 de January de 2026","format":false,"excerpt":"\r \r \r 15 de janeiro de 2026 07:41 \r Compartilhar0 Vinte e seis empresas se candidataram no certame para realizar as obres de adequa\u00e7\u00e3o e transforma\u00e7\u00e3o do local em uma Unidade de Pronto Atendimento (UPA) A licita\u00e7\u00e3o aberta pela prefeitura de Ribeir\u00e3o Preto em 28 de novembro, para contrata\u00e7\u00e3o\u2026","rel":"","context":"In &quot;Not\u00edcias de Ribeir\u00e3o Preto-SP e Regi\u00e3o&quot;","block_context":{"text":"Not\u00edcias de Ribeir\u00e3o Preto-SP e Regi\u00e3o","link":"https:\/\/noticiasribeiraopreto.com.br\/index.php\/category\/noticias-de-ribeirao-preto-sp-e-regiao-ismael-colosi\/"},"img":{"alt_text":"","src":"https:\/\/i0.wp.com\/noticiasribeiraopreto.com.br\/wp-content\/uploads\/2026\/01\/MentalRP-Alfredo-Risk-scaled.jpg?fit=1170%2C780&ssl=1&resize=350%2C200","width":350,"height":200,"srcset":"https:\/\/i0.wp.com\/noticiasribeiraopreto.com.br\/wp-content\/uploads\/2026\/01\/MentalRP-Alfredo-Risk-scaled.jpg?fit=1170%2C780&ssl=1&resize=350%2C200 1x, https:\/\/i0.wp.com\/noticiasribeiraopreto.com.br\/wp-content\/uploads\/2026\/01\/MentalRP-Alfredo-Risk-scaled.jpg?fit=1170%2C780&ssl=1&resize=525%2C300 1.5x, https:\/\/i0.wp.com\/noticiasribeiraopreto.com.br\/wp-content\/uploads\/2026\/01\/MentalRP-Alfredo-Risk-scaled.jpg?fit=1170%2C780&ssl=1&resize=700%2C400 2x, https:\/\/i0.wp.com\/noticiasribeiraopreto.com.br\/wp-content\/uploads\/2026\/01\/MentalRP-Alfredo-Risk-scaled.jpg?fit=1170%2C780&ssl=1&resize=1050%2C600 3x"},"classes":[]},{"id":62360,"url":"https:\/\/noticiasribeiraopreto.com.br\/index.php\/2025\/01\/12\/saiba-como-sera-transformacao-do-antigo-ps-central-de-ribeirao-preto-em-upa\/","url_meta":{"origin":70050,"position":2},"title":"Saiba como ser\u00e1 transforma\u00e7\u00e3o do antigo PS Central de Ribeir\u00e3o Preto em UPA","author":"noticiasribeiraopreto.com.br","date":"12 de January de 2025","format":false,"excerpt":"O secret\u00e1rio da Sa\u00fade de Ribeir\u00e3o Preto, Maur\u00edcio Godinho, disse que o pr\u00e9dio do antigo Pronto Socorro Central dever\u00e1 ser reformado para ser transformado em UPA (Unidade de Pronto Atendimento), conforme anunciou o prefeito Ricardo Silva (PSD) na posse, em 1\u00ba de janeiro. Decreto Um decreto foi publicado pelo chefe\u2026","rel":"","context":"In &quot;Not\u00edcias de Ribeir\u00e3o Preto-SP e Regi\u00e3o&quot;","block_context":{"text":"Not\u00edcias de Ribeir\u00e3o Preto-SP e Regi\u00e3o","link":"https:\/\/noticiasribeiraopreto.com.br\/index.php\/category\/noticias-de-ribeirao-preto-sp-e-regiao-ismael-colosi\/"},"img":{"alt_text":"","src":"https:\/\/i0.wp.com\/noticiasribeiraopreto.com.br\/wp-content\/uploads\/2025\/01\/upa-central_2025-01-10_21-22-23_jpg_2025-01-10_21-22-23-scaled.webp.webp?fit=1200%2C675&ssl=1&resize=350%2C200","width":350,"height":200,"srcset":"https:\/\/i0.wp.com\/noticiasribeiraopreto.com.br\/wp-content\/uploads\/2025\/01\/upa-central_2025-01-10_21-22-23_jpg_2025-01-10_21-22-23-scaled.webp.webp?fit=1200%2C675&ssl=1&resize=350%2C200 1x, https:\/\/i0.wp.com\/noticiasribeiraopreto.com.br\/wp-content\/uploads\/2025\/01\/upa-central_2025-01-10_21-22-23_jpg_2025-01-10_21-22-23-scaled.webp.webp?fit=1200%2C675&ssl=1&resize=525%2C300 1.5x, https:\/\/i0.wp.com\/noticiasribeiraopreto.com.br\/wp-content\/uploads\/2025\/01\/upa-central_2025-01-10_21-22-23_jpg_2025-01-10_21-22-23-scaled.webp.webp?fit=1200%2C675&ssl=1&resize=700%2C400 2x, https:\/\/i0.wp.com\/noticiasribeiraopreto.com.br\/wp-content\/uploads\/2025\/01\/upa-central_2025-01-10_21-22-23_jpg_2025-01-10_21-22-23-scaled.webp.webp?fit=1200%2C675&ssl=1&resize=1050%2C600 3x"},"classes":[]},{"id":68797,"url":"https:\/\/noticiasribeiraopreto.com.br\/index.php\/2025\/04\/29\/saude-investira-r-61-mi-em-limpeza-de-ubs\/","url_meta":{"origin":70050,"position":3},"title":"Sa\u00fade investir\u00e1 R$ 6,1 mi em limpeza de UBS\u00a0","author":"noticiasribeiraopreto.com.br","date":"29 de April de 2025","format":false,"excerpt":"29 de abril de 2025 09:3028 de abril de 2025 19:5910 Compartilhar0 A prefeitura de Ribeir\u00e3o Preto abriu preg\u00e3o eletr\u00f4nico visando a contrata\u00e7\u00e3o de empresa para servi\u00e7os continuados de limpeza t\u00e9cnica especializada em 20 Unidades B\u00e1sicas de Sa\u00fade do munic\u00edpio. O edital prev\u00ea que a vencedora forne\u00e7a os insumos e\u2026","rel":"","context":"In &quot;Not\u00edcias de Ribeir\u00e3o Preto-SP e Regi\u00e3o&quot;","block_context":{"text":"Not\u00edcias de Ribeir\u00e3o Preto-SP e Regi\u00e3o","link":"https:\/\/noticiasribeiraopreto.com.br\/index.php\/category\/noticias-de-ribeirao-preto-sp-e-regiao-ismael-colosi\/"},"img":{"alt_text":"","src":"https:\/\/i0.wp.com\/noticiasribeiraopreto.com.br\/wp-content\/uploads\/2025\/04\/SaudeUBS-Alfredo-Risk-scaled.jpg?fit=800%2C415&ssl=1&resize=350%2C200","width":350,"height":200,"srcset":"https:\/\/i0.wp.com\/noticiasribeiraopreto.com.br\/wp-content\/uploads\/2025\/04\/SaudeUBS-Alfredo-Risk-scaled.jpg?fit=800%2C415&ssl=1&resize=350%2C200 1x, https:\/\/i0.wp.com\/noticiasribeiraopreto.com.br\/wp-content\/uploads\/2025\/04\/SaudeUBS-Alfredo-Risk-scaled.jpg?fit=800%2C415&ssl=1&resize=525%2C300 1.5x, https:\/\/i0.wp.com\/noticiasribeiraopreto.com.br\/wp-content\/uploads\/2025\/04\/SaudeUBS-Alfredo-Risk-scaled.jpg?fit=800%2C415&ssl=1&resize=700%2C400 2x"},"classes":[]},{"id":34242,"url":"https:\/\/noticiasribeiraopreto.com.br\/index.php\/2024\/02\/01\/veja-quanto-vai-custar-a-upa-do-ribeirao-verde-construtora-ja-foi-definida\/","url_meta":{"origin":70050,"position":4},"title":"Veja quanto vai custar a UPA do Ribeir\u00e3o Verde; Construtora j\u00e1 foi definida","author":"noticiasribeiraopreto.com.br","date":"1 de February de 2024","format":false,"excerpt":"A UPA (Unidade de Pronto Atendimento) do Ribeir\u00e3o Verde, na zona Leste de Ribeir\u00e3o Preto, vai custar R$ 14.765.131,91, conforme o julgamento da licita\u00e7\u00e3o, publicado no Di\u00e1rio Oficial do Munic\u00edpio, na \u00faltima quarta-feira (31). A empresa vencedora do projeto \u00e9 a Laforma Com\u00e9rcio e Servi\u00e7os Ltda, de S\u00e3o Paulo. A\u2026","rel":"","context":"In &quot;Not\u00edcias de Ribeir\u00e3o Preto-SP e Regi\u00e3o&quot;","block_context":{"text":"Not\u00edcias de Ribeir\u00e3o Preto-SP e Regi\u00e3o","link":"https:\/\/noticiasribeiraopreto.com.br\/index.php\/category\/noticias-de-ribeirao-preto-sp-e-regiao-ismael-colosi\/"},"img":{"alt_text":"","src":"https:\/\/i0.wp.com\/noticiasribeiraopreto.com.br\/wp-content\/uploads\/2024\/02\/upa-ribeirao-verde.jpg?fit=1200%2C737&ssl=1&resize=350%2C200","width":350,"height":200,"srcset":"https:\/\/i0.wp.com\/noticiasribeiraopreto.com.br\/wp-content\/uploads\/2024\/02\/upa-ribeirao-verde.jpg?fit=1200%2C737&ssl=1&resize=350%2C200 1x, https:\/\/i0.wp.com\/noticiasribeiraopreto.com.br\/wp-content\/uploads\/2024\/02\/upa-ribeirao-verde.jpg?fit=1200%2C737&ssl=1&resize=525%2C300 1.5x, https:\/\/i0.wp.com\/noticiasribeiraopreto.com.br\/wp-content\/uploads\/2024\/02\/upa-ribeirao-verde.jpg?fit=1200%2C737&ssl=1&resize=700%2C400 2x, https:\/\/i0.wp.com\/noticiasribeiraopreto.com.br\/wp-content\/uploads\/2024\/02\/upa-ribeirao-verde.jpg?fit=1200%2C737&ssl=1&resize=1050%2C600 3x"},"classes":[]},{"id":16064,"url":"https:\/\/noticiasribeiraopreto.com.br\/index.php\/2023\/12\/14\/upa-do-ribeirao-verde-cinco-empresas-disputam-obra-de-r-16-milhoes\/","url_meta":{"origin":70050,"position":5},"title":"UPA do Ribeir\u00e3o Verde: cinco empresas disputam obra de R$ 16 milh\u00f5es","author":"noticiasribeiraopreto.com.br","date":"14 de December de 2023","format":false,"excerpt":"A Prefeitura de Ribeir\u00e3o Preto publicou no Di\u00e1rio Oficial do Munic\u00edpio, desta quinta-feira (14), o processo licitat\u00f3rio para a constru\u00e7\u00e3o da UPA (Unidade de Pronto Atendimento) do Ribeir\u00e3o Verde, na zona Leste. De acordo com a Administra\u00e7\u00e3o Municipal, dez empresas se inscreveram para participar da licita\u00e7\u00e3o, contudo, apenas cinco foram\u2026","rel":"","context":"In &quot;Not\u00edcias de Ribeir\u00e3o Preto-SP e Regi\u00e3o&quot;","block_context":{"text":"Not\u00edcias de Ribeir\u00e3o Preto-SP e Regi\u00e3o","link":"https:\/\/noticiasribeiraopreto.com.br\/index.php\/category\/noticias-de-ribeirao-preto-sp-e-regiao-ismael-colosi\/"},"img":{"alt_text":"","src":"https:\/\/i0.wp.com\/noticiasribeiraopreto.com.br\/wp-content\/uploads\/2023\/12\/projeto-UPA-Ribeirao-verde.jpeg?fit=1200%2C849&ssl=1&resize=350%2C200","width":350,"height":200,"srcset":"https:\/\/i0.wp.com\/noticiasribeiraopreto.com.br\/wp-content\/uploads\/2023\/12\/projeto-UPA-Ribeirao-verde.jpeg?fit=1200%2C849&ssl=1&resize=350%2C200 1x, https:\/\/i0.wp.com\/noticiasribeiraopreto.com.br\/wp-content\/uploads\/2023\/12\/projeto-UPA-Ribeirao-verde.jpeg?fit=1200%2C849&ssl=1&resize=525%2C300 1.5x, https:\/\/i0.wp.com\/noticiasribeiraopreto.com.br\/wp-content\/uploads\/2023\/12\/projeto-UPA-Ribeirao-verde.jpeg?fit=1200%2C849&ssl=1&resize=700%2C400 2x, https:\/\/i0.wp.com\/noticiasribeiraopreto.com.br\/wp-content\/uploads\/2023\/12\/projeto-UPA-Ribeirao-verde.jpeg?fit=1200%2C849&ssl=1&resize=1050%2C600 3x"},"classes":[]}],"jetpack_sharing_enabled":true,"jetpack_shortlink":"https:\/\/wp.me\/peQAOb-idQ","_links":{"self":[{"href":"https:\/\/noticiasribeiraopreto.com.br\/index.php\/wp-json\/wp\/v2\/posts\/70050","targetHints":{"allow":["GET"]}}],"collection":[{"href":"https:\/\/noticiasribeiraopreto.com.br\/index.php\/wp-json\/wp\/v2\/posts"}],"about":[{"href":"https:\/\/noticiasribeiraopreto.com.br\/index.php\/wp-json\/wp\/v2\/types\/post"}],"author":[{"embeddable":true,"href":"https:\/\/noticiasribeiraopreto.com.br\/index.php\/wp-json\/wp\/v2\/users\/1"}],"replies":[{"embeddable":true,"href":"https:\/\/noticiasribeiraopreto.com.br\/index.php\/wp-json\/wp\/v2\/comments?post=70050"}],"version-history":[{"count":0,"href":"https:\/\/noticiasribeiraopreto.com.br\/index.php\/wp-json\/wp\/v2\/posts\/70050\/revisions"}],"wp:featuredmedia":[{"embeddable":true,"href":"https:\/\/noticiasribeiraopreto.com.br\/index.php\/wp-json\/wp\/v2\/media\/70051"}],"wp:attachment":[{"href":"https:\/\/noticiasribeiraopreto.com.br\/index.php\/wp-json\/wp\/v2\/media?parent=70050"}],"wp:term":[{"taxonomy":"category","embeddable":true,"href":"https:\/\/noticiasribeiraopreto.com.br\/index.php\/wp-json\/wp\/v2\/categories?post=70050"},{"taxonomy":"post_tag","embeddable":true,"href":"https:\/\/noticiasribeiraopreto.com.br\/index.php\/wp-json\/wp\/v2\/tags?post=70050"}],"curies":[{"name":"wp","href":"https:\/\/api.w.org\/{rel}","templated":true}]}}