{"id":70052,"date":"2025-05-22T11:19:13","date_gmt":"2025-05-22T14:19:13","guid":{"rendered":"https:\/\/noticiasribeiraopreto.com.br\/index.php\/2025\/05\/22\/jornal-da-franca-campanha-do-agasalho-segue-com-63-postos-de-arrecadacao-espalhados-pela-cidade\/"},"modified":"2025-05-22T11:19:13","modified_gmt":"2025-05-22T14:19:13","slug":"jornal-da-franca-campanha-do-agasalho-segue-com-63-postos-de-arrecadacao-espalhados-pela-cidade","status":"publish","type":"post","link":"https:\/\/noticiasribeiraopreto.com.br\/index.php\/2025\/05\/22\/jornal-da-franca-campanha-do-agasalho-segue-com-63-postos-de-arrecadacao-espalhados-pela-cidade\/","title":{"rendered":"Jornal da Franca &#8211; Campanha do Agasalho segue com 63 postos de arrecada\u00e7\u00e3o espalhados pela cidade"},"content":{"rendered":"<p> <br \/>\n<\/p>\n<div>\n\t                            <a class=\"mb-1\" href=\"https:\/\/api.whatsapp.com\/send?text=Olha essa Not\u00edcia no Jornal da Franca.%0D%0D*Campanha do Agasalho segue com 63 postos de arrecada\u00e7\u00e3o espalhados pela cidade*%0D%0Dclique na url abaixo%0Dhttps:\/\/www.jornaldafranca.com.br\/campanha-do-agasalho-segue-com-63-postos-de-arrecadacao-espalhados-pela-cidade\/\" target=\"_blank\"><span class=\"text-12 badge badge-pill badge-success\"><i class=\"fa fa-whatsapp\"\/> compartilhar no whatsapp<\/span><\/a><\/p>\n<p>\t                            <a class=\"mb-1\" href=\"https:\/\/telegram.me\/share\/url?url=https:\/\/www.jornaldafranca.com.br\/campanha-do-agasalho-segue-com-63-postos-de-arrecadacao-espalhados-pela-cidade\/&amp;text=Olha essa Not\u00edcia no Jornal da Franca.\" target=\"_blank\"><span class=\"text-12 badge badge-pill badge-info\"><i class=\"fa fa-telegram\"\/> compartilhar no telegram<\/span><\/a><\/p>\n<p>\t                            <a class=\"mb-1\" href=\"https:\/\/www.facebook.com\/sharer\/sharer.php?u=https:\/\/www.jornaldafranca.com.br\/campanha-do-agasalho-segue-com-63-postos-de-arrecadacao-espalhados-pela-cidade\/\" target=\"_blank\"><span class=\"text-12 badge badge-pill badge-primary\"><i class=\"fa fa-facebook\"\/> compartilhar no facebook<\/span><\/a><\/p>\n<p>\t                            <a class=\"mb-1\" href=\"https:\/\/www.linkedin.com\/shareArticle?mini=true&amp;url=https:\/\/www.jornaldafranca.com.br\/campanha-do-agasalho-segue-com-63-postos-de-arrecadacao-espalhados-pela-cidade\/&amp;title=Campanha do Agasalho segue com 63 postos de arrecada\u00e7\u00e3o espalhados pela cidade&amp;source=JORNAL DA FRANCA\" target=\"_blank\"><span class=\"text-12 badge badge-pill badge-secondary\"><i class=\"fa fa-linkedin\"\/> compartilhar no linkedin<\/span><\/a><\/p>\n<div class=\"lead text-20\">\n<p>A popula\u00e7\u00e3o pode colaborar com cobertores novos ou usados, roupas e cal\u00e7ados em boas condi\u00e7\u00f5es de uso<\/p>\n<\/p><\/div>\n<p><img data-recalc-dims=\"1\" decoding=\"async\" src=\"https:\/\/i0.wp.com\/www.jornaldafranca.com.br\/wp-content\/uploads\/2025\/05\/Campanha-do-Agasalho.jpeg?ssl=1\" alt=\"\"\/><\/p>\n<h6>Arrecada\u00e7\u00f5es para a Campanha do Agasalho seguem em Franca at\u00e9 o dia 31 de julho<\/h6>\n<p>\u00a0<\/p>\n<p>O Fundo Social de Solidariedade (FUSSOL) continua promovendo a Campanha do Agasalho em Franca, com 63 postos de arrecada\u00e7\u00e3o distribu\u00eddos em todas as regi\u00f5es da cidade.<\/p>\n<p>A iniciativa, que tem como tema \u201cEsquente o seu cora\u00e7\u00e3o e a vida de quem necessita\u201d, vai at\u00e9 o dia 31 de julho.<\/p>\n<p>As caixas para doa\u00e7\u00e3o est\u00e3o instaladas em escolas municipais, supermercados, empresas, lojas, farm\u00e1cias, postos de combust\u00edveis e unidades da Pol\u00edcia Militar.<\/p>\n<p>A popula\u00e7\u00e3o pode colaborar com cobertores novos ou usados, roupas e cal\u00e7ados em boas condi\u00e7\u00f5es de uso.<\/p>\n<p>A presidente do FUSSOL, Cynthia Milhim Ferreira, refor\u00e7ou o pedido de solidariedade. \u201c\u00c9 importante que as pessoas separem roupas, agasalhos e cobertores que n\u00e3o utilizam mais, que possam ser utilizados por outras pessoas, e deixem nos postos de arrecada\u00e7\u00e3o\u201d, destacou.<\/p>\n<p>Empresas interessadas em se tornar pontos de coleta podem entrar em contato com o FUSSOL pelo telefone (16) 3711-9311.<\/p>\n<p>Ao fim da campanha, todas as doa\u00e7\u00f5es ser\u00e3o encaminhadas \u00e0 Secretaria de A\u00e7\u00e3o Social, respons\u00e1vel por fazer a distribui\u00e7\u00e3o entre as entidades cadastradas.<\/p>\n<p>Confira os postos de arrecada\u00e7\u00e3o da Campanha do Agasalho em todas as regi\u00f5es da cidade:<\/p>\n<p><strong>REGI\u00c3O CENTRAL<\/strong><\/p>\n<p>Laborat\u00f3rio Labcenter<br \/>Rua Ouvidor Freire, 1501<\/p>\n<p>Laborat\u00f3rio Labcenter<br \/>Rua Floriano Peixoto, 1710<\/p>\n<p>Savegnago<br \/>Rua Saldanha Marinho, 2151<\/p>\n<p>Chokdoce<br \/>Rua Volunt\u00e1rios da Franca, 1311<\/p>\n<p>Funer\u00e1ria Tedesco<br \/>Rua Dr J\u00falio Cardoso \u2013 1928 \u2013 Centro<\/p>\n<p><strong>REGI\u00c3O OESTE<\/strong><\/p>\n<p>Posto Galo Branco<br \/>Avenida Ant\u00f4nio Barbosa Filho, 101, Jardim Pedreiras<\/p>\n<p>EMEB Prof\u00aa. Nair Martins Rocha<br \/>Rua Padre Conrado, 1900, Vila Santos Dumont<\/p>\n<p>EMEB Prof. Augusto Marques<br \/>Rua \u00c1gua Santa, 500, Vila Nova<\/p>\n<p>Supermercado Lopes<br \/>Rua Major Moura Matos, 639, Vila Rezende<\/p>\n<p>EMEB Prof\u00aa. Dorotea Paulino Ferro<br \/>Rua Joaquim Machado, 580, Jardim Paulo Archetti<\/p>\n<p>Savegnago<br \/>Avenida Nelson Nogueira, 2211, Jardim Pulicano<\/p>\n<p>EMEB Prof\u00aa. Rita de C\u00e1ssia Calixto Xavier<br \/>Rua Ota\u00eddes Eur\u00edpedes Eleut\u00e9rio, 2505, Jardim Pulicano<\/p>\n<p>EMEB Prof\u00aa. Etelgina de F\u00e1tima Viveiros<br \/>Rua Pedro Silveira, 2915, Residencial J\u00falio D\u2019Elia<\/p>\n<p>EMEB Prof. Dom\u00eanico Pugliesi<br \/>Rua Santa Luzia, 3421, Vila Santa Maria<\/p>\n<p>EMEB Prof. e Escritor Nelson dos Santos Damasceno<br \/>Rua C\u00e2ndido Francisco Pires, 4000, Jardim Bonsucesso<\/p>\n<p>EMEB Anor Ravagnani<br \/>Rua Geraldino Augusto Machado, 181, Parque das Esmeraldas<\/p>\n<p>Droga Farma<br \/>Avenida Santos Dumont, 1240, S\u00e3o Joaquim<\/p>\n<p><strong>REGI\u00c3O SUL<\/strong><\/p>\n<p>Supermercado Lopes<br \/>Rua Marco Aur\u00e9lio de Luca, 2021, Parque Progresso<\/p>\n<p>Supermercado Lopes<br \/>Avenida Carlos Roberto Haddad, 594, Jardim Aeroporto I<\/p>\n<p>Droga Farma<br \/>Rua Reynaldo Chioca 1040 \u2013 Parque Progresso \u2013 3702-6400<\/p>\n<p>Droga Farma<br \/>Rua Marco Aur\u00e9lio de Luca, 2058, Parque Progresso<\/p>\n<p>EMEB Frei Germano de Annecy<br \/>Rua Fued Zacarias Cury, 1230, Parque Progresso<\/p>\n<p>Savegnago<br \/>Avenida Paulo Roberto Cavalheiro Coelho, 1911, Parque Castelo<\/p>\n<p>Pol\u00edcia Militar \u2013 15\u00ba Batalh\u00e3o<br \/>Rua Alfredo Tosi, 1200, N\u00facleo Agr\u00edcola Alpha<\/p>\n<p>EMEB Prof. Paulo Freire<br \/>Rua Joaquim Emerenciano, 1102, Jardim Avia\u00e7\u00e3o<\/p>\n<p>EMEB Prof. Jos\u00e9 M\u00e1rio Faleiros<br \/>Rua Leandro Fernandes Martins, 1971, Jardim Aeroporto III<\/p>\n<p>EMEB Prof. Fausto Alexandre Souza Teodoro<br \/>Rua Carlos Maranha, 2021, Jardim Santa B\u00e1rbara<\/p>\n<p>EMEB Prof. Ant\u00f4nio Manoel de Paula<br \/>Avenida Gabriela Almeida de Piraj\u00e1, 671, Jardim Aeroporto II<\/p>\n<p>EMEB Prof\u00aa. Christianne Dezuani Dias de Oliveira<br \/>Rua Maria de Lourdes Magrin do Val, 6100, Vila Real<\/p>\n<p>EMEB Prof\u00aa. Vanda Thereza de Senne Badar\u00f3<br \/>Rua Alfonso Sanches Simon, 301, Recanto Elimar II<\/p>\n<p>EMEB Prof\u00aa. Maria Ant\u00f4nia Stevanato Reis<br \/>Rua Amaury Rangel, 5880, Jardim Paraty<\/p>\n<p>EMEB Prof. H\u00e9lio Paulino Pinto<br \/>Rua Urias Alves Taveira, 6309, Residencial Ana Dorothea<\/p>\n<p>Droga Farma<br \/>Avenida Doutor Chafic Facury, 2805, Prolongamento Jardim \u00c2ngela Rosa<\/p>\n<p><strong>REGI\u00c3O NORTE<\/strong><\/p>\n<p>EMEB Rev. Prof. Nicanor Xavier da Cunha<br \/>Rua Ana Aguilar, 1601, Residencial Nova Franca<\/p>\n<p>EMEB Dr. Valeriano Gomes do Nascimento \u2013 CAIC<br \/>Rua Jos\u00e9 Gianesella, 581, City Petr\u00f3polis<\/p>\n<p>EMEB Prof. Aldo Prata \u2013<br \/>Avenida S\u00e3o Pedro, 601, City Petr\u00f3polis<\/p>\n<p>EMEB Prof\u00aa. Ol\u00edvia Corr\u00eaa Costa<br \/>Rua Ant\u00f4nio Miras Molina, 4700, Jardim Paineiras<\/p>\n<p>EMEB Prof. Mitermair Alves Barbosa<br \/>Rua Maria de F\u00e1tima C\u00e1ceres Mercuri, 3185, Jardim Luiza II<\/p>\n<p>EMEB Prof\u00aa. Maria Brizabela Bruxellas Zinader<br \/>Rua Wilson David, 2640, Jardim Luiza I<\/p>\n<p>EMEB Prof. Florestan Fernandes<br \/>Rua Raquel Jacintho Mesquita, 900, Jardim Vera Cruz<\/p>\n<p>EMEB Prof\u00aa. Ana Rosa de Lima Barbosa<br \/>Rua Waldomiro Gon\u00e7alves, 191, Parque do Horto<\/p>\n<p>EMEB Prof\u00aa. Maria \u00c2ngela David Henrique dos Santos<br \/>Avenida Paulo Duarte, 235, Parque Vicente Leporace I<\/p>\n<p>EMEB Prof\u00aa. Val\u00e9ria Teresa Spessoto Figueiredo Penna<br \/>Rua Erothildes Teodoro Pereira, 1060, Parque Vicente Leporace III<\/p>\n<p>ChokDoce<br \/>Av. Dr. Abrah\u00e3o Brickman, 1311, Parque Vicente Leporace III<\/p>\n<p>EMEB Prof\u00aa. Sueli Contini Marques<br \/>Rua Mamede Silva, 2771, Jardim Tropical<\/p>\n<p>Supermercado Lopes<br \/>Avenida Prof. Moacir Vi\u00eaira Coelho, 3849, Residencial Nosso Lar<\/p>\n<p>EM Prof\u00aa. Maria Helena Rosa Barbosa<br \/>Rua Jo\u00e3o Francisco Murzi, 5210, Jardim Redentor<\/p>\n<p>5\u00aa Companhia da Pol\u00edcia Militar<br \/>Avenida Dr. Fl\u00e1vio Rocha, 4281, Vila Exposi\u00e7\u00e3o<\/p>\n<p>ChokDoce<br \/>Avenida Chico J\u00falio, 3700, Vila Chico J\u00falio<\/p>\n<p>Savegnago<br \/>Avenida Jos\u00e9 da Silva, 3913, Jardim Maria Rosa<\/p>\n<p>EMEI Prof. Walter Costa<br \/>Rua Em\u00edlio Bruxelas, 3556, Parque S\u00e3o Jorge<\/p>\n<p><strong>REGI\u00c3O LESTE<\/strong><\/p>\n<p>CCBEU<br \/>Avenida Major Nic\u00e1cio, 1907, Cidade Nova<\/p>\n<p>Pa\u00e7o Municipal \u2013 Prefeitura de Franca<br \/>Rua Frederico Moura, 1517, Cidade Nova<\/p>\n<p>EMEB Prof\u00aa. Em\u00edlia de Paula Tarantelli<br \/>Rua Prudente de Morais, 450, Cidade Nova<\/p>\n<p>ChokDoce<br \/>Rua Domingas Scarabuci Teixeira, Vila Santo Ant\u00f4nio<\/p>\n<p>Savegnago<br \/>Avenida Brasil, 1281, Vila Aparecida<\/p>\n<p>EMEB Frei Lauro de Carvalho Borges<br \/>Rua C\u00e2ndido Carlos de Mello, 2860, Jardim do \u00c9den<\/p>\n<p>EMEB Prof\u00aa. Marilourdes Figueiredo Iara<br \/>Rua Hor\u00e1cio Saturi, 350, Jardim Panorama<\/p>\n<p>EMEB Prof. C\u00e9sar Augusto de Oliveira<br \/>Avenida Major Elias Motta, 1830, Jardim Brasil\u00e2ndia<\/p>\n<p>EMEB Prof\u00aa. Luzinete Cortez Balieiro<br \/>Rua Eunice Carmem Gon\u00e7alves Rodrigues, 2555, Jardim Palestina<\/p>\n<p>EMEB Prof. Dr. Rubens Zumstein<br \/>Rua Paulo Vieira da Silva, 2321, Jardim Piratininga<\/p>\n<p>EM Prof. Ant\u00f4nio Sicchierolli<br \/>Rua Professor Laerte Barbosa Cintra, 929, Jardim Am\u00e9rica<\/p>\n<p>1\u00aa Companhia da Pol\u00edcia Militar<br \/>Avenida Sete de Setembro, 736, Residencial Baldassari.<\/p>\n<p><!-- CONTENT END 1 --><\/p>\n<hr\/><\/div>\n<p><br \/>\n<br \/><a href=\"https:\/\/www.jornaldafranca.com.br\/campanha-do-agasalho-segue-com-63-postos-de-arrecadacao-espalhados-pela-cidade\/\">Source link <\/a><\/p>\n","protected":false},"excerpt":{"rendered":"<p>compartilhar no whatsapp compartilhar no telegram compartilhar no facebook compartilhar no linkedin A popula\u00e7\u00e3o pode colaborar com cobertores novos ou usados, roupas e cal\u00e7ados em&#8230;<\/p>\n","protected":false},"author":1,"featured_media":70053,"comment_status":"open","ping_status":"open","sticky":false,"template":"","format":"standard","meta":{"advanced_seo_description":"","jetpack_seo_html_title":"","jetpack_seo_noindex":false,"jetpack_post_was_ever_published":false,"_jetpack_newsletter_access":"","_jetpack_dont_email_post_to_subs":false,"_jetpack_newsletter_tier_id":0,"_jetpack_memberships_contains_paywalled_content":false,"_jetpack_memberships_contains_paid_content":false,"footnotes":"","jetpack_publicize_message":"","jetpack_publicize_feature_enabled":true,"jetpack_social_post_already_shared":true,"jetpack_social_options":{"image_generator_settings":{"template":"highway","default_image_id":0,"font":"","enabled":false},"version":2}},"categories":[3597],"tags":[],"class_list":["post-70052","post","type-post","status-publish","format-standard","has-post-thumbnail","hentry","category-noticias-franca-sp"],"jetpack_publicize_connections":[],"jetpack_featured_media_url":"https:\/\/i0.wp.com\/noticiasribeiraopreto.com.br\/wp-content\/uploads\/2025\/05\/Campanha-do-Agasalho.jpeg?fit=1599%2C1066&ssl=1","jetpack-related-posts":[{"id":73017,"url":"https:\/\/noticiasribeiraopreto.com.br\/index.php\/2025\/06\/24\/jornal-da-franca-clima-sera-de-frio-porem-agradavel-e-fresco-em-franca-nesta-terca-deve-chover\/","url_meta":{"origin":70052,"position":0},"title":"Jornal da Franca &#8211; Clima ser\u00e1 de frio, por\u00e9m agrad\u00e1vel e fresco em Franca nesta ter\u00e7a: deve chover","author":"noticiasribeiraopreto.com.br","date":"24 de June de 2025","format":false,"excerpt":"compartilhar no whatsapp compartilhar no telegram compartilhar no facebook compartilhar no linkedin Cidade tem previs\u00e3o de chuva de at\u00e9 12 mil\u00edmetros A previs\u00e3o do tempo para Franca indica um dia agrad\u00e1vel, com temperatura m\u00ednima de 5\u00b0C e m\u00e1xima de 22\u00b0C. H\u00e1 grande possibilidade de chuva, com volume de at\u00e9 12\u2026","rel":"","context":"In &quot;Not\u00edcias de Franca-SP&quot;","block_context":{"text":"Not\u00edcias de Franca-SP","link":"https:\/\/noticiasribeiraopreto.com.br\/index.php\/category\/noticias-de-ribeirao-preto-sp-e-regiao-ismael-colosi\/noticias-franca-sp\/"},"img":{"alt_text":"","src":"https:\/\/i0.wp.com\/noticiasribeiraopreto.com.br\/wp-content\/uploads\/2025\/06\/1750758766_Franca.jpeg?fit=1200%2C806&ssl=1&resize=350%2C200","width":350,"height":200,"srcset":"https:\/\/i0.wp.com\/noticiasribeiraopreto.com.br\/wp-content\/uploads\/2025\/06\/1750758766_Franca.jpeg?fit=1200%2C806&ssl=1&resize=350%2C200 1x, https:\/\/i0.wp.com\/noticiasribeiraopreto.com.br\/wp-content\/uploads\/2025\/06\/1750758766_Franca.jpeg?fit=1200%2C806&ssl=1&resize=525%2C300 1.5x, https:\/\/i0.wp.com\/noticiasribeiraopreto.com.br\/wp-content\/uploads\/2025\/06\/1750758766_Franca.jpeg?fit=1200%2C806&ssl=1&resize=700%2C400 2x, https:\/\/i0.wp.com\/noticiasribeiraopreto.com.br\/wp-content\/uploads\/2025\/06\/1750758766_Franca.jpeg?fit=1200%2C806&ssl=1&resize=1050%2C600 3x"},"classes":[]},{"id":69340,"url":"https:\/\/noticiasribeiraopreto.com.br\/index.php\/2025\/05\/05\/jornal-da-franca-implantacao-de-escola-civico-militar-em-franca-e-tema-de-debates-na-camara-municipal\/","url_meta":{"origin":70052,"position":1},"title":"Jornal da Franca &#8211; Implanta\u00e7\u00e3o de escola c\u00edvico-militar em Franca \u00e9 tema de debates na C\u00e2mara Municipal","author":"noticiasribeiraopreto.com.br","date":"5 de May de 2025","format":false,"excerpt":"compartilhar no whatsapp compartilhar no telegram compartilhar no facebook compartilhar no linkedin Mun\u00edcipe agradece apoio de vereadores e parlamentares para que Franca fosse contemplada com o modelo educacional A implanta\u00e7\u00e3o do Programa das Escolas C\u00edvico-Militares em Franca, pauta defendida pela direita, foi tema abordado durante a sess\u00e3o ordin\u00e1ria da C\u00e2mara\u2026","rel":"","context":"In &quot;Not\u00edcias de Franca-SP&quot;","block_context":{"text":"Not\u00edcias de Franca-SP","link":"https:\/\/noticiasribeiraopreto.com.br\/index.php\/category\/noticias-de-ribeirao-preto-sp-e-regiao-ismael-colosi\/noticias-franca-sp\/"},"img":{"alt_text":"","src":"https:\/\/i0.wp.com\/noticiasribeiraopreto.com.br\/wp-content\/uploads\/2025\/05\/1746449336_plenariodiagonal_0.jpg?fit=930%2C558&ssl=1&resize=350%2C200","width":350,"height":200,"srcset":"https:\/\/i0.wp.com\/noticiasribeiraopreto.com.br\/wp-content\/uploads\/2025\/05\/1746449336_plenariodiagonal_0.jpg?fit=930%2C558&ssl=1&resize=350%2C200 1x, https:\/\/i0.wp.com\/noticiasribeiraopreto.com.br\/wp-content\/uploads\/2025\/05\/1746449336_plenariodiagonal_0.jpg?fit=930%2C558&ssl=1&resize=525%2C300 1.5x, https:\/\/i0.wp.com\/noticiasribeiraopreto.com.br\/wp-content\/uploads\/2025\/05\/1746449336_plenariodiagonal_0.jpg?fit=930%2C558&ssl=1&resize=700%2C400 2x"},"classes":[]},{"id":69220,"url":"https:\/\/noticiasribeiraopreto.com.br\/index.php\/2025\/05\/03\/jornal-da-franca-socorristas-que-salvaram-crianca-em-franca-recebem-mocao-de-aplausos-da-camara\/","url_meta":{"origin":70052,"position":2},"title":"Jornal da Franca &#8211; Socorristas que salvaram crian\u00e7a em Franca\u00a0recebem Mo\u00e7\u00e3o de Aplausos da C\u00e2mara","author":"noticiasribeiraopreto.com.br","date":"3 de May de 2025","format":false,"excerpt":"compartilhar no whatsapp compartilhar no telegram compartilhar no facebook compartilhar no linkedin Mo\u00e7\u00e3o reconhece trabalho de equipe de sa\u00fade que atuou no salvamento de beb\u00ea A C\u00e2mara aprovou a Mo\u00e7\u00e3o de Aplausos n\u00ba 41 de 2025, de autoria do vereador Walker Bombeiro da Libras, para a equipe de sa\u00fade da\u2026","rel":"","context":"In &quot;Not\u00edcias de Franca-SP&quot;","block_context":{"text":"Not\u00edcias de Franca-SP","link":"https:\/\/noticiasribeiraopreto.com.br\/index.php\/category\/noticias-de-ribeirao-preto-sp-e-regiao-ismael-colosi\/noticias-franca-sp\/"},"img":{"alt_text":"","src":"https:\/\/i0.wp.com\/noticiasribeiraopreto.com.br\/wp-content\/uploads\/2025\/05\/mocaoravi17sessao.jpg?fit=1000%2C562&ssl=1&resize=350%2C200","width":350,"height":200,"srcset":"https:\/\/i0.wp.com\/noticiasribeiraopreto.com.br\/wp-content\/uploads\/2025\/05\/mocaoravi17sessao.jpg?fit=1000%2C562&ssl=1&resize=350%2C200 1x, https:\/\/i0.wp.com\/noticiasribeiraopreto.com.br\/wp-content\/uploads\/2025\/05\/mocaoravi17sessao.jpg?fit=1000%2C562&ssl=1&resize=525%2C300 1.5x, https:\/\/i0.wp.com\/noticiasribeiraopreto.com.br\/wp-content\/uploads\/2025\/05\/mocaoravi17sessao.jpg?fit=1000%2C562&ssl=1&resize=700%2C400 2x"},"classes":[]},{"id":67756,"url":"https:\/\/noticiasribeiraopreto.com.br\/index.php\/2025\/04\/18\/jornal-da-franca-vereadores-aprovam-reconhecimento-a-profissionais-e-entidades-que-atuam-em-franca\/","url_meta":{"origin":70052,"position":3},"title":"Jornal da Franca &#8211; Vereadores aprovam reconhecimento a profissionais e entidades que atuam em Franca\u00a0","author":"noticiasribeiraopreto.com.br","date":"18 de April de 2025","format":false,"excerpt":"compartilhar no whatsapp compartilhar no telegram compartilhar no facebook compartilhar no linkedin Mo\u00e7\u00f5es de aplausos e congratula\u00e7\u00f5es s\u00e3o apresentadas em reconhecimento a servi\u00e7os prestados A C\u00e2mara Municipal de Franca aprovou na sess\u00e3o desta ter\u00e7a-feira mo\u00e7\u00f5es de aplausos e congratula\u00e7\u00f5es em reconhecimento a profissionais, entidades e sindicatos que se destacaram em\u2026","rel":"","context":"In &quot;Not\u00edcias de Franca-SP&quot;","block_context":{"text":"Not\u00edcias de Franca-SP","link":"https:\/\/noticiasribeiraopreto.com.br\/index.php\/category\/noticias-de-ribeirao-preto-sp-e-regiao-ismael-colosi\/noticias-franca-sp\/"},"img":{"alt_text":"","src":"https:\/\/i0.wp.com\/noticiasribeiraopreto.com.br\/wp-content\/uploads\/2025\/04\/reuniaodecomissoes-2.jpg?fit=930%2C558&ssl=1&resize=350%2C200","width":350,"height":200,"srcset":"https:\/\/i0.wp.com\/noticiasribeiraopreto.com.br\/wp-content\/uploads\/2025\/04\/reuniaodecomissoes-2.jpg?fit=930%2C558&ssl=1&resize=350%2C200 1x, https:\/\/i0.wp.com\/noticiasribeiraopreto.com.br\/wp-content\/uploads\/2025\/04\/reuniaodecomissoes-2.jpg?fit=930%2C558&ssl=1&resize=525%2C300 1.5x, https:\/\/i0.wp.com\/noticiasribeiraopreto.com.br\/wp-content\/uploads\/2025\/04\/reuniaodecomissoes-2.jpg?fit=930%2C558&ssl=1&resize=700%2C400 2x"},"classes":[]},{"id":65177,"url":"https:\/\/noticiasribeiraopreto.com.br\/index.php\/2025\/03\/17\/jornal-da-franca-previsao-climatica-para-franca-dia-de-sol-com-poucas-nuvens-nesta-segunda\/","url_meta":{"origin":70052,"position":4},"title":"Jornal da Franca &#8211; Previs\u00e3o clim\u00e1tica para Franca: dia de sol com poucas nuvens nesta segunda","author":"noticiasribeiraopreto.com.br","date":"17 de March de 2025","format":false,"excerpt":"compartilhar no whatsapp compartilhar no telegram compartilhar no facebook compartilhar no linkedin Temperaturas variam entre 19\u00b0C e 31\u00b0C, com 0% de chance de chuva \u00a0 A previs\u00e3o do tempo para a cidade de Franca nesta segunda-feira, indica um dia de sol com algumas nuvens, especialmente \u00e0 tarde. H\u00e1 previs\u00e3o de\u2026","rel":"","context":"In &quot;Not\u00edcias de Franca-SP&quot;","block_context":{"text":"Not\u00edcias de Franca-SP","link":"https:\/\/noticiasribeiraopreto.com.br\/index.php\/category\/noticias-de-ribeirao-preto-sp-e-regiao-ismael-colosi\/noticias-franca-sp\/"},"img":{"alt_text":"","src":"https:\/\/i0.wp.com\/noticiasribeiraopreto.com.br\/wp-content\/uploads\/2025\/03\/nuvens-de-chuva-scaled.jpg?fit=1200%2C800&ssl=1&resize=350%2C200","width":350,"height":200,"srcset":"https:\/\/i0.wp.com\/noticiasribeiraopreto.com.br\/wp-content\/uploads\/2025\/03\/nuvens-de-chuva-scaled.jpg?fit=1200%2C800&ssl=1&resize=350%2C200 1x, https:\/\/i0.wp.com\/noticiasribeiraopreto.com.br\/wp-content\/uploads\/2025\/03\/nuvens-de-chuva-scaled.jpg?fit=1200%2C800&ssl=1&resize=525%2C300 1.5x, https:\/\/i0.wp.com\/noticiasribeiraopreto.com.br\/wp-content\/uploads\/2025\/03\/nuvens-de-chuva-scaled.jpg?fit=1200%2C800&ssl=1&resize=700%2C400 2x, https:\/\/i0.wp.com\/noticiasribeiraopreto.com.br\/wp-content\/uploads\/2025\/03\/nuvens-de-chuva-scaled.jpg?fit=1200%2C800&ssl=1&resize=1050%2C600 3x"},"classes":[]},{"id":64747,"url":"https:\/\/noticiasribeiraopreto.com.br\/index.php\/2025\/03\/12\/jornal-da-franca-autoridades-e-produtores-rurais-de-franca-fazem-abertura-da-16-edicao-do-simcafe\/","url_meta":{"origin":70052,"position":5},"title":"Jornal da Franca &#8211; Autoridades e produtores rurais de Franca fazem abertura da 16\u00b0 edi\u00e7\u00e3o do SimCaf\u00e9","author":"noticiasribeiraopreto.com.br","date":"12 de March de 2025","format":false,"excerpt":"compartilhar no whatsapp compartilhar no telegram compartilhar no facebook compartilhar no linkedin Evento re\u00fane cafeicultores e empresas do setor de agro de Franca e regi\u00e3o O Simcaf\u00e9 \u2013 Simp\u00f3sio do Agroneg\u00f3cio Caf\u00e9 da Alta Mogiana \u2013 teve sua 16\u00b0 edi\u00e7\u00e3o aberta nesta ter\u00e7a-feira com a presen\u00e7a de diversas autoridades pol\u00edticas.\u2026","rel":"","context":"In &quot;Not\u00edcias de Franca-SP&quot;","block_context":{"text":"Not\u00edcias de Franca-SP","link":"https:\/\/noticiasribeiraopreto.com.br\/index.php\/category\/noticias-de-ribeirao-preto-sp-e-regiao-ismael-colosi\/noticias-franca-sp\/"},"img":{"alt_text":"","src":"https:\/\/i0.wp.com\/noticiasribeiraopreto.com.br\/wp-content\/uploads\/2025\/03\/IMG_20250311_180004.jpg?fit=804%2C730&ssl=1&resize=350%2C200","width":350,"height":200,"srcset":"https:\/\/i0.wp.com\/noticiasribeiraopreto.com.br\/wp-content\/uploads\/2025\/03\/IMG_20250311_180004.jpg?fit=804%2C730&ssl=1&resize=350%2C200 1x, https:\/\/i0.wp.com\/noticiasribeiraopreto.com.br\/wp-content\/uploads\/2025\/03\/IMG_20250311_180004.jpg?fit=804%2C730&ssl=1&resize=525%2C300 1.5x, https:\/\/i0.wp.com\/noticiasribeiraopreto.com.br\/wp-content\/uploads\/2025\/03\/IMG_20250311_180004.jpg?fit=804%2C730&ssl=1&resize=700%2C400 2x"},"classes":[]}],"jetpack_sharing_enabled":true,"jetpack_shortlink":"https:\/\/wp.me\/peQAOb-idS","_links":{"self":[{"href":"https:\/\/noticiasribeiraopreto.com.br\/index.php\/wp-json\/wp\/v2\/posts\/70052","targetHints":{"allow":["GET"]}}],"collection":[{"href":"https:\/\/noticiasribeiraopreto.com.br\/index.php\/wp-json\/wp\/v2\/posts"}],"about":[{"href":"https:\/\/noticiasribeiraopreto.com.br\/index.php\/wp-json\/wp\/v2\/types\/post"}],"author":[{"embeddable":true,"href":"https:\/\/noticiasribeiraopreto.com.br\/index.php\/wp-json\/wp\/v2\/users\/1"}],"replies":[{"embeddable":true,"href":"https:\/\/noticiasribeiraopreto.com.br\/index.php\/wp-json\/wp\/v2\/comments?post=70052"}],"version-history":[{"count":0,"href":"https:\/\/noticiasribeiraopreto.com.br\/index.php\/wp-json\/wp\/v2\/posts\/70052\/revisions"}],"wp:featuredmedia":[{"embeddable":true,"href":"https:\/\/noticiasribeiraopreto.com.br\/index.php\/wp-json\/wp\/v2\/media\/70053"}],"wp:attachment":[{"href":"https:\/\/noticiasribeiraopreto.com.br\/index.php\/wp-json\/wp\/v2\/media?parent=70052"}],"wp:term":[{"taxonomy":"category","embeddable":true,"href":"https:\/\/noticiasribeiraopreto.com.br\/index.php\/wp-json\/wp\/v2\/categories?post=70052"},{"taxonomy":"post_tag","embeddable":true,"href":"https:\/\/noticiasribeiraopreto.com.br\/index.php\/wp-json\/wp\/v2\/tags?post=70052"}],"curies":[{"name":"wp","href":"https:\/\/api.w.org\/{rel}","templated":true}]}}