{"id":70058,"date":"2025-05-22T12:23:16","date_gmt":"2025-05-22T15:23:16","guid":{"rendered":"https:\/\/noticiasribeiraopreto.com.br\/index.php\/2025\/05\/22\/botafogo-anuncia-boicote-da-eleicao-da-cbf-veja-o-motivo\/"},"modified":"2025-05-22T12:23:16","modified_gmt":"2025-05-22T15:23:16","slug":"botafogo-anuncia-boicote-da-eleicao-da-cbf-veja-o-motivo","status":"publish","type":"post","link":"https:\/\/noticiasribeiraopreto.com.br\/index.php\/2025\/05\/22\/botafogo-anuncia-boicote-da-eleicao-da-cbf-veja-o-motivo\/","title":{"rendered":"Botafogo anuncia boicote da elei\u00e7\u00e3o da CBF; Veja o motivo"},"content":{"rendered":"<p> <br \/>\n<\/p>\n<div>\n<p>O <strong>Botafogo de Ribeir\u00e3o Preto<\/strong> \u00e9 um dos 20 clubes que v\u00e3o boicotar a elei\u00e7\u00e3o da <strong>CBF (Confedera\u00e7\u00e3o Brasileira de Futebol)<\/strong>, que acontece no pr\u00f3ximo domingo (25). O Pantera apoiava a candidatura do presidente da<strong> FPF (Federa\u00e7\u00e3o Paulista de Futebol (FPF)<\/strong>, <strong>Reinaldo Carneiro Bastos<\/strong>, que n\u00e3o conseguiu registrar uma chapa.<\/p>\n<p><mark style=\"background-color:#fcb900\" class=\"has-inline-color has-black-color\">Apesar do n\u00e3o comparecimento, \u00e9 poss\u00edvel que o clube ainda vote, j\u00e1 que a entidade autorizou o voto remoto<\/mark>. Ainda assim, a absten\u00e7\u00e3o deve ser a escolha das agremia\u00e7\u00f5es.<strong> Samir Xaud <\/strong>\u00e9 candidato \u00fanico, com apoio de 25 federa\u00e7\u00f5es, o que inviabilizou a inscri\u00e7\u00e3o de uma chapa advers\u00e1ria.<\/p>\n<h2 class=\"wp-block-heading\"><strong>Manifesto<\/strong><\/h2>\n<p>A nota divulgada leva o lema da campanha que marca o posicionamento dos clubes durante o processo eleitoral: \u201cSem clube n\u00e3o tem futebol\u201d. A maioria das equipes pertence \u00e0 LFU (Liga Forte Uni\u00e3o), bloco econ\u00f4mico mais pr\u00f3ximo do presidente da FPF. Contudo, h\u00e1 tamb\u00e9m times da Libra.<\/p>\n<p>\u201cO futuro do futebol brasileiro precisa ser pautado pela democracia, transpar\u00eancia e representatividade. N\u00e3o compareceremos \u00e0 vota\u00e7\u00e3o por discordarmos do processo vigente\u201d, inicia o texto, que conclui: \u201cEstaremos prontos para conversar com a nova gest\u00e3o, a partir da pr\u00f3xima semana, para que juntos possamos debater como mudar o processo eleitoral e outras demandas dos clubes em prol de um futebol cada vez melhor\u201d.<\/p>\n<p>Al\u00e9m do Botafogo de Ribeir\u00e3o Preto, assinam o comunicado:<\/p>\n<ul class=\"wp-block-list\">\n<li><strong>Am\u00e9rica-MG<\/strong>,<strong> Athletico-PR<\/strong>, <strong>Atl\u00e9tico-GO<\/strong>,<strong> Chapecoense<\/strong>, <strong>Corinthians<\/strong>, <strong>Coritiba<\/strong>, <strong>Cruzeiro<\/strong>, <strong>Cuiab\u00e1<\/strong>,<strong> Flamengo<\/strong>, <strong>Fluminense<\/strong>, <strong>Fortaleza<\/strong>, <strong>Goi\u00e1s<\/strong>,<strong> Internacional<\/strong>, <strong>Juventude<\/strong>,<strong> Mirassol<\/strong>, <strong>Novorizontino<\/strong>, <strong>Santos<\/strong>, <strong>S\u00e3o Paulo<\/strong> e<strong> Sport<\/strong>.<\/li>\n<\/ul>\n<p>Entre os 30 que apoiaram Carneiro Bastos, mas n\u00e3o assinaram o comunicado de aus\u00eancia, est\u00e3o Atl\u00e9tico-MG, Ava\u00ed, Bahia, CRB, Red Bull Bragantino, Cear\u00e1, Ferrovi\u00e1ria, Oper\u00e1rio-PR, Vila Nova e Vit\u00f3ria<\/p>\n<p>No come\u00e7o da semana, a maioria dos clubes brasileiros das s\u00e9ries A e B se uniu para fazer exig\u00eancias \u00e0 nova gest\u00e3o da CBF. Em texto publicado por meio das redes sociais da LFU, foram exigidas mudan\u00e7as no processo eleitoral da entidade m\u00e1xima do futebol e o comprometimento com a cria\u00e7\u00e3o de uma liga.<\/p>\n<h2 class=\"wp-block-heading\"><strong>VEJA AS EXIG\u00caNCIAS FEITAS PELOS CLUBES \u00c0 CBF:<\/strong><\/h2>\n<ul class=\"wp-block-list\">\n<li>Altera\u00e7\u00e3o do processo eleitoral, especialmente no que se refere ao peso dos votos<\/li>\n<\/ul>\n<ul class=\"wp-block-list\">\n<li>Obrigatoriedade da participa\u00e7\u00e3o dos Clubes em todas as Assembleias Gerais da CBF<\/li>\n<\/ul>\n<ul class=\"wp-block-list\">\n<li>Compromisso de cria\u00e7\u00e3o da Liga e reconhecimento de que as propriedades comerciais das S\u00e9ries A e B pertencem aos Clubes<\/li>\n<\/ul>\n<ul class=\"wp-block-list\">\n<li>Altera\u00e7\u00e3o das regras de governan\u00e7a, dando efetivamente poder executivo \u00e0 Comiss\u00e3o Nacional de Clubes<\/li>\n<\/ul>\n<ul class=\"wp-block-list\">\n<li> Profissionaliza\u00e7\u00e3o da arbitragem, garantindo dedica\u00e7\u00e3o exclusiva dos \u00e1rbitros das s\u00e9ries A e B, e investimento em treinamento permanente<\/li>\n<\/ul>\n<ul class=\"wp-block-list\">\n<li>O calend\u00e1rio do ciclo 2026-2030 precisa ser aprovado por Libra e LFU em conjunto com CBF<\/li>\n<\/ul>\n<ul class=\"wp-block-list\">\n<li>Fomento e apoio financeiro especialmente direcionado \u00e0s S\u00e9ries B, C e D assim como ao Futebol Feminino<\/li>\n<\/ul>\n<ul class=\"wp-block-list\">\n<li>Estabelecimento de regras de Fair Play Financeiro<\/li>\n<\/ul>\n<p>A Assembleia Geral Eleitoral est\u00e1 marcada para domingo, com primeira convoca\u00e7\u00e3o \u00e0s 10h30, na sede da CBF, no Rio de Janeiro. A comiss\u00e3o eleitoral permitiu a participa\u00e7\u00e3o de forma remota, j\u00e1 que ser\u00e1 um domingo de rodada do Brasileir\u00e3o (Com informa\u00e7\u00f5es<strong> Leonardo Catto\/Estad\u00e3o Conte\u00fado<\/strong>).<\/p>\n<p>SAIBA MAIS<br \/>Botafogo confirma algoz do Palmeiras como novo t\u00e9cnico<\/p>\n<h2 class=\"wp-block-heading\"><strong>FIQUE ON<\/strong><\/h2>\n<p>Fique ligado em tudo que acontece em Ribeir\u00e3o Preto e regi\u00e3o. Siga os perfis do<strong> acidade on <\/strong>no<a href=\"https:\/\/www.instagram.com\/acidadeonribeirao\"> Instagram <\/a>e no <a href=\"https:\/\/www.facebook.com\/acidadeonribeirao\/\">Facebook.<\/a><\/p>\n<p>Receba not\u00edcias do <strong>acidade on <\/strong>no WhatsApp. <a href=\"https:\/\/chat.whatsapp.com\/BjKQZ9oJwlz8VVT50NuePq\">Para entrar no grupo, basta clicar aqui.<\/a><\/p>\n<p>Fa\u00e7a uma den\u00fancia ou sugira uma reportagem sobre Ribeir\u00e3o Preto e regi\u00e3o pelo WhatsApp: 16 99117 7802.<\/p>\n<p>VEJA TAMB\u00c9M<br \/>Quais clubes v\u00e3o boicotar a elei\u00e7\u00e3o da CBF?<\/p>\n<p><!-- CONTENT END 1 -->\n<\/div>\n<p><script async src=\"\/\/www.instagram.com\/embed.js\"><\/script><br \/>\n<br \/><br \/>\n<br \/><a href=\"https:\/\/www.acidadeon.com\/ribeiraopreto\/esportes\/botafogo-anuncia-boicote-eleicao-da-cbf-veja-o-motivo\/\">Source link <\/a><\/p>\n","protected":false},"excerpt":{"rendered":"<p>O Botafogo de Ribeir\u00e3o Preto \u00e9 um dos 20 clubes que v\u00e3o boicotar a elei\u00e7\u00e3o da CBF (Confedera\u00e7\u00e3o Brasileira de Futebol), que acontece no pr\u00f3ximo&#8230;<\/p>\n","protected":false},"author":1,"featured_media":61524,"comment_status":"open","ping_status":"open","sticky":false,"template":"","format":"standard","meta":{"advanced_seo_description":"","jetpack_seo_html_title":"","jetpack_seo_noindex":false,"jetpack_post_was_ever_published":false,"_jetpack_newsletter_access":"","_jetpack_dont_email_post_to_subs":false,"_jetpack_newsletter_tier_id":0,"_jetpack_memberships_contains_paywalled_content":false,"_jetpack_memberships_contains_paid_content":false,"footnotes":"","jetpack_publicize_message":"","jetpack_publicize_feature_enabled":true,"jetpack_social_post_already_shared":true,"jetpack_social_options":{"image_generator_settings":{"template":"highway","default_image_id":0,"font":"","enabled":false},"version":2}},"categories":[11],"tags":[],"class_list":["post-70058","post","type-post","status-publish","format-standard","has-post-thumbnail","hentry","category-noticias-de-ribeirao-preto-sp-e-regiao-ismael-colosi"],"jetpack_publicize_connections":[],"jetpack_featured_media_url":"https:\/\/i0.wp.com\/noticiasribeiraopreto.com.br\/wp-content\/uploads\/2024\/12\/botafogo-arena_2024-12-15_17-13-24_jpg_2024-12-15_17-13-24.webp.webp?fit=1200%2C799&ssl=1","jetpack-related-posts":[{"id":70377,"url":"https:\/\/noticiasribeiraopreto.com.br\/index.php\/2025\/05\/25\/em-eleicao-marcada-por-boicote-de-clubes-cbf-elege-novo-presidente-saiba-quem-e\/","url_meta":{"origin":70058,"position":0},"title":"Em elei\u00e7\u00e3o marcada por boicote de clubes, CBF elege novo presidente; saiba quem \u00e9","author":"noticiasribeiraopreto.com.br","date":"25 de May de 2025","format":false,"excerpt":"Samir Xaud, dirigente de Roraima, foi eleito presidente da Confedera\u00e7\u00e3o Brasileira de Futebol (CBF) na manh\u00e3 deste domingo (25), em elei\u00e7\u00e3o realizada na sede da entidade, no Rio de Janeiro. A vota\u00e7\u00e3o foi marcada pelo boicote de parte dos clubes, que rejeitaram a participa\u00e7\u00e3o no pleito, incluindo a proposta de\u2026","rel":"","context":"In &quot;Not\u00edcias de Ribeir\u00e3o Preto-SP e Regi\u00e3o&quot;","block_context":{"text":"Not\u00edcias de Ribeir\u00e3o Preto-SP e Regi\u00e3o","link":"https:\/\/noticiasribeiraopreto.com.br\/index.php\/category\/noticias-de-ribeirao-preto-sp-e-regiao-ismael-colosi\/"},"img":{"alt_text":"","src":"https:\/\/i0.wp.com\/noticiasribeiraopreto.com.br\/wp-content\/uploads\/2025\/05\/Copia-de-Copia-de-Copia-de-TAMANHO-EXATO-PARA-FOTOS-NO-SISTEMA-NOVO-95_2025-05-25_18-28-55.webp.webp?fit=1200%2C675&ssl=1&resize=350%2C200","width":350,"height":200,"srcset":"https:\/\/i0.wp.com\/noticiasribeiraopreto.com.br\/wp-content\/uploads\/2025\/05\/Copia-de-Copia-de-Copia-de-TAMANHO-EXATO-PARA-FOTOS-NO-SISTEMA-NOVO-95_2025-05-25_18-28-55.webp.webp?fit=1200%2C675&ssl=1&resize=350%2C200 1x, https:\/\/i0.wp.com\/noticiasribeiraopreto.com.br\/wp-content\/uploads\/2025\/05\/Copia-de-Copia-de-Copia-de-TAMANHO-EXATO-PARA-FOTOS-NO-SISTEMA-NOVO-95_2025-05-25_18-28-55.webp.webp?fit=1200%2C675&ssl=1&resize=525%2C300 1.5x, https:\/\/i0.wp.com\/noticiasribeiraopreto.com.br\/wp-content\/uploads\/2025\/05\/Copia-de-Copia-de-Copia-de-TAMANHO-EXATO-PARA-FOTOS-NO-SISTEMA-NOVO-95_2025-05-25_18-28-55.webp.webp?fit=1200%2C675&ssl=1&resize=700%2C400 2x, https:\/\/i0.wp.com\/noticiasribeiraopreto.com.br\/wp-content\/uploads\/2025\/05\/Copia-de-Copia-de-Copia-de-TAMANHO-EXATO-PARA-FOTOS-NO-SISTEMA-NOVO-95_2025-05-25_18-28-55.webp.webp?fit=1200%2C675&ssl=1&resize=1050%2C600 3x"},"classes":[]},{"id":70360,"url":"https:\/\/noticiasribeiraopreto.com.br\/index.php\/2025\/05\/25\/samir-xaud-e-eleito-presidente-da-cbf\/","url_meta":{"origin":70058,"position":1},"title":"Samir Xaud \u00e9 eleito presidente da CBF","author":"noticiasribeiraopreto.com.br","date":"25 de May de 2025","format":false,"excerpt":"25 de maio de 2025 12:263 Compartilhar0 Neste domingo (25) Samir Xaud foi eleito presidente da Confedera\u00e7\u00e3o Brasileira de Futebol (CBF), sucedendo Ednaldo Rodrigues. Aos 41 anos, o m\u00e9dico e empres\u00e1rio de Roraima assume o comando da entidade m\u00e1xima do futebol brasileiro at\u00e9 2029, ap\u00f3s uma elei\u00e7\u00e3o marcada por apoio\u2026","rel":"","context":"In &quot;Not\u00edcias de Ribeir\u00e3o Preto-SP e Regi\u00e3o&quot;","block_context":{"text":"Not\u00edcias de Ribeir\u00e3o Preto-SP e Regi\u00e3o","link":"https:\/\/noticiasribeiraopreto.com.br\/index.php\/category\/noticias-de-ribeirao-preto-sp-e-regiao-ismael-colosi\/"},"img":{"alt_text":"","src":"https:\/\/i0.wp.com\/noticiasribeiraopreto.com.br\/wp-content\/uploads\/2025\/05\/samir_cbf.jpg?fit=1170%2C700&ssl=1&resize=350%2C200","width":350,"height":200,"srcset":"https:\/\/i0.wp.com\/noticiasribeiraopreto.com.br\/wp-content\/uploads\/2025\/05\/samir_cbf.jpg?fit=1170%2C700&ssl=1&resize=350%2C200 1x, https:\/\/i0.wp.com\/noticiasribeiraopreto.com.br\/wp-content\/uploads\/2025\/05\/samir_cbf.jpg?fit=1170%2C700&ssl=1&resize=525%2C300 1.5x, https:\/\/i0.wp.com\/noticiasribeiraopreto.com.br\/wp-content\/uploads\/2025\/05\/samir_cbf.jpg?fit=1170%2C700&ssl=1&resize=700%2C400 2x, https:\/\/i0.wp.com\/noticiasribeiraopreto.com.br\/wp-content\/uploads\/2025\/05\/samir_cbf.jpg?fit=1170%2C700&ssl=1&resize=1050%2C600 3x"},"classes":[]},{"id":80228,"url":"https:\/\/noticiasribeiraopreto.com.br\/index.php\/2025\/11\/18\/em-eleicao-com-chapa-unica-botafogo-fc-define-novo-presidente\/","url_meta":{"origin":70058,"position":2},"title":"Em elei\u00e7\u00e3o com chapa \u00fanica, Botafogo FC define novo presidente","author":"noticiasribeiraopreto.com.br","date":"18 de November de 2025","format":false,"excerpt":"O Conselho Deliberativo do Botafogo definiu na noite de segunda-feira (17), em Ribeir\u00e3o Preto, o novo presidente do clube. O empres\u00e1rio e m\u00e9dico veterin\u00e1rio Alessander De Martin assume a presid\u00eancia para o bi\u00eanio 2026\/2027. Ele ter\u00e1 como vice o ex-presidente Eduardo Esteves. Nomeada \u201cBotafogo, time do povo\u201d, a chapa de\u2026","rel":"","context":"In &quot;Not\u00edcias de Ribeir\u00e3o Preto-SP e Regi\u00e3o&quot;","block_context":{"text":"Not\u00edcias de Ribeir\u00e3o Preto-SP e Regi\u00e3o","link":"https:\/\/noticiasribeiraopreto.com.br\/index.php\/category\/noticias-de-ribeirao-preto-sp-e-regiao-ismael-colosi\/"},"img":{"alt_text":"","src":"https:\/\/i0.wp.com\/noticiasribeiraopreto.com.br\/wp-content\/uploads\/2025\/11\/alessander-de-martin_2025-11-18_12-35-03.webp.webp?fit=1200%2C675&ssl=1&resize=350%2C200","width":350,"height":200,"srcset":"https:\/\/i0.wp.com\/noticiasribeiraopreto.com.br\/wp-content\/uploads\/2025\/11\/alessander-de-martin_2025-11-18_12-35-03.webp.webp?fit=1200%2C675&ssl=1&resize=350%2C200 1x, https:\/\/i0.wp.com\/noticiasribeiraopreto.com.br\/wp-content\/uploads\/2025\/11\/alessander-de-martin_2025-11-18_12-35-03.webp.webp?fit=1200%2C675&ssl=1&resize=525%2C300 1.5x, https:\/\/i0.wp.com\/noticiasribeiraopreto.com.br\/wp-content\/uploads\/2025\/11\/alessander-de-martin_2025-11-18_12-35-03.webp.webp?fit=1200%2C675&ssl=1&resize=700%2C400 2x, https:\/\/i0.wp.com\/noticiasribeiraopreto.com.br\/wp-content\/uploads\/2025\/11\/alessander-de-martin_2025-11-18_12-35-03.webp.webp?fit=1200%2C675&ssl=1&resize=1050%2C600 3x"},"classes":[]},{"id":81132,"url":"https:\/\/noticiasribeiraopreto.com.br\/index.php\/2025\/12\/25\/botafogo-aparece-na-34a-posicao-no-ranking-nacional-de-clubes-da-cbf\/","url_meta":{"origin":70058,"position":3},"title":"Botafogo aparece na 34\u00aa posi\u00e7\u00e3o no ranking nacional de clubes da CBF","author":"noticiasribeiraopreto.com.br","date":"25 de December de 2025","format":false,"excerpt":"A CBF (Confedera\u00e7\u00e3o Brasileira de Futebol) divulgou nesta quarta-feira (24) a atualiza\u00e7\u00e3o do seu ranking nacional de clubes para 2026. O Botafogo de Ribeir\u00e3o Preto aparece na 34\u00aa coloca\u00e7\u00e3o, com 4.036 pontos \u2013 o Pantera \u00e9 a oitava equipe do estado de S\u00e3o Paulo. Atual campe\u00e3o brasileiro, o Flamengo segue\u2026","rel":"","context":"In &quot;Not\u00edcias de Ribeir\u00e3o Preto-SP e Regi\u00e3o&quot;","block_context":{"text":"Not\u00edcias de Ribeir\u00e3o Preto-SP e Regi\u00e3o","link":"https:\/\/noticiasribeiraopreto.com.br\/index.php\/category\/noticias-de-ribeirao-preto-sp-e-regiao-ismael-colosi\/"},"img":{"alt_text":"","src":"https:\/\/i0.wp.com\/noticiasribeiraopreto.com.br\/wp-content\/uploads\/2025\/12\/botafogo-de-ribeirao-preto_2025-12-24_20-21-27.webp.webp?fit=1200%2C800&ssl=1&resize=350%2C200","width":350,"height":200,"srcset":"https:\/\/i0.wp.com\/noticiasribeiraopreto.com.br\/wp-content\/uploads\/2025\/12\/botafogo-de-ribeirao-preto_2025-12-24_20-21-27.webp.webp?fit=1200%2C800&ssl=1&resize=350%2C200 1x, https:\/\/i0.wp.com\/noticiasribeiraopreto.com.br\/wp-content\/uploads\/2025\/12\/botafogo-de-ribeirao-preto_2025-12-24_20-21-27.webp.webp?fit=1200%2C800&ssl=1&resize=525%2C300 1.5x, https:\/\/i0.wp.com\/noticiasribeiraopreto.com.br\/wp-content\/uploads\/2025\/12\/botafogo-de-ribeirao-preto_2025-12-24_20-21-27.webp.webp?fit=1200%2C800&ssl=1&resize=700%2C400 2x, https:\/\/i0.wp.com\/noticiasribeiraopreto.com.br\/wp-content\/uploads\/2025\/12\/botafogo-de-ribeirao-preto_2025-12-24_20-21-27.webp.webp?fit=1200%2C800&ssl=1&resize=1050%2C600 3x"},"classes":[]},{"id":18442,"url":"https:\/\/noticiasribeiraopreto.com.br\/index.php\/2023\/12\/20\/botafogo-anuncia-modernizacao-da-iluminacao-do-estadio-santa-cruz\/","url_meta":{"origin":70058,"position":4},"title":"Botafogo anuncia moderniza\u00e7\u00e3o da ilumina\u00e7\u00e3o do est\u00e1dio Santa Cruz","author":"noticiasribeiraopreto.com.br","date":"20 de December de 2023","format":false,"excerpt":"O Botafogo Futebol SA, de Ribeir\u00e3o Preto, anunciou a moderniza\u00e7\u00e3o da ilumina\u00e7\u00e3o do est\u00e1dio Santa Cruz. Nesta ter\u00e7a-feira (19), o Tricolor fechou parceria com a Novvalight, fabricante de lumin\u00e1rias industriais, e ter\u00e1 uma ilumina\u00e7\u00e3o de \u00faltima gera\u00e7\u00e3o. Com a troca no sistema de ilumina\u00e7\u00e3o, o Tricolor se adequar\u00e1 as exig\u00eancias\u2026","rel":"","context":"In &quot;Not\u00edcias de Ribeir\u00e3o Preto-SP e Regi\u00e3o&quot;","block_context":{"text":"Not\u00edcias de Ribeir\u00e3o Preto-SP e Regi\u00e3o","link":"https:\/\/noticiasribeiraopreto.com.br\/index.php\/category\/noticias-de-ribeirao-preto-sp-e-regiao-ismael-colosi\/"},"img":{"alt_text":"","src":"https:\/\/i0.wp.com\/noticiasribeiraopreto.com.br\/wp-content\/uploads\/2023\/12\/WhatsApp-Image-2023-12-20-at-11.55.00.jpeg?fit=1200%2C676&ssl=1&resize=350%2C200","width":350,"height":200,"srcset":"https:\/\/i0.wp.com\/noticiasribeiraopreto.com.br\/wp-content\/uploads\/2023\/12\/WhatsApp-Image-2023-12-20-at-11.55.00.jpeg?fit=1200%2C676&ssl=1&resize=350%2C200 1x, https:\/\/i0.wp.com\/noticiasribeiraopreto.com.br\/wp-content\/uploads\/2023\/12\/WhatsApp-Image-2023-12-20-at-11.55.00.jpeg?fit=1200%2C676&ssl=1&resize=525%2C300 1.5x, https:\/\/i0.wp.com\/noticiasribeiraopreto.com.br\/wp-content\/uploads\/2023\/12\/WhatsApp-Image-2023-12-20-at-11.55.00.jpeg?fit=1200%2C676&ssl=1&resize=700%2C400 2x, https:\/\/i0.wp.com\/noticiasribeiraopreto.com.br\/wp-content\/uploads\/2023\/12\/WhatsApp-Image-2023-12-20-at-11.55.00.jpeg?fit=1200%2C676&ssl=1&resize=1050%2C600 3x"},"classes":[]},{"id":74657,"url":"https:\/\/noticiasribeiraopreto.com.br\/index.php\/2025\/07\/26\/veja-lista-dos-32-clubes-que-vao-elaborar-bases-do-fair-play-financeiro\/","url_meta":{"origin":70058,"position":5},"title":"Veja lista dos 32 clubes que v\u00e3o elaborar bases do Fair Play Financeiro","author":"noticiasribeiraopreto.com.br","date":"26 de July de 2025","format":false,"excerpt":"O Botafogo Futebol S.A., de Ribeir\u00e3o Preto, est\u00e1 na lista de 32 clubes que v\u00e3o compor o grupo de trabalho que vai elaborar as bases do Fair Play Financeiro no futebol brasileiro. A portaria que consolida a composi\u00e7\u00e3o do grupo foi assinada na \u00faltima sexta-feira (25) pelo presidente da CBF\u2026","rel":"","context":"In &quot;Not\u00edcias de Ribeir\u00e3o Preto-SP e Regi\u00e3o&quot;","block_context":{"text":"Not\u00edcias de Ribeir\u00e3o Preto-SP e Regi\u00e3o","link":"https:\/\/noticiasribeiraopreto.com.br\/index.php\/category\/noticias-de-ribeirao-preto-sp-e-regiao-ismael-colosi\/"},"img":{"alt_text":"","src":"https:\/\/i0.wp.com\/noticiasribeiraopreto.com.br\/wp-content\/uploads\/2025\/07\/samir-xaud_2025-07-26_16-53-19.webp.webp?fit=1200%2C800&ssl=1&resize=350%2C200","width":350,"height":200,"srcset":"https:\/\/i0.wp.com\/noticiasribeiraopreto.com.br\/wp-content\/uploads\/2025\/07\/samir-xaud_2025-07-26_16-53-19.webp.webp?fit=1200%2C800&ssl=1&resize=350%2C200 1x, https:\/\/i0.wp.com\/noticiasribeiraopreto.com.br\/wp-content\/uploads\/2025\/07\/samir-xaud_2025-07-26_16-53-19.webp.webp?fit=1200%2C800&ssl=1&resize=525%2C300 1.5x, https:\/\/i0.wp.com\/noticiasribeiraopreto.com.br\/wp-content\/uploads\/2025\/07\/samir-xaud_2025-07-26_16-53-19.webp.webp?fit=1200%2C800&ssl=1&resize=700%2C400 2x, https:\/\/i0.wp.com\/noticiasribeiraopreto.com.br\/wp-content\/uploads\/2025\/07\/samir-xaud_2025-07-26_16-53-19.webp.webp?fit=1200%2C800&ssl=1&resize=1050%2C600 3x"},"classes":[]}],"jetpack_sharing_enabled":true,"jetpack_shortlink":"https:\/\/wp.me\/peQAOb-idY","_links":{"self":[{"href":"https:\/\/noticiasribeiraopreto.com.br\/index.php\/wp-json\/wp\/v2\/posts\/70058","targetHints":{"allow":["GET"]}}],"collection":[{"href":"https:\/\/noticiasribeiraopreto.com.br\/index.php\/wp-json\/wp\/v2\/posts"}],"about":[{"href":"https:\/\/noticiasribeiraopreto.com.br\/index.php\/wp-json\/wp\/v2\/types\/post"}],"author":[{"embeddable":true,"href":"https:\/\/noticiasribeiraopreto.com.br\/index.php\/wp-json\/wp\/v2\/users\/1"}],"replies":[{"embeddable":true,"href":"https:\/\/noticiasribeiraopreto.com.br\/index.php\/wp-json\/wp\/v2\/comments?post=70058"}],"version-history":[{"count":0,"href":"https:\/\/noticiasribeiraopreto.com.br\/index.php\/wp-json\/wp\/v2\/posts\/70058\/revisions"}],"wp:featuredmedia":[{"embeddable":true,"href":"https:\/\/noticiasribeiraopreto.com.br\/index.php\/wp-json\/wp\/v2\/media\/61524"}],"wp:attachment":[{"href":"https:\/\/noticiasribeiraopreto.com.br\/index.php\/wp-json\/wp\/v2\/media?parent=70058"}],"wp:term":[{"taxonomy":"category","embeddable":true,"href":"https:\/\/noticiasribeiraopreto.com.br\/index.php\/wp-json\/wp\/v2\/categories?post=70058"},{"taxonomy":"post_tag","embeddable":true,"href":"https:\/\/noticiasribeiraopreto.com.br\/index.php\/wp-json\/wp\/v2\/tags?post=70058"}],"curies":[{"name":"wp","href":"https:\/\/api.w.org\/{rel}","templated":true}]}}