{"id":70059,"date":"2025-05-22T12:32:49","date_gmt":"2025-05-22T15:32:49","guid":{"rendered":"https:\/\/noticiasribeiraopreto.com.br\/index.php\/2025\/05\/22\/mulher-assaltada-tem-nome-usado-para-emprestimos-de-r-10-mil-em-ribeirao-preto\/"},"modified":"2025-05-22T12:32:49","modified_gmt":"2025-05-22T15:32:49","slug":"mulher-assaltada-tem-nome-usado-para-emprestimos-de-r-10-mil-em-ribeirao-preto","status":"publish","type":"post","link":"https:\/\/noticiasribeiraopreto.com.br\/index.php\/2025\/05\/22\/mulher-assaltada-tem-nome-usado-para-emprestimos-de-r-10-mil-em-ribeirao-preto\/","title":{"rendered":"Mulher assaltada tem nome usado para empr\u00e9stimos de R$ 10 mil em Ribeir\u00e3o Preto"},"content":{"rendered":"<p> <br \/>\n<\/p>\n<div data-td-block-uid=\"tdi_95\">\n<div class=\"tdb-block-inner td-fix-index\">\n<p>Ap\u00f3s ter sido <strong>roubada <\/strong>na semana passada, em um estabelecimento comercial da zona Norte de <strong>Ribeir\u00e3o Preto<\/strong>, uma <strong>mulher <\/strong>de 58 anos teve um preju\u00edzo de aproximadamente <strong>R$ 10 mil<\/strong> em <strong>empr\u00e9stimos banc\u00e1rios<\/strong> nesta quarta-feira (21).<\/p>\n<p>De acordo com o <strong>boletim de ocorr\u00eancia<\/strong>, um jovem abordou a v\u00edtima na \u00faltima sexta-feira (16), enquanto ela estava dentro do estabelecimento. Aos policiais ela contou que <strong>o rapaz entrou armado no local <\/strong>e anunciou o assalto.<\/p>\n<p>No registro consta que o criminoso <mark style=\"background-color:#fcb900\" class=\"has-inline-color\">conseguiu subtrair a carteira da mulher, com diversos cart\u00f5es banc\u00e1rios e de outras institui\u00e7\u00f5es, documentos, um telefone celular e R$ 400 em dinheiro<\/mark>.<\/p>\n<p>Nesta quarta-feira (21), a mulher foi at\u00e9 a <strong>CPJ de Ribeir\u00e3o Preto<\/strong> ap\u00f3s consultar o extrato banc\u00e1rio e descobrir que contrataram <strong>dois empr\u00e9stimos pessoais <\/strong>em seu nome, nos valores de <strong>R$ 6.992,35<\/strong> e <strong>R$ 2.500<\/strong>.<\/p>\n<p>Al\u00e9m disso, a v\u00edtima afirmou que algu\u00e9m realizou diversas transa\u00e7\u00f5es via <strong>Pix<\/strong>, que somam mais de <strong>R$ 25 mil<\/strong>, para um homem e esses valores ela n\u00e3o reconhece.<\/p>\n<p>A v\u00edtima registrou um boletim de ocorr\u00eancia por <strong>roubo<\/strong> para que a <strong>Pol\u00edcia Civil<\/strong> investigue o caso.<\/p>\n<hr class=\"wp-block-separator has-alpha-channel-opacity\"\/>\n<p>SAIBA MAIS<\/p>\n<p>Ex-vereador \u00e9 condenado por esquema de corrup\u00e7\u00e3o no transporte escolar <mark style=\"background-color:#ffffff\" class=\"has-inline-color has-white-color\">contudo,<\/mark><\/p>\n<h2 class=\"wp-block-heading\"><strong>FIQUE ON<\/strong><\/h2>\n<p>Fique ligado em tudo que acontece em Ribeir\u00e3o Preto e regi\u00e3o. Siga os perfis do\u00a0<strong>acidade on<\/strong>\u00a0no\u00a0<a href=\"https:\/\/www.instagram.com\/acidadeonribeirao\">Instagram\u00a0<\/a>e no\u00a0<a href=\"https:\/\/www.facebook.com\/acidadeonribeirao\/\">Facebook.<\/a><\/p>\n<p>Receba not\u00edcias do\u00a0<strong>acidade on<\/strong>\u00a0no WhatsApp.\u00a0<a href=\"https:\/\/chat.whatsapp.com\/BjKQZ9oJwlz8VVT50NuePq\">Para entrar no grupo, basta clicar aqui.<\/a><\/p>\n<p>Fa\u00e7a uma den\u00fancia ou sugira uma reportagem sobre Ribeir\u00e3o Preto e regi\u00e3o pelo WhatsApp: 16 99117 7802.<\/p>\n<p>VEJA TAMB\u00c9M<\/p>\n<p>Qual a ordem correta dos filmes de \u2018Karat\u00ea Kid\u2019? <mark style=\"background-color:#ffffff\" class=\"has-inline-color has-white-color\">contudo,<\/mark><\/p>\n<p><!-- CONTENT END 1 -->\n<\/div>\n<\/div>\n<p><script async src=\"\/\/www.instagram.com\/embed.js\"><\/script><br \/>\n<br \/><br \/>\n<br \/><a href=\"https:\/\/www.acidadeon.com\/ribeiraopreto\/cotidiano\/mulher-assaltada-tem-nome-usado-para-emprestimos-de-r-10-mil-em-ribeirao-preto\/\">Source link <\/a><\/p>\n","protected":false},"excerpt":{"rendered":"<p>Ap\u00f3s ter sido roubada na semana passada, em um estabelecimento comercial da zona Norte de Ribeir\u00e3o Preto, uma mulher de 58 anos teve um preju\u00edzo&#8230;<\/p>\n","protected":false},"author":1,"featured_media":70060,"comment_status":"open","ping_status":"open","sticky":false,"template":"","format":"standard","meta":{"advanced_seo_description":"","jetpack_seo_html_title":"","jetpack_seo_noindex":false,"jetpack_post_was_ever_published":false,"_jetpack_newsletter_access":"","_jetpack_dont_email_post_to_subs":false,"_jetpack_newsletter_tier_id":0,"_jetpack_memberships_contains_paywalled_content":false,"_jetpack_memberships_contains_paid_content":false,"footnotes":"","jetpack_publicize_message":"","jetpack_publicize_feature_enabled":true,"jetpack_social_post_already_shared":true,"jetpack_social_options":{"image_generator_settings":{"template":"highway","default_image_id":0,"font":"","enabled":false},"version":2}},"categories":[11],"tags":[],"class_list":["post-70059","post","type-post","status-publish","format-standard","has-post-thumbnail","hentry","category-noticias-de-ribeirao-preto-sp-e-regiao-ismael-colosi"],"jetpack_publicize_connections":[],"jetpack_featured_media_url":"https:\/\/i0.wp.com\/noticiasribeiraopreto.com.br\/wp-content\/uploads\/2025\/05\/HomemmorreapscairdeandaimeenquantotrabalhavaemRibeiroPreto_Tamanho_2_image.jpg?fit=1200%2C900&ssl=1","jetpack-related-posts":[{"id":77767,"url":"https:\/\/noticiasribeiraopreto.com.br\/index.php\/2025\/09\/25\/quem-e-a-mulher-procurada-pela-policia-apos-roubo-a-predio-em-ribeirao-preto\/","url_meta":{"origin":70059,"position":0},"title":"Quem \u00e9 a mulher procurada pela pol\u00edcia ap\u00f3s roubo a pr\u00e9dio em Ribeir\u00e3o Preto","author":"noticiasribeiraopreto.com.br","date":"25 de September de 2025","format":false,"excerpt":"A Pol\u00edcia Civil procura uma jovem de 21 anos suspeita de integrar a quadrilha que roubou moradores de um pr\u00e9dio residencial nesta quarta-feira (24), no Centro de Ribeir\u00e3o Preto. Segundo a pol\u00edcia, a mulher, identificada como Julia Moretti de Paula, teria participa\u00e7\u00e3o nos n\u00facleos log\u00edstico e operacional do grupo. Ela\u2026","rel":"","context":"In &quot;Not\u00edcias de Ribeir\u00e3o Preto-SP e Regi\u00e3o&quot;","block_context":{"text":"Not\u00edcias de Ribeir\u00e3o Preto-SP e Regi\u00e3o","link":"https:\/\/noticiasribeiraopreto.com.br\/index.php\/category\/noticias-de-ribeirao-preto-sp-e-regiao-ismael-colosi\/"},"img":{"alt_text":"","src":"https:\/\/i0.wp.com\/noticiasribeiraopreto.com.br\/wp-content\/uploads\/2025\/09\/WhatsApp-Image-2025-09-25-at-12.21.51_2025-09-25_16-11-00.webp.webp?fit=1200%2C675&ssl=1&resize=350%2C200","width":350,"height":200,"srcset":"https:\/\/i0.wp.com\/noticiasribeiraopreto.com.br\/wp-content\/uploads\/2025\/09\/WhatsApp-Image-2025-09-25-at-12.21.51_2025-09-25_16-11-00.webp.webp?fit=1200%2C675&ssl=1&resize=350%2C200 1x, https:\/\/i0.wp.com\/noticiasribeiraopreto.com.br\/wp-content\/uploads\/2025\/09\/WhatsApp-Image-2025-09-25-at-12.21.51_2025-09-25_16-11-00.webp.webp?fit=1200%2C675&ssl=1&resize=525%2C300 1.5x, https:\/\/i0.wp.com\/noticiasribeiraopreto.com.br\/wp-content\/uploads\/2025\/09\/WhatsApp-Image-2025-09-25-at-12.21.51_2025-09-25_16-11-00.webp.webp?fit=1200%2C675&ssl=1&resize=700%2C400 2x, https:\/\/i0.wp.com\/noticiasribeiraopreto.com.br\/wp-content\/uploads\/2025\/09\/WhatsApp-Image-2025-09-25-at-12.21.51_2025-09-25_16-11-00.webp.webp?fit=1200%2C675&ssl=1&resize=1050%2C600 3x"},"classes":[]},{"id":46850,"url":"https:\/\/noticiasribeiraopreto.com.br\/index.php\/2024\/04\/15\/homem-cai-em-golpe-do-boa-noite-cinderela-e-perde-mais-de-r-10-mil-em-ribeirao-preto\/","url_meta":{"origin":70059,"position":1},"title":"Homem cai em golpe do \u2018Boa Noite Cinderela\u2019 e perde mais de R$ 10 mil em Ribeir\u00e3o Preto","author":"noticiasribeiraopreto.com.br","date":"15 de April de 2024","format":false,"excerpt":"Uma mulher de 29 anos foi presa temporariamente, nesta segunda-feira (15), suspeita de aplicar o golpe conhecido como \u201cBoa Noite Cinderela\u201d contra um homem, no fim de mar\u00e7o deste ano. Segundo a pol\u00edcia, a v\u00edtima marcou um encontro por um aplicativo de relacionamento com a suspeita e, ap\u00f3s sa\u00edrem para\u2026","rel":"","context":"In &quot;Not\u00edcias de Ribeir\u00e3o Preto-SP e Regi\u00e3o&quot;","block_context":{"text":"Not\u00edcias de Ribeir\u00e3o Preto-SP e Regi\u00e3o","link":"https:\/\/noticiasribeiraopreto.com.br\/index.php\/category\/noticias-de-ribeirao-preto-sp-e-regiao-ismael-colosi\/"},"img":{"alt_text":"","src":"https:\/\/noticiasribeiraopreto.com.br\/wp-content\/uploads\/2023\/11\/whatsapp_image_2022-08-14_at_12_10_03.jpe","width":350,"height":200,"srcset":"https:\/\/noticiasribeiraopreto.com.br\/wp-content\/uploads\/2023\/11\/whatsapp_image_2022-08-14_at_12_10_03.jpe 1x, https:\/\/noticiasribeiraopreto.com.br\/wp-content\/uploads\/2023\/11\/whatsapp_image_2022-08-14_at_12_10_03.jpe 1.5x, https:\/\/noticiasribeiraopreto.com.br\/wp-content\/uploads\/2023\/11\/whatsapp_image_2022-08-14_at_12_10_03.jpe 2x, https:\/\/noticiasribeiraopreto.com.br\/wp-content\/uploads\/2023\/11\/whatsapp_image_2022-08-14_at_12_10_03.jpe 3x"},"classes":[]},{"id":58205,"url":"https:\/\/noticiasribeiraopreto.com.br\/index.php\/2024\/09\/20\/golpe-da-bencao-entenda-o-crime-que-levou-a-prisao-de-um-casal-suspeito-na-regiao-de-ribeirao\/","url_meta":{"origin":70059,"position":2},"title":"Golpe da ben\u00e7\u00e3o: Entenda o crime que levou \u00e0 pris\u00e3o de um casal suspeito na regi\u00e3o de Ribeir\u00e3o","author":"noticiasribeiraopreto.com.br","date":"20 de September de 2024","format":false,"excerpt":"A Pol\u00edcia Civil prendeu em Barretos, cidade na regi\u00e3o de Ribeir\u00e3o Preto, um casal suspeito de aplicar o \u2018golpe da ben\u00e7\u00e3o\u2018 em munic\u00edpios do interior de S\u00e3o Paulo, nesta sexta-feira (20). \u00c0 apreens\u00e3o em flagrante aconteceu no Centro de Barretos, quando os dois tentavam entrar em uma caminhonete Volkswagen Amarok,\u2026","rel":"","context":"In &quot;Not\u00edcias de Ribeir\u00e3o Preto-SP e Regi\u00e3o&quot;","block_context":{"text":"Not\u00edcias de Ribeir\u00e3o Preto-SP e Regi\u00e3o","link":"https:\/\/noticiasribeiraopreto.com.br\/index.php\/category\/noticias-de-ribeirao-preto-sp-e-regiao-ismael-colosi\/"},"img":{"alt_text":"","src":"https:\/\/i0.wp.com\/noticiasribeiraopreto.com.br\/wp-content\/uploads\/2024\/09\/WhatsApp-Image-2024-09-20-at-17.28.03_2024-09-20_21-44-50_jpeg_2024-09-20_21-44-50.webp.webp?fit=1200%2C900&ssl=1&resize=350%2C200","width":350,"height":200,"srcset":"https:\/\/i0.wp.com\/noticiasribeiraopreto.com.br\/wp-content\/uploads\/2024\/09\/WhatsApp-Image-2024-09-20-at-17.28.03_2024-09-20_21-44-50_jpeg_2024-09-20_21-44-50.webp.webp?fit=1200%2C900&ssl=1&resize=350%2C200 1x, https:\/\/i0.wp.com\/noticiasribeiraopreto.com.br\/wp-content\/uploads\/2024\/09\/WhatsApp-Image-2024-09-20-at-17.28.03_2024-09-20_21-44-50_jpeg_2024-09-20_21-44-50.webp.webp?fit=1200%2C900&ssl=1&resize=525%2C300 1.5x, https:\/\/i0.wp.com\/noticiasribeiraopreto.com.br\/wp-content\/uploads\/2024\/09\/WhatsApp-Image-2024-09-20-at-17.28.03_2024-09-20_21-44-50_jpeg_2024-09-20_21-44-50.webp.webp?fit=1200%2C900&ssl=1&resize=700%2C400 2x, https:\/\/i0.wp.com\/noticiasribeiraopreto.com.br\/wp-content\/uploads\/2024\/09\/WhatsApp-Image-2024-09-20-at-17.28.03_2024-09-20_21-44-50_jpeg_2024-09-20_21-44-50.webp.webp?fit=1200%2C900&ssl=1&resize=1050%2C600 3x"},"classes":[]},{"id":64480,"url":"https:\/\/noticiasribeiraopreto.com.br\/index.php\/2025\/03\/08\/enfermeiro-de-ribeirao-perde-r-30-mil-em-golpe-ao-tentar-vender-carrinho-de-bebe\/","url_meta":{"origin":70059,"position":3},"title":"Enfermeiro de Ribeir\u00e3o perde R$ 30 mil em golpe ao tentar vender carrinho de beb\u00ea","author":"noticiasribeiraopreto.com.br","date":"8 de March de 2025","format":false,"excerpt":"Um enfermeiro de 39 anos, de Ribeir\u00e3o Preto, registrou um boletim de ocorr\u00eancia (BO) na pol\u00edcia ap\u00f3s cair em um golpe ao tentar vender um carrinho de beb\u00ea pela internet. Ele afirmou ter perdido R$ 30 mil, que foram retirados da conta dele via Pix e por empr\u00e9stimos. Enio Paulino\u2026","rel":"","context":"In &quot;Not\u00edcias de Ribeir\u00e3o Preto-SP e Regi\u00e3o&quot;","block_context":{"text":"Not\u00edcias de Ribeir\u00e3o Preto-SP e Regi\u00e3o","link":"https:\/\/noticiasribeiraopreto.com.br\/index.php\/category\/noticias-de-ribeirao-preto-sp-e-regiao-ismael-colosi\/"},"img":{"alt_text":"","src":"https:\/\/i0.wp.com\/noticiasribeiraopreto.com.br\/wp-content\/uploads\/2025\/03\/ENFERMEIRO_2025-03-08_19-45-14_jpg_2025-03-08_19-45-14.webp.webp?fit=1200%2C819&ssl=1&resize=350%2C200","width":350,"height":200,"srcset":"https:\/\/i0.wp.com\/noticiasribeiraopreto.com.br\/wp-content\/uploads\/2025\/03\/ENFERMEIRO_2025-03-08_19-45-14_jpg_2025-03-08_19-45-14.webp.webp?fit=1200%2C819&ssl=1&resize=350%2C200 1x, https:\/\/i0.wp.com\/noticiasribeiraopreto.com.br\/wp-content\/uploads\/2025\/03\/ENFERMEIRO_2025-03-08_19-45-14_jpg_2025-03-08_19-45-14.webp.webp?fit=1200%2C819&ssl=1&resize=525%2C300 1.5x, https:\/\/i0.wp.com\/noticiasribeiraopreto.com.br\/wp-content\/uploads\/2025\/03\/ENFERMEIRO_2025-03-08_19-45-14_jpg_2025-03-08_19-45-14.webp.webp?fit=1200%2C819&ssl=1&resize=700%2C400 2x, https:\/\/i0.wp.com\/noticiasribeiraopreto.com.br\/wp-content\/uploads\/2025\/03\/ENFERMEIRO_2025-03-08_19-45-14_jpg_2025-03-08_19-45-14.webp.webp?fit=1200%2C819&ssl=1&resize=1050%2C600 3x"},"classes":[]},{"id":22011,"url":"https:\/\/noticiasribeiraopreto.com.br\/index.php\/2023\/12\/29\/mulher-e-presa-apos-furto-de-roupas-no-centro-de-ribeirao-preto\/","url_meta":{"origin":70059,"position":4},"title":"Mulher \u00e9 presa ap\u00f3s furto de roupas no Centro de Ribeir\u00e3o Preto","author":"noticiasribeiraopreto.com.br","date":"29 de December de 2023","format":false,"excerpt":"Uma mulher de 30 anos foi presa ap\u00f3s furtar 20 pe\u00e7as de roupas e uma bolsa em lojas no Centro de Ribeir\u00e3o Preto, na \u00faltima quarta-feira (27). De acordo com o B.O. (Boletim de ocorr\u00eancia), a acusada estava com duas crian\u00e7as, sendo que uma delas era o filho dela e\u2026","rel":"","context":"In &quot;Not\u00edcias de Ribeir\u00e3o Preto-SP e Regi\u00e3o&quot;","block_context":{"text":"Not\u00edcias de Ribeir\u00e3o Preto-SP e Regi\u00e3o","link":"https:\/\/noticiasribeiraopreto.com.br\/index.php\/category\/noticias-de-ribeirao-preto-sp-e-regiao-ismael-colosi\/"},"img":{"alt_text":"","src":"https:\/\/i0.wp.com\/noticiasribeiraopreto.com.br\/wp-content\/uploads\/2023\/12\/loja-de-roupa.jpg?fit=1200%2C800&ssl=1&resize=350%2C200","width":350,"height":200,"srcset":"https:\/\/i0.wp.com\/noticiasribeiraopreto.com.br\/wp-content\/uploads\/2023\/12\/loja-de-roupa.jpg?fit=1200%2C800&ssl=1&resize=350%2C200 1x, https:\/\/i0.wp.com\/noticiasribeiraopreto.com.br\/wp-content\/uploads\/2023\/12\/loja-de-roupa.jpg?fit=1200%2C800&ssl=1&resize=525%2C300 1.5x, https:\/\/i0.wp.com\/noticiasribeiraopreto.com.br\/wp-content\/uploads\/2023\/12\/loja-de-roupa.jpg?fit=1200%2C800&ssl=1&resize=700%2C400 2x, https:\/\/i0.wp.com\/noticiasribeiraopreto.com.br\/wp-content\/uploads\/2023\/12\/loja-de-roupa.jpg?fit=1200%2C800&ssl=1&resize=1050%2C600 3x"},"classes":[]},{"id":4164,"url":"https:\/\/noticiasribeiraopreto.com.br\/index.php\/2023\/11\/20\/utm_sourcerssutm_mediumrssutm_campaignfamilia-encontra-mulher-que-estava-desaparecida-a-mulher-estava-sendo-mantida-em-carcere-em-um-motel\/","url_meta":{"origin":70059,"position":5},"title":"Fam\u00edlia encontra mulher que estava desaparecida; a mulher estava sendo mantida em c\u00e1rcere em um motel \u2013 X Tudo Ribeir\u00e3o","author":"noticiasribeiraopreto.com.br","date":"20 de November de 2023","format":false,"excerpt":"Foi encontrada nesta segunda-feira (20\/11), a mulher de 57 anos, que estava desaparecida desde a \u00faltima quinta-feira, ap\u00f3s sair de moto com o ex-ficante no bairro Ipiranga, na zona Norte e Ribeir\u00e3o Preto.\u00a0 Segundo informa\u00e7\u00f5es da fam\u00edlia ao Portal X Tudo Ribeir\u00e3o, as filhas receberam uma liga\u00e7\u00e3o da m\u00e3e identificada\u2026","rel":"","context":"In &quot;Not\u00edcias de Ribeir\u00e3o Preto-SP e Regi\u00e3o&quot;","block_context":{"text":"Not\u00edcias de Ribeir\u00e3o Preto-SP e Regi\u00e3o","link":"https:\/\/noticiasribeiraopreto.com.br\/index.php\/category\/noticias-de-ribeirao-preto-sp-e-regiao-ismael-colosi\/"},"img":{"alt_text":"","src":"https:\/\/i0.wp.com\/noticiasribeiraopreto.com.br\/wp-content\/uploads\/2023\/11\/1700535143_WhatsApp-Image-2023-11-19-at-22.26.36.jpeg?fit=757%2C755&ssl=1&resize=350%2C200","width":350,"height":200,"srcset":"https:\/\/i0.wp.com\/noticiasribeiraopreto.com.br\/wp-content\/uploads\/2023\/11\/1700535143_WhatsApp-Image-2023-11-19-at-22.26.36.jpeg?fit=757%2C755&ssl=1&resize=350%2C200 1x, https:\/\/i0.wp.com\/noticiasribeiraopreto.com.br\/wp-content\/uploads\/2023\/11\/1700535143_WhatsApp-Image-2023-11-19-at-22.26.36.jpeg?fit=757%2C755&ssl=1&resize=525%2C300 1.5x, https:\/\/i0.wp.com\/noticiasribeiraopreto.com.br\/wp-content\/uploads\/2023\/11\/1700535143_WhatsApp-Image-2023-11-19-at-22.26.36.jpeg?fit=757%2C755&ssl=1&resize=700%2C400 2x"},"classes":[]}],"jetpack_sharing_enabled":true,"jetpack_shortlink":"https:\/\/wp.me\/peQAOb-idZ","_links":{"self":[{"href":"https:\/\/noticiasribeiraopreto.com.br\/index.php\/wp-json\/wp\/v2\/posts\/70059","targetHints":{"allow":["GET"]}}],"collection":[{"href":"https:\/\/noticiasribeiraopreto.com.br\/index.php\/wp-json\/wp\/v2\/posts"}],"about":[{"href":"https:\/\/noticiasribeiraopreto.com.br\/index.php\/wp-json\/wp\/v2\/types\/post"}],"author":[{"embeddable":true,"href":"https:\/\/noticiasribeiraopreto.com.br\/index.php\/wp-json\/wp\/v2\/users\/1"}],"replies":[{"embeddable":true,"href":"https:\/\/noticiasribeiraopreto.com.br\/index.php\/wp-json\/wp\/v2\/comments?post=70059"}],"version-history":[{"count":0,"href":"https:\/\/noticiasribeiraopreto.com.br\/index.php\/wp-json\/wp\/v2\/posts\/70059\/revisions"}],"wp:featuredmedia":[{"embeddable":true,"href":"https:\/\/noticiasribeiraopreto.com.br\/index.php\/wp-json\/wp\/v2\/media\/70060"}],"wp:attachment":[{"href":"https:\/\/noticiasribeiraopreto.com.br\/index.php\/wp-json\/wp\/v2\/media?parent=70059"}],"wp:term":[{"taxonomy":"category","embeddable":true,"href":"https:\/\/noticiasribeiraopreto.com.br\/index.php\/wp-json\/wp\/v2\/categories?post=70059"},{"taxonomy":"post_tag","embeddable":true,"href":"https:\/\/noticiasribeiraopreto.com.br\/index.php\/wp-json\/wp\/v2\/tags?post=70059"}],"curies":[{"name":"wp","href":"https:\/\/api.w.org\/{rel}","templated":true}]}}