{"id":70061,"date":"2025-05-22T12:42:06","date_gmt":"2025-05-22T15:42:06","guid":{"rendered":"https:\/\/noticiasribeiraopreto.com.br\/index.php\/2025\/05\/22\/quermesse-celebra-dia-de-santa-rita-em-ribeirao-preto-veja-a-programacao\/"},"modified":"2025-05-22T12:42:06","modified_gmt":"2025-05-22T15:42:06","slug":"quermesse-celebra-dia-de-santa-rita-em-ribeirao-preto-veja-a-programacao","status":"publish","type":"post","link":"https:\/\/noticiasribeiraopreto.com.br\/index.php\/2025\/05\/22\/quermesse-celebra-dia-de-santa-rita-em-ribeirao-preto-veja-a-programacao\/","title":{"rendered":"Quermesse celebra dia de Santa Rita em Ribeir\u00e3o Preto; Veja a programa\u00e7\u00e3o"},"content":{"rendered":"<p> <br \/>\n<\/p>\n<div>\n<p>O dia de <strong>Santa Rita de C\u00e1ssia<\/strong> \u00e9 celebrado nesta <strong>quinta-feira (22) <\/strong>com missas e quermesse na <strong>Par\u00f3quia Santa Rita<\/strong> <strong>de C\u00e1ssia<\/strong>, no <strong>Jardim Independ\u00eancia<\/strong>, em <strong>Ribeir\u00e3o Preto<\/strong>. A entrada \u00e9 <strong>gratuita<\/strong>.<\/p>\n<p><strong>LEIA TAMB\u00c9M<br \/><\/strong>Confira todas as quermesses de Ribeir\u00e3o Preto e regi\u00e3o<\/p>\n<p><strong>Santa Rita de C\u00e1ssia<\/strong> nasceu na <strong>It\u00e1lia<\/strong>, em <strong>1381<\/strong>. Ap\u00f3s a morte do marido e dos filhos, ingressou no convento e se tornou refer\u00eancia por sua proximidade de <strong>Deus<\/strong>. Canonizada em <strong>1900<\/strong>, ela passou a ser conhecida como intercessora das causas imposs\u00edveis.<\/p>\n<h2 class=\"wp-block-heading\"><strong>Quermesse<\/strong><\/h2>\n<p>A <strong>Par\u00f3quia de Santa Rita de C\u00e1ssia<\/strong> organiza missas e a quermesse em homenagem \u00e0 padroeira. A programa\u00e7\u00e3o da festa t\u00edpica come\u00e7ou \u00e0s <strong>10h<\/strong> desta <strong>quinta-feira (22)<\/strong>, e segue at\u00e9 de noite.<\/p>\n<p>O evento conta com barracas de churrasco, cachorro-quente, pastel, caldo, pizza, lanche de pernil, batata frita, bolo, doces, pesca, bazar, bingo e bebidas. A celebra\u00e7\u00e3o segue nos dias <strong>23, 24 e 25 de maio<\/strong>, a partir das <strong>19h<\/strong>.<\/p>\n<h2 class=\"wp-block-heading\"><strong>Missas<\/strong><\/h2>\n<p>Nesta <strong>quinta-feira (22)<\/strong>, a par\u00f3quia conta com missa \u00e0s <strong>10h<\/strong> e <strong>12h<\/strong>, no interior da igreja e missa campal \u00e0s <strong>15h<\/strong> e \u00e0s <strong>19h<\/strong>. Al\u00e9m disso, haver\u00e1 ben\u00e7\u00e3o de rosas em todas as missas, basta levar a flor. A par\u00f3quia tamb\u00e9m estar\u00e1 arrecadando doa\u00e7\u00f5es de alimentos n\u00e3o perec\u00edveis.<\/p>\n<h2 class=\"wp-block-heading\"><strong>Servi\u00e7o<\/strong><\/h2>\n<p><strong><em>Missas e quermesse em celebra\u00e7\u00e3o ao dia de Santa Rita de C\u00e1ssia<\/em><\/strong><\/p>\n<p><strong>Quando:<\/strong> 22 de maio, quinta-feira <br \/><strong>Hor\u00e1rio: <\/strong>A partir das 10h <br \/><strong>Local:<\/strong> Par\u00f3quia Santa Rita de C\u00e1ssia | rua Primo Furquim, 18 \u2013 Jardim Independ\u00eancia <br \/><strong>Entrada gratuita<\/strong><\/p>\n<p>SAIBA MAIS<br \/>Estreias em Ribeir\u00e3o Preto: \u2018Lilo &amp; Stitch\u2019 e document\u00e1rio sobre Rita Lee s\u00e3o destaques<\/p>\n<h4 class=\"wp-block-heading\"><strong>FIQUE ON<\/strong><\/h4>\n<p>Fique ligado em tudo que acontece em Ribeir\u00e3o Preto e regi\u00e3o. Siga os perfis do <strong>acidade on <\/strong>no <a href=\"https:\/\/www.instagram.com\/acidadeonribeirao\" target=\"_blank\" rel=\"noreferrer noopener\">Instagram<\/a> e no <a href=\"https:\/\/www.facebook.com\/acidadeonribeirao\" target=\"_blank\" rel=\"noreferrer noopener\">Facebook<\/a>.<\/p>\n<p>Receba not\u00edcias do acidade on no WhatsApp. Para entrar no grupo, basta <a href=\"https:\/\/chat.whatsapp.com\/BjKQZ9oJwlz8VVT50NuePq\" target=\"_blank\" rel=\"noreferrer noopener\">clicar aqui<\/a>.<\/p>\n<p>Fa\u00e7a uma den\u00fancia ou sugira uma reportagem sobre Ribeir\u00e3o Preto e regi\u00e3o pelo WhatsApp: 16 99117 7802.<\/p>\n<p>VEJA TAMB\u00c9M<br \/>Quem \u00e9 a m\u00e3e da Virginia Fonseca?<\/p>\n<p><!-- CONTENT END 1 -->\n<\/div>\n<p><script async src=\"\/\/www.instagram.com\/embed.js\"><\/script><br \/>\n<br \/><br \/>\n<br \/><a href=\"https:\/\/www.acidadeon.com\/ribeiraopreto\/lazer-e-cultura\/quermesse-celebra-dia-de-santa-rita-em-ribeirao-preto-veja-a-programacao\/\">Source link <\/a><\/p>\n","protected":false},"excerpt":{"rendered":"<p>O dia de Santa Rita de C\u00e1ssia \u00e9 celebrado nesta quinta-feira (22) com missas e quermesse na Par\u00f3quia Santa Rita de C\u00e1ssia, no Jardim Independ\u00eancia,&#8230;<\/p>\n","protected":false},"author":1,"featured_media":70062,"comment_status":"open","ping_status":"open","sticky":false,"template":"","format":"standard","meta":{"advanced_seo_description":"","jetpack_seo_html_title":"","jetpack_seo_noindex":false,"jetpack_post_was_ever_published":false,"_jetpack_newsletter_access":"","_jetpack_dont_email_post_to_subs":false,"_jetpack_newsletter_tier_id":0,"_jetpack_memberships_contains_paywalled_content":false,"_jetpack_memberships_contains_paid_content":false,"footnotes":"","jetpack_publicize_message":"","jetpack_publicize_feature_enabled":true,"jetpack_social_post_already_shared":true,"jetpack_social_options":{"image_generator_settings":{"template":"highway","default_image_id":0,"font":"","enabled":false},"version":2}},"categories":[11],"tags":[],"class_list":["post-70061","post","type-post","status-publish","format-standard","has-post-thumbnail","hentry","category-noticias-de-ribeirao-preto-sp-e-regiao-ismael-colosi"],"jetpack_publicize_connections":[],"jetpack_featured_media_url":"https:\/\/i0.wp.com\/noticiasribeiraopreto.com.br\/wp-content\/uploads\/2025\/05\/ShoppingdeRibeiroPretopromovefestajuninaejulinacombalonismo_Tamanho_2_image.jpg?fit=1200%2C900&ssl=1","jetpack-related-posts":[{"id":84775,"url":"https:\/\/noticiasribeiraopreto.com.br\/index.php\/2026\/04\/15\/quermesse-de-santa-rita-sera-realizada-em-10-dias-de-maio-em-paroquia-de-ribeirao-preto\/","url_meta":{"origin":70061,"position":0},"title":"Quermesse de Santa Rita ser\u00e1 realizada em 10 dias de maio em par\u00f3quia de Ribeir\u00e3o Preto","author":"noticiasribeiraopreto.com.br","date":"15 de April de 2026","format":false,"excerpt":"00:00 A+ A- Ler o resumo da not\u00edcia \r Par\u00f3quia Santa Rita de C\u00e1ssia promove quermesse em louvor \u00e0 padroeira de 8 a 24 de maio, em Ribeir\u00e3o Preto.\r Evento ocorre na Rua Primo Furquim, 18, no Jardim Independ\u00eancia, zona Norte da cidade.\r No dia 22 de maio, data de\u2026","rel":"","context":"In &quot;Not\u00edcias de Ribeir\u00e3o Preto-SP e Regi\u00e3o&quot;","block_context":{"text":"Not\u00edcias de Ribeir\u00e3o Preto-SP e Regi\u00e3o","link":"https:\/\/noticiasribeiraopreto.com.br\/index.php\/category\/noticias-de-ribeirao-preto-sp-e-regiao-ismael-colosi\/"},"img":{"alt_text":"","src":"https:\/\/i0.wp.com\/noticiasribeiraopreto.com.br\/wp-content\/uploads\/2026\/04\/santaritacassiaribeirao_2026-04-15_14-50-55.webp.webp?fit=804%2C534&ssl=1&resize=350%2C200","width":350,"height":200,"srcset":"https:\/\/i0.wp.com\/noticiasribeiraopreto.com.br\/wp-content\/uploads\/2026\/04\/santaritacassiaribeirao_2026-04-15_14-50-55.webp.webp?fit=804%2C534&ssl=1&resize=350%2C200 1x, https:\/\/i0.wp.com\/noticiasribeiraopreto.com.br\/wp-content\/uploads\/2026\/04\/santaritacassiaribeirao_2026-04-15_14-50-55.webp.webp?fit=804%2C534&ssl=1&resize=525%2C300 1.5x, https:\/\/i0.wp.com\/noticiasribeiraopreto.com.br\/wp-content\/uploads\/2026\/04\/santaritacassiaribeirao_2026-04-15_14-50-55.webp.webp?fit=804%2C534&ssl=1&resize=700%2C400 2x"},"classes":[]},{"id":69828,"url":"https:\/\/noticiasribeiraopreto.com.br\/index.php\/2025\/05\/09\/quermesse-de-santa-rita-comeca-nesta-sexta-em-paroquia-de-ribeirao-preto\/","url_meta":{"origin":70061,"position":1},"title":"Quermesse de Santa Rita come\u00e7a nesta sexta em par\u00f3quia de Ribeir\u00e3o Preto","author":"noticiasribeiraopreto.com.br","date":"9 de May de 2025","format":false,"excerpt":"A Par\u00f3quia Santa Rita de C\u00e1ssia d\u00e1 in\u00edcio a uma festa em louvor \u00e0 padroeira neste fim de semana, no Jardim Independ\u00eancia, zona Norte de Ribeir\u00e3o Preto. A quermesse acontecer\u00e1 nos dias 9, 10, 11, 16, 17, 18, 21, 22, 23, 24 e 25 de maio, a partir das 19h,\u2026","rel":"","context":"In &quot;Not\u00edcias de Ribeir\u00e3o Preto-SP e Regi\u00e3o&quot;","block_context":{"text":"Not\u00edcias de Ribeir\u00e3o Preto-SP e Regi\u00e3o","link":"https:\/\/noticiasribeiraopreto.com.br\/index.php\/category\/noticias-de-ribeirao-preto-sp-e-regiao-ismael-colosi\/"},"img":{"alt_text":"","src":"https:\/\/i0.wp.com\/noticiasribeiraopreto.com.br\/wp-content\/uploads\/2024\/06\/post_thumbnail-1f63411e2262f51983f7f45de9cc2a4f_2024-06-11_13-22-17_jpeg_2024-06-11_13-22-19.webp.webp?fit=1200%2C800&ssl=1&resize=350%2C200","width":350,"height":200,"srcset":"https:\/\/i0.wp.com\/noticiasribeiraopreto.com.br\/wp-content\/uploads\/2024\/06\/post_thumbnail-1f63411e2262f51983f7f45de9cc2a4f_2024-06-11_13-22-17_jpeg_2024-06-11_13-22-19.webp.webp?fit=1200%2C800&ssl=1&resize=350%2C200 1x, https:\/\/i0.wp.com\/noticiasribeiraopreto.com.br\/wp-content\/uploads\/2024\/06\/post_thumbnail-1f63411e2262f51983f7f45de9cc2a4f_2024-06-11_13-22-17_jpeg_2024-06-11_13-22-19.webp.webp?fit=1200%2C800&ssl=1&resize=525%2C300 1.5x, https:\/\/i0.wp.com\/noticiasribeiraopreto.com.br\/wp-content\/uploads\/2024\/06\/post_thumbnail-1f63411e2262f51983f7f45de9cc2a4f_2024-06-11_13-22-17_jpeg_2024-06-11_13-22-19.webp.webp?fit=1200%2C800&ssl=1&resize=700%2C400 2x, https:\/\/i0.wp.com\/noticiasribeiraopreto.com.br\/wp-content\/uploads\/2024\/06\/post_thumbnail-1f63411e2262f51983f7f45de9cc2a4f_2024-06-11_13-22-17_jpeg_2024-06-11_13-22-19.webp.webp?fit=1200%2C800&ssl=1&resize=1050%2C600 3x"},"classes":[]},{"id":70139,"url":"https:\/\/noticiasribeiraopreto.com.br\/index.php\/2025\/05\/23\/festividades-para-homenagear-santa-rita-tem-procissao-e-quermesse-ate-dia-25-5\/","url_meta":{"origin":70061,"position":2},"title":"Festividades para homenagear Santa Rita tem prociss\u00e3o e quermesse at\u00e9 dia 25\/5","author":"noticiasribeiraopreto.com.br","date":"23 de May de 2025","format":false,"excerpt":"A Par\u00f3quia Santa Rita, em Franca, est\u00e1 com celebra\u00e7\u00f5es e festividades por conta do dia de Santa Rita de C\u00e1ssia, comemorado neste 22\/5. Neste dia, as missas s\u00e3o celebradas ao longo de toda a quinta-feira e \u00e0s 18h30 tem prociss\u00e3o luminosa com a imagem e missa campal. A expectativa \u00e9\u2026","rel":"","context":"In &quot;Not\u00edcias de Franca-SP&quot;","block_context":{"text":"Not\u00edcias de Franca-SP","link":"https:\/\/noticiasribeiraopreto.com.br\/index.php\/category\/noticias-de-ribeirao-preto-sp-e-regiao-ismael-colosi\/noticias-franca-sp\/"},"img":{"alt_text":"","src":"https:\/\/i0.wp.com\/noticiasribeiraopreto.com.br\/wp-content\/uploads\/2025\/05\/santa-rita-de-cassia-quermesse.png?fit=650%2C471&ssl=1&resize=350%2C200","width":350,"height":200,"srcset":"https:\/\/i0.wp.com\/noticiasribeiraopreto.com.br\/wp-content\/uploads\/2025\/05\/santa-rita-de-cassia-quermesse.png?fit=650%2C471&ssl=1&resize=350%2C200 1x, https:\/\/i0.wp.com\/noticiasribeiraopreto.com.br\/wp-content\/uploads\/2025\/05\/santa-rita-de-cassia-quermesse.png?fit=650%2C471&ssl=1&resize=525%2C300 1.5x"},"classes":[]},{"id":49407,"url":"https:\/\/noticiasribeiraopreto.com.br\/index.php\/2024\/05\/10\/veja-quais-sao-as-quermesses-que-acontecem-neste-final-de-semana-em-ribeirao-preto\/","url_meta":{"origin":70061,"position":3},"title":"Veja quais s\u00e3o as quermesses que acontecem neste final de semana em Ribeir\u00e3o Preto","author":"noticiasribeiraopreto.com.br","date":"10 de May de 2024","format":false,"excerpt":"A temporada de quermesses em Ribeir\u00e3o Preto come\u00e7ou e quatro par\u00f3quias de Ribeir\u00e3o Preto realizam festas neste final de semana. Confira a lista e veja qual a mais pr\u00f3xima de voc\u00ea: Par\u00f3quia Santa Teresinha Quando: Dias 10, 11, 17 e 18\u00a0de maioHor\u00e1rio: A partir das\u00a019h30Endere\u00e7o: Rua Jos\u00e9 de Alencar,\u00a01506 \u2013\u2026","rel":"","context":"In &quot;Not\u00edcias de Ribeir\u00e3o Preto-SP e Regi\u00e3o&quot;","block_context":{"text":"Not\u00edcias de Ribeir\u00e3o Preto-SP e Regi\u00e3o","link":"https:\/\/noticiasribeiraopreto.com.br\/index.php\/category\/noticias-de-ribeirao-preto-sp-e-regiao-ismael-colosi\/"},"img":{"alt_text":"","src":"https:\/\/i0.wp.com\/noticiasribeiraopreto.com.br\/wp-content\/uploads\/2024\/05\/Copia-de-Copia-de-TAMANHO-EXATO-PARA-FOTOS-NO-SISTEMA-NOVO-4_2024-05-10_14-51-53_jpg_2024-05-10_14-51-53.webp.webp?fit=1200%2C675&ssl=1&resize=350%2C200","width":350,"height":200,"srcset":"https:\/\/i0.wp.com\/noticiasribeiraopreto.com.br\/wp-content\/uploads\/2024\/05\/Copia-de-Copia-de-TAMANHO-EXATO-PARA-FOTOS-NO-SISTEMA-NOVO-4_2024-05-10_14-51-53_jpg_2024-05-10_14-51-53.webp.webp?fit=1200%2C675&ssl=1&resize=350%2C200 1x, https:\/\/i0.wp.com\/noticiasribeiraopreto.com.br\/wp-content\/uploads\/2024\/05\/Copia-de-Copia-de-TAMANHO-EXATO-PARA-FOTOS-NO-SISTEMA-NOVO-4_2024-05-10_14-51-53_jpg_2024-05-10_14-51-53.webp.webp?fit=1200%2C675&ssl=1&resize=525%2C300 1.5x, https:\/\/i0.wp.com\/noticiasribeiraopreto.com.br\/wp-content\/uploads\/2024\/05\/Copia-de-Copia-de-TAMANHO-EXATO-PARA-FOTOS-NO-SISTEMA-NOVO-4_2024-05-10_14-51-53_jpg_2024-05-10_14-51-53.webp.webp?fit=1200%2C675&ssl=1&resize=700%2C400 2x, https:\/\/i0.wp.com\/noticiasribeiraopreto.com.br\/wp-content\/uploads\/2024\/05\/Copia-de-Copia-de-TAMANHO-EXATO-PARA-FOTOS-NO-SISTEMA-NOVO-4_2024-05-10_14-51-53_jpg_2024-05-10_14-51-53.webp.webp?fit=1200%2C675&ssl=1&resize=1050%2C600 3x"},"classes":[]},{"id":47549,"url":"https:\/\/noticiasribeiraopreto.com.br\/index.php\/2024\/04\/26\/comeca-temporada-de-quermesses-em-ribeirao-preto-saiba-onde-tem-festa\/","url_meta":{"origin":70061,"position":4},"title":"Come\u00e7a temporada de quermesses em Ribeir\u00e3o Preto; Saiba onde tem festa","author":"noticiasribeiraopreto.com.br","date":"26 de April de 2024","format":false,"excerpt":"A temporada de quermesses de 2024 est\u00e1 aberta em Ribeir\u00e3o Preto. Quatro comunidades de diferentes regi\u00f5es da cidade j\u00e1 anunciaram a programa\u00e7\u00e3o. Saiba onde j\u00e1 tem festa: Comunidade Jesus Nossa Esperan\u00e7a Quando: Dias 4, 11, 18 e 25 de maioHor\u00e1rio: A partir das 20hEndere\u00e7o: Rua Deputado Orlando Jurca, 280 \u2013\u2026","rel":"","context":"In &quot;Not\u00edcias de Ribeir\u00e3o Preto-SP e Regi\u00e3o&quot;","block_context":{"text":"Not\u00edcias de Ribeir\u00e3o Preto-SP e Regi\u00e3o","link":"https:\/\/noticiasribeiraopreto.com.br\/index.php\/category\/noticias-de-ribeirao-preto-sp-e-regiao-ismael-colosi\/"},"img":{"alt_text":"","src":"https:\/\/i0.wp.com\/noticiasribeiraopreto.com.br\/wp-content\/uploads\/2024\/04\/fasta-1732297_1280_2024-04-26_13-16-48_jpg.webp.webp?fit=1200%2C900&ssl=1&resize=350%2C200","width":350,"height":200,"srcset":"https:\/\/i0.wp.com\/noticiasribeiraopreto.com.br\/wp-content\/uploads\/2024\/04\/fasta-1732297_1280_2024-04-26_13-16-48_jpg.webp.webp?fit=1200%2C900&ssl=1&resize=350%2C200 1x, https:\/\/i0.wp.com\/noticiasribeiraopreto.com.br\/wp-content\/uploads\/2024\/04\/fasta-1732297_1280_2024-04-26_13-16-48_jpg.webp.webp?fit=1200%2C900&ssl=1&resize=525%2C300 1.5x, https:\/\/i0.wp.com\/noticiasribeiraopreto.com.br\/wp-content\/uploads\/2024\/04\/fasta-1732297_1280_2024-04-26_13-16-48_jpg.webp.webp?fit=1200%2C900&ssl=1&resize=700%2C400 2x, https:\/\/i0.wp.com\/noticiasribeiraopreto.com.br\/wp-content\/uploads\/2024\/04\/fasta-1732297_1280_2024-04-26_13-16-48_jpg.webp.webp?fit=1200%2C900&ssl=1&resize=1050%2C600 3x"},"classes":[]},{"id":50984,"url":"https:\/\/noticiasribeiraopreto.com.br\/index.php\/2024\/05\/22\/catedral-e-sete-capelas-em-ribeirao-fazem-missas-de-santa-rita-nesta-quarta\/","url_meta":{"origin":70061,"position":5},"title":"Catedral e Sete Capelas em Ribeir\u00e3o fazem missas de Santa Rita nesta quarta","author":"noticiasribeiraopreto.com.br","date":"22 de May de 2024","format":false,"excerpt":"A Catedral de S\u00e3o Sebasti\u00e3o e o Santu\u00e1rio das Sete Capelas, em Ribeir\u00e3o Preto, ter\u00e3o missas pelo Dia de Santa Rita de C\u00e1ssia, nesta quarta-feira (22). Confira: Catedral de S\u00e3o Sebasti\u00e3o Missas: 7h30 \/ 12h \/ 18h30 Em todas as celebra\u00e7\u00f5es haver\u00e1 ben\u00e7\u00e3o de rosas Endere\u00e7o: Pra\u00e7a das Bandeiras, s\/n\u00ba\u2026","rel":"","context":"In &quot;Not\u00edcias de Ribeir\u00e3o Preto-SP e Regi\u00e3o&quot;","block_context":{"text":"Not\u00edcias de Ribeir\u00e3o Preto-SP e Regi\u00e3o","link":"https:\/\/noticiasribeiraopreto.com.br\/index.php\/category\/noticias-de-ribeirao-preto-sp-e-regiao-ismael-colosi\/"},"img":{"alt_text":"","src":"https:\/\/i0.wp.com\/noticiasribeiraopreto.com.br\/wp-content\/uploads\/2024\/05\/catedral_ribeirao_1024x576_15082020124433.jpg?fit=1024%2C576&ssl=1&resize=350%2C200","width":350,"height":200,"srcset":"https:\/\/i0.wp.com\/noticiasribeiraopreto.com.br\/wp-content\/uploads\/2024\/05\/catedral_ribeirao_1024x576_15082020124433.jpg?fit=1024%2C576&ssl=1&resize=350%2C200 1x, https:\/\/i0.wp.com\/noticiasribeiraopreto.com.br\/wp-content\/uploads\/2024\/05\/catedral_ribeirao_1024x576_15082020124433.jpg?fit=1024%2C576&ssl=1&resize=525%2C300 1.5x, https:\/\/i0.wp.com\/noticiasribeiraopreto.com.br\/wp-content\/uploads\/2024\/05\/catedral_ribeirao_1024x576_15082020124433.jpg?fit=1024%2C576&ssl=1&resize=700%2C400 2x"},"classes":[]}],"jetpack_sharing_enabled":true,"jetpack_shortlink":"https:\/\/wp.me\/peQAOb-ie1","_links":{"self":[{"href":"https:\/\/noticiasribeiraopreto.com.br\/index.php\/wp-json\/wp\/v2\/posts\/70061","targetHints":{"allow":["GET"]}}],"collection":[{"href":"https:\/\/noticiasribeiraopreto.com.br\/index.php\/wp-json\/wp\/v2\/posts"}],"about":[{"href":"https:\/\/noticiasribeiraopreto.com.br\/index.php\/wp-json\/wp\/v2\/types\/post"}],"author":[{"embeddable":true,"href":"https:\/\/noticiasribeiraopreto.com.br\/index.php\/wp-json\/wp\/v2\/users\/1"}],"replies":[{"embeddable":true,"href":"https:\/\/noticiasribeiraopreto.com.br\/index.php\/wp-json\/wp\/v2\/comments?post=70061"}],"version-history":[{"count":0,"href":"https:\/\/noticiasribeiraopreto.com.br\/index.php\/wp-json\/wp\/v2\/posts\/70061\/revisions"}],"wp:featuredmedia":[{"embeddable":true,"href":"https:\/\/noticiasribeiraopreto.com.br\/index.php\/wp-json\/wp\/v2\/media\/70062"}],"wp:attachment":[{"href":"https:\/\/noticiasribeiraopreto.com.br\/index.php\/wp-json\/wp\/v2\/media?parent=70061"}],"wp:term":[{"taxonomy":"category","embeddable":true,"href":"https:\/\/noticiasribeiraopreto.com.br\/index.php\/wp-json\/wp\/v2\/categories?post=70061"},{"taxonomy":"post_tag","embeddable":true,"href":"https:\/\/noticiasribeiraopreto.com.br\/index.php\/wp-json\/wp\/v2\/tags?post=70061"}],"curies":[{"name":"wp","href":"https:\/\/api.w.org\/{rel}","templated":true}]}}