{"id":70063,"date":"2025-05-22T12:50:42","date_gmt":"2025-05-22T15:50:42","guid":{"rendered":"https:\/\/noticiasribeiraopreto.com.br\/index.php\/2025\/05\/22\/estreias-em-ribeirao-preto-lilo-stitch-e-documentario-sobre-rita-lee-sao-destaques\/"},"modified":"2025-05-22T12:50:42","modified_gmt":"2025-05-22T15:50:42","slug":"estreias-em-ribeirao-preto-lilo-stitch-e-documentario-sobre-rita-lee-sao-destaques","status":"publish","type":"post","link":"https:\/\/noticiasribeiraopreto.com.br\/index.php\/2025\/05\/22\/estreias-em-ribeirao-preto-lilo-stitch-e-documentario-sobre-rita-lee-sao-destaques\/","title":{"rendered":"Estreias em Ribeir\u00e3o Preto: &#8216;Lilo &#038; Stitch&#8217; e document\u00e1rio sobre Rita Lee s\u00e3o destaques"},"content":{"rendered":"<p> <br \/>\n<\/p>\n<div>\n<p>Nesta <strong>quinta-feira (22)<\/strong>, os cinemas de <strong>Ribeir\u00e3o Preto<\/strong> recebem tr\u00eas novos filmes na programa\u00e7\u00e3o. Entre os destaques est\u00e3o o lan\u00e7amento da Disney \u201c<strong>Lilo &amp; Stitch<\/strong>\u201d, e \u201c<strong>Ritas<\/strong>\u201d, document\u00e1rio sobre <strong>Rita Lee<\/strong>. Confira os filmes dispon\u00edveis nesta semana:<\/p>\n<p>Ribeir\u00e3o Preto conta com quatro cinemas, o <strong>UCI<\/strong> localizado no Ribeir\u00e3oShopping, o <strong>Cinep\u00f3lis<\/strong> nos shoppings Santa \u00darsula e Iguatemi e o <strong>Cinemark<\/strong>, no Novo Shopping.<\/p>\n<h2 class=\"wp-block-heading\"><strong>Lilo &amp; Stitch<\/strong><\/h2>\n<p>O <em>live-action<\/em> da cl\u00e1ssica anima\u00e7\u00e3o da <strong>Disney <\/strong>estreia nos cinemas nesta quinta-feira (22). A hist\u00f3ria acompanha <strong>Stitch (Chris Sanders)<\/strong>, um alien\u00edgena fugitivo que chega \u00e0 <strong>Terra<\/strong> e \u00e9 adotado por <strong>Lilo (Maia Kealoha)<\/strong>, uma garota havaiana. Juntos eles descobrem o significado da fam\u00edlia.<\/p>\n<p>A amizade dos dois provoca uma s\u00e9rie de confus\u00f5es e problemas at\u00e9 com a assistente social que cuida de <strong>Lilo<\/strong>. Al\u00e9m disso, <strong>Stitch <\/strong>est\u00e1 sendo ca\u00e7ado pelos agentes da Federa\u00e7\u00e3o Gal\u00e1ctica Unida. A classifica\u00e7\u00e3o indicativa \u00e9 de <strong>10 anos<\/strong>. Assista ao trailer:<\/p>\n<figure class=\"wp-block-embed is-type-video is-provider-youtube wp-block-embed-youtube wp-embed-aspect-16-9 wp-has-aspect-ratio\">\n<div class=\"wp-block-embed__wrapper\">\n<p><iframe loading=\"lazy\" title=\"Lilo e Stitch | Trailer Oficial Dublado\" width=\"500\" height=\"281\" src=\"https:\/\/www.youtube.com\/embed\/oLnS1Ij9-Kk?feature=oembed\" frameborder=\"0\" allow=\"accelerometer; autoplay; clipboard-write; encrypted-media; gyroscope; picture-in-picture; web-share\" referrerpolicy=\"strict-origin-when-cross-origin\" allowfullscreen><\/iframe><\/p>\n<\/div>\n<\/figure>\n<h2 class=\"wp-block-heading\"><strong>Ritas<\/strong><\/h2>\n<p>O document\u00e1rio retrata a trajet\u00f3ria vivida por <strong>Rita Lee<\/strong>, a rainha do rock brasileiro. O longa apresenta refer\u00eancias intelectuais usadas no processo criativo do repert\u00f3rio musical da cantora, al\u00e9m de depoimentos recentes e arquivos in\u00e9ditos.<\/p>\n<p>O filme \u00e9 narrado pela pr\u00f3pria <strong>Rita Lee<\/strong> atrav\u00e9s de relatos concedidos em entrevistas ao longo de sua carreira. A classifica\u00e7\u00e3o indicativa \u00e9 de <strong>14 anos<\/strong>. Veja o trailer:<\/p>\n<figure class=\"wp-block-embed is-type-video is-provider-youtube wp-block-embed-youtube wp-embed-aspect-16-9 wp-has-aspect-ratio\">\n<div class=\"wp-block-embed__wrapper\">\n<p><iframe loading=\"lazy\" title=\"RITAS (2025) | Trailer Oficial | 22 de Maio Somente nos Cinemas\" width=\"500\" height=\"281\" src=\"https:\/\/www.youtube.com\/embed\/v-K1z4vi8b0?feature=oembed\" frameborder=\"0\" allow=\"accelerometer; autoplay; clipboard-write; encrypted-media; gyroscope; picture-in-picture; web-share\" referrerpolicy=\"strict-origin-when-cross-origin\" allowfullscreen><\/iframe><\/p>\n<\/div>\n<\/figure>\n<h2 class=\"wp-block-heading\"><strong>Miss\u00e3o Imposs\u00edvel \u2013 O Acerto Final<\/strong><\/h2>\n<p>No novo filme da s\u00e9rie \u201cMiss\u00e3o Imposs\u00edvel\u201d, <strong>Ethan Hunt (Tom Cruise)<\/strong> e sua equipe da <strong>IMF <\/strong>embarcam em uma miss\u00e3o perigosa e de vingan\u00e7a para recuperar uma nova arma que amea\u00e7a toda a humanidade e enfrentar o maior vil\u00e3o de seu passado. A classifica\u00e7\u00e3o indicativa \u00e9 de<strong> 14 anos<\/strong>. Confira o trailer:<\/p>\n<figure class=\"wp-block-embed is-type-video is-provider-youtube wp-block-embed-youtube wp-embed-aspect-16-9 wp-has-aspect-ratio\">\n<div class=\"wp-block-embed__wrapper\">\n<p><iframe loading=\"lazy\" title=\"Miss\u00e3o: Imposs\u00edvel - O Acerto Final | Trailer Oficial | DUB | Paramount Pictures Brasil\" width=\"500\" height=\"281\" src=\"https:\/\/www.youtube.com\/embed\/uo1GEL7pVRk?feature=oembed\" frameborder=\"0\" allow=\"accelerometer; autoplay; clipboard-write; encrypted-media; gyroscope; picture-in-picture; web-share\" referrerpolicy=\"strict-origin-when-cross-origin\" allowfullscreen><\/iframe><\/p>\n<\/div>\n<\/figure>\n<p>SAIBA MAIS<br \/>Falta d\u2019\u00e1gua afeta seis bairros de Ribeir\u00e3o Preto; Saiba quais s\u00e3o<\/p>\n<h4 class=\"wp-block-heading\"><strong>FIQUE ON<\/strong><\/h4>\n<p>Fique ligado em tudo que acontece em Ribeir\u00e3o Preto e regi\u00e3o. Siga os perfis do <strong>acidade on <\/strong>no <a href=\"https:\/\/www.instagram.com\/acidadeonribeirao\" target=\"_blank\" rel=\"noreferrer noopener\">Instagram<\/a> e no <a href=\"https:\/\/www.facebook.com\/acidadeonribeirao\" target=\"_blank\" rel=\"noreferrer noopener\">Facebook<\/a>.<\/p>\n<p>Receba not\u00edcias do<strong> acidade on <\/strong>no WhatsApp. Para entrar no grupo, basta <a href=\"https:\/\/chat.whatsapp.com\/BjKQZ9oJwlz8VVT50NuePq\" target=\"_blank\" rel=\"noreferrer noopener\">clicar aqui<\/a>.<\/p>\n<p>Fa\u00e7a uma den\u00fancia ou sugira uma reportagem sobre Ribeir\u00e3o Preto e regi\u00e3o pelo WhatsApp: 16 99117 7802.<\/p>\n<p>VEJA TAMB\u00c9M<br \/>Qual foi o resultado da partida de Bia Haddad no WTA Estrasburgo?<\/p>\n<p><!-- CONTENT END 1 -->\n<\/div>\n<p><script async src=\"\/\/www.instagram.com\/embed.js\"><\/script><br \/>\n<br \/><br \/>\n<br \/><a href=\"https:\/\/www.acidadeon.com\/ribeiraopreto\/lazer-e-cultura\/estreias-em-ribeirao-preto-lilo-stitch-e-documentario-sobre-rita-lee-sao-destaques\/\">Source link <\/a><\/p>\n","protected":false},"excerpt":{"rendered":"<p>Nesta quinta-feira (22), os cinemas de Ribeir\u00e3o Preto recebem tr\u00eas novos filmes na programa\u00e7\u00e3o. Entre os destaques est\u00e3o o lan\u00e7amento da Disney \u201cLilo &amp; Stitch\u201d,&#8230;<\/p>\n","protected":false},"author":1,"featured_media":70065,"comment_status":"open","ping_status":"open","sticky":false,"template":"","format":"standard","meta":{"advanced_seo_description":"","jetpack_seo_html_title":"","jetpack_seo_noindex":false,"jetpack_post_was_ever_published":false,"_jetpack_newsletter_access":"","_jetpack_dont_email_post_to_subs":false,"_jetpack_newsletter_tier_id":0,"_jetpack_memberships_contains_paywalled_content":false,"_jetpack_memberships_contains_paid_content":false,"footnotes":"","jetpack_publicize_message":"","jetpack_publicize_feature_enabled":true,"jetpack_social_post_already_shared":true,"jetpack_social_options":{"image_generator_settings":{"template":"highway","default_image_id":0,"font":"","enabled":false},"version":2}},"categories":[11],"tags":[],"class_list":["post-70063","post","type-post","status-publish","format-standard","has-post-thumbnail","hentry","category-noticias-de-ribeirao-preto-sp-e-regiao-ismael-colosi"],"jetpack_publicize_connections":[],"jetpack_featured_media_url":"https:\/\/i0.wp.com\/noticiasribeiraopreto.com.br\/wp-content\/uploads\/2025\/05\/1747831745682dcbc12b59d_1747831745_3x2_md_2025-05-22_12-15-37.webp.webp?fit=768%2C432&ssl=1","jetpack-related-posts":[{"id":70061,"url":"https:\/\/noticiasribeiraopreto.com.br\/index.php\/2025\/05\/22\/quermesse-celebra-dia-de-santa-rita-em-ribeirao-preto-veja-a-programacao\/","url_meta":{"origin":70063,"position":0},"title":"Quermesse celebra dia de Santa Rita em Ribeir\u00e3o Preto; Veja a programa\u00e7\u00e3o","author":"noticiasribeiraopreto.com.br","date":"22 de May de 2025","format":false,"excerpt":"O dia de Santa Rita de C\u00e1ssia \u00e9 celebrado nesta quinta-feira (22) com missas e quermesse na Par\u00f3quia Santa Rita de C\u00e1ssia, no Jardim Independ\u00eancia, em Ribeir\u00e3o Preto. A entrada \u00e9 gratuita. LEIA TAMB\u00c9MConfira todas as quermesses de Ribeir\u00e3o Preto e regi\u00e3o Santa Rita de C\u00e1ssia nasceu na It\u00e1lia, em\u2026","rel":"","context":"In &quot;Not\u00edcias de Ribeir\u00e3o Preto-SP e Regi\u00e3o&quot;","block_context":{"text":"Not\u00edcias de Ribeir\u00e3o Preto-SP e Regi\u00e3o","link":"https:\/\/noticiasribeiraopreto.com.br\/index.php\/category\/noticias-de-ribeirao-preto-sp-e-regiao-ismael-colosi\/"},"img":{"alt_text":"","src":"https:\/\/i0.wp.com\/noticiasribeiraopreto.com.br\/wp-content\/uploads\/2025\/05\/ShoppingdeRibeiroPretopromovefestajuninaejulinacombalonismo_Tamanho_2_image.jpg?fit=1200%2C900&ssl=1&resize=350%2C200","width":350,"height":200,"srcset":"https:\/\/i0.wp.com\/noticiasribeiraopreto.com.br\/wp-content\/uploads\/2025\/05\/ShoppingdeRibeiroPretopromovefestajuninaejulinacombalonismo_Tamanho_2_image.jpg?fit=1200%2C900&ssl=1&resize=350%2C200 1x, https:\/\/i0.wp.com\/noticiasribeiraopreto.com.br\/wp-content\/uploads\/2025\/05\/ShoppingdeRibeiroPretopromovefestajuninaejulinacombalonismo_Tamanho_2_image.jpg?fit=1200%2C900&ssl=1&resize=525%2C300 1.5x, https:\/\/i0.wp.com\/noticiasribeiraopreto.com.br\/wp-content\/uploads\/2025\/05\/ShoppingdeRibeiroPretopromovefestajuninaejulinacombalonismo_Tamanho_2_image.jpg?fit=1200%2C900&ssl=1&resize=700%2C400 2x, https:\/\/i0.wp.com\/noticiasribeiraopreto.com.br\/wp-content\/uploads\/2025\/05\/ShoppingdeRibeiroPretopromovefestajuninaejulinacombalonismo_Tamanho_2_image.jpg?fit=1200%2C900&ssl=1&resize=1050%2C600 3x"},"classes":[]},{"id":81170,"url":"https:\/\/noticiasribeiraopreto.com.br\/index.php\/2025\/12\/26\/tres-novos-filmes-estreiam-nos-cinemas-de-ribeirao-preto-nesta-quinta-feira-veja-quais\/","url_meta":{"origin":70063,"position":1},"title":"Tr\u00eas novos filmes estreiam nos cinemas de Ribeir\u00e3o Preto nesta quinta-feira; Veja quais","author":"noticiasribeiraopreto.com.br","date":"26 de December de 2025","format":false,"excerpt":"A \u00faltima quinta-feira (25) de 2025 marca a estreia de tr\u00eas novos filmes nos cinemas de Ribeir\u00e3o Preto. A programa\u00e7\u00e3o traz produ\u00e7\u00f5es que misturam a\u00e7\u00e3o, aventura, anima\u00e7\u00e3o, com\u00e9dia e drama. Ribeir\u00e3o Preto conta com quatro cinemas, o\u00a0UCI\u00a0localizado no Ribeir\u00e3o Shopping, o\u00a0Cinep\u00f3lis\u00a0nos shoppings Santa \u00darsula e Iguatemi e o\u00a0Cinemark, no Novo\u2026","rel":"","context":"In &quot;Not\u00edcias de Ribeir\u00e3o Preto-SP e Regi\u00e3o&quot;","block_context":{"text":"Not\u00edcias de Ribeir\u00e3o Preto-SP e Regi\u00e3o","link":"https:\/\/noticiasribeiraopreto.com.br\/index.php\/category\/noticias-de-ribeirao-preto-sp-e-regiao-ismael-colosi\/"},"img":{"alt_text":"","src":"https:\/\/i0.wp.com\/noticiasribeiraopreto.com.br\/wp-content\/uploads\/2025\/12\/domingo-40_2025-12-25_15-17-34.webp.webp?fit=1200%2C675&ssl=1&resize=350%2C200","width":350,"height":200,"srcset":"https:\/\/i0.wp.com\/noticiasribeiraopreto.com.br\/wp-content\/uploads\/2025\/12\/domingo-40_2025-12-25_15-17-34.webp.webp?fit=1200%2C675&ssl=1&resize=350%2C200 1x, https:\/\/i0.wp.com\/noticiasribeiraopreto.com.br\/wp-content\/uploads\/2025\/12\/domingo-40_2025-12-25_15-17-34.webp.webp?fit=1200%2C675&ssl=1&resize=525%2C300 1.5x, https:\/\/i0.wp.com\/noticiasribeiraopreto.com.br\/wp-content\/uploads\/2025\/12\/domingo-40_2025-12-25_15-17-34.webp.webp?fit=1200%2C675&ssl=1&resize=700%2C400 2x, https:\/\/i0.wp.com\/noticiasribeiraopreto.com.br\/wp-content\/uploads\/2025\/12\/domingo-40_2025-12-25_15-17-34.webp.webp?fit=1200%2C675&ssl=1&resize=1050%2C600 3x"},"classes":[]},{"id":59201,"url":"https:\/\/noticiasribeiraopreto.com.br\/index.php\/2024\/10\/17\/sorria-2-e-o-aprendiz-veja-as-estreias-dos-cinemas-de-ribeirao-preto\/","url_meta":{"origin":70063,"position":2},"title":"\u2018Sorria 2\u2019 e \u2018O Aprendiz\u2019: Veja as estreias dos cinemas de Ribeir\u00e3o Preto","author":"noticiasribeiraopreto.com.br","date":"17 de October de 2024","format":false,"excerpt":"Os cinemas de Ribeir\u00e3o Preto contam com cinco novos filmes na programa\u00e7\u00e3o a partir desta quinta-feira (17). Entre os g\u00eaneros, est\u00e3o anima\u00e7\u00e3o, terror e document\u00e1rio. Os destaques s\u00e3o os filmes \u201cSorria 2\u201d e \u201cO Aprendiz\u201c, que conta a hist\u00f3ria de Donald Trump. Ribeir\u00e3o Preto tem quatro cinemas nos shoppings, o\u2026","rel":"","context":"In &quot;Not\u00edcias de Ribeir\u00e3o Preto-SP e Regi\u00e3o&quot;","block_context":{"text":"Not\u00edcias de Ribeir\u00e3o Preto-SP e Regi\u00e3o","link":"https:\/\/noticiasribeiraopreto.com.br\/index.php\/category\/noticias-de-ribeirao-preto-sp-e-regiao-ismael-colosi\/"},"img":{"alt_text":"","src":"https:\/\/i0.wp.com\/noticiasribeiraopreto.com.br\/wp-content\/uploads\/2024\/10\/1728910365670d141dc469b_1728910365_3x2_md_2024-10-17_13-44-37_jpg_2024-10-17_13-44-37.webp.webp?fit=768%2C512&ssl=1&resize=350%2C200","width":350,"height":200,"srcset":"https:\/\/i0.wp.com\/noticiasribeiraopreto.com.br\/wp-content\/uploads\/2024\/10\/1728910365670d141dc469b_1728910365_3x2_md_2024-10-17_13-44-37_jpg_2024-10-17_13-44-37.webp.webp?fit=768%2C512&ssl=1&resize=350%2C200 1x, https:\/\/i0.wp.com\/noticiasribeiraopreto.com.br\/wp-content\/uploads\/2024\/10\/1728910365670d141dc469b_1728910365_3x2_md_2024-10-17_13-44-37_jpg_2024-10-17_13-44-37.webp.webp?fit=768%2C512&ssl=1&resize=525%2C300 1.5x, https:\/\/i0.wp.com\/noticiasribeiraopreto.com.br\/wp-content\/uploads\/2024\/10\/1728910365670d141dc469b_1728910365_3x2_md_2024-10-17_13-44-37_jpg_2024-10-17_13-44-37.webp.webp?fit=768%2C512&ssl=1&resize=700%2C400 2x"},"classes":[]},{"id":49259,"url":"https:\/\/noticiasribeiraopreto.com.br\/index.php\/2024\/05\/09\/planeta-dos-macacos-o-reinado-estreia-nos-cinemas-de-ribeirao-preto\/","url_meta":{"origin":70063,"position":3},"title":"\u2018Planeta dos Macacos: O Reinado\u2019 estreia nos cinemas de Ribeir\u00e3o Preto","author":"noticiasribeiraopreto.com.br","date":"9 de May de 2024","format":false,"excerpt":"O filme \u201cPlaneta dos Macacos: O Reinado\u201d estreia nesta quinta-feira (8) nos cinemas de Ribeir\u00e3o Preto. A trama que traz continua\u00e7\u00e3o da trilogia feita entre 2011 e 2017, tamb\u00e9m marca uma tentativa de reiniciar a saga. A hist\u00f3ria se passa anos ap\u00f3s a morte do chimpanz\u00e9 C\u00e9sar. Os macacos s\u00e3o\u2026","rel":"","context":"In &quot;Not\u00edcias de Ribeir\u00e3o Preto-SP e Regi\u00e3o&quot;","block_context":{"text":"Not\u00edcias de Ribeir\u00e3o Preto-SP e Regi\u00e3o","link":"https:\/\/noticiasribeiraopreto.com.br\/index.php\/category\/noticias-de-ribeirao-preto-sp-e-regiao-ismael-colosi\/"},"img":{"alt_text":"","src":"https:\/\/i0.wp.com\/noticiasribeiraopreto.com.br\/wp-content\/uploads\/2024\/05\/planeta-dos-macacos-o-reinado_x9v9_2024-05-09_12-40-54_jpg_2024-05-09_12-40-54.webp.webp?fit=1200%2C675&ssl=1&resize=350%2C200","width":350,"height":200,"srcset":"https:\/\/i0.wp.com\/noticiasribeiraopreto.com.br\/wp-content\/uploads\/2024\/05\/planeta-dos-macacos-o-reinado_x9v9_2024-05-09_12-40-54_jpg_2024-05-09_12-40-54.webp.webp?fit=1200%2C675&ssl=1&resize=350%2C200 1x, https:\/\/i0.wp.com\/noticiasribeiraopreto.com.br\/wp-content\/uploads\/2024\/05\/planeta-dos-macacos-o-reinado_x9v9_2024-05-09_12-40-54_jpg_2024-05-09_12-40-54.webp.webp?fit=1200%2C675&ssl=1&resize=525%2C300 1.5x, https:\/\/i0.wp.com\/noticiasribeiraopreto.com.br\/wp-content\/uploads\/2024\/05\/planeta-dos-macacos-o-reinado_x9v9_2024-05-09_12-40-54_jpg_2024-05-09_12-40-54.webp.webp?fit=1200%2C675&ssl=1&resize=700%2C400 2x, https:\/\/i0.wp.com\/noticiasribeiraopreto.com.br\/wp-content\/uploads\/2024\/05\/planeta-dos-macacos-o-reinado_x9v9_2024-05-09_12-40-54_jpg_2024-05-09_12-40-54.webp.webp?fit=1200%2C675&ssl=1&resize=1050%2C600 3x"},"classes":[]},{"id":58389,"url":"https:\/\/noticiasribeiraopreto.com.br\/index.php\/2024\/09\/26\/transformers-e-pacto-de-redencao-chegam-aos-cinemas-nesta-quinta-veja-estreias\/","url_meta":{"origin":70063,"position":4},"title":"\u2018Transformers\u2019 e \u2018Pacto de Reden\u00e7\u00e3o\u2019 chegam aos cinemas nesta quinta; Veja estreias","author":"noticiasribeiraopreto.com.br","date":"26 de September de 2024","format":false,"excerpt":"Nesta quinta-feira (26), os destaques nas estreias dos cinemas de Ribeir\u00e3o Preto s\u00e3o os filmes \u2018Transformers\u2019 e \u2018Pacto de Reden\u00e7\u00e3o\u2019. Os cin\u00e9filos ainda recebem outros dois lan\u00e7amentos. Para quem gosta, op\u00e7\u00f5es de filme s\u00e3o o que n\u00e3o falta nesta semana. Confira abaixo. Ribeir\u00e3o Preto conta com quatro cinemas, o UCI\u2026","rel":"","context":"In &quot;Not\u00edcias de Ribeir\u00e3o Preto-SP e Regi\u00e3o&quot;","block_context":{"text":"Not\u00edcias de Ribeir\u00e3o Preto-SP e Regi\u00e3o","link":"https:\/\/noticiasribeiraopreto.com.br\/index.php\/category\/noticias-de-ribeirao-preto-sp-e-regiao-ismael-colosi\/"},"img":{"alt_text":"","src":"https:\/\/i0.wp.com\/noticiasribeiraopreto.com.br\/wp-content\/uploads\/2024\/09\/20240724-ovicio-transformers-inicio-elenco-1024x576-1_2024-09-26_11-45-18.webp.webp?fit=1024%2C576&ssl=1&resize=350%2C200","width":350,"height":200,"srcset":"https:\/\/i0.wp.com\/noticiasribeiraopreto.com.br\/wp-content\/uploads\/2024\/09\/20240724-ovicio-transformers-inicio-elenco-1024x576-1_2024-09-26_11-45-18.webp.webp?fit=1024%2C576&ssl=1&resize=350%2C200 1x, https:\/\/i0.wp.com\/noticiasribeiraopreto.com.br\/wp-content\/uploads\/2024\/09\/20240724-ovicio-transformers-inicio-elenco-1024x576-1_2024-09-26_11-45-18.webp.webp?fit=1024%2C576&ssl=1&resize=525%2C300 1.5x, https:\/\/i0.wp.com\/noticiasribeiraopreto.com.br\/wp-content\/uploads\/2024\/09\/20240724-ovicio-transformers-inicio-elenco-1024x576-1_2024-09-26_11-45-18.webp.webp?fit=1024%2C576&ssl=1&resize=700%2C400 2x"},"classes":[]},{"id":55379,"url":"https:\/\/noticiasribeiraopreto.com.br\/index.php\/2024\/08\/01\/cinema-o-exorcismo-e-tuesday-sao-as-estreias-nesta-quinta-em-ribeirao\/","url_meta":{"origin":70063,"position":5},"title":"Cinema: \u2018O Exorcismo\u2019 e \u2018Tuesday\u2019 s\u00e3o as estreias nesta quinta em Ribeir\u00e3o","author":"noticiasribeiraopreto.com.br","date":"1 de August de 2024","format":false,"excerpt":"Na primeira quinta-feira de agosto, os cinemas de Ribeir\u00e3o Preto trazem duas estreias imperd\u00edveis. Entre os lan\u00e7amentos, est\u00e3o: \u201cO Exorcismo\u201d e \u201cTuesday \u2013 O \u00daltimo Abra\u00e7o\u201c, duas produ\u00e7\u00f5es que v\u00e3o desde o terror sobrenatural at\u00e9 o drama comovente. Ribeir\u00e3o Preto conta com quatro cinemas: o UCI, localizado no Ribeir\u00e3oShopping, o\u2026","rel":"","context":"In &quot;Not\u00edcias de Ribeir\u00e3o Preto-SP e Regi\u00e3o&quot;","block_context":{"text":"Not\u00edcias de Ribeir\u00e3o Preto-SP e Regi\u00e3o","link":"https:\/\/noticiasribeiraopreto.com.br\/index.php\/category\/noticias-de-ribeirao-preto-sp-e-regiao-ismael-colosi\/"},"img":{"alt_text":"","src":"https:\/\/i0.wp.com\/noticiasribeiraopreto.com.br\/wp-content\/uploads\/2024\/08\/tuesday_2024-08-01_12-11-31_jpg_2024-08-01_12-11-32.webp.webp?fit=1200%2C675&ssl=1&resize=350%2C200","width":350,"height":200,"srcset":"https:\/\/i0.wp.com\/noticiasribeiraopreto.com.br\/wp-content\/uploads\/2024\/08\/tuesday_2024-08-01_12-11-31_jpg_2024-08-01_12-11-32.webp.webp?fit=1200%2C675&ssl=1&resize=350%2C200 1x, https:\/\/i0.wp.com\/noticiasribeiraopreto.com.br\/wp-content\/uploads\/2024\/08\/tuesday_2024-08-01_12-11-31_jpg_2024-08-01_12-11-32.webp.webp?fit=1200%2C675&ssl=1&resize=525%2C300 1.5x, https:\/\/i0.wp.com\/noticiasribeiraopreto.com.br\/wp-content\/uploads\/2024\/08\/tuesday_2024-08-01_12-11-31_jpg_2024-08-01_12-11-32.webp.webp?fit=1200%2C675&ssl=1&resize=700%2C400 2x, https:\/\/i0.wp.com\/noticiasribeiraopreto.com.br\/wp-content\/uploads\/2024\/08\/tuesday_2024-08-01_12-11-31_jpg_2024-08-01_12-11-32.webp.webp?fit=1200%2C675&ssl=1&resize=1050%2C600 3x"},"classes":[]}],"jetpack_sharing_enabled":true,"jetpack_shortlink":"https:\/\/wp.me\/peQAOb-ie3","_links":{"self":[{"href":"https:\/\/noticiasribeiraopreto.com.br\/index.php\/wp-json\/wp\/v2\/posts\/70063","targetHints":{"allow":["GET"]}}],"collection":[{"href":"https:\/\/noticiasribeiraopreto.com.br\/index.php\/wp-json\/wp\/v2\/posts"}],"about":[{"href":"https:\/\/noticiasribeiraopreto.com.br\/index.php\/wp-json\/wp\/v2\/types\/post"}],"author":[{"embeddable":true,"href":"https:\/\/noticiasribeiraopreto.com.br\/index.php\/wp-json\/wp\/v2\/users\/1"}],"replies":[{"embeddable":true,"href":"https:\/\/noticiasribeiraopreto.com.br\/index.php\/wp-json\/wp\/v2\/comments?post=70063"}],"version-history":[{"count":0,"href":"https:\/\/noticiasribeiraopreto.com.br\/index.php\/wp-json\/wp\/v2\/posts\/70063\/revisions"}],"wp:featuredmedia":[{"embeddable":true,"href":"https:\/\/noticiasribeiraopreto.com.br\/index.php\/wp-json\/wp\/v2\/media\/70065"}],"wp:attachment":[{"href":"https:\/\/noticiasribeiraopreto.com.br\/index.php\/wp-json\/wp\/v2\/media?parent=70063"}],"wp:term":[{"taxonomy":"category","embeddable":true,"href":"https:\/\/noticiasribeiraopreto.com.br\/index.php\/wp-json\/wp\/v2\/categories?post=70063"},{"taxonomy":"post_tag","embeddable":true,"href":"https:\/\/noticiasribeiraopreto.com.br\/index.php\/wp-json\/wp\/v2\/tags?post=70063"}],"curies":[{"name":"wp","href":"https:\/\/api.w.org\/{rel}","templated":true}]}}