{"id":70066,"date":"2025-05-22T12:58:15","date_gmt":"2025-05-22T15:58:15","guid":{"rendered":"https:\/\/noticiasribeiraopreto.com.br\/index.php\/2025\/05\/22\/ex-vereador-e-condenado-por-esquema-de-corrupcao-no-transporte-escolar-2\/"},"modified":"2025-05-22T12:58:15","modified_gmt":"2025-05-22T15:58:15","slug":"ex-vereador-e-condenado-por-esquema-de-corrupcao-no-transporte-escolar-2","status":"publish","type":"post","link":"https:\/\/noticiasribeiraopreto.com.br\/index.php\/2025\/05\/22\/ex-vereador-e-condenado-por-esquema-de-corrupcao-no-transporte-escolar-2\/","title":{"rendered":"Ex-vereador \u00e9 condenado por esquema de corrup\u00e7\u00e3o no transporte escolar"},"content":{"rendered":"<p> <br \/>\n<\/p>\n<div>\n<p>A <strong>Justi\u00e7a <\/strong>condenou o<strong> ex-vereador Silvano Costa Arruda (Solidariedade)<\/strong> e outras<strong> tr\u00eas pessoas<\/strong> envolvidas em um e<strong>squema de corrup\u00e7\u00e3o<\/strong> relacionado \u00e0 contrata\u00e7\u00e3o do transporte escolar em <strong>Cajuru<\/strong>, cidade na regi\u00e3o de <strong>Ribeir\u00e3o Preto<\/strong>, a penas que variam de <strong>6 a 13 anos de pris\u00e3o<\/strong>.<\/p>\n<p>Na decis\u00e3o, <strong>portanto<\/strong>, os r\u00e9us foram considerados culpados pelos crimes de <strong>corrup\u00e7\u00e3o ativa e passiva<\/strong>, <strong>peculato<\/strong>, <strong>associa\u00e7\u00e3o criminosa<\/strong> e <strong>falsidade ideol\u00f3gica<\/strong>.<\/p>\n<p>As fraudes aconteceram entre <strong>2022 <\/strong>e <strong>2023 <\/strong>e <mark style=\"background-color:#fcb900\" class=\"has-inline-color\">envolveram o pagamento de propina, uso de influ\u00eancia pol\u00edtica de forma indevida e intimida\u00e7\u00e3o de empres\u00e1rios do ramo de transporte escolar<\/mark>.<\/p>\n<p>Al\u00e9m do vereador conhecido como \u2018Tucura\u2019, <strong>tamb\u00e9m<\/strong> foram condenados Alcir Mencucini, fiscal da Prefeitura na \u00e9poca do ocorrido, Luciano da Silva Justino (irm\u00e3o do vereador) e o empres\u00e1rio Esmael Fernandes Gomes \u2013 veja mais detalhes abaixo.<\/p>\n<p>Em nota, a defesa de Alcir Mencucini afirmou que ele \u00e9 inocente e informou que vai recorrer da condena\u00e7\u00e3o. A defesa dos demais, por\u00e9m,<strong> <\/strong>n\u00e3o foi localizada.<\/p>\n<h2 class=\"wp-block-heading\"><strong>Corrup\u00e7\u00e3o<\/strong><\/h2>\n<p>As den\u00fancias de corrup\u00e7\u00e3o foram feitas no \u00e2mbito da Opera\u00e7\u00e3o Limpidus, <strong>que, por sua vez<\/strong>, apontou fraude em uma licita\u00e7\u00e3o de contratos no valor de R$ 2,5 milh\u00f5es para o transporte escolar. <strong>Al\u00e9m disso<\/strong>, o vereador coagiu empres\u00e1rios a repassar linhas do transporte, <strong>as quais<\/strong>, posteriormente, foram exploradas de forma irregular para gerar lucro pessoal.<\/p>\n<p>Segundo os documentos, <strong>o vereador pagava R$ 500 por m\u00eas em propina<\/strong> ao fiscal da prefeitura para que ele ignorasse irregularidades nos \u00f4nibus fornecidos pelo irm\u00e3o do parlamentar \u00e0 empresa vencedora da licita\u00e7\u00e3o.<\/p>\n<p>Ap\u00f3s as den\u00fancias, por\u00e9m, <strong>o vereador renunciou ao cargo<\/strong>. Na \u00e9poca do ocorrido, Silvano negou as acusa\u00e7\u00f5es.<\/p>\n<h3 class=\"wp-block-heading\"><strong>Confira as condena\u00e7\u00f5es<\/strong><\/h3>\n<ul class=\"wp-block-list\">\n<li>Silvano Costa de Arruda: condenado a 11 e 1 m\u00eas anos de pris\u00e3o. Acusado de usar influ\u00eancia pol\u00edtica para articular fraudes em contratos;<\/li>\n<li>Luciano da Silva Justino: condenado a 13 anos de pris\u00e3o. Apontado por atuar como intermedi\u00e1rio e benefici\u00e1rio direto das fraudes;<\/li>\n<li>Esmael Fernandes Gomes: condenado a 7 anos e 8 meses de pris\u00e3o. Cedeu a empresa como fachada para pr\u00e1ticas ilegais. Al\u00e9m disso, ele cedeu uma linha de \u00f4nibus a Luciano e entregou cheques usados por Luciano e Silvano na compra de um ve\u00edculo.<\/li>\n<li>Alcir Mencucini: condenado a 6 anos e 1 m\u00eas de pris\u00e3o. Acusado de receber vantagens indevidas ao fazer \u201cvista grossa\u201d para irregularidades. A Justi\u00e7a tamb\u00e9m determinou a perda do cargo p\u00fablico dele.<\/li>\n<\/ul>\n<p><em>*Com informa\u00e7\u00f5es da EPTV<\/em><\/p>\n<hr class=\"wp-block-separator has-alpha-channel-opacity\"\/>\n<p>SAIBA MAIS<\/p>\n<p>Nova frente fria traz chuva para SP; Veja previs\u00e3o para os pr\u00f3ximos dias <mark style=\"background-color:#ffffff\" class=\"has-inline-color has-white-color\">contudo,<\/mark><\/p>\n<h2 class=\"wp-block-heading\"><strong>FIQUE ON<\/strong><\/h2>\n<p>Fique ligado em tudo que acontece em Ribeir\u00e3o Preto e regi\u00e3o. Siga os perfis do\u00a0<strong>acidade on<\/strong>\u00a0no\u00a0<a href=\"https:\/\/www.instagram.com\/acidadeonribeirao\">Instagram\u00a0<\/a>e no\u00a0<a href=\"https:\/\/www.facebook.com\/acidadeonribeirao\/\">Facebook.<\/a><\/p>\n<p>Receba not\u00edcias do\u00a0<strong>acidade on<\/strong>\u00a0no WhatsApp.\u00a0<a href=\"https:\/\/chat.whatsapp.com\/BjKQZ9oJwlz8VVT50NuePq\">Para entrar no grupo, basta clicar aqui.<\/a><\/p>\n<p>Fa\u00e7a uma den\u00fancia ou sugira uma reportagem sobre Ribeir\u00e3o Preto e regi\u00e3o pelo WhatsApp: 16 99117 7802.<\/p>\n<p>VEJA TAMB\u00c9M<\/p>\n<p>Viu essa?<\/p>\n<p>Quantos epis\u00f3dios tem \u2018A Vida Secreta do Meu Marido Bilion\u00e1rio\u2019? <mark style=\"background-color:#ffffff\" class=\"has-inline-color has-white-color\">contudo,<\/mark><\/p>\n<p><!-- CONTENT END 1 -->\n<\/div>\n<p><script async src=\"\/\/www.instagram.com\/embed.js\"><\/script><br \/>\n<br \/><br \/>\n<br \/><a href=\"https:\/\/www.acidadeon.com\/ribeiraopreto\/politica\/ex-vereador-e-condenado-por-esquema-de-corrupcao-no-transporte-escolar\/\">Source link <\/a><\/p>\n","protected":false},"excerpt":{"rendered":"<p>A Justi\u00e7a condenou o ex-vereador Silvano Costa Arruda (Solidariedade) e outras tr\u00eas pessoas envolvidas em um esquema de corrup\u00e7\u00e3o relacionado \u00e0 contrata\u00e7\u00e3o do transporte escolar&#8230;<\/p>\n","protected":false},"author":1,"featured_media":70041,"comment_status":"open","ping_status":"open","sticky":false,"template":"","format":"standard","meta":{"advanced_seo_description":"","jetpack_seo_html_title":"","jetpack_seo_noindex":false,"jetpack_post_was_ever_published":false,"_jetpack_newsletter_access":"","_jetpack_dont_email_post_to_subs":false,"_jetpack_newsletter_tier_id":0,"_jetpack_memberships_contains_paywalled_content":false,"_jetpack_memberships_contains_paid_content":false,"footnotes":"","jetpack_publicize_message":"","jetpack_publicize_feature_enabled":true,"jetpack_social_post_already_shared":true,"jetpack_social_options":{"image_generator_settings":{"template":"highway","default_image_id":0,"font":"","enabled":false},"version":2}},"categories":[11],"tags":[],"class_list":["post-70066","post","type-post","status-publish","format-standard","has-post-thumbnail","hentry","category-noticias-de-ribeirao-preto-sp-e-regiao-ismael-colosi"],"jetpack_publicize_connections":[],"jetpack_featured_media_url":"https:\/\/i0.wp.com\/noticiasribeiraopreto.com.br\/wp-content\/uploads\/2025\/05\/Copia-de-Copia-de-Copia-de-TAMANHO-EXATO-PARA-FOTOS-NO-SISTEMA-NOVO-2025-05-22T083928.338_2025-05-22_11-40-30.webp.webp?fit=1200%2C675&ssl=1","jetpack-related-posts":[{"id":70040,"url":"https:\/\/noticiasribeiraopreto.com.br\/index.php\/2025\/05\/22\/ex-vereador-e-condenado-por-esquema-de-corrupcao-no-transporte-escolar\/","url_meta":{"origin":70066,"position":0},"title":"Ex-vereador \u00e9 condenado por esquema de corrup\u00e7\u00e3o no transporte escolar","author":"noticiasribeiraopreto.com.br","date":"22 de May de 2025","format":false,"excerpt":"A Justi\u00e7a condenou o ex-vereador Silvano Costa Arruda (Solidariedade) e outras tr\u00eas pessoas envolvidas em um esquema de corrup\u00e7\u00e3o relacionado \u00e0 contrata\u00e7\u00e3o do transporte escolar em Cajuru, cidade na regi\u00e3o de Ribeir\u00e3o Preto, a penas que variam de 6 a 13 anos de pris\u00e3o. Na decis\u00e3o, portanto, os r\u00e9us foram\u2026","rel":"","context":"In &quot;Not\u00edcias de Ribeir\u00e3o Preto-SP e Regi\u00e3o&quot;","block_context":{"text":"Not\u00edcias de Ribeir\u00e3o Preto-SP e Regi\u00e3o","link":"https:\/\/noticiasribeiraopreto.com.br\/index.php\/category\/noticias-de-ribeirao-preto-sp-e-regiao-ismael-colosi\/"},"img":{"alt_text":"","src":"https:\/\/i0.wp.com\/noticiasribeiraopreto.com.br\/wp-content\/uploads\/2025\/05\/Copia-de-Copia-de-Copia-de-TAMANHO-EXATO-PARA-FOTOS-NO-SISTEMA-NOVO-2025-05-22T083928.338_2025-05-22_11-40-30.webp.webp?fit=1200%2C675&ssl=1&resize=350%2C200","width":350,"height":200,"srcset":"https:\/\/i0.wp.com\/noticiasribeiraopreto.com.br\/wp-content\/uploads\/2025\/05\/Copia-de-Copia-de-Copia-de-TAMANHO-EXATO-PARA-FOTOS-NO-SISTEMA-NOVO-2025-05-22T083928.338_2025-05-22_11-40-30.webp.webp?fit=1200%2C675&ssl=1&resize=350%2C200 1x, https:\/\/i0.wp.com\/noticiasribeiraopreto.com.br\/wp-content\/uploads\/2025\/05\/Copia-de-Copia-de-Copia-de-TAMANHO-EXATO-PARA-FOTOS-NO-SISTEMA-NOVO-2025-05-22T083928.338_2025-05-22_11-40-30.webp.webp?fit=1200%2C675&ssl=1&resize=525%2C300 1.5x, https:\/\/i0.wp.com\/noticiasribeiraopreto.com.br\/wp-content\/uploads\/2025\/05\/Copia-de-Copia-de-Copia-de-TAMANHO-EXATO-PARA-FOTOS-NO-SISTEMA-NOVO-2025-05-22T083928.338_2025-05-22_11-40-30.webp.webp?fit=1200%2C675&ssl=1&resize=700%2C400 2x, https:\/\/i0.wp.com\/noticiasribeiraopreto.com.br\/wp-content\/uploads\/2025\/05\/Copia-de-Copia-de-Copia-de-TAMANHO-EXATO-PARA-FOTOS-NO-SISTEMA-NOVO-2025-05-22T083928.338_2025-05-22_11-40-30.webp.webp?fit=1200%2C675&ssl=1&resize=1050%2C600 3x"},"classes":[]},{"id":70059,"url":"https:\/\/noticiasribeiraopreto.com.br\/index.php\/2025\/05\/22\/mulher-assaltada-tem-nome-usado-para-emprestimos-de-r-10-mil-em-ribeirao-preto\/","url_meta":{"origin":70066,"position":1},"title":"Mulher assaltada tem nome usado para empr\u00e9stimos de R$ 10 mil em Ribeir\u00e3o Preto","author":"noticiasribeiraopreto.com.br","date":"22 de May de 2025","format":false,"excerpt":"Ap\u00f3s ter sido roubada na semana passada, em um estabelecimento comercial da zona Norte de Ribeir\u00e3o Preto, uma mulher de 58 anos teve um preju\u00edzo de aproximadamente R$ 10 mil em empr\u00e9stimos banc\u00e1rios nesta quarta-feira (21). De acordo com o boletim de ocorr\u00eancia, um jovem abordou a v\u00edtima na \u00faltima\u2026","rel":"","context":"In &quot;Not\u00edcias de Ribeir\u00e3o Preto-SP e Regi\u00e3o&quot;","block_context":{"text":"Not\u00edcias de Ribeir\u00e3o Preto-SP e Regi\u00e3o","link":"https:\/\/noticiasribeiraopreto.com.br\/index.php\/category\/noticias-de-ribeirao-preto-sp-e-regiao-ismael-colosi\/"},"img":{"alt_text":"","src":"https:\/\/i0.wp.com\/noticiasribeiraopreto.com.br\/wp-content\/uploads\/2025\/05\/HomemmorreapscairdeandaimeenquantotrabalhavaemRibeiroPreto_Tamanho_2_image.jpg?fit=1200%2C900&ssl=1&resize=350%2C200","width":350,"height":200,"srcset":"https:\/\/i0.wp.com\/noticiasribeiraopreto.com.br\/wp-content\/uploads\/2025\/05\/HomemmorreapscairdeandaimeenquantotrabalhavaemRibeiroPreto_Tamanho_2_image.jpg?fit=1200%2C900&ssl=1&resize=350%2C200 1x, https:\/\/i0.wp.com\/noticiasribeiraopreto.com.br\/wp-content\/uploads\/2025\/05\/HomemmorreapscairdeandaimeenquantotrabalhavaemRibeiroPreto_Tamanho_2_image.jpg?fit=1200%2C900&ssl=1&resize=525%2C300 1.5x, https:\/\/i0.wp.com\/noticiasribeiraopreto.com.br\/wp-content\/uploads\/2025\/05\/HomemmorreapscairdeandaimeenquantotrabalhavaemRibeiroPreto_Tamanho_2_image.jpg?fit=1200%2C900&ssl=1&resize=700%2C400 2x, https:\/\/i0.wp.com\/noticiasribeiraopreto.com.br\/wp-content\/uploads\/2025\/05\/HomemmorreapscairdeandaimeenquantotrabalhavaemRibeiroPreto_Tamanho_2_image.jpg?fit=1200%2C900&ssl=1&resize=1050%2C600 3x"},"classes":[]},{"id":72544,"url":"https:\/\/noticiasribeiraopreto.com.br\/index.php\/2025\/06\/18\/ex-vereador-e-condenado-a-quatro-anos\/","url_meta":{"origin":70066,"position":2},"title":"Ex-vereador \u00e9 condenado a quatro anos","author":"noticiasribeiraopreto.com.br","date":"18 de June de 2025","format":false,"excerpt":"A Justi\u00e7a de Ribeir\u00e3o Preto condenou a o ex-vereador S\u00e9rgio Zerbinato (PSDB) a quatro anos de reclus\u00e3o pela pr\u00e1tica de \u201crachadinha\u201d durante seu mandato parlamentar na 18\u00aa legislatura, entre 2021 e 2024. Ele disputou as elei\u00e7\u00f5es do ano passado e obteve 2.839 votos, mas n\u00e3o conseguiu se reeleger. A irm\u00e3\u2026","rel":"","context":"In &quot;Not\u00edcias de Ribeir\u00e3o Preto-SP e Regi\u00e3o&quot;","block_context":{"text":"Not\u00edcias de Ribeir\u00e3o Preto-SP e Regi\u00e3o","link":"https:\/\/noticiasribeiraopreto.com.br\/index.php\/category\/noticias-de-ribeirao-preto-sp-e-regiao-ismael-colosi\/"},"img":{"alt_text":"","src":"https:\/\/i0.wp.com\/noticiasribeiraopreto.com.br\/wp-content\/uploads\/2025\/06\/RachaRP-Alfredo-Risk-Arquivo-scaled.jpg?fit=750%2C500&ssl=1&resize=350%2C200","width":350,"height":200,"srcset":"https:\/\/i0.wp.com\/noticiasribeiraopreto.com.br\/wp-content\/uploads\/2025\/06\/RachaRP-Alfredo-Risk-Arquivo-scaled.jpg?fit=750%2C500&ssl=1&resize=350%2C200 1x, https:\/\/i0.wp.com\/noticiasribeiraopreto.com.br\/wp-content\/uploads\/2025\/06\/RachaRP-Alfredo-Risk-Arquivo-scaled.jpg?fit=750%2C500&ssl=1&resize=525%2C300 1.5x, https:\/\/i0.wp.com\/noticiasribeiraopreto.com.br\/wp-content\/uploads\/2025\/06\/RachaRP-Alfredo-Risk-Arquivo-scaled.jpg?fit=750%2C500&ssl=1&resize=700%2C400 2x"},"classes":[]},{"id":68419,"url":"https:\/\/noticiasribeiraopreto.com.br\/index.php\/2025\/04\/25\/ex-presidente-fernando-collor-e-preso-apos-decisao-do-stf\/","url_meta":{"origin":70066,"position":3},"title":"Ex-presidente Fernando Collor \u00e9 preso ap\u00f3s decis\u00e3o do STF","author":"noticiasribeiraopreto.com.br","date":"25 de April de 2025","format":false,"excerpt":"25 de abril de 2025 09:0925 de abril de 2025 09:2714 Compartilhar0 O ex-presidente da Rep\u00fablica Fernando Collor de Mello foi preso na madrugada desta sexta-feira (25), em Macei\u00f3 (AL), por determina\u00e7\u00e3o do ministro Alexandre de Moraes, do Supremo Tribunal Federal (STF). A ordem de pris\u00e3o foi emitida ap\u00f3s a\u2026","rel":"","context":"In &quot;Not\u00edcias de Ribeir\u00e3o Preto-SP e Regi\u00e3o&quot;","block_context":{"text":"Not\u00edcias de Ribeir\u00e3o Preto-SP e Regi\u00e3o","link":"https:\/\/noticiasribeiraopreto.com.br\/index.php\/category\/noticias-de-ribeirao-preto-sp-e-regiao-ismael-colosi\/"},"img":{"alt_text":"","src":"https:\/\/i0.wp.com\/noticiasribeiraopreto.com.br\/wp-content\/uploads\/2025\/04\/collor_preso-scaled.jpeg?fit=800%2C479&ssl=1&resize=350%2C200","width":350,"height":200,"srcset":"https:\/\/i0.wp.com\/noticiasribeiraopreto.com.br\/wp-content\/uploads\/2025\/04\/collor_preso-scaled.jpeg?fit=800%2C479&ssl=1&resize=350%2C200 1x, https:\/\/i0.wp.com\/noticiasribeiraopreto.com.br\/wp-content\/uploads\/2025\/04\/collor_preso-scaled.jpeg?fit=800%2C479&ssl=1&resize=525%2C300 1.5x, https:\/\/i0.wp.com\/noticiasribeiraopreto.com.br\/wp-content\/uploads\/2025\/04\/collor_preso-scaled.jpeg?fit=800%2C479&ssl=1&resize=700%2C400 2x"},"classes":[]},{"id":82701,"url":"https:\/\/noticiasribeiraopreto.com.br\/index.php\/2026\/02\/24\/vereador-e-denunciado-por-rachadinha\/","url_meta":{"origin":70066,"position":4},"title":"Vereador \u00e9 denunciado por \u2018rachadinha\u2019","author":"noticiasribeiraopreto.com.br","date":"24 de February de 2026","format":false,"excerpt":"Ex-assessores Marcos Fabiano dos Santos e Anna Paula Vincentin afirmam ter sido obrigados a devolver parte dos sal\u00e1rios a Lincoln Fernandes O comerciante Hagara Espresola Ramos, o popular Hagara do P\u00e3o de Queijo, protocolou nesta segunda-feira, 23 de fevereiro, no Minist\u00e9rio P\u00fablico de S\u00e3o Paulo (MPSP) e na C\u00e2mara de\u2026","rel":"","context":"In &quot;Not\u00edcias de Ribeir\u00e3o Preto-SP e Regi\u00e3o&quot;","block_context":{"text":"Not\u00edcias de Ribeir\u00e3o Preto-SP e Regi\u00e3o","link":"https:\/\/noticiasribeiraopreto.com.br\/index.php\/category\/noticias-de-ribeirao-preto-sp-e-regiao-ismael-colosi\/"},"img":{"alt_text":"","src":"https:\/\/i0.wp.com\/noticiasribeiraopreto.com.br\/wp-content\/uploads\/2026\/02\/RachaRP-Alfredo-Risk-Arquivo-scaled.jpg?fit=1170%2C780&ssl=1&resize=350%2C200","width":350,"height":200,"srcset":"https:\/\/i0.wp.com\/noticiasribeiraopreto.com.br\/wp-content\/uploads\/2026\/02\/RachaRP-Alfredo-Risk-Arquivo-scaled.jpg?fit=1170%2C780&ssl=1&resize=350%2C200 1x, https:\/\/i0.wp.com\/noticiasribeiraopreto.com.br\/wp-content\/uploads\/2026\/02\/RachaRP-Alfredo-Risk-Arquivo-scaled.jpg?fit=1170%2C780&ssl=1&resize=525%2C300 1.5x, https:\/\/i0.wp.com\/noticiasribeiraopreto.com.br\/wp-content\/uploads\/2026\/02\/RachaRP-Alfredo-Risk-Arquivo-scaled.jpg?fit=1170%2C780&ssl=1&resize=700%2C400 2x, https:\/\/i0.wp.com\/noticiasribeiraopreto.com.br\/wp-content\/uploads\/2026\/02\/RachaRP-Alfredo-Risk-Arquivo-scaled.jpg?fit=1170%2C780&ssl=1&resize=1050%2C600 3x"},"classes":[]},{"id":52606,"url":"https:\/\/noticiasribeiraopreto.com.br\/index.php\/2024\/06\/10\/carro-oficial-e-roubado-em-rancho-e-abandonado-na-regiao-de-ribeirao-preto\/","url_meta":{"origin":70066,"position":5},"title":"Carro oficial \u00e9 roubado em rancho e abandonado na regi\u00e3o de Ribeir\u00e3o Preto","author":"noticiasribeiraopreto.com.br","date":"10 de June de 2024","format":false,"excerpt":"Um carro oficial da C\u00e2mara de Miguel\u00f3polis, cidade a aproximadamente 130 quil\u00f4metros de Ribeir\u00e3o Preto, foi roubado em um rancho na madrugada desta segunda-feira (10). Segundo o boletim de ocorr\u00eancia (BO) da PM (Pol\u00edcia Militar), no rancho, localizado na \u00e1rea rural de Miguel\u00f3polis, estaria ocorrendo uma confraterniza\u00e7\u00e3o com cinco pessoas,\u2026","rel":"","context":"In &quot;Not\u00edcias de Ribeir\u00e3o Preto-SP e Regi\u00e3o&quot;","block_context":{"text":"Not\u00edcias de Ribeir\u00e3o Preto-SP e Regi\u00e3o","link":"https:\/\/noticiasribeiraopreto.com.br\/index.php\/category\/noticias-de-ribeirao-preto-sp-e-regiao-ismael-colosi\/"},"img":{"alt_text":"","src":"https:\/\/i0.wp.com\/noticiasribeiraopreto.com.br\/wp-content\/uploads\/2024\/06\/WhatsApp-Image-2024-06-10-at-08.56.56_2024-06-10_17-28-16_jpeg_2024-06-10_17-28-17.webp.webp?fit=1200%2C675&ssl=1&resize=350%2C200","width":350,"height":200,"srcset":"https:\/\/i0.wp.com\/noticiasribeiraopreto.com.br\/wp-content\/uploads\/2024\/06\/WhatsApp-Image-2024-06-10-at-08.56.56_2024-06-10_17-28-16_jpeg_2024-06-10_17-28-17.webp.webp?fit=1200%2C675&ssl=1&resize=350%2C200 1x, https:\/\/i0.wp.com\/noticiasribeiraopreto.com.br\/wp-content\/uploads\/2024\/06\/WhatsApp-Image-2024-06-10-at-08.56.56_2024-06-10_17-28-16_jpeg_2024-06-10_17-28-17.webp.webp?fit=1200%2C675&ssl=1&resize=525%2C300 1.5x, https:\/\/i0.wp.com\/noticiasribeiraopreto.com.br\/wp-content\/uploads\/2024\/06\/WhatsApp-Image-2024-06-10-at-08.56.56_2024-06-10_17-28-16_jpeg_2024-06-10_17-28-17.webp.webp?fit=1200%2C675&ssl=1&resize=700%2C400 2x, https:\/\/i0.wp.com\/noticiasribeiraopreto.com.br\/wp-content\/uploads\/2024\/06\/WhatsApp-Image-2024-06-10-at-08.56.56_2024-06-10_17-28-16_jpeg_2024-06-10_17-28-17.webp.webp?fit=1200%2C675&ssl=1&resize=1050%2C600 3x"},"classes":[]}],"jetpack_sharing_enabled":true,"jetpack_shortlink":"https:\/\/wp.me\/peQAOb-ie6","_links":{"self":[{"href":"https:\/\/noticiasribeiraopreto.com.br\/index.php\/wp-json\/wp\/v2\/posts\/70066","targetHints":{"allow":["GET"]}}],"collection":[{"href":"https:\/\/noticiasribeiraopreto.com.br\/index.php\/wp-json\/wp\/v2\/posts"}],"about":[{"href":"https:\/\/noticiasribeiraopreto.com.br\/index.php\/wp-json\/wp\/v2\/types\/post"}],"author":[{"embeddable":true,"href":"https:\/\/noticiasribeiraopreto.com.br\/index.php\/wp-json\/wp\/v2\/users\/1"}],"replies":[{"embeddable":true,"href":"https:\/\/noticiasribeiraopreto.com.br\/index.php\/wp-json\/wp\/v2\/comments?post=70066"}],"version-history":[{"count":0,"href":"https:\/\/noticiasribeiraopreto.com.br\/index.php\/wp-json\/wp\/v2\/posts\/70066\/revisions"}],"wp:featuredmedia":[{"embeddable":true,"href":"https:\/\/noticiasribeiraopreto.com.br\/index.php\/wp-json\/wp\/v2\/media\/70041"}],"wp:attachment":[{"href":"https:\/\/noticiasribeiraopreto.com.br\/index.php\/wp-json\/wp\/v2\/media?parent=70066"}],"wp:term":[{"taxonomy":"category","embeddable":true,"href":"https:\/\/noticiasribeiraopreto.com.br\/index.php\/wp-json\/wp\/v2\/categories?post=70066"},{"taxonomy":"post_tag","embeddable":true,"href":"https:\/\/noticiasribeiraopreto.com.br\/index.php\/wp-json\/wp\/v2\/tags?post=70066"}],"curies":[{"name":"wp","href":"https:\/\/api.w.org\/{rel}","templated":true}]}}