{"id":70071,"date":"2025-05-22T13:43:48","date_gmt":"2025-05-22T16:43:48","guid":{"rendered":"https:\/\/noticiasribeiraopreto.com.br\/index.php\/2025\/05\/22\/videos-regiao-tem-29-presos-em-acao-da-policia-de-goias\/"},"modified":"2025-05-22T13:43:48","modified_gmt":"2025-05-22T16:43:48","slug":"videos-regiao-tem-29-presos-em-acao-da-policia-de-goias","status":"publish","type":"post","link":"https:\/\/noticiasribeiraopreto.com.br\/index.php\/2025\/05\/22\/videos-regiao-tem-29-presos-em-acao-da-policia-de-goias\/","title":{"rendered":"V\u00cdDEOS &#8211; Regi\u00e3o tem 29 presos em a\u00e7\u00e3o da pol\u00edcia de Goi\u00e1s"},"content":{"rendered":"<div class='code-block code-block-1' style='margin: 8px 0 8px auto; text-align: right; display: block; clear: both;'>\n<p><a href=\"https:\/\/wa.link\/vpicfd\"><img data-recalc-dims=\"1\" class=\"wp-image-4922\" style=\"aspect-ratio: 2.0253164556962027; width: 561px; height: auto;\" src=\"https:\/\/i0.wp.com\/ismaelcolosi.com.br\/wp-content\/uploads\/2023\/11\/grupo-de-empregos-whatsapp-e-facebook-ismael-colosi-vagas.jpg?ssl=1\" alt=\"\" \/><\/a><\/p>\n<!-- \/wp:image -->\n<\/div>\n<p> <br \/>\n<\/p>\n<div>\n<p>A Pol\u00edcia Civil de Goi\u00e1s deflagrou, na manh\u00e3 desta quinta-feira (22), uma grande opera\u00e7\u00e3o em 14 cidades de quatro estados brasileiros. A Opera\u00e7\u00e3o Broker Phantom tem como um dos principais alvos suspeitos residentes em Ribeir\u00e3o Preto.<\/p>\n<p>De acordo com o delegado Thiago C\u00e9sar, da Pol\u00edcia Civil de Goi\u00e2nia, as quatro principais cidades visitadas pelos policiais civis s\u00e3o Cuiab\u00e1\/MT, V\u00e1rzea Grande\/MT, Aparecida de Goi\u00e2nia\/GO e Ribeir\u00e3o Preto\/SP. O objetivo \u00e9 desmantelar uma organiza\u00e7\u00e3o criminosa que pratica golpes em uma plataforma de compra e venda da internet.<\/p>\n<p><iframe loading=\"lazy\" title=\"Opera\u00e7\u00e3o Falso Intermeti\u00e1rio 2\" width=\"500\" height=\"281\" src=\"https:\/\/www.youtube.com\/embed\/PEacuHdzVqI?feature=oembed\" frameborder=\"0\" allow=\"accelerometer; autoplay; clipboard-write; encrypted-media; gyroscope; picture-in-picture; web-share\" referrerpolicy=\"strict-origin-when-cross-origin\" allowfullscreen><\/iframe><\/p>\n<p>De acordo com o delegado Thiago C\u00e9sar, da Pol\u00edcia Civil de Goi\u00e2nia, as quatro principais cidades visitadas pelos policiais civis s\u00e3o Cuiab\u00e1\/MT, V\u00e1rzea Grande\/MT, Aparecida de Goi\u00e2nia\/GO e Ribeir\u00e3o Preto\/SP. O objetivo \u00e9 desmantelar uma organiza\u00e7\u00e3o criminosa que pratica golpes em uma plataforma de compra e venda da internet.<\/p>\n<p>Os golpistas se apresentam como \u201cintermedi\u00e1rios\u201d, clonam dados de um determinado bem, geralmente ve\u00edculo, criam um an\u00fancio similar por valores bem abaixo e apresentam ao dono do bem o suposto comprador, sem deixar que eles conversem.<\/p>\n<figure id=\"attachment_426495\" aria-describedby=\"caption-attachment-426495\" style=\"width: 742px\" class=\"wp-caption alignnone\"><img data-recalc-dims=\"1\" loading=\"lazy\" decoding=\"async\" class=\" wp-image-426495\" src=\"https:\/\/i0.wp.com\/www.tribunaribeirao.com.br\/wp-content\/uploads\/2025\/05\/22-mai-2025-operacaoolx1.jpg?resize=742%2C641&#038;ssl=1\" alt=\"\" width=\"742\" height=\"641\" srcset=\"https:\/\/www.tribunaribeirao.com.br\/wp-content\/uploads\/2025\/05\/22-mai-2025-operacaoolx1.jpg 568w, https:\/\/www.tribunaribeirao.com.br\/wp-content\/uploads\/2025\/05\/22-mai-2025-operacaoolx1-300x259.jpg 300w, https:\/\/www.tribunaribeirao.com.br\/wp-content\/uploads\/2025\/05\/22-mai-2025-operacaoolx1-463x400.jpg 463w\" sizes=\"auto, (max-width: 742px) 100vw, 742px\"\/><figcaption id=\"caption-attachment-426495\" class=\"wp-caption-text\">Segundo o delegado Thiago C\u00e9sar, Ribeir\u00e3o Preto \u00e9 um dos polos principais da opera\u00e7\u00e3o (Foto: Reprodu\u00e7\u00e3o)<\/figcaption><\/figure>\n<p>Os golpistas se apresentam como \u201cintermedi\u00e1rios\u201d, clonam dados de um determinado bem, geralmente ve\u00edculo, criam um an\u00fancio similar por valores bem abaixo e apresentam ao dono do bem o suposto comprador, sem deixar que eles conversem.<\/p>\n<p>Segundo o delegado Gustavo Gomes, da Pol\u00edcia Civil de Goi\u00e1s, que coordenou as a\u00e7\u00f5es na regi\u00e3o de Ribeir\u00e3o Preto, os golpistas clonavam fotos de an\u00fancio verdadeiro e criavam falsos perfis e publicavam an\u00fancios falsos, com valores bem abaixo dos de mercado. Passavam dados do carro verdadeiro e at\u00e9 colocavam vendedor e comprador para conversar, com a condi\u00e7\u00e3o de que n\u00e3o negociassem pre\u00e7o.<\/p>\n<p>\u201cUsando t\u00e9cnicas de engenharia social, levavam a v\u00edtima a efetuar parte ou total do pagamento, transferido para um laranja. O dinheiro n\u00e3o entrava na conta do vendedor e s\u00f3 ent\u00e3o descobriam o golpe\u201d, explicou Gomes.<\/p>\n<figure id=\"attachment_426496\" aria-describedby=\"caption-attachment-426496\" style=\"width: 960px\" class=\"wp-caption alignnone\"><img data-recalc-dims=\"1\" loading=\"lazy\" decoding=\"async\" class=\"size-full wp-image-426496\" src=\"https:\/\/i0.wp.com\/www.tribunaribeirao.com.br\/wp-content\/uploads\/2025\/05\/22-mai-2025-operacaoolx2.jpg?resize=960%2C815&#038;ssl=1\" alt=\"\" width=\"960\" height=\"815\" srcset=\"https:\/\/www.tribunaribeirao.com.br\/wp-content\/uploads\/2025\/05\/22-mai-2025-operacaoolx2.jpg 960w, https:\/\/www.tribunaribeirao.com.br\/wp-content\/uploads\/2025\/05\/22-mai-2025-operacaoolx2-300x255.jpg 300w, https:\/\/www.tribunaribeirao.com.br\/wp-content\/uploads\/2025\/05\/22-mai-2025-operacaoolx2-768x652.jpg 768w, https:\/\/www.tribunaribeirao.com.br\/wp-content\/uploads\/2025\/05\/22-mai-2025-operacaoolx2-471x400.jpg 471w, https:\/\/www.tribunaribeirao.com.br\/wp-content\/uploads\/2025\/05\/22-mai-2025-operacaoolx2-585x497.jpg 585w\" sizes=\"auto, (max-width: 960px) 100vw, 960px\"\/><figcaption id=\"caption-attachment-426496\" class=\"wp-caption-text\">Opera\u00e7\u00e3o \u00e9 realizada, simultaneamente, em 14 cidades de quatro estados; al\u00e9m de Ribeir\u00e3o Preto, outras tr\u00eas cidades da regi\u00e3o tamb\u00e9m s\u00e3o alvo das medidas cautelares (Foto: Pol\u00edcia Civil-GO\/Divulga\u00e7\u00e3o)<\/figcaption><\/figure>\n<p>Al\u00e9m disso, o delegado explicou que o grupo, investigado tamb\u00e9m por lavagem de dinheiro, tinha dois n\u00facleos. Um operacional, com base no Mato Grosso. O outro, financeiro, tinha grande parte dos integrantes em Ribeir\u00e3o Preto.<\/p>\n<p>Foram cumpridos 78 mandados de busca e apreens\u00e3o, 59 de pris\u00e3o tempor\u00e1ria e 18 de pris\u00e3o preventiva dos investigados, nos estados de Goi\u00e1s, Mato Grosso, Santa Catarina e S\u00e3o Paulo.<\/p>\n<p>A opera\u00e7\u00e3o reuniu 400 policiais. Em Ribeir\u00e3o Preto, agentes da Divis\u00e3o Especializada de Investiga\u00e7\u00f5es Criminais (DEIC) e outros setores e delegacias ajudaram no cumprimento dos mandados de busca e apreens\u00e3o e de pris\u00e3o.<\/p>\n<figure id=\"attachment_426512\" aria-describedby=\"caption-attachment-426512\" style=\"width: 1599px\" class=\"wp-caption alignnone\"><img data-recalc-dims=\"1\" loading=\"lazy\" decoding=\"async\" class=\"size-full wp-image-426512\" src=\"https:\/\/i0.wp.com\/www.tribunaribeirao.com.br\/wp-content\/uploads\/2025\/05\/22-mai-2025-operacaoolx5.jpg?resize=1599%2C1066&#038;ssl=1\" alt=\"\" width=\"1599\" height=\"1066\" srcset=\"https:\/\/www.tribunaribeirao.com.br\/wp-content\/uploads\/2025\/05\/22-mai-2025-operacaoolx5.jpg 1599w, https:\/\/www.tribunaribeirao.com.br\/wp-content\/uploads\/2025\/05\/22-mai-2025-operacaoolx5-300x200.jpg 300w, https:\/\/www.tribunaribeirao.com.br\/wp-content\/uploads\/2025\/05\/22-mai-2025-operacaoolx5-1024x683.jpg 1024w, https:\/\/www.tribunaribeirao.com.br\/wp-content\/uploads\/2025\/05\/22-mai-2025-operacaoolx5-768x512.jpg 768w, https:\/\/www.tribunaribeirao.com.br\/wp-content\/uploads\/2025\/05\/22-mai-2025-operacaoolx5-1536x1024.jpg 1536w, https:\/\/www.tribunaribeirao.com.br\/wp-content\/uploads\/2025\/05\/22-mai-2025-operacaoolx5-480x320.jpg 480w, https:\/\/www.tribunaribeirao.com.br\/wp-content\/uploads\/2025\/05\/22-mai-2025-operacaoolx5-280x186.jpg 280w, https:\/\/www.tribunaribeirao.com.br\/wp-content\/uploads\/2025\/05\/22-mai-2025-operacaoolx5-960x640.jpg 960w, https:\/\/www.tribunaribeirao.com.br\/wp-content\/uploads\/2025\/05\/22-mai-2025-operacaoolx5-600x400.jpg 600w, https:\/\/www.tribunaribeirao.com.br\/wp-content\/uploads\/2025\/05\/22-mai-2025-operacaoolx5-585x390.jpg 585w\" sizes=\"auto, (max-width: 1599px) 100vw, 1599px\"\/><figcaption id=\"caption-attachment-426512\" class=\"wp-caption-text\">Segundo Gomes, da Pol\u00edcia Civil de Goi\u00e1s, Ribeir\u00e3o Preto e regi\u00e3o integravam o n\u00facleo financeiro da organiza\u00e7\u00e3o criminosa (Foto: Alfredo Risk)<\/figcaption><\/figure>\n<p><strong>Pris\u00f5es<\/strong><\/p>\n<p>Para a regi\u00e3o, foram cumpridos 37 mandados de pris\u00e3o e de busca e apreens\u00e3o. Ao todo, foram presas 29 pessoas, sendo 23 em Ribeir\u00e3o Preto, tr\u00eas em Cravinhos, duas em Serrana e uma em Luiz Ant\u00f4nio. Entre os 23 presos em Ribeir\u00e3o Preto, estavam 18 mulheres.<\/p>\n<p>A Pol\u00edcia Civil de Goi\u00e1s n\u00e3o informou quais as fun\u00e7\u00f5es desempenhadas pelos presos de Ribeir\u00e3o Preto. Segundo Gomes, as investiga\u00e7\u00f5es, que teriam sido iniciadas em 2021, prosseguem. O objetivo \u00e9 identificar e prender outros envolvidos com os golpes e com a lavagem de dinheiro.<\/p>\n<p>(mat\u00e9ria atualizada \u00e0s 13h00)<\/p>\n<p>\u00a0<\/p>\n<p>______________<\/p>\n<p>\u00a0<\/p>\n<p>Jornal Tribuna Ribeir\u00e3o<br \/>Um Jornal com a cara de Ribeir\u00e3o!<\/p>\n<p>Impresso | WEB | Redes sociais<br \/>Tribuna Ribeir\u00e3o \u2013 Fone: (16) 3632-2200 \u2013 Whatsapp: (16) 98161-8743<br \/>Av. Bar\u00e3o do Bananal, 880 \u2013 Jardim Anhanguera, Ribeir\u00e3o Preto<\/p>\n<p>@tribunaribeirao<br \/>@meiaderibeirao<br \/>@dinoderibeirao<br \/>#TribunaRibeir\u00e3o<br \/>#News<br \/>#Not\u00edcia<br \/>#Ribeir\u00e3oPreto #Not\u00edciasDeRibeir\u00e3oPreto<br \/>#ClassificadosTribunaRibeir\u00e3o<br \/>#Jornalismo<br \/>#ClassificadosRibeir\u00e3o<\/p>\n<\/div>\n<p><br \/>\n<br \/><a href=\"https:\/\/www.tribunaribeirao.com.br\/videos-regiao-tem-29-presos-em-acao-da-policia-de-goias\/\">Source link <\/a><\/p>\n<!-- CONTENT END 1 -->\n","protected":false},"excerpt":{"rendered":"<p>A Pol\u00edcia Civil de Goi\u00e1s deflagrou, na manh\u00e3 desta quinta-feira (22), uma grande opera\u00e7\u00e3o em 14 cidades de quatro estados brasileiros. A Opera\u00e7\u00e3o Broker Phantom&#8230;<\/p>\n","protected":false},"author":1,"featured_media":70072,"comment_status":"open","ping_status":"open","sticky":false,"template":"","format":"standard","meta":{"advanced_seo_description":"","jetpack_seo_html_title":"","jetpack_seo_noindex":false,"jetpack_post_was_ever_published":false,"_jetpack_newsletter_access":"","_jetpack_dont_email_post_to_subs":false,"_jetpack_newsletter_tier_id":0,"_jetpack_memberships_contains_paywalled_content":false,"_jetpack_memberships_contains_paid_content":false,"footnotes":"","jetpack_publicize_message":"","jetpack_publicize_feature_enabled":true,"jetpack_social_post_already_shared":true,"jetpack_social_options":{"image_generator_settings":{"template":"highway","default_image_id":0,"font":"","enabled":false},"version":2}},"categories":[11],"tags":[],"class_list":["post-70071","post","type-post","status-publish","format-standard","has-post-thumbnail","hentry","category-noticias-de-ribeirao-preto-sp-e-regiao-ismael-colosi"],"jetpack_publicize_connections":[],"jetpack_featured_media_url":"https:\/\/i0.wp.com\/noticiasribeiraopreto.com.br\/wp-content\/uploads\/2025\/05\/1747932228_22-mai-2025-operacaoolx3.jpg?fit=842%2C473&ssl=1","jetpack-related-posts":[{"id":70047,"url":"https:\/\/noticiasribeiraopreto.com.br\/index.php\/2025\/05\/22\/videos-ribeirao-e-foco-de-operacao-da-policia-de-goias\/","url_meta":{"origin":70071,"position":0},"title":"V\u00cdDEOS &#8211; Ribeir\u00e3o \u00e9 foco de opera\u00e7\u00e3o da pol\u00edcia de Goi\u00e1s","author":"noticiasribeiraopreto.com.br","date":"22 de May de 2025","format":false,"excerpt":"Cidade \u00e9 um dos polos da a\u00e7\u00e3o que est\u00e1 nas ruas para prender envolvidos com golpes de falso intermedi\u00e1rio e lavagem de dinheiro 22 de maio de 2025 10:0822 de maio de 2025 10:1510 Compartilhar2 A Pol\u00edcia Civil de Goi\u00e1s deflagrou, na manh\u00e3 desta quinta-feira (22), uma grande opera\u00e7\u00e3o em\u2026","rel":"","context":"In &quot;Not\u00edcias de Ribeir\u00e3o Preto-SP e Regi\u00e3o&quot;","block_context":{"text":"Not\u00edcias de Ribeir\u00e3o Preto-SP e Regi\u00e3o","link":"https:\/\/noticiasribeiraopreto.com.br\/index.php\/category\/noticias-de-ribeirao-preto-sp-e-regiao-ismael-colosi\/"},"img":{"alt_text":"","src":"https:\/\/i0.wp.com\/noticiasribeiraopreto.com.br\/wp-content\/uploads\/2025\/05\/22-mai-2025-operacaoolx3.jpg?fit=842%2C473&ssl=1&resize=350%2C200","width":350,"height":200,"srcset":"https:\/\/i0.wp.com\/noticiasribeiraopreto.com.br\/wp-content\/uploads\/2025\/05\/22-mai-2025-operacaoolx3.jpg?fit=842%2C473&ssl=1&resize=350%2C200 1x, https:\/\/i0.wp.com\/noticiasribeiraopreto.com.br\/wp-content\/uploads\/2025\/05\/22-mai-2025-operacaoolx3.jpg?fit=842%2C473&ssl=1&resize=525%2C300 1.5x, https:\/\/i0.wp.com\/noticiasribeiraopreto.com.br\/wp-content\/uploads\/2025\/05\/22-mai-2025-operacaoolx3.jpg?fit=842%2C473&ssl=1&resize=700%2C400 2x"},"classes":[]},{"id":76685,"url":"https:\/\/noticiasribeiraopreto.com.br\/index.php\/2025\/09\/03\/policia-do-parana-realiza-operacao-em-rp\/","url_meta":{"origin":70071,"position":1},"title":"Pol\u00edcia do Paran\u00e1 realiza opera\u00e7\u00e3o em RP","author":"noticiasribeiraopreto.com.br","date":"3 de September de 2025","format":false,"excerpt":"Regi\u00e3o foi alvo do cumprimento de 20 mandados de busca e apreens\u00e3o e de pris\u00e3o; quatro foram presos 3 de setembro de 2025 12:304 Compartilhar1 Por: Adalberto Luque Uma opera\u00e7\u00e3o conjunta, realizada pela Pol\u00edcia Civil do Paran\u00e1, com apoio de policiais civis da regi\u00e3o, foi realizada, na manh\u00e3 desta quarta-feira\u2026","rel":"","context":"In &quot;Not\u00edcias de Ribeir\u00e3o Preto-SP e Regi\u00e3o&quot;","block_context":{"text":"Not\u00edcias de Ribeir\u00e3o Preto-SP e Regi\u00e3o","link":"https:\/\/noticiasribeiraopreto.com.br\/index.php\/category\/noticias-de-ribeirao-preto-sp-e-regiao-ismael-colosi\/"},"img":{"alt_text":"","src":"https:\/\/i0.wp.com\/noticiasribeiraopreto.com.br\/wp-content\/uploads\/2025\/09\/03-set-2025-operacaopcpr1-scaled.jpg?fit=1200%2C670&ssl=1&resize=350%2C200","width":350,"height":200,"srcset":"https:\/\/i0.wp.com\/noticiasribeiraopreto.com.br\/wp-content\/uploads\/2025\/09\/03-set-2025-operacaopcpr1-scaled.jpg?fit=1200%2C670&ssl=1&resize=350%2C200 1x, https:\/\/i0.wp.com\/noticiasribeiraopreto.com.br\/wp-content\/uploads\/2025\/09\/03-set-2025-operacaopcpr1-scaled.jpg?fit=1200%2C670&ssl=1&resize=525%2C300 1.5x, https:\/\/i0.wp.com\/noticiasribeiraopreto.com.br\/wp-content\/uploads\/2025\/09\/03-set-2025-operacaopcpr1-scaled.jpg?fit=1200%2C670&ssl=1&resize=700%2C400 2x, https:\/\/i0.wp.com\/noticiasribeiraopreto.com.br\/wp-content\/uploads\/2025\/09\/03-set-2025-operacaopcpr1-scaled.jpg?fit=1200%2C670&ssl=1&resize=1050%2C600 3x"},"classes":[]},{"id":80969,"url":"https:\/\/noticiasribeiraopreto.com.br\/index.php\/2025\/12\/19\/video-policia-civil-caca-sequestradores-de-empresario\/","url_meta":{"origin":70071,"position":2},"title":"V\u00cdDEO &#8211; Pol\u00edcia Civil ca\u00e7a sequestradores de empres\u00e1rio","author":"noticiasribeiraopreto.com.br","date":"19 de December de 2025","format":false,"excerpt":"\r Opera\u00e7\u00e3o simult\u00e2nea \u00e9 realizada em Ribeir\u00e3o Preto, Guaruj\u00e1 e Capital, para cumprir mandados de pris\u00e3o e de busca contra envolvidos\r \r 19 de dezembro de 2025 09:57 \r Compartilhar2 Por: Adalberto Luque \u2013 A Pol\u00edcia Civil est\u00e1 realizando uma grande opera\u00e7\u00e3o, na manh\u00e3 desta sexta-feira (19), contra suspeitos de\u2026","rel":"","context":"In &quot;Not\u00edcias de Ribeir\u00e3o Preto-SP e Regi\u00e3o&quot;","block_context":{"text":"Not\u00edcias de Ribeir\u00e3o Preto-SP e Regi\u00e3o","link":"https:\/\/noticiasribeiraopreto.com.br\/index.php\/category\/noticias-de-ribeirao-preto-sp-e-regiao-ismael-colosi\/"},"img":{"alt_text":"","src":"https:\/\/i0.wp.com\/noticiasribeiraopreto.com.br\/wp-content\/uploads\/2025\/12\/19-dez-2025-rastofinal1.jpg?fit=788%2C780&ssl=1&resize=350%2C200","width":350,"height":200,"srcset":"https:\/\/i0.wp.com\/noticiasribeiraopreto.com.br\/wp-content\/uploads\/2025\/12\/19-dez-2025-rastofinal1.jpg?fit=788%2C780&ssl=1&resize=350%2C200 1x, https:\/\/i0.wp.com\/noticiasribeiraopreto.com.br\/wp-content\/uploads\/2025\/12\/19-dez-2025-rastofinal1.jpg?fit=788%2C780&ssl=1&resize=525%2C300 1.5x, https:\/\/i0.wp.com\/noticiasribeiraopreto.com.br\/wp-content\/uploads\/2025\/12\/19-dez-2025-rastofinal1.jpg?fit=788%2C780&ssl=1&resize=700%2C400 2x"},"classes":[]},{"id":42402,"url":"https:\/\/noticiasribeiraopreto.com.br\/index.php\/2024\/03\/14\/policia-prende-grupo-que-recrutava-menores-para-trafico-na-regiao\/","url_meta":{"origin":70071,"position":3},"title":"Pol\u00edcia prende grupo que recrutava menores para tr\u00e1fico na regi\u00e3o","author":"noticiasribeiraopreto.com.br","date":"14 de March de 2024","format":false,"excerpt":"Opera\u00e7\u00e3o envolveu Pol\u00edcia Civil, Militar e o Canil da Guarda Civil Metropolitana de Ribeir\u00e3o Preto 14 de mar\u00e7o de 2024 | 12:50 0Por: Adalberto LuqueUma for\u00e7a-tarefa resultou na pris\u00e3o de quatro pessoas suspeitas de recrutarem menores de idade para trabalhar no tr\u00e1fico de drogas. A opera\u00e7\u00e3o foi realizada nesta quarta-feira\u2026","rel":"","context":"In &quot;Not\u00edcias de Ribeir\u00e3o Preto-SP e Regi\u00e3o&quot;","block_context":{"text":"Not\u00edcias de Ribeir\u00e3o Preto-SP e Regi\u00e3o","link":"https:\/\/noticiasribeiraopreto.com.br\/index.php\/category\/noticias-de-ribeirao-preto-sp-e-regiao-ismael-colosi\/"},"img":{"alt_text":"","src":"https:\/\/i0.wp.com\/noticiasribeiraopreto.com.br\/wp-content\/uploads\/2024\/03\/00-14-mar-2024-operacao-serrana-01-foto-divulgacao-gcm-scaled.jpg?fit=861%2C645&ssl=1&resize=350%2C200","width":350,"height":200,"srcset":"https:\/\/i0.wp.com\/noticiasribeiraopreto.com.br\/wp-content\/uploads\/2024\/03\/00-14-mar-2024-operacao-serrana-01-foto-divulgacao-gcm-scaled.jpg?fit=861%2C645&ssl=1&resize=350%2C200 1x, https:\/\/i0.wp.com\/noticiasribeiraopreto.com.br\/wp-content\/uploads\/2024\/03\/00-14-mar-2024-operacao-serrana-01-foto-divulgacao-gcm-scaled.jpg?fit=861%2C645&ssl=1&resize=525%2C300 1.5x, https:\/\/i0.wp.com\/noticiasribeiraopreto.com.br\/wp-content\/uploads\/2024\/03\/00-14-mar-2024-operacao-serrana-01-foto-divulgacao-gcm-scaled.jpg?fit=861%2C645&ssl=1&resize=700%2C400 2x"},"classes":[]},{"id":85270,"url":"https:\/\/noticiasribeiraopreto.com.br\/index.php\/2026\/04\/27\/ribeirao-preto-e-alvo-de-operacao-contra-pcc\/","url_meta":{"origin":70071,"position":4},"title":"Ribeir\u00e3o Preto \u00e9 alvo de opera\u00e7\u00e3o contra PCC","author":"noticiasribeiraopreto.com.br","date":"27 de April de 2026","format":false,"excerpt":"\r Investiga\u00e7\u00e3o, iniciada a partir de Mogi das Cruzes, quer desmantelar esquema de infiltra\u00e7\u00e3o e financiamento do PCC a candidatos pol\u00edticos\r \r 27 de abril de 2026 12:28 \r Compartilhar1 | Por: Adalberto Luque | Ribeir\u00e3o Preto foi um dos alvos de uma investiga\u00e7\u00e3o da Pol\u00edcia Civil que apura um\u2026","rel":"","context":"In &quot;Not\u00edcias de Ribeir\u00e3o Preto-SP e Regi\u00e3o&quot;","block_context":{"text":"Not\u00edcias de Ribeir\u00e3o Preto-SP e Regi\u00e3o","link":"https:\/\/noticiasribeiraopreto.com.br\/index.php\/category\/noticias-de-ribeirao-preto-sp-e-regiao-ismael-colosi\/"},"img":{"alt_text":"","src":"https:\/\/i0.wp.com\/noticiasribeiraopreto.com.br\/wp-content\/uploads\/2026\/04\/27-abr-2026-operacaodise2.jpg?fit=715%2C428&ssl=1&resize=350%2C200","width":350,"height":200,"srcset":"https:\/\/i0.wp.com\/noticiasribeiraopreto.com.br\/wp-content\/uploads\/2026\/04\/27-abr-2026-operacaodise2.jpg?fit=715%2C428&ssl=1&resize=350%2C200 1x, https:\/\/i0.wp.com\/noticiasribeiraopreto.com.br\/wp-content\/uploads\/2026\/04\/27-abr-2026-operacaodise2.jpg?fit=715%2C428&ssl=1&resize=525%2C300 1.5x, https:\/\/i0.wp.com\/noticiasribeiraopreto.com.br\/wp-content\/uploads\/2026\/04\/27-abr-2026-operacaodise2.jpg?fit=715%2C428&ssl=1&resize=700%2C400 2x"},"classes":[]},{"id":34440,"url":"https:\/\/noticiasribeiraopreto.com.br\/index.php\/2024\/02\/02\/rp-tem-nove-presos-em-operacao-nacional-contra-trafico\/","url_meta":{"origin":70071,"position":5},"title":"RP tem nove presos em opera\u00e7\u00e3o nacional contra tr\u00e1fico","author":"noticiasribeiraopreto.com.br","date":"2 de February de 2024","format":false,"excerpt":"Por: Adalberto Luque e Alfredo RiskPol\u00edcias Civil e Militar deflagraram, no final da madrugada desta quinta-feira (01), uma megaopera\u00e7\u00e3o contra organiza\u00e7\u00e3o criminosa. O grupo \u00e9 investigado por tr\u00e1fico de drogas e lavagem de dinheiro. A opera\u00e7\u00e3o \u201cHades\u201d foi realizada em diversos estados brasileiros.Para a a\u00e7\u00e3o foram mobilizadas equipes da Divis\u00e3o\u2026","rel":"","context":"In &quot;Not\u00edcias de Ribeir\u00e3o Preto-SP e Regi\u00e3o&quot;","block_context":{"text":"Not\u00edcias de Ribeir\u00e3o Preto-SP e Regi\u00e3o","link":"https:\/\/noticiasribeiraopreto.com.br\/index.php\/category\/noticias-de-ribeirao-preto-sp-e-regiao-ismael-colosi\/"},"img":{"alt_text":"","src":"https:\/\/i0.wp.com\/noticiasribeiraopreto.com.br\/wp-content\/uploads\/2024\/02\/00-01-fev-2024-crime-org-alagoas-05-foto-Alfredo-Risk-scaled.jpg?fit=967%2C645&ssl=1&resize=350%2C200","width":350,"height":200,"srcset":"https:\/\/i0.wp.com\/noticiasribeiraopreto.com.br\/wp-content\/uploads\/2024\/02\/00-01-fev-2024-crime-org-alagoas-05-foto-Alfredo-Risk-scaled.jpg?fit=967%2C645&ssl=1&resize=350%2C200 1x, https:\/\/i0.wp.com\/noticiasribeiraopreto.com.br\/wp-content\/uploads\/2024\/02\/00-01-fev-2024-crime-org-alagoas-05-foto-Alfredo-Risk-scaled.jpg?fit=967%2C645&ssl=1&resize=525%2C300 1.5x, https:\/\/i0.wp.com\/noticiasribeiraopreto.com.br\/wp-content\/uploads\/2024\/02\/00-01-fev-2024-crime-org-alagoas-05-foto-Alfredo-Risk-scaled.jpg?fit=967%2C645&ssl=1&resize=700%2C400 2x"},"classes":[]}],"jetpack_sharing_enabled":true,"jetpack_shortlink":"https:\/\/wp.me\/peQAOb-ieb","_links":{"self":[{"href":"https:\/\/noticiasribeiraopreto.com.br\/index.php\/wp-json\/wp\/v2\/posts\/70071","targetHints":{"allow":["GET"]}}],"collection":[{"href":"https:\/\/noticiasribeiraopreto.com.br\/index.php\/wp-json\/wp\/v2\/posts"}],"about":[{"href":"https:\/\/noticiasribeiraopreto.com.br\/index.php\/wp-json\/wp\/v2\/types\/post"}],"author":[{"embeddable":true,"href":"https:\/\/noticiasribeiraopreto.com.br\/index.php\/wp-json\/wp\/v2\/users\/1"}],"replies":[{"embeddable":true,"href":"https:\/\/noticiasribeiraopreto.com.br\/index.php\/wp-json\/wp\/v2\/comments?post=70071"}],"version-history":[{"count":0,"href":"https:\/\/noticiasribeiraopreto.com.br\/index.php\/wp-json\/wp\/v2\/posts\/70071\/revisions"}],"wp:featuredmedia":[{"embeddable":true,"href":"https:\/\/noticiasribeiraopreto.com.br\/index.php\/wp-json\/wp\/v2\/media\/70072"}],"wp:attachment":[{"href":"https:\/\/noticiasribeiraopreto.com.br\/index.php\/wp-json\/wp\/v2\/media?parent=70071"}],"wp:term":[{"taxonomy":"category","embeddable":true,"href":"https:\/\/noticiasribeiraopreto.com.br\/index.php\/wp-json\/wp\/v2\/categories?post=70071"},{"taxonomy":"post_tag","embeddable":true,"href":"https:\/\/noticiasribeiraopreto.com.br\/index.php\/wp-json\/wp\/v2\/tags?post=70071"}],"curies":[{"name":"wp","href":"https:\/\/api.w.org\/{rel}","templated":true}]}}