{"id":70075,"date":"2025-05-22T14:38:16","date_gmt":"2025-05-22T17:38:16","guid":{"rendered":"https:\/\/noticiasribeiraopreto.com.br\/index.php\/2025\/05\/22\/falta-tipo-o-no-banco-de-sangue\/"},"modified":"2025-05-22T14:38:16","modified_gmt":"2025-05-22T17:38:16","slug":"falta-tipo-o-no-banco-de-sangue","status":"publish","type":"post","link":"https:\/\/noticiasribeiraopreto.com.br\/index.php\/2025\/05\/22\/falta-tipo-o-no-banco-de-sangue\/","title":{"rendered":"Falta tipo O- no Banco de Sangue\u00a0"},"content":{"rendered":"<div class='code-block code-block-1' style='margin: 8px 0 8px auto; text-align: right; display: block; clear: both;'>\n<p><a href=\"https:\/\/wa.link\/vpicfd\"><img data-recalc-dims=\"1\" class=\"wp-image-4922\" style=\"aspect-ratio: 2.0253164556962027; width: 561px; height: auto;\" src=\"https:\/\/i0.wp.com\/ismaelcolosi.com.br\/wp-content\/uploads\/2023\/11\/grupo-de-empregos-whatsapp-e-facebook-ismael-colosi-vagas.jpg?ssl=1\" alt=\"\" \/><\/a><\/p>\n<!-- \/wp:image -->\n<\/div>\n<p> <br \/>\n<\/p>\n<div id=\"\">\n<p>\n\t\t\t\t\t\t\t\t\t<span class=\"entry-meta-item penci-posted-on\"><i class=\"fa fa-clock-o\"\/><time class=\"entry-date published\" datetime=\"2025-05-22T14:30:09-03:00\">22 de maio de 2025 14:30<\/time><time class=\"updated\" datetime=\"2025-05-22T08:44:19-03:00\">22 de maio de 2025 08:44<\/time><\/span><span class=\"entry-meta-item penci-post-countview\"><span class=\"entry-meta-item penci-post-countview penci_post-meta_item\"><i class=\"fa fa-eye\"\/><span class=\"penci-post-countview-number penci-post-countview-p426468\">8<\/span><\/span><\/span>\t\t\t\t\t\t\t\t<\/p>\n<p><!-- .entry-meta --><br \/>\n\t\t\t\t\t\t\t\t<span class=\"penci-social-buttons penci-social-share-footer\"><span class=\"penci-social-share-text\">Compartilhar<\/span><a href=\"#\" class=\"penci-post-like penci_post-meta_item  single-like-button penci-social-item like\" data-post_id=\"426468\" title=\"Like\" data-like=\"Like\" data-unlike=\"Unlike\"><i class=\"fa fa-thumbs-o-up\"\/><span class=\"penci-share-number\">0<\/span><\/a><i class=\"fa fa-facebook\"\/><a class=\"penci-social-item twitter\" target=\"_blank\" rel=\"noopener\" title=\"\" href=\"https:\/\/twitter.com\/intent\/tweet?text=Falta%20tipo%20O-%20no%20Banco%20de%20Sangue\u00a0%20-%20https:\/\/www.tribunaribeirao.com.br\/falta-tipo-o-no-banco-de-sangue\/\"><i class=\"fa fa-twitter\"\/><\/a><i class=\"fa fa-linkedin\"\/><i class=\"fa fa-whatsapp\"\/><i class=\"fa fa-telegram\"\/><i class=\"fa fa-envelope\"\/><\/span>\t\t\t\t\t\t\t<\/div>\n<div>\n<p><span class=\"TextRun SCXW184292059 BCX0\" lang=\"PT-BR\" xml:lang=\"PT-BR\" data-contrast=\"auto\"><span class=\"NormalTextRun SCXW184292059 BCX0\">O GSH Banco de Sangue de Ribeir\u00e3o Preto continua em estado de alerta para a urg\u00eancia de doa\u00e7\u00f5es de sangue do tipo O negativo<\/span><span class=\"NormalTextRun SCXW184292059 BCX0\"> (O-)<\/span><span class=\"NormalTextRun SCXW184292059 BCX0\">, cujos estoques atingiram um estado cr\u00edtico, ficando 45% abaixo do ideal. Atualmente, <\/span><span class=\"NormalTextRun SCXW184292059 BCX0\">a quantidade <\/span><span class=\"NormalTextRun SCXW184292059 BCX0\">\u00e9 suficiente para atender a uma demanda de apenas <\/span><span class=\"NormalTextRun SCXW184292059 BCX0\">dez<\/span><span class=\"NormalTextRun SCXW184292059 BCX0\"> dias, enquanto uma margem mais segura seria de 20.<\/span><\/span><span class=\"LineBreakBlob BlobObject DragDrop SCXW184292059 BCX0\"><span class=\"SCXW184292059 BCX0\">\u00a0<\/span><br class=\"SCXW184292059 BCX0\"\/><\/span><span class=\"LineBreakBlob BlobObject DragDrop SCXW184292059 BCX0\"><span class=\"SCXW184292059 BCX0\">\u00a0<\/span><br class=\"SCXW184292059 BCX0\"\/><\/span><span class=\"TextRun SCXW184292059 BCX0\" lang=\"PT-BR\" xml:lang=\"PT-BR\" data-contrast=\"auto\"><span class=\"NormalTextRun SCXW184292059 BCX0\">O sangue O negativo \u00e9 conhecido como o <\/span><span class=\"NormalTextRun SCXW184292059 BCX0\">\u201c<\/span><span class=\"NormalTextRun SCXW184292059 BCX0\">doador universal<\/span><span class=\"NormalTextRun SCXW184292059 BCX0\">\u201d<\/span><span class=\"NormalTextRun SCXW184292059 BCX0\">, pois pode ser transfundido em pacientes de todos os tipos sangu\u00edneos em casos de emerg\u00eancia, quando n\u00e3o h\u00e1 tempo para realizar testes de compatibilidade. Essa caracter\u00edstica o torna indispens\u00e1vel em hospitais, onde sua disponibilidade pode significar a diferen\u00e7a entre a vida e a morte.<\/span><\/span><span class=\"LineBreakBlob BlobObject DragDrop SCXW184292059 BCX0\"><span class=\"SCXW184292059 BCX0\">\u00a0<\/span><br class=\"SCXW184292059 BCX0\"\/><\/span><span class=\"LineBreakBlob BlobObject DragDrop SCXW184292059 BCX0\"><span class=\"SCXW184292059 BCX0\">\u00a0<\/span><br class=\"SCXW184292059 BCX0\"\/><\/span><span class=\"TextRun SCXW184292059 BCX0\" lang=\"PT-BR\" xml:lang=\"PT-BR\" data-contrast=\"auto\"><span class=\"NormalTextRun SCXW184292059 BCX0\">Diante disso, a institui\u00e7\u00e3o refor\u00e7a o pedido para que a popula\u00e7\u00e3o contribua para reverter esse quadro. A escassez desse tipo sangu\u00edneo tem um impacto direto na capacidade de atender casos graves, como acidentes, cirurgias e tratamentos complexos.<\/span> <\/span><span class=\"LineBreakBlob BlobObject DragDrop SCXW184292059 BCX0\"><span class=\"SCXW184292059 BCX0\">\u00a0<\/span><br class=\"SCXW184292059 BCX0\"\/><\/span><span class=\"LineBreakBlob BlobObject DragDrop SCXW184292059 BCX0\"><span class=\"SCXW184292059 BCX0\">\u00a0<\/span><br class=\"SCXW184292059 BCX0\"\/><\/span><span class=\"TextRun SCXW184292059 BCX0\" lang=\"PT-BR\" xml:lang=\"PT-BR\" data-contrast=\"auto\"><span class=\"NormalTextRun SCXW184292059 BCX0\">\u201cNeste momento cr\u00edtico, cada doa\u00e7\u00e3o de sangue O negativo \u00e9 um ato de generosidade que pode trazer esperan\u00e7a e salvar vidas. Contamos com o seu apoio\u201d, enfatiza <\/span><span class=\"NormalTextRun SCXW184292059 BCX0\">Micheli<\/span> <span class=\"NormalTextRun SpellingErrorV2Themed SCXW184292059 BCX0\">Caligioni<\/span><span class=\"NormalTextRun SCXW184292059 BCX0\">, captadora de doadores do GSH Banco de Sangue de Ribeir\u00e3o Preto.<\/span><\/span><span class=\"LineBreakBlob BlobObject DragDrop SCXW184292059 BCX0\"><span class=\"SCXW184292059 BCX0\">\u00a0<\/span><br class=\"SCXW184292059 BCX0\"\/><\/span><span class=\"LineBreakBlob BlobObject DragDrop SCXW184292059 BCX0\"><span class=\"SCXW184292059 BCX0\">\u00a0<\/span><br class=\"SCXW184292059 BCX0\"\/><\/span><span class=\"TextRun SCXW184292059 BCX0\" lang=\"PT-BR\" xml:lang=\"PT-BR\" data-contrast=\"auto\"><span class=\"NormalTextRun SCXW184292059 BCX0\">O GSH Banco de Sangue funciona de segunda a s\u00e1bado, das sete \u00e0s 12 horas<\/span><span class=\"NormalTextRun SCXW184292059 BCX0\">. <\/span><span class=\"NormalTextRun SCXW184292059 BCX0\">O endere\u00e7o \u00e9 <\/span><span class=\"NormalTextRun SCXW184292059 BCX0\">rua<\/span><span class=\"NormalTextRun SCXW184292059 BCX0\"> Quintino Bocai\u00fava n\u00ba 975, Vila Seixas. Informa\u00e7\u00f5es pelos telefones (16) 3977-5900 | <\/span><span class=\"NormalTextRun SCXW184292059 BCX0\">WhatsApp<\/span><span class=\"NormalTextRun SCXW184292059 BCX0\">: (16) 99702-0830. Todos os tipos sangu\u00edneos s\u00e3o necess\u00e1rios neste momento, principalmente os de Rh negativo, que s\u00e3o os que mais est\u00e3o em falta. <\/span><\/span><span class=\"LineBreakBlob BlobObject DragDrop SCXW184292059 BCX0\"><span class=\"SCXW184292059 BCX0\">\u00a0<\/span><br class=\"SCXW184292059 BCX0\"\/><\/span><span class=\"LineBreakBlob BlobObject DragDrop SCXW184292059 BCX0\"><span class=\"SCXW184292059 BCX0\">\u00a0<\/span><br class=\"SCXW184292059 BCX0\"\/><\/span><span class=\"TextRun SCXW184292059 BCX0\" lang=\"PT-BR\" xml:lang=\"PT-BR\" data-contrast=\"auto\"><span class=\"NormalTextRun SCXW184292059 BCX0\">Mesmo quem n\u00e3o sabe qual o seu tipo sangu\u00edneo pode doar, pois, no procedimento de doa\u00e7\u00e3o \u00e9 realizado o teste de <\/span><span class=\"NormalTextRun SCXW184292059 BCX0\">tipagem<\/span><span class=\"NormalTextRun SCXW184292059 BCX0\">. Para doar, basta comparecer \u00e0 unidade, ou agendar previamente.<\/span><span class=\"NormalTextRun SCXW184292059 BCX0\"> O GSH Banco de Sangue <\/span><span class=\"NormalTextRun SCXW184292059 BCX0\">A unidade a<\/span><span class=\"NormalTextRun SCXW184292059 BCX0\">tende a doze hospitais p\u00fablicos e privados da regi\u00e3o<\/span><span class=\"NormalTextRun SCXW184292059 BCX0\">.<\/span><\/span><span class=\"LineBreakBlob BlobObject DragDrop SCXW184292059 BCX0\"><span class=\"SCXW184292059 BCX0\">\u00a0<\/span><br class=\"SCXW184292059 BCX0\"\/><\/span><span class=\"LineBreakBlob BlobObject DragDrop SCXW184292059 BCX0\"><span class=\"SCXW184292059 BCX0\">\u00a0<\/span><br class=\"SCXW184292059 BCX0\"\/><\/span><span class=\"TextRun SCXW184292059 BCX0\" lang=\"PT-BR\" xml:lang=\"PT-BR\" data-contrast=\"auto\"><span class=\"NormalTextRun SCXW184292059 BCX0\">Presta <\/span><span class=\"NormalTextRun SCXW184292059 BCX0\">atendimento m\u00e9dico e t\u00e9cnico especializado e fornecendo <\/span><span class=\"NormalTextRun SCXW184292059 BCX0\">hemocomponentes<\/span><span class=\"NormalTextRun SCXW184292059 BCX0\"> aos pacientes que est\u00e3o internados e precisam de tran<\/span><span class=\"NormalTextRun SCXW184292059 BCX0\">sfus\u00e3o para se <\/span><span class=\"NormalTextRun SCXW184292059 BCX0\">recuperarem<\/span><span class=\"NormalTextRun SCXW184292059 BCX0\">. D<\/span><span class=\"NormalTextRun SCXW184292059 BCX0\">e acordo com o Minist\u00e9rio da Sa\u00fade, apenas <\/span><span class=\"NormalTextRun SCXW184292059 BCX0\">cerca de 1,8<\/span><span class=\"NormalTextRun SCXW184292059 BCX0\">% da popula\u00e7\u00e3o brasileira \u00e9 doadora. <\/span><\/span><span class=\"LineBreakBlob BlobObject DragDrop SCXW184292059 BCX0\"><span class=\"SCXW184292059 BCX0\">\u00a0<\/span><br class=\"SCXW184292059 BCX0\"\/><\/span><span class=\"LineBreakBlob BlobObject DragDrop SCXW184292059 BCX0\"><span class=\"SCXW184292059 BCX0\">\u00a0<\/span><br class=\"SCXW184292059 BCX0\"\/><\/span><span class=\"TextRun SCXW184292059 BCX0\" lang=\"PT-BR\" xml:lang=\"PT-BR\" data-contrast=\"auto\"><span class=\"NormalTextRun SCXW184292059 BCX0\">J\u00e1 a Organiza\u00e7\u00e3o Mundial da Sa\u00fade (OMS) recomenda que esse \u00edndice chegue a, no m\u00ednimo, 3%. Uma doa\u00e7\u00e3o pode salvar quatro vidas. A institui\u00e7\u00e3o atende doze hospitais na regi\u00e3o.\u00a0<\/span> <span class=\"NormalTextRun SCXW184292059 BCX0\">A doa\u00e7\u00e3o de sangue proporciona chance de vida e esperan\u00e7a aos pacientes internados que necessitam de transfus\u00f5es. <\/span><\/span><span class=\"LineBreakBlob BlobObject DragDrop SCXW184292059 BCX0\"><span class=\"SCXW184292059 BCX0\">\u00a0<\/span><br class=\"SCXW184292059 BCX0\"\/><\/span><span class=\"LineBreakBlob BlobObject DragDrop SCXW184292059 BCX0\"><span class=\"SCXW184292059 BCX0\">\u00a0<\/span><br class=\"SCXW184292059 BCX0\"\/><\/span><span class=\"TextRun SCXW184292059 BCX0\" lang=\"PT-BR\" xml:lang=\"PT-BR\" data-contrast=\"auto\"><span class=\"NormalTextRun SCXW184292059 BCX0\">Entre eles, os que t\u00eam anemia falciforme, os que est\u00e3o em tratamentos de c\u00e2ncer, al\u00e9m das v\u00edtimas de acidentes de tr\u00e2nsito e queimaduras, pacientes que ser\u00e3o submetidos a cirurgias de m\u00e9dio e grande porte, como card\u00edacas e transplantes.<\/span><\/span><span class=\"LineBreakBlob BlobObject DragDrop SCXW184292059 BCX0\"><span class=\"SCXW184292059 BCX0\">\u00a0<\/span><br class=\"SCXW184292059 BCX0\"\/><\/span><span class=\"LineBreakBlob BlobObject DragDrop SCXW184292059 BCX0\"><span class=\"SCXW184292059 BCX0\">\u00a0<\/span><br class=\"SCXW184292059 BCX0\"\/><\/span><span class=\"TextRun SCXW184292059 BCX0\" lang=\"PT-BR\" xml:lang=\"PT-BR\" data-contrast=\"none\"><span class=\"NormalTextRun SCXW184292059 BCX0\">Requisitos \u2013 <\/span><\/span><span class=\"TextRun SCXW184292059 BCX0\" lang=\"PT-BR\" xml:lang=\"PT-BR\" data-contrast=\"none\"><span class=\"NormalTextRun SCXW184292059 BCX0\">Entre outros, um dos requisitos b\u00e1sicos para ser um doador \u00e9 ter entre 16 e 69 anos desde que a primeira doa\u00e7\u00e3o seja realizada at\u00e9 os 60 anos (menores de idade precisam de autoriza\u00e7\u00e3o e presen\u00e7a dos pais no momento da doa\u00e7\u00e3o). <\/span><\/span><span class=\"TextRun SCXW184292059 BCX0\" lang=\"PT-BR\" xml:lang=\"PT-BR\" data-contrast=\"auto\"><span class=\"NormalTextRun SCXW184292059 BCX0\">Para os menores (entre 16 e 18 anos), \u00e9 necess\u00e1rio o consentimento dos respons\u00e1veis.<\/span><\/span> <span class=\"LineBreakBlob BlobObject DragDrop SCXW184292059 BCX0\"><span class=\"SCXW184292059 BCX0\">\u00a0<\/span><br class=\"SCXW184292059 BCX0\"\/><\/span><span class=\"LineBreakBlob BlobObject DragDrop SCXW184292059 BCX0\"><span class=\"SCXW184292059 BCX0\">\u00a0<\/span><br class=\"SCXW184292059 BCX0\"\/><\/span><span class=\"TextRun SCXW184292059 BCX0\" lang=\"PT-BR\" xml:lang=\"PT-BR\" data-contrast=\"auto\"><span class=\"NormalTextRun SCXW184292059 BCX0\">Entre 60 e 69 anos, a pessoa s\u00f3 poder\u00e1 doar se j\u00e1 o tiver feito antes dos 60 anos. <\/span><\/span><span class=\"TextRun SCXW184292059 BCX0\" lang=\"PT-BR\" xml:lang=\"PT-BR\" data-contrast=\"none\"><span class=\"NormalTextRun SCXW184292059 BCX0\">Tamb\u00e9m deve estar em boas condi\u00e7\u00f5es de sa\u00fade, pesar no m\u00ednimo 50 quilos e n\u00e3o ter feito uso de bebida alco\u00f3lica nas \u00faltimas doze horas. <\/span><\/span><span class=\"TextRun SCXW184292059 BCX0\" lang=\"PT-BR\" xml:lang=\"PT-BR\" data-contrast=\"auto\"><span class=\"NormalTextRun SCXW184292059 BCX0\">No dia da doa\u00e7\u00e3o, \u00e9 imprescind\u00edvel levar documento de identidade com foto.<\/span><\/span><span class=\"LineBreakBlob BlobObject DragDrop SCXW184292059 BCX0\"><span class=\"SCXW184292059 BCX0\">\u00a0<\/span><br class=\"SCXW184292059 BCX0\"\/><\/span><span class=\"LineBreakBlob BlobObject DragDrop SCXW184292059 BCX0\"><span class=\"SCXW184292059 BCX0\">\u00a0<\/span><br class=\"SCXW184292059 BCX0\"\/><\/span><\/p>\n<\/div>\n<p><script async src=\"\/\/platform.twitter.com\/widgets.js\" charset=\"utf-8\"><\/script><br \/>\n<br \/><br \/>\n<br \/><a href=\"https:\/\/www.tribunaribeirao.com.br\/falta-tipo-o-no-banco-de-sangue\/\">Source link <\/a><\/p>\n<!-- CONTENT END 1 -->\n","protected":false},"excerpt":{"rendered":"<p>22 de maio de 2025 14:3022 de maio de 2025 08:448 Compartilhar0 O GSH Banco de Sangue de Ribeir\u00e3o Preto continua em estado de alerta&#8230;<\/p>\n","protected":false},"author":1,"featured_media":70076,"comment_status":"open","ping_status":"open","sticky":false,"template":"","format":"standard","meta":{"advanced_seo_description":"","jetpack_seo_html_title":"","jetpack_seo_noindex":false,"jetpack_post_was_ever_published":false,"_jetpack_newsletter_access":"","_jetpack_dont_email_post_to_subs":false,"_jetpack_newsletter_tier_id":0,"_jetpack_memberships_contains_paywalled_content":false,"_jetpack_memberships_contains_paid_content":false,"footnotes":"","jetpack_publicize_message":"","jetpack_publicize_feature_enabled":true,"jetpack_social_post_already_shared":true,"jetpack_social_options":{"image_generator_settings":{"template":"highway","default_image_id":0,"font":"","enabled":false},"version":2}},"categories":[11],"tags":[],"class_list":["post-70075","post","type-post","status-publish","format-standard","has-post-thumbnail","hentry","category-noticias-de-ribeirao-preto-sp-e-regiao-ismael-colosi"],"jetpack_publicize_connections":[],"jetpack_featured_media_url":"https:\/\/i0.wp.com\/noticiasribeiraopreto.com.br\/wp-content\/uploads\/2025\/05\/SangueRP-Divulgacao-1.jpg?fit=1165%2C763&ssl=1","jetpack-related-posts":[{"id":47341,"url":"https:\/\/noticiasribeiraopreto.com.br\/index.php\/2024\/04\/25\/bolsa-familia-oferece-r-2-mil-em-maio-descubra-se-voce-esta-na-lista\/","url_meta":{"origin":70075,"position":0},"title":"Bolsa Fam\u00edlia oferece R$ 2 Mil em Maio: Descubra se voc\u00ea est\u00e1 na lista","author":"noticiasribeiraopreto.com.br","date":"25 de April de 2024","format":false,"excerpt":"A recente decis\u00e3o de permitir o ac\u00famulo do Bolsa Fam\u00edlia e dos Benef\u00edcios de Pagamento Cont\u00ednuo (BPC) \u00e9 uma not\u00edcia positiva para os benefici\u00e1rios, pois aumenta a probabilidade de receber mais de 2 mil reais a partir de maio de 2024. O BPC \u00e9 um benef\u00edcio eleg\u00edvel para idosos e\u2026","rel":"","context":"In &quot;Dinheiro e Investimento&quot;","block_context":{"text":"Dinheiro e Investimento","link":"https:\/\/noticiasribeiraopreto.com.br\/index.php\/category\/dinheiro-e-investimento-como-fazer-como-ganhar\/"},"img":{"alt_text":"","src":"https:\/\/i0.wp.com\/noticiasribeiraopreto.com.br\/wp-content\/uploads\/2024\/04\/Design-sem-nome-3.webp.webp?fit=1200%2C630&ssl=1&resize=350%2C200","width":350,"height":200,"srcset":"https:\/\/i0.wp.com\/noticiasribeiraopreto.com.br\/wp-content\/uploads\/2024\/04\/Design-sem-nome-3.webp.webp?fit=1200%2C630&ssl=1&resize=350%2C200 1x, https:\/\/i0.wp.com\/noticiasribeiraopreto.com.br\/wp-content\/uploads\/2024\/04\/Design-sem-nome-3.webp.webp?fit=1200%2C630&ssl=1&resize=525%2C300 1.5x, https:\/\/i0.wp.com\/noticiasribeiraopreto.com.br\/wp-content\/uploads\/2024\/04\/Design-sem-nome-3.webp.webp?fit=1200%2C630&ssl=1&resize=700%2C400 2x, https:\/\/i0.wp.com\/noticiasribeiraopreto.com.br\/wp-content\/uploads\/2024\/04\/Design-sem-nome-3.webp.webp?fit=1200%2C630&ssl=1&resize=1050%2C600 3x"},"classes":[]},{"id":47242,"url":"https:\/\/noticiasribeiraopreto.com.br\/index.php\/2024\/04\/25\/bolsa-familia-governo-divulga-nova-lista-nis-de-contemplados-para-receber-r-800-em-maio-confira-calendario\/","url_meta":{"origin":70075,"position":1},"title":"Bolsa Fam\u00edlia: Governo divulga nova lista NIS de contemplados para receber R$ 800 em MAIO; Confira calend\u00e1rio","author":"noticiasribeiraopreto.com.br","date":"25 de April de 2024","format":false,"excerpt":"O programa Bolsa Fam\u00edlia, que j\u00e1 se tornou parte importante do apoio socioecon\u00f4mico a milhares de fam\u00edlias no Brasil, apresenta novos pagamentos e benef\u00edcios adicionais que ter\u00e3o in\u00edcio no pr\u00f3ximo m\u00eas. Entenda agora como \u00e9 o pagamento e quais s\u00e3o os novos benef\u00edcios para os benefici\u00e1rios. 1. Quando come\u00e7am os\u2026","rel":"","context":"In &quot;Dinheiro e Investimento&quot;","block_context":{"text":"Dinheiro e Investimento","link":"https:\/\/noticiasribeiraopreto.com.br\/index.php\/category\/dinheiro-e-investimento-como-fazer-como-ganhar\/"},"img":{"alt_text":"","src":"https:\/\/i0.wp.com\/noticiasribeiraopreto.com.br\/wp-content\/uploads\/2024\/04\/STARTUP-2.webp.webp?fit=1200%2C630&ssl=1&resize=350%2C200","width":350,"height":200,"srcset":"https:\/\/i0.wp.com\/noticiasribeiraopreto.com.br\/wp-content\/uploads\/2024\/04\/STARTUP-2.webp.webp?fit=1200%2C630&ssl=1&resize=350%2C200 1x, https:\/\/i0.wp.com\/noticiasribeiraopreto.com.br\/wp-content\/uploads\/2024\/04\/STARTUP-2.webp.webp?fit=1200%2C630&ssl=1&resize=525%2C300 1.5x, https:\/\/i0.wp.com\/noticiasribeiraopreto.com.br\/wp-content\/uploads\/2024\/04\/STARTUP-2.webp.webp?fit=1200%2C630&ssl=1&resize=700%2C400 2x, https:\/\/i0.wp.com\/noticiasribeiraopreto.com.br\/wp-content\/uploads\/2024\/04\/STARTUP-2.webp.webp?fit=1200%2C630&ssl=1&resize=1050%2C600 3x"},"classes":[]},{"id":68932,"url":"https:\/\/noticiasribeiraopreto.com.br\/index.php\/2025\/04\/30\/frente-fria-e-queda-da-temperatura-em-maio-veja-previsao-para-o-mes-no-estado-de-sp\/","url_meta":{"origin":70075,"position":2},"title":"Frente fria e queda da temperatura em maio? Veja previs\u00e3o para o m\u00eas no estado de SP","author":"noticiasribeiraopreto.com.br","date":"30 de April de 2025","format":false,"excerpt":"O m\u00eas de maio come\u00e7a nesta quinta-feira (1), feriado do Dia do Trabalho, e a meteorologia divulgou a previs\u00e3o clim\u00e1tica para o per\u00edodo. A Climatempo diz que em maio de 2025 n\u00e3o haver\u00e1 a influ\u00eancia de fen\u00f4menos como El Ni\u00f1o e La Ni\u00f1a, pois ser\u00e1 de neutralidade t\u00e9rmica no Oceano\u2026","rel":"","context":"In &quot;Not\u00edcias de Ribeir\u00e3o Preto-SP e Regi\u00e3o&quot;","block_context":{"text":"Not\u00edcias de Ribeir\u00e3o Preto-SP e Regi\u00e3o","link":"https:\/\/noticiasribeiraopreto.com.br\/index.php\/category\/noticias-de-ribeirao-preto-sp-e-regiao-ismael-colosi\/"},"img":{"alt_text":"","src":"https:\/\/i0.wp.com\/noticiasribeiraopreto.com.br\/wp-content\/uploads\/2025\/04\/ceu_nublado_e_tempo_frio_em_campinas_cxdigo_19_166036-scaled.jpg?fit=1200%2C800&ssl=1&resize=350%2C200","width":350,"height":200,"srcset":"https:\/\/i0.wp.com\/noticiasribeiraopreto.com.br\/wp-content\/uploads\/2025\/04\/ceu_nublado_e_tempo_frio_em_campinas_cxdigo_19_166036-scaled.jpg?fit=1200%2C800&ssl=1&resize=350%2C200 1x, https:\/\/i0.wp.com\/noticiasribeiraopreto.com.br\/wp-content\/uploads\/2025\/04\/ceu_nublado_e_tempo_frio_em_campinas_cxdigo_19_166036-scaled.jpg?fit=1200%2C800&ssl=1&resize=525%2C300 1.5x, https:\/\/i0.wp.com\/noticiasribeiraopreto.com.br\/wp-content\/uploads\/2025\/04\/ceu_nublado_e_tempo_frio_em_campinas_cxdigo_19_166036-scaled.jpg?fit=1200%2C800&ssl=1&resize=700%2C400 2x, https:\/\/i0.wp.com\/noticiasribeiraopreto.com.br\/wp-content\/uploads\/2025\/04\/ceu_nublado_e_tempo_frio_em_campinas_cxdigo_19_166036-scaled.jpg?fit=1200%2C800&ssl=1&resize=1050%2C600 3x"},"classes":[]},{"id":14115,"url":"https:\/\/noticiasribeiraopreto.com.br\/index.php\/2023\/12\/11\/obras-do-corredor-de-onibus-castelo-branco-13-de-maio-estao-em-andamento\/","url_meta":{"origin":70075,"position":3},"title":"Obras do corredor de \u00f4nibus Castelo Branco\/ 13 de Maio est\u00e3o em andamento \u2013 Folha de Ribeir\u00e3o","author":"noticiasribeiraopreto.com.br","date":"11 de December de 2023","format":false,"excerpt":"As obras do corredor de \u00f4nibus das avenidas Castelo Branco\/ 13 de Maio est\u00e3o\u00a0em ritmo acelerado, com mais de 40% do projeto conclu\u00eddo. Com previs\u00e3o para ser entregue em setembro de 2024, os trabalhos est\u00e3o concentrados na reconstru\u00e7\u00e3o do pavimento dos corredores na avenida Le\u00e3o XIII e, nas marginais da\u2026","rel":"","context":"In &quot;Not\u00edcias de Ribeir\u00e3o Preto-SP e Regi\u00e3o&quot;","block_context":{"text":"Not\u00edcias de Ribeir\u00e3o Preto-SP e Regi\u00e3o","link":"https:\/\/noticiasribeiraopreto.com.br\/index.php\/category\/noticias-de-ribeirao-preto-sp-e-regiao-ismael-colosi\/"},"img":{"alt_text":"","src":"https:\/\/i0.wp.com\/noticiasribeiraopreto.com.br\/wp-content\/uploads\/2023\/12\/obras_corredor_castelo_branco_-_foto_guilherme_sircili_5.jpg?fit=1200%2C800&ssl=1&resize=350%2C200","width":350,"height":200,"srcset":"https:\/\/i0.wp.com\/noticiasribeiraopreto.com.br\/wp-content\/uploads\/2023\/12\/obras_corredor_castelo_branco_-_foto_guilherme_sircili_5.jpg?fit=1200%2C800&ssl=1&resize=350%2C200 1x, https:\/\/i0.wp.com\/noticiasribeiraopreto.com.br\/wp-content\/uploads\/2023\/12\/obras_corredor_castelo_branco_-_foto_guilherme_sircili_5.jpg?fit=1200%2C800&ssl=1&resize=525%2C300 1.5x, https:\/\/i0.wp.com\/noticiasribeiraopreto.com.br\/wp-content\/uploads\/2023\/12\/obras_corredor_castelo_branco_-_foto_guilherme_sircili_5.jpg?fit=1200%2C800&ssl=1&resize=700%2C400 2x, https:\/\/i0.wp.com\/noticiasribeiraopreto.com.br\/wp-content\/uploads\/2023\/12\/obras_corredor_castelo_branco_-_foto_guilherme_sircili_5.jpg?fit=1200%2C800&ssl=1&resize=1050%2C600 3x"},"classes":[]},{"id":70198,"url":"https:\/\/noticiasribeiraopreto.com.br\/index.php\/2025\/05\/23\/inss-devolvera-descontos-indevidos-de-abril-a-partir-de-segunda-feira\/","url_meta":{"origin":70075,"position":4},"title":"INSS devolver\u00e1 descontos indevidos de abril a partir de segunda-feira","author":"noticiasribeiraopreto.com.br","date":"23 de May de 2025","format":false,"excerpt":"23 de maio de 2025 15:551 Compartilhar0 Todos os aposentados e pensionistas do INSS que sofreram algum desconto de mensalidade associativa na folha de pagamentos referente a abril ter\u00e3o os valores devolvidos a partir desta segunda-feira, 26 de maio. Ser\u00e3o reembolsados, ao todo, R$ 292 milh\u00f5es aos benefici\u00e1rios. No fim\u2026","rel":"","context":"In &quot;Not\u00edcias de Ribeir\u00e3o Preto-SP e Regi\u00e3o&quot;","block_context":{"text":"Not\u00edcias de Ribeir\u00e3o Preto-SP e Regi\u00e3o","link":"https:\/\/noticiasribeiraopreto.com.br\/index.php\/category\/noticias-de-ribeirao-preto-sp-e-regiao-ismael-colosi\/"},"img":{"alt_text":"","src":"https:\/\/i0.wp.com\/noticiasribeiraopreto.com.br\/wp-content\/uploads\/2025\/05\/Como-consultar-beneficio-por-incapacidade-INSS.jpg?fit=1200%2C729&ssl=1&resize=350%2C200","width":350,"height":200,"srcset":"https:\/\/i0.wp.com\/noticiasribeiraopreto.com.br\/wp-content\/uploads\/2025\/05\/Como-consultar-beneficio-por-incapacidade-INSS.jpg?fit=1200%2C729&ssl=1&resize=350%2C200 1x, https:\/\/i0.wp.com\/noticiasribeiraopreto.com.br\/wp-content\/uploads\/2025\/05\/Como-consultar-beneficio-por-incapacidade-INSS.jpg?fit=1200%2C729&ssl=1&resize=525%2C300 1.5x, https:\/\/i0.wp.com\/noticiasribeiraopreto.com.br\/wp-content\/uploads\/2025\/05\/Como-consultar-beneficio-por-incapacidade-INSS.jpg?fit=1200%2C729&ssl=1&resize=700%2C400 2x, https:\/\/i0.wp.com\/noticiasribeiraopreto.com.br\/wp-content\/uploads\/2025\/05\/Como-consultar-beneficio-por-incapacidade-INSS.jpg?fit=1200%2C729&ssl=1&resize=1050%2C600 3x"},"classes":[]},{"id":69907,"url":"https:\/\/noticiasribeiraopreto.com.br\/index.php\/2025\/05\/10\/ribeirao-preto-recebe-projeto-que-leva-palestras-cientificas-aos-bares\/","url_meta":{"origin":70075,"position":5},"title":"Ribeir\u00e3o Preto recebe projeto que leva palestras cient\u00edficas aos bares","author":"noticiasribeiraopreto.com.br","date":"10 de May de 2025","format":false,"excerpt":"Entre os dias 19 a 21 de maio, sempre \u00e0s 19h, cientistas e pesquisadores do projeto Pint Of Science ir\u00e3o se apresentar em quatro bares e cervejarias de Ribeir\u00e3o Preto com palestras e mesas redondas sobre suas descobertas e \u00e1reas de conhecimento. Neste ano, o projeto comemora 10 anos no\u2026","rel":"","context":"In &quot;Not\u00edcias de Ribeir\u00e3o Preto-SP e Regi\u00e3o&quot;","block_context":{"text":"Not\u00edcias de Ribeir\u00e3o Preto-SP e Regi\u00e3o","link":"https:\/\/noticiasribeiraopreto.com.br\/index.php\/category\/noticias-de-ribeirao-preto-sp-e-regiao-ismael-colosi\/"},"img":{"alt_text":"","src":"https:\/\/i0.wp.com\/noticiasribeiraopreto.com.br\/wp-content\/uploads\/2025\/05\/Pint-Of-Science-158-_2025-05-10_14-18-29.webp.webp?fit=1200%2C675&ssl=1&resize=350%2C200","width":350,"height":200,"srcset":"https:\/\/i0.wp.com\/noticiasribeiraopreto.com.br\/wp-content\/uploads\/2025\/05\/Pint-Of-Science-158-_2025-05-10_14-18-29.webp.webp?fit=1200%2C675&ssl=1&resize=350%2C200 1x, https:\/\/i0.wp.com\/noticiasribeiraopreto.com.br\/wp-content\/uploads\/2025\/05\/Pint-Of-Science-158-_2025-05-10_14-18-29.webp.webp?fit=1200%2C675&ssl=1&resize=525%2C300 1.5x, https:\/\/i0.wp.com\/noticiasribeiraopreto.com.br\/wp-content\/uploads\/2025\/05\/Pint-Of-Science-158-_2025-05-10_14-18-29.webp.webp?fit=1200%2C675&ssl=1&resize=700%2C400 2x, https:\/\/i0.wp.com\/noticiasribeiraopreto.com.br\/wp-content\/uploads\/2025\/05\/Pint-Of-Science-158-_2025-05-10_14-18-29.webp.webp?fit=1200%2C675&ssl=1&resize=1050%2C600 3x"},"classes":[]}],"jetpack_sharing_enabled":true,"jetpack_shortlink":"https:\/\/wp.me\/peQAOb-ief","_links":{"self":[{"href":"https:\/\/noticiasribeiraopreto.com.br\/index.php\/wp-json\/wp\/v2\/posts\/70075","targetHints":{"allow":["GET"]}}],"collection":[{"href":"https:\/\/noticiasribeiraopreto.com.br\/index.php\/wp-json\/wp\/v2\/posts"}],"about":[{"href":"https:\/\/noticiasribeiraopreto.com.br\/index.php\/wp-json\/wp\/v2\/types\/post"}],"author":[{"embeddable":true,"href":"https:\/\/noticiasribeiraopreto.com.br\/index.php\/wp-json\/wp\/v2\/users\/1"}],"replies":[{"embeddable":true,"href":"https:\/\/noticiasribeiraopreto.com.br\/index.php\/wp-json\/wp\/v2\/comments?post=70075"}],"version-history":[{"count":0,"href":"https:\/\/noticiasribeiraopreto.com.br\/index.php\/wp-json\/wp\/v2\/posts\/70075\/revisions"}],"wp:featuredmedia":[{"embeddable":true,"href":"https:\/\/noticiasribeiraopreto.com.br\/index.php\/wp-json\/wp\/v2\/media\/70076"}],"wp:attachment":[{"href":"https:\/\/noticiasribeiraopreto.com.br\/index.php\/wp-json\/wp\/v2\/media?parent=70075"}],"wp:term":[{"taxonomy":"category","embeddable":true,"href":"https:\/\/noticiasribeiraopreto.com.br\/index.php\/wp-json\/wp\/v2\/categories?post=70075"},{"taxonomy":"post_tag","embeddable":true,"href":"https:\/\/noticiasribeiraopreto.com.br\/index.php\/wp-json\/wp\/v2\/tags?post=70075"}],"curies":[{"name":"wp","href":"https:\/\/api.w.org\/{rel}","templated":true}]}}