{"id":70077,"date":"2025-05-22T15:16:52","date_gmt":"2025-05-22T18:16:52","guid":{"rendered":"https:\/\/noticiasribeiraopreto.com.br\/index.php\/2025\/05\/22\/correios-atendem-aposentados-para-verificar-descontos-nao-autorizados-saiba-mais\/"},"modified":"2025-05-22T15:16:52","modified_gmt":"2025-05-22T18:16:52","slug":"correios-atendem-aposentados-para-verificar-descontos-nao-autorizados-saiba-mais","status":"publish","type":"post","link":"https:\/\/noticiasribeiraopreto.com.br\/index.php\/2025\/05\/22\/correios-atendem-aposentados-para-verificar-descontos-nao-autorizados-saiba-mais\/","title":{"rendered":"Correios atendem aposentados para verificar descontos n\u00e3o autorizados; saiba mais"},"content":{"rendered":"<p> <br \/>\n<\/p>\n<div>\n<p><mark style=\"background-color:#fcb900\" class=\"has-inline-color has-black-color\">A partir do pr\u00f3ximo dia 30 de maio <\/mark>as ag\u00eancias dos <strong>Correios<\/strong> v\u00e3o prestar atendimento a aposentados e pensionistas do<strong> INSS (Instituto Nacional do Seguro Social) <\/strong>que podem ter sido v\u00edtimas de descontos n\u00e3o autorizados feitos por entidades associativas.<\/p>\n<p>O presidente do INSS, <strong>Gilberto Waller<\/strong>, disse que o servi\u00e7o presencial ser\u00e1 disponibilizado com foco na popula\u00e7\u00e3o de aposentados e pensionistas sem acesso \u00e0 tecnologia.<\/p>\n<h2 class=\"wp-block-heading\"><strong>S\u00f3 nos Correios<\/strong><\/h2>\n<p>\u201cO atendimento presencial \u00e9 exclusivo nas ag\u00eancias dos Correios. As ag\u00eancias do INSS n\u00e3o receber\u00e3o esse tipo de pedido\u201d, disse Waller. Ele destacou a capilaridade que os Correios t\u00eam, o que ainda n\u00e3o foi alcan\u00e7ado pelo INSS.<\/p>\n<p>O INSS tem 1.570 ag\u00eancias distribu\u00eddas em mais de 700 munic\u00edpios grandes, onde a maioria da popula\u00e7\u00e3o tem acesso \u00e0 tecnologia. Portanto, n\u00e3o precisaria se deslocar em busca de atendimento presencial.<\/p>\n<p><mark style=\"background-color:#fcb900\" class=\"has-inline-color has-black-color\">\u201cA gente est\u00e1 utilizando a parceria com os Correios para chegar em munic\u00edpios pequenos onde h\u00e1 mais dificuldade no uso da tecnologia ou no uso da telefonia\u201d<\/mark>, destacou o ministro, citando que a pasta disponibiliza, como canais de comunica\u00e7\u00e3o, o aplicativo Meu INSS, sites oficiais e o n\u00famero de telefone 135.<\/p>\n<h2 class=\"wp-block-heading\"><strong>O que fazer?<\/strong><\/h2>\n<p>Para ser atendido em uma ag\u00eancia dos Correios, o aposentado ou pensionista precisa apenas de um documento de identifica\u00e7\u00e3o. Em casos de pessoas acamadas ou com dificuldade de deslocamento, \u00e9 poss\u00edvel que uma terceira pessoa compare\u00e7a ao local, desde que portando uma procura\u00e7\u00e3o.<\/p>\n<p>\u201cA pessoa com a procura\u00e7\u00e3o, n\u00e3o vai ter a possibilidade de mudar nenhum dado cadastral \u00e9 somente para fazer a consulta se houve ou n\u00e3o desconto\u201d, destacou o presidente do INSS.<\/p>\n<p>\u201cA ideia \u00e9 que os Correios, ao receberem essa pessoa, fa\u00e7am o atendimento, abram a tela informando se houve desconto, de qual associa\u00e7\u00e3o [foi feito o desconto], e se foi autorizado ou n\u00e3o. Ela fecha a manifesta\u00e7\u00e3o automaticamente, recebe um protocolo com n\u00famero, hor\u00e1rio e data. Isso vai ter uma import\u00e2ncia depois\u201d, completou (com informa\u00e7\u00f5es <strong>Paula Laboissi\u00e8re\/Ag\u00eancia Brasil<\/strong>).<\/p>\n<p>SAIBA MAIS<br \/>Prefeitura de Ribeir\u00e3o aprova novo bairro para 4,5 mil moradores na zona Leste<\/p>\n<h2 class=\"wp-block-heading\"><strong>FIQUE ON<\/strong><\/h2>\n<p>Fique ligado em tudo que acontece em Ribeir\u00e3o Preto e regi\u00e3o. Siga os perfis do<strong>\u00a0acidade on\u00a0<\/strong>no<a href=\"https:\/\/www.instagram.com\/acidadeonribeirao\">\u00a0Instagram\u00a0<\/a>e no\u00a0<a href=\"https:\/\/www.facebook.com\/acidadeonribeirao\/\">Facebook.<\/a><\/p>\n<p>Receba not\u00edcias do\u00a0<strong>acidade on\u00a0<\/strong>no WhatsApp.\u00a0<a href=\"https:\/\/chat.whatsapp.com\/BjKQZ9oJwlz8VVT50NuePq\">Para entrar no grupo, basta clicar aqui.<\/a><\/p>\n<p>Fa\u00e7a uma den\u00fancia ou sugira uma reportagem sobre Ribeir\u00e3o Preto e regi\u00e3o pelo WhatsApp: 16 99117 7802.<\/p>\n<p>VEJA TAMB\u00c9M<br \/>Quais clubes v\u00e3o boicotar a elei\u00e7\u00e3o da CBF?<\/p>\n<p><!-- CONTENT END 1 -->\n<\/div>\n<p><script async src=\"\/\/www.instagram.com\/embed.js\"><\/script><br \/>\n<br \/><br \/>\n<br \/><a href=\"https:\/\/www.acidadeon.com\/ribeiraopreto\/economia\/correios-atendem-aposentados-para-verificar-descontos-nao-autorizados-saiba-mais\/\">Source link <\/a><\/p>\n","protected":false},"excerpt":{"rendered":"<p>A partir do pr\u00f3ximo dia 30 de maio as ag\u00eancias dos Correios v\u00e3o prestar atendimento a aposentados e pensionistas do INSS (Instituto Nacional do Seguro&#8230;<\/p>\n","protected":false},"author":1,"featured_media":58911,"comment_status":"open","ping_status":"open","sticky":false,"template":"","format":"standard","meta":{"advanced_seo_description":"","jetpack_seo_html_title":"","jetpack_seo_noindex":false,"jetpack_post_was_ever_published":false,"_jetpack_newsletter_access":"","_jetpack_dont_email_post_to_subs":false,"_jetpack_newsletter_tier_id":0,"_jetpack_memberships_contains_paywalled_content":false,"_jetpack_memberships_contains_paid_content":false,"footnotes":"","jetpack_publicize_message":"","jetpack_publicize_feature_enabled":true,"jetpack_social_post_already_shared":true,"jetpack_social_options":{"image_generator_settings":{"template":"highway","default_image_id":0,"font":"","enabled":false},"version":2}},"categories":[11],"tags":[],"class_list":["post-70077","post","type-post","status-publish","format-standard","has-post-thumbnail","hentry","category-noticias-de-ribeirao-preto-sp-e-regiao-ismael-colosi"],"jetpack_publicize_connections":[],"jetpack_featured_media_url":"https:\/\/i0.wp.com\/noticiasribeiraopreto.com.br\/wp-content\/uploads\/2024\/10\/correios-concurso_2024-07-23_14-30-50_jpg_2024-07-23_14-30-50.webp.webp?fit=1170%2C700&ssl=1","jetpack-related-posts":[{"id":70813,"url":"https:\/\/noticiasribeiraopreto.com.br\/index.php\/2025\/05\/30\/jornal-da-franca-consulte-a-lista-de-agencias-dos-correios-para-atendimento-sobre-descontos-indevidos\/","url_meta":{"origin":70077,"position":0},"title":"Jornal da Franca &#8211; Consulte a lista de ag\u00eancias dos Correios para atendimento sobre descontos indevidos","author":"noticiasribeiraopreto.com.br","date":"30 de May de 2025","format":false,"excerpt":"compartilhar no whatsapp compartilhar no telegram compartilhar no facebook compartilhar no linkedin Ningu\u00e9m do INSS ou dos Correios est\u00e1 autorizado a ir at\u00e9 a casa dos benefici\u00e1rios. Se algu\u00e9m aparecer dizendo ser do INSS ou dos Correios, \u00e9 golpe! A partir desta sexta-feira, 30 de maio, aposentados e pensionistas do\u2026","rel":"","context":"In &quot;Not\u00edcias de Franca-SP&quot;","block_context":{"text":"Not\u00edcias de Franca-SP","link":"https:\/\/noticiasribeiraopreto.com.br\/index.php\/category\/noticias-de-ribeirao-preto-sp-e-regiao-ismael-colosi\/noticias-franca-sp\/"},"img":{"alt_text":"","src":"https:\/\/i0.wp.com\/noticiasribeiraopreto.com.br\/wp-content\/uploads\/2025\/05\/inss-contribuicao-shutterstock.jpg?fit=1200%2C675&ssl=1&resize=350%2C200","width":350,"height":200,"srcset":"https:\/\/i0.wp.com\/noticiasribeiraopreto.com.br\/wp-content\/uploads\/2025\/05\/inss-contribuicao-shutterstock.jpg?fit=1200%2C675&ssl=1&resize=350%2C200 1x, https:\/\/i0.wp.com\/noticiasribeiraopreto.com.br\/wp-content\/uploads\/2025\/05\/inss-contribuicao-shutterstock.jpg?fit=1200%2C675&ssl=1&resize=525%2C300 1.5x, https:\/\/i0.wp.com\/noticiasribeiraopreto.com.br\/wp-content\/uploads\/2025\/05\/inss-contribuicao-shutterstock.jpg?fit=1200%2C675&ssl=1&resize=700%2C400 2x, https:\/\/i0.wp.com\/noticiasribeiraopreto.com.br\/wp-content\/uploads\/2025\/05\/inss-contribuicao-shutterstock.jpg?fit=1200%2C675&ssl=1&resize=1050%2C600 3x"},"classes":[]},{"id":72703,"url":"https:\/\/noticiasribeiraopreto.com.br\/index.php\/2025\/06\/20\/jornal-da-franca-descontos-indevidos-veja-como-aposentados-e-pensionistas-deverao-ser-ressarcidos\/","url_meta":{"origin":70077,"position":1},"title":"Jornal da Franca &#8211; Descontos indevidos: veja como aposentados e pensionistas dever\u00e3o ser ressarcidos","author":"noticiasribeiraopreto.com.br","date":"20 de June de 2025","format":false,"excerpt":"compartilhar no whatsapp compartilhar no telegram compartilhar no facebook compartilhar no linkedin O atendimento para averiguar se teve descontos irregulares \u00e9 feito pelo aplicativo Meu INSS, site do INSS, Central 135 e nos Correios. O Governo Federal, por meio da Advocacia-Geral da Uni\u00e3o (AGU) e do Instituto Nacional do Seguro\u2026","rel":"","context":"In &quot;Not\u00edcias de Franca-SP&quot;","block_context":{"text":"Not\u00edcias de Franca-SP","link":"https:\/\/noticiasribeiraopreto.com.br\/index.php\/category\/noticias-de-ribeirao-preto-sp-e-regiao-ismael-colosi\/noticias-franca-sp\/"},"img":{"alt_text":"","src":"https:\/\/i0.wp.com\/noticiasribeiraopreto.com.br\/wp-content\/uploads\/2025\/06\/inss-contribuicao-shutterstock-1.jpg?fit=1200%2C675&ssl=1&resize=350%2C200","width":350,"height":200,"srcset":"https:\/\/i0.wp.com\/noticiasribeiraopreto.com.br\/wp-content\/uploads\/2025\/06\/inss-contribuicao-shutterstock-1.jpg?fit=1200%2C675&ssl=1&resize=350%2C200 1x, https:\/\/i0.wp.com\/noticiasribeiraopreto.com.br\/wp-content\/uploads\/2025\/06\/inss-contribuicao-shutterstock-1.jpg?fit=1200%2C675&ssl=1&resize=525%2C300 1.5x, https:\/\/i0.wp.com\/noticiasribeiraopreto.com.br\/wp-content\/uploads\/2025\/06\/inss-contribuicao-shutterstock-1.jpg?fit=1200%2C675&ssl=1&resize=700%2C400 2x, https:\/\/i0.wp.com\/noticiasribeiraopreto.com.br\/wp-content\/uploads\/2025\/06\/inss-contribuicao-shutterstock-1.jpg?fit=1200%2C675&ssl=1&resize=1050%2C600 3x"},"classes":[]},{"id":70160,"url":"https:\/\/noticiasribeiraopreto.com.br\/index.php\/2025\/05\/23\/correios-vao-atender-aposentados-lesados\/","url_meta":{"origin":70077,"position":2},"title":"Correios v\u00e3o atender aposentados lesados\u00a0","author":"noticiasribeiraopreto.com.br","date":"23 de May de 2025","format":false,"excerpt":"23 de maio de 2025 09:3023 de maio de 2025 08:238 Compartilhar0 O presidente do Instituto Nacional do Seguro Social (INSS), Gilberto Waller, afirmou nesta quinta-feira, 22 de maio, que mais de onze milh\u00f5es de brasileiros fizeram consulta aos canais do governo para saber se tiveram descontos ou n\u00e3o. De\u2026","rel":"","context":"In &quot;Not\u00edcias de Ribeir\u00e3o Preto-SP e Regi\u00e3o&quot;","block_context":{"text":"Not\u00edcias de Ribeir\u00e3o Preto-SP e Regi\u00e3o","link":"https:\/\/noticiasribeiraopreto.com.br\/index.php\/category\/noticias-de-ribeirao-preto-sp-e-regiao-ismael-colosi\/"},"img":{"alt_text":"","src":"https:\/\/i0.wp.com\/noticiasribeiraopreto.com.br\/wp-content\/uploads\/2025\/05\/Correios-Joedson-Alves-Ag.Br_.jpg?fit=1170%2C700&ssl=1&resize=350%2C200","width":350,"height":200,"srcset":"https:\/\/i0.wp.com\/noticiasribeiraopreto.com.br\/wp-content\/uploads\/2025\/05\/Correios-Joedson-Alves-Ag.Br_.jpg?fit=1170%2C700&ssl=1&resize=350%2C200 1x, https:\/\/i0.wp.com\/noticiasribeiraopreto.com.br\/wp-content\/uploads\/2025\/05\/Correios-Joedson-Alves-Ag.Br_.jpg?fit=1170%2C700&ssl=1&resize=525%2C300 1.5x, https:\/\/i0.wp.com\/noticiasribeiraopreto.com.br\/wp-content\/uploads\/2025\/05\/Correios-Joedson-Alves-Ag.Br_.jpg?fit=1170%2C700&ssl=1&resize=700%2C400 2x, https:\/\/i0.wp.com\/noticiasribeiraopreto.com.br\/wp-content\/uploads\/2025\/05\/Correios-Joedson-Alves-Ag.Br_.jpg?fit=1170%2C700&ssl=1&resize=1050%2C600 3x"},"classes":[]},{"id":75461,"url":"https:\/\/noticiasribeiraopreto.com.br\/index.php\/2025\/08\/09\/governo-ressarciu-98-dos-aposentados\/","url_meta":{"origin":70077,"position":3},"title":"Governo ressarciu 98% dos aposentados \u00a0","author":"noticiasribeiraopreto.com.br","date":"9 de August de 2025","format":false,"excerpt":"9 de agosto de 2025 08:039 de agosto de 2025 06:3010 Compartilhar0 At\u00e9 quinta-feira (7), 1,64 milh\u00e3o de benefici\u00e1rios do INSS que sofreram descontos indevidos receberam a repara\u00e7\u00e3o diretamente na conta, com corre\u00e7\u00e3o da infla\u00e7\u00e3o\u00a0\u00a0A maior parte dos 1,66 milh\u00e3o de aposentados e pensionistas que sofreram descontos indevidos em benef\u00edcios\u2026","rel":"","context":"In &quot;Not\u00edcias de Ribeir\u00e3o Preto-SP e Regi\u00e3o&quot;","block_context":{"text":"Not\u00edcias de Ribeir\u00e3o Preto-SP e Regi\u00e3o","link":"https:\/\/noticiasribeiraopreto.com.br\/index.php\/category\/noticias-de-ribeirao-preto-sp-e-regiao-ismael-colosi\/"},"img":{"alt_text":"","src":"https:\/\/i0.wp.com\/noticiasribeiraopreto.com.br\/wp-content\/uploads\/2025\/08\/FraudeINSS.jpg?fit=1170%2C700&ssl=1&resize=350%2C200","width":350,"height":200,"srcset":"https:\/\/i0.wp.com\/noticiasribeiraopreto.com.br\/wp-content\/uploads\/2025\/08\/FraudeINSS.jpg?fit=1170%2C700&ssl=1&resize=350%2C200 1x, https:\/\/i0.wp.com\/noticiasribeiraopreto.com.br\/wp-content\/uploads\/2025\/08\/FraudeINSS.jpg?fit=1170%2C700&ssl=1&resize=525%2C300 1.5x, https:\/\/i0.wp.com\/noticiasribeiraopreto.com.br\/wp-content\/uploads\/2025\/08\/FraudeINSS.jpg?fit=1170%2C700&ssl=1&resize=700%2C400 2x, https:\/\/i0.wp.com\/noticiasribeiraopreto.com.br\/wp-content\/uploads\/2025\/08\/FraudeINSS.jpg?fit=1170%2C700&ssl=1&resize=1050%2C600 3x"},"classes":[]},{"id":73847,"url":"https:\/\/noticiasribeiraopreto.com.br\/index.php\/2025\/07\/10\/inss-inicia-reembolso-de-desconto-indevido-no-dia-24-veja-como-solicitar\/","url_meta":{"origin":70077,"position":4},"title":"INSS inicia reembolso de desconto indevido no dia 24; veja como solicitar","author":"noticiasribeiraopreto.com.br","date":"10 de July de 2025","format":false,"excerpt":"O INSS abre nesta sexta-feira (11) o per\u00edodo de ades\u00e3o ao acordo de reembolso para aposentados e pensionistas que sofreram descontos associativos n\u00e3o autorizados nos benef\u00edcios. Quem tem direito ao reembolso? T\u00eam direito ao valor os benefici\u00e1rios que sofreram descontos n\u00e3o autorizados entre mar\u00e7o de 2020 e mar\u00e7o de 2025.\u2026","rel":"","context":"In &quot;Not\u00edcias de Ribeir\u00e3o Preto-SP e Regi\u00e3o&quot;","block_context":{"text":"Not\u00edcias de Ribeir\u00e3o Preto-SP e Regi\u00e3o","link":"https:\/\/noticiasribeiraopreto.com.br\/index.php\/category\/noticias-de-ribeirao-preto-sp-e-regiao-ismael-colosi\/"},"img":{"alt_text":"","src":"https:\/\/i0.wp.com\/noticiasribeiraopreto.com.br\/wp-content\/uploads\/2025\/06\/aposentadoria-13-salario.webp.webp?fit=1163%2C693&ssl=1&resize=350%2C200","width":350,"height":200,"srcset":"https:\/\/i0.wp.com\/noticiasribeiraopreto.com.br\/wp-content\/uploads\/2025\/06\/aposentadoria-13-salario.webp.webp?fit=1163%2C693&ssl=1&resize=350%2C200 1x, https:\/\/i0.wp.com\/noticiasribeiraopreto.com.br\/wp-content\/uploads\/2025\/06\/aposentadoria-13-salario.webp.webp?fit=1163%2C693&ssl=1&resize=525%2C300 1.5x, https:\/\/i0.wp.com\/noticiasribeiraopreto.com.br\/wp-content\/uploads\/2025\/06\/aposentadoria-13-salario.webp.webp?fit=1163%2C693&ssl=1&resize=700%2C400 2x, https:\/\/i0.wp.com\/noticiasribeiraopreto.com.br\/wp-content\/uploads\/2025\/06\/aposentadoria-13-salario.webp.webp?fit=1163%2C693&ssl=1&resize=1050%2C600 3x"},"classes":[]},{"id":72097,"url":"https:\/\/noticiasribeiraopreto.com.br\/index.php\/2025\/06\/13\/jornal-da-franca-e-falso-que-o-inss-voltou-a-descontar-valores-de-aposentados-e-pensionistas\/","url_meta":{"origin":70077,"position":5},"title":"Jornal da Franca &#8211; \u00c9 falso que o INSS voltou a descontar valores de aposentados e pensionistas","author":"noticiasribeiraopreto.com.br","date":"13 de June de 2025","format":false,"excerpt":"compartilhar no whatsapp compartilhar no telegram compartilhar no facebook compartilhar no linkedin Desde abril deste ano, Instituto bloqueou qualquer tipo de desconto de entidade associativa nos benef\u00edcios previdenci\u00e1rios O Instituto Nacional do Seguro Social (INSS) suspendeu todos os Acordos de Coopera\u00e7\u00e3o T\u00e9cnica (ACT) com vistas a desconto associativo e, com\u2026","rel":"","context":"In &quot;Not\u00edcias de Franca-SP&quot;","block_context":{"text":"Not\u00edcias de Franca-SP","link":"https:\/\/noticiasribeiraopreto.com.br\/index.php\/category\/noticias-de-ribeirao-preto-sp-e-regiao-ismael-colosi\/noticias-franca-sp\/"},"img":{"alt_text":"","src":"https:\/\/i0.wp.com\/noticiasribeiraopreto.com.br\/wp-content\/uploads\/2025\/06\/58973e93-e3fc-4b73-854e-fd05dd553607.png?fit=768%2C432&ssl=1&resize=350%2C200","width":350,"height":200,"srcset":"https:\/\/i0.wp.com\/noticiasribeiraopreto.com.br\/wp-content\/uploads\/2025\/06\/58973e93-e3fc-4b73-854e-fd05dd553607.png?fit=768%2C432&ssl=1&resize=350%2C200 1x, https:\/\/i0.wp.com\/noticiasribeiraopreto.com.br\/wp-content\/uploads\/2025\/06\/58973e93-e3fc-4b73-854e-fd05dd553607.png?fit=768%2C432&ssl=1&resize=525%2C300 1.5x, https:\/\/i0.wp.com\/noticiasribeiraopreto.com.br\/wp-content\/uploads\/2025\/06\/58973e93-e3fc-4b73-854e-fd05dd553607.png?fit=768%2C432&ssl=1&resize=700%2C400 2x"},"classes":[]}],"jetpack_sharing_enabled":true,"jetpack_shortlink":"https:\/\/wp.me\/peQAOb-ieh","_links":{"self":[{"href":"https:\/\/noticiasribeiraopreto.com.br\/index.php\/wp-json\/wp\/v2\/posts\/70077","targetHints":{"allow":["GET"]}}],"collection":[{"href":"https:\/\/noticiasribeiraopreto.com.br\/index.php\/wp-json\/wp\/v2\/posts"}],"about":[{"href":"https:\/\/noticiasribeiraopreto.com.br\/index.php\/wp-json\/wp\/v2\/types\/post"}],"author":[{"embeddable":true,"href":"https:\/\/noticiasribeiraopreto.com.br\/index.php\/wp-json\/wp\/v2\/users\/1"}],"replies":[{"embeddable":true,"href":"https:\/\/noticiasribeiraopreto.com.br\/index.php\/wp-json\/wp\/v2\/comments?post=70077"}],"version-history":[{"count":0,"href":"https:\/\/noticiasribeiraopreto.com.br\/index.php\/wp-json\/wp\/v2\/posts\/70077\/revisions"}],"wp:featuredmedia":[{"embeddable":true,"href":"https:\/\/noticiasribeiraopreto.com.br\/index.php\/wp-json\/wp\/v2\/media\/58911"}],"wp:attachment":[{"href":"https:\/\/noticiasribeiraopreto.com.br\/index.php\/wp-json\/wp\/v2\/media?parent=70077"}],"wp:term":[{"taxonomy":"category","embeddable":true,"href":"https:\/\/noticiasribeiraopreto.com.br\/index.php\/wp-json\/wp\/v2\/categories?post=70077"},{"taxonomy":"post_tag","embeddable":true,"href":"https:\/\/noticiasribeiraopreto.com.br\/index.php\/wp-json\/wp\/v2\/tags?post=70077"}],"curies":[{"name":"wp","href":"https:\/\/api.w.org\/{rel}","templated":true}]}}