{"id":70081,"date":"2025-05-22T15:36:32","date_gmt":"2025-05-22T18:36:32","guid":{"rendered":"https:\/\/noticiasribeiraopreto.com.br\/index.php\/2025\/05\/22\/homem-e-condenado-a-8-anos-de-prisao-por-provocar-queimadas-no-interior-de-sp\/"},"modified":"2025-05-22T15:36:32","modified_gmt":"2025-05-22T18:36:32","slug":"homem-e-condenado-a-8-anos-de-prisao-por-provocar-queimadas-no-interior-de-sp","status":"publish","type":"post","link":"https:\/\/noticiasribeiraopreto.com.br\/index.php\/2025\/05\/22\/homem-e-condenado-a-8-anos-de-prisao-por-provocar-queimadas-no-interior-de-sp\/","title":{"rendered":"Homem \u00e9 condenado a 8 anos de pris\u00e3o por provocar queimadas no interior de SP"},"content":{"rendered":"<p> <br \/>\n<\/p>\n<div>\n<p><strong>A Justi\u00e7a condenou um homem a oito anos e quatro meses de pris\u00e3o por provocar inc\u00eandios na zona rural dos munic\u00edpios de Patroc\u00ednio Paulista e Itirapu\u00e3, no interior de S\u00e3o Paulo.<\/strong> A <strong>senten\u00e7a <\/strong>do <strong>juiz Daniel Carrijo<\/strong> \u00e9 do dia <strong>15 de maio<\/strong>. A <strong>pena<\/strong>, a pedido o <strong>Minist\u00e9rio P\u00fablico (MP)<\/strong>, \u00e9 em <strong>regime <\/strong>inicial <strong>fechado<\/strong>. <\/p>\n<p><mark style=\"background-color:#fcb900\" class=\"has-inline-color has-black-color\">O r\u00e9u ainda dever\u00e1 pagar uma indeniza\u00e7\u00e3o no valor de R$ 3 milh\u00f5es pela extens\u00e3o do dano causado, conforme o autor da a\u00e7\u00e3o penal, o promotor T\u00falio Vinicius Rosa.<\/mark><\/p>\n<p>O homem est\u00e1 preso e n\u00e3o poder\u00e1 recorrer em liberdade.<\/p>\n<p>Ele foi acusado de se juntar a outras tr\u00eas pessoas ainda n\u00e3o identificadas para atear fogo em propriedades rurais \u00e0s margens da rodovia Engenheiro Ronan Rocha no dia 12 de setembro do ano passado.<\/p>\n<h2 class=\"wp-block-heading\"><strong>Destrui\u00e7\u00e3o<\/strong><\/h2>\n<p>Segundo o MP, o fogo destruiu nove hectares de mata em \u00e1rea de preserva\u00e7\u00e3o permanente. Em uma propriedade rural e no Pico do Man\u00e9 o preju\u00edzo financeiro foi de aproximadamente R$ 1,2 milh\u00e3o, com a destrui\u00e7\u00e3o de 2.500 hectares de pastagem, lavouras de caf\u00e9, canaviais, \u00e1reas de preserva\u00e7\u00e3o e reservas florestais.\u00a0<\/p>\n<p>O combate \u00e0 queimada mobilizou caminh\u00f5es-pipa e avi\u00f5es do poder p\u00fablico e de uma empresa.<\/p>\n<p>O MP disse que ficou comprovado para a Justi\u00e7a que o homem exp\u00f4s ao perigo a vida, a integridade f\u00edsica e o patrim\u00f4nio de in\u00fameras pessoas em situa\u00e7\u00e3o de calamidade p\u00fablica causado pela seca \u00e0 \u00e9poca no estado de S\u00e3o Paulo.<\/p>\n<p>A reportagem do <strong>acidade on<\/strong> tenta contato com a defesa do r\u00e9u. <\/p>\n<p>SAIBA MAIS<\/p>\n<p>Saiba quando os novos radares do DER devem come\u00e7ar a funcionar em rodovias da regi\u00e3o de Ribeir\u00e3o Preto<\/p>\n<h2 class=\"wp-block-heading\"><strong>FIQUE ON<\/strong><\/h2>\n<p>Fique ligado em tudo que acontece em Ribeir\u00e3o Preto e regi\u00e3o. Siga os perfis do\u00a0<strong>acidade on<\/strong>\u00a0no\u00a0<a href=\"https:\/\/www.instagram.com\/acidadeonribeirao\">Instagram\u00a0<\/a>e no\u00a0<a href=\"https:\/\/www.facebook.com\/acidadeonribeirao\/\">Facebook.<\/a><\/p>\n<p>Receba not\u00edcias do\u00a0<strong>acidade on<\/strong>\u00a0no WhatsApp.\u00a0<a href=\"https:\/\/chat.whatsapp.com\/BjKQZ9oJwlz8VVT50NuePq\">Para entrar no grupo, basta clicar aqui.<\/a><\/p>\n<p>Fa\u00e7a uma den\u00fancia ou sugira uma reportagem sobre Ribeir\u00e3o Preto e regi\u00e3o pelo WhatsApp: 16 99117 7802.<\/p>\n<p>VEJA TAMB\u00c9M<\/p>\n<p>Existe antissemitismo no Brasil?<\/p>\n<p><!-- CONTENT END 1 -->\n<\/div>\n<p><script async src=\"\/\/www.instagram.com\/embed.js\"><\/script><br \/>\n<br \/><br \/>\n<br \/><a href=\"https:\/\/www.acidadeon.com\/ribeiraopreto\/cotidiano\/homem-e-condenado-a-8-anos-de-prisao-por-provocar-queimadas-no-interior-de-sp\/\">Source link <\/a><\/p>\n","protected":false},"excerpt":{"rendered":"<p>A Justi\u00e7a condenou um homem a oito anos e quatro meses de pris\u00e3o por provocar inc\u00eandios na zona rural dos munic\u00edpios de Patroc\u00ednio Paulista e&#8230;<\/p>\n","protected":false},"author":1,"featured_media":57138,"comment_status":"open","ping_status":"open","sticky":false,"template":"","format":"standard","meta":{"advanced_seo_description":"","jetpack_seo_html_title":"","jetpack_seo_noindex":false,"jetpack_post_was_ever_published":false,"_jetpack_newsletter_access":"","_jetpack_dont_email_post_to_subs":false,"_jetpack_newsletter_tier_id":0,"_jetpack_memberships_contains_paywalled_content":false,"_jetpack_memberships_contains_paid_content":false,"footnotes":"","jetpack_publicize_message":"","jetpack_publicize_feature_enabled":true,"jetpack_social_post_already_shared":true,"jetpack_social_options":{"image_generator_settings":{"template":"highway","default_image_id":0,"font":"","enabled":false},"version":2}},"categories":[11],"tags":[],"class_list":["post-70081","post","type-post","status-publish","format-standard","has-post-thumbnail","hentry","category-noticias-de-ribeirao-preto-sp-e-regiao-ismael-colosi"],"jetpack_publicize_connections":[],"jetpack_featured_media_url":"https:\/\/i0.wp.com\/noticiasribeiraopreto.com.br\/wp-content\/uploads\/2024\/08\/interdicao-antonio-machado-santana_2024-08-23_21-32-23_jpg_2024-08-23_21-32-23.webp.webp?fit=1200%2C921&ssl=1","jetpack-related-posts":[{"id":52685,"url":"https:\/\/noticiasribeiraopreto.com.br\/index.php\/2024\/06\/11\/justica-condena-homem-por-sequestrar-e-estuprar-companheira-no-interior-de-sp\/","url_meta":{"origin":70081,"position":0},"title":"Justi\u00e7a condena homem por sequestrar e estuprar companheira no interior de SP","author":"noticiasribeiraopreto.com.br","date":"11 de June de 2024","format":false,"excerpt":"A Justi\u00e7a condenou um homem a 17 anos e 11 meses de pris\u00e3o por sequestrar e estuprar a companheira em S\u00e3o Joaquim da Barra, no interior de S\u00e3o Paulo. A condena\u00e7\u00e3o pelos crimes praticados em mar\u00e7o de 2023, aconteceu em 6 de junho. Al\u00e9m da pris\u00e3o, em regime inicial fechado\u2026","rel":"","context":"In &quot;Not\u00edcias de Ribeir\u00e3o Preto-SP e Regi\u00e3o&quot;","block_context":{"text":"Not\u00edcias de Ribeir\u00e3o Preto-SP e Regi\u00e3o","link":"https:\/\/noticiasribeiraopreto.com.br\/index.php\/category\/noticias-de-ribeirao-preto-sp-e-regiao-ismael-colosi\/"},"img":{"alt_text":"","src":"https:\/\/i0.wp.com\/noticiasribeiraopreto.com.br\/wp-content\/uploads\/2024\/06\/Copia-de-Copia-de-TAMANHO-EXATO-PARA-FOTOS-NO-SISTEMA-NOVO-7_2024-06-11_15-29-11_jpg_2024-06-11_15-29-11.webp.webp?fit=1200%2C675&ssl=1&resize=350%2C200","width":350,"height":200,"srcset":"https:\/\/i0.wp.com\/noticiasribeiraopreto.com.br\/wp-content\/uploads\/2024\/06\/Copia-de-Copia-de-TAMANHO-EXATO-PARA-FOTOS-NO-SISTEMA-NOVO-7_2024-06-11_15-29-11_jpg_2024-06-11_15-29-11.webp.webp?fit=1200%2C675&ssl=1&resize=350%2C200 1x, https:\/\/i0.wp.com\/noticiasribeiraopreto.com.br\/wp-content\/uploads\/2024\/06\/Copia-de-Copia-de-TAMANHO-EXATO-PARA-FOTOS-NO-SISTEMA-NOVO-7_2024-06-11_15-29-11_jpg_2024-06-11_15-29-11.webp.webp?fit=1200%2C675&ssl=1&resize=525%2C300 1.5x, https:\/\/i0.wp.com\/noticiasribeiraopreto.com.br\/wp-content\/uploads\/2024\/06\/Copia-de-Copia-de-TAMANHO-EXATO-PARA-FOTOS-NO-SISTEMA-NOVO-7_2024-06-11_15-29-11_jpg_2024-06-11_15-29-11.webp.webp?fit=1200%2C675&ssl=1&resize=700%2C400 2x, https:\/\/i0.wp.com\/noticiasribeiraopreto.com.br\/wp-content\/uploads\/2024\/06\/Copia-de-Copia-de-TAMANHO-EXATO-PARA-FOTOS-NO-SISTEMA-NOVO-7_2024-06-11_15-29-11_jpg_2024-06-11_15-29-11.webp.webp?fit=1200%2C675&ssl=1&resize=1050%2C600 3x"},"classes":[]},{"id":67455,"url":"https:\/\/noticiasribeiraopreto.com.br\/index.php\/2025\/04\/14\/homem-e-condenado-a-23-anos-de-prisao-por-matar-entregador-em-ribeirao\/","url_meta":{"origin":70081,"position":1},"title":"Homem \u00e9 condenado a 23 anos de pris\u00e3o por matar entregador em Ribeir\u00e3o","author":"noticiasribeiraopreto.com.br","date":"14 de April de 2025","format":false,"excerpt":"A Justi\u00e7a condenou a 23 anos de pris\u00e3o, o homem acusado de matar e roubar o entregador Gabriel Rodrigues da Costa, de 26 anos. O corpo da v\u00edtima foi encontrado no Morro do S\u00e3o Bento, em Ribeir\u00e3o Preto, em junho de 2024. Guilherme Miranda, de 38 anos, est\u00e1 preso desde\u2026","rel":"","context":"In &quot;Not\u00edcias de Ribeir\u00e3o Preto-SP e Regi\u00e3o&quot;","block_context":{"text":"Not\u00edcias de Ribeir\u00e3o Preto-SP e Regi\u00e3o","link":"https:\/\/noticiasribeiraopreto.com.br\/index.php\/category\/noticias-de-ribeirao-preto-sp-e-regiao-ismael-colosi\/"},"img":{"alt_text":"","src":"https:\/\/i0.wp.com\/noticiasribeiraopreto.com.br\/wp-content\/uploads\/2024\/10\/Copia-de-Copia-de-Copia-de-TAMANHO-EXATO-PARA-FOTOS-NO-SISTEMA-NOVO-2024-10-31T184327.323_2024-10-31_21-46-57_png_2024-10-31_21-46-57.webp.webp?fit=1200%2C675&ssl=1&resize=350%2C200","width":350,"height":200,"srcset":"https:\/\/i0.wp.com\/noticiasribeiraopreto.com.br\/wp-content\/uploads\/2024\/10\/Copia-de-Copia-de-Copia-de-TAMANHO-EXATO-PARA-FOTOS-NO-SISTEMA-NOVO-2024-10-31T184327.323_2024-10-31_21-46-57_png_2024-10-31_21-46-57.webp.webp?fit=1200%2C675&ssl=1&resize=350%2C200 1x, https:\/\/i0.wp.com\/noticiasribeiraopreto.com.br\/wp-content\/uploads\/2024\/10\/Copia-de-Copia-de-Copia-de-TAMANHO-EXATO-PARA-FOTOS-NO-SISTEMA-NOVO-2024-10-31T184327.323_2024-10-31_21-46-57_png_2024-10-31_21-46-57.webp.webp?fit=1200%2C675&ssl=1&resize=525%2C300 1.5x, https:\/\/i0.wp.com\/noticiasribeiraopreto.com.br\/wp-content\/uploads\/2024\/10\/Copia-de-Copia-de-Copia-de-TAMANHO-EXATO-PARA-FOTOS-NO-SISTEMA-NOVO-2024-10-31T184327.323_2024-10-31_21-46-57_png_2024-10-31_21-46-57.webp.webp?fit=1200%2C675&ssl=1&resize=700%2C400 2x, https:\/\/i0.wp.com\/noticiasribeiraopreto.com.br\/wp-content\/uploads\/2024\/10\/Copia-de-Copia-de-Copia-de-TAMANHO-EXATO-PARA-FOTOS-NO-SISTEMA-NOVO-2024-10-31T184327.323_2024-10-31_21-46-57_png_2024-10-31_21-46-57.webp.webp?fit=1200%2C675&ssl=1&resize=1050%2C600 3x"},"classes":[]},{"id":50587,"url":"https:\/\/noticiasribeiraopreto.com.br\/index.php\/2024\/05\/17\/preso-homem-foragido-ha-dois-anos-apos-matar-namorada-em-ribeirao-preto\/","url_meta":{"origin":70081,"position":2},"title":"Preso homem foragido h\u00e1 dois anos ap\u00f3s matar namorada em Ribeir\u00e3o Preto","author":"noticiasribeiraopreto.com.br","date":"17 de May de 2024","format":false,"excerpt":"A Pol\u00edcia de Minas Gerais prendeu o homem acusado de matar a namorada com uma facada no pesco\u00e7o, em outubro de 2022, no Centro de Ribeir\u00e3o Preto. A pris\u00e3o de Gabriel Francisco Barbosa, ocorreu no dia 7 de maio em Uberl\u00e2ndia. O homem estava foragido h\u00e1 dois anos, desde que\u2026","rel":"","context":"In &quot;Not\u00edcias de Ribeir\u00e3o Preto-SP e Regi\u00e3o&quot;","block_context":{"text":"Not\u00edcias de Ribeir\u00e3o Preto-SP e Regi\u00e3o","link":"https:\/\/noticiasribeiraopreto.com.br\/index.php\/category\/noticias-de-ribeirao-preto-sp-e-regiao-ismael-colosi\/"},"img":{"alt_text":"","src":"https:\/\/i0.wp.com\/noticiasribeiraopreto.com.br\/wp-content\/uploads\/2024\/05\/AnyConv.com__Copia-de-Copia-de-TAMANHO-EXATO-PARA-FOTOS-NO-SISTEMA-NOVO-13_2024-05-17_15-59-23.webp.webp?fit=1200%2C675&ssl=1&resize=350%2C200","width":350,"height":200,"srcset":"https:\/\/i0.wp.com\/noticiasribeiraopreto.com.br\/wp-content\/uploads\/2024\/05\/AnyConv.com__Copia-de-Copia-de-TAMANHO-EXATO-PARA-FOTOS-NO-SISTEMA-NOVO-13_2024-05-17_15-59-23.webp.webp?fit=1200%2C675&ssl=1&resize=350%2C200 1x, https:\/\/i0.wp.com\/noticiasribeiraopreto.com.br\/wp-content\/uploads\/2024\/05\/AnyConv.com__Copia-de-Copia-de-TAMANHO-EXATO-PARA-FOTOS-NO-SISTEMA-NOVO-13_2024-05-17_15-59-23.webp.webp?fit=1200%2C675&ssl=1&resize=525%2C300 1.5x, https:\/\/i0.wp.com\/noticiasribeiraopreto.com.br\/wp-content\/uploads\/2024\/05\/AnyConv.com__Copia-de-Copia-de-TAMANHO-EXATO-PARA-FOTOS-NO-SISTEMA-NOVO-13_2024-05-17_15-59-23.webp.webp?fit=1200%2C675&ssl=1&resize=700%2C400 2x, https:\/\/i0.wp.com\/noticiasribeiraopreto.com.br\/wp-content\/uploads\/2024\/05\/AnyConv.com__Copia-de-Copia-de-TAMANHO-EXATO-PARA-FOTOS-NO-SISTEMA-NOVO-13_2024-05-17_15-59-23.webp.webp?fit=1200%2C675&ssl=1&resize=1050%2C600 3x"},"classes":[]},{"id":57275,"url":"https:\/\/noticiasribeiraopreto.com.br\/index.php\/2024\/08\/27\/policia-prende-6o-suspeito-de-atear-fogo-em-vegetacao-no-interior-de-sp\/","url_meta":{"origin":70081,"position":3},"title":"Pol\u00edcia prende 6\u00ba suspeito de atear fogo em vegeta\u00e7\u00e3o no interior de SP","author":"noticiasribeiraopreto.com.br","date":"27 de August de 2024","format":false,"excerpt":"Um homem de 49 anos foi preso sob a suspeita de incendiar uma \u00e1rea de mata em Jales, no interior de S\u00e3o Paulo, nesta segunda-feira (26). Ele \u00e9 o sexto suspeito detido no Estado em menos de uma semana por ocorr\u00eancias semelhantes. A a\u00e7\u00e3o dele fez com que as chamas\u2026","rel":"","context":"In &quot;Not\u00edcias de Ribeir\u00e3o Preto-SP e Regi\u00e3o&quot;","block_context":{"text":"Not\u00edcias de Ribeir\u00e3o Preto-SP e Regi\u00e3o","link":"https:\/\/noticiasribeiraopreto.com.br\/index.php\/category\/noticias-de-ribeirao-preto-sp-e-regiao-ismael-colosi\/"},"img":{"alt_text":"","src":"https:\/\/i0.wp.com\/noticiasribeiraopreto.com.br\/wp-content\/uploads\/2024\/08\/interdicao-antonio-machado-santana_2024-08-23_21-32-23_jpg_2024-08-23_21-32-23.webp.webp?fit=1200%2C921&ssl=1&resize=350%2C200","width":350,"height":200,"srcset":"https:\/\/i0.wp.com\/noticiasribeiraopreto.com.br\/wp-content\/uploads\/2024\/08\/interdicao-antonio-machado-santana_2024-08-23_21-32-23_jpg_2024-08-23_21-32-23.webp.webp?fit=1200%2C921&ssl=1&resize=350%2C200 1x, https:\/\/i0.wp.com\/noticiasribeiraopreto.com.br\/wp-content\/uploads\/2024\/08\/interdicao-antonio-machado-santana_2024-08-23_21-32-23_jpg_2024-08-23_21-32-23.webp.webp?fit=1200%2C921&ssl=1&resize=525%2C300 1.5x, https:\/\/i0.wp.com\/noticiasribeiraopreto.com.br\/wp-content\/uploads\/2024\/08\/interdicao-antonio-machado-santana_2024-08-23_21-32-23_jpg_2024-08-23_21-32-23.webp.webp?fit=1200%2C921&ssl=1&resize=700%2C400 2x, https:\/\/i0.wp.com\/noticiasribeiraopreto.com.br\/wp-content\/uploads\/2024\/08\/interdicao-antonio-machado-santana_2024-08-23_21-32-23_jpg_2024-08-23_21-32-23.webp.webp?fit=1200%2C921&ssl=1&resize=1050%2C600 3x"},"classes":[]},{"id":85132,"url":"https:\/\/noticiasribeiraopreto.com.br\/index.php\/2026\/04\/22\/foragido-de-saidinha-condenado-a-182-anos-de-prisao-e-capturado-pelo-baep\/","url_meta":{"origin":70081,"position":4},"title":"Foragido de &#8220;saidinha&#8221; condenado a 182 anos de pris\u00e3o \u00e9 capturado pelo BAEP","author":"noticiasribeiraopreto.com.br","date":"22 de April de 2026","format":false,"excerpt":"\r Homem que fugiu na \u201csaidinha\u201d de P\u00e1scoa entrou em luta corporal com policiais militares, mas foi capturado\r \r 22 de abril de 2026 08:4422 de abril de 2026 08:44 \r Compartilhar2 | Por: Adalberto Luque | Um homem considerado de alta periculosidade foi capturado, na tarde desta ter\u00e7a-feira (21).\u2026","rel":"","context":"In &quot;Not\u00edcias de Ribeir\u00e3o Preto-SP e Regi\u00e3o&quot;","block_context":{"text":"Not\u00edcias de Ribeir\u00e3o Preto-SP e Regi\u00e3o","link":"https:\/\/noticiasribeiraopreto.com.br\/index.php\/category\/noticias-de-ribeirao-preto-sp-e-regiao-ismael-colosi\/"},"img":{"alt_text":"","src":"https:\/\/i0.wp.com\/noticiasribeiraopreto.com.br\/wp-content\/uploads\/2026\/04\/22-abr-2026-presobaep.jpg?fit=595%2C556&ssl=1&resize=350%2C200","width":350,"height":200,"srcset":"https:\/\/i0.wp.com\/noticiasribeiraopreto.com.br\/wp-content\/uploads\/2026\/04\/22-abr-2026-presobaep.jpg?fit=595%2C556&ssl=1&resize=350%2C200 1x, https:\/\/i0.wp.com\/noticiasribeiraopreto.com.br\/wp-content\/uploads\/2026\/04\/22-abr-2026-presobaep.jpg?fit=595%2C556&ssl=1&resize=525%2C300 1.5x"},"classes":[]},{"id":77857,"url":"https:\/\/noticiasribeiraopreto.com.br\/index.php\/2025\/09\/26\/justica-condena-homem-a-26-anos-de-prisao-por-matar-e-enterrar-ex-companheira\/","url_meta":{"origin":70081,"position":5},"title":"Justi\u00e7a condena homem a 26 anos de pris\u00e3o por matar e enterrar ex-companheira","author":"noticiasribeiraopreto.com.br","date":"26 de September de 2025","format":false,"excerpt":"Cleber Balduino de Oliveira, acusado de matar e enterrar a ex-companheira, Maria de F\u00e1tima Batista Silva, foi condenado a 26 anos de pris\u00e3o em regime fechado. O crime aconteceu em setembro de 2024 em Ituverava, cidade a 102 quil\u00f4metros de Ribeir\u00e3o Preto. O Tribunal do J\u00fari condenou o homem, que\u2026","rel":"","context":"In &quot;Not\u00edcias de Ribeir\u00e3o Preto-SP e Regi\u00e3o&quot;","block_context":{"text":"Not\u00edcias de Ribeir\u00e3o Preto-SP e Regi\u00e3o","link":"https:\/\/noticiasribeiraopreto.com.br\/index.php\/category\/noticias-de-ribeirao-preto-sp-e-regiao-ismael-colosi\/"},"img":{"alt_text":"","src":"https:\/\/i0.wp.com\/noticiasribeiraopreto.com.br\/wp-content\/uploads\/2025\/09\/Copia-de-Copia-de-Copia-de-TAMANHO-EXATO-PARA-FOTOS-NO-SISTEMA-NOVO-2025-09-26T145415.051_2025-09-26_17-54-21.webp.webp?fit=1200%2C675&ssl=1&resize=350%2C200","width":350,"height":200,"srcset":"https:\/\/i0.wp.com\/noticiasribeiraopreto.com.br\/wp-content\/uploads\/2025\/09\/Copia-de-Copia-de-Copia-de-TAMANHO-EXATO-PARA-FOTOS-NO-SISTEMA-NOVO-2025-09-26T145415.051_2025-09-26_17-54-21.webp.webp?fit=1200%2C675&ssl=1&resize=350%2C200 1x, https:\/\/i0.wp.com\/noticiasribeiraopreto.com.br\/wp-content\/uploads\/2025\/09\/Copia-de-Copia-de-Copia-de-TAMANHO-EXATO-PARA-FOTOS-NO-SISTEMA-NOVO-2025-09-26T145415.051_2025-09-26_17-54-21.webp.webp?fit=1200%2C675&ssl=1&resize=525%2C300 1.5x, https:\/\/i0.wp.com\/noticiasribeiraopreto.com.br\/wp-content\/uploads\/2025\/09\/Copia-de-Copia-de-Copia-de-TAMANHO-EXATO-PARA-FOTOS-NO-SISTEMA-NOVO-2025-09-26T145415.051_2025-09-26_17-54-21.webp.webp?fit=1200%2C675&ssl=1&resize=700%2C400 2x, https:\/\/i0.wp.com\/noticiasribeiraopreto.com.br\/wp-content\/uploads\/2025\/09\/Copia-de-Copia-de-Copia-de-TAMANHO-EXATO-PARA-FOTOS-NO-SISTEMA-NOVO-2025-09-26T145415.051_2025-09-26_17-54-21.webp.webp?fit=1200%2C675&ssl=1&resize=1050%2C600 3x"},"classes":[]}],"jetpack_sharing_enabled":true,"jetpack_shortlink":"https:\/\/wp.me\/peQAOb-iel","_links":{"self":[{"href":"https:\/\/noticiasribeiraopreto.com.br\/index.php\/wp-json\/wp\/v2\/posts\/70081","targetHints":{"allow":["GET"]}}],"collection":[{"href":"https:\/\/noticiasribeiraopreto.com.br\/index.php\/wp-json\/wp\/v2\/posts"}],"about":[{"href":"https:\/\/noticiasribeiraopreto.com.br\/index.php\/wp-json\/wp\/v2\/types\/post"}],"author":[{"embeddable":true,"href":"https:\/\/noticiasribeiraopreto.com.br\/index.php\/wp-json\/wp\/v2\/users\/1"}],"replies":[{"embeddable":true,"href":"https:\/\/noticiasribeiraopreto.com.br\/index.php\/wp-json\/wp\/v2\/comments?post=70081"}],"version-history":[{"count":0,"href":"https:\/\/noticiasribeiraopreto.com.br\/index.php\/wp-json\/wp\/v2\/posts\/70081\/revisions"}],"wp:featuredmedia":[{"embeddable":true,"href":"https:\/\/noticiasribeiraopreto.com.br\/index.php\/wp-json\/wp\/v2\/media\/57138"}],"wp:attachment":[{"href":"https:\/\/noticiasribeiraopreto.com.br\/index.php\/wp-json\/wp\/v2\/media?parent=70081"}],"wp:term":[{"taxonomy":"category","embeddable":true,"href":"https:\/\/noticiasribeiraopreto.com.br\/index.php\/wp-json\/wp\/v2\/categories?post=70081"},{"taxonomy":"post_tag","embeddable":true,"href":"https:\/\/noticiasribeiraopreto.com.br\/index.php\/wp-json\/wp\/v2\/tags?post=70081"}],"curies":[{"name":"wp","href":"https:\/\/api.w.org\/{rel}","templated":true}]}}