{"id":70082,"date":"2025-05-22T15:45:41","date_gmt":"2025-05-22T18:45:41","guid":{"rendered":"https:\/\/noticiasribeiraopreto.com.br\/index.php\/2025\/05\/22\/saiba-quando-os-novos-radares-do-der-devem-comecar-a-funcionar-em-rodovias-da-regiao-de-ribeirao-preto\/"},"modified":"2025-05-22T15:45:41","modified_gmt":"2025-05-22T18:45:41","slug":"saiba-quando-os-novos-radares-do-der-devem-comecar-a-funcionar-em-rodovias-da-regiao-de-ribeirao-preto","status":"publish","type":"post","link":"https:\/\/noticiasribeiraopreto.com.br\/index.php\/2025\/05\/22\/saiba-quando-os-novos-radares-do-der-devem-comecar-a-funcionar-em-rodovias-da-regiao-de-ribeirao-preto\/","title":{"rendered":"Saiba quando os novos radares do DER devem come\u00e7ar a funcionar em rodovias da regi\u00e3o de Ribeir\u00e3o Preto"},"content":{"rendered":"<p> <br \/>\n<\/p>\n<div data-td-block-uid=\"tdi_95\">\n<div class=\"tdb-block-inner td-fix-index\">\n<p><strong>O DER (Departamento de Estradas de Rodagem) instala 649 novos radares fixos de fiscaliza\u00e7\u00e3o de velocidade nas rodovias n\u00e3o concedidas do estado de S\u00e3o Paulo.<\/strong> Na <strong>regi\u00e3o de Ribeir\u00e3o Preto<\/strong>, <strong>oito rodovias <\/strong>dever\u00e3o receber os <strong>dispositivos<\/strong>. <\/p>\n<p>Segundo o \u00f3rg\u00e3o, a <strong>instala\u00e7\u00e3o <\/strong>dos <strong>equipamentos <\/strong>pelas <strong>empresas <\/strong>vencedoras da <strong>licita\u00e7\u00e3o <\/strong>dever\u00e1 ser <strong>conclu\u00edda <\/strong>at\u00e9 o <strong>final do m\u00eas de maio<\/strong>. Depois dessa etapa, ser\u00e1 realizado um per\u00edodo de <strong>testes<\/strong>, com dura\u00e7\u00e3o aproximada de <strong>30 a 45 dias<\/strong>.<\/p>\n<p>Ainda de acordo com o \u00f3rg\u00e3o, ter\u00e1 in\u00edcio o processo de homologa\u00e7\u00e3o, que poder\u00e1 se estender por um prazo de 30 a 60 dias, ou seja, at\u00e9 meados de setembro de 2025.<\/p>\n<p>O DER disse, por\u00e9m, que anunciar\u00e1 a data prevista para o in\u00edcio da fiscaliza\u00e7\u00e3o e aplica\u00e7\u00e3o das multas.<\/p>\n<h2 class=\"wp-block-heading\"><strong>Veja as rodovias da regi\u00e3o com os novos radares e os limites de velocidade:<\/strong><\/h2>\n<p><strong>SP-253\u00a0<\/strong><\/p>\n<ul class=\"wp-block-list\">\n<li>Km 202 \u2013 Prad\u00f3polis (Dep. Cunha Bueno) \u2013 100\/80 km\/h<\/li>\n<li>Km 192,5 \u2013 Prad\u00f3polis (Dep. Cunha Bueno) \u2013 60 km\/h<\/li>\n<li>Km 155,72 \u2013 Lu\u00eds Ant\u00f4nio (Dep. Cunha Bueno) \u2013 60 km\/h<\/li>\n<li>Km 148,038 \u2013 Lu\u00eds Ant\u00f4nio (Dep. Cunha Bueno) \u2013 60 km\/h<\/li>\n<li>Km 122 \u2013 S\u00e3o Sim\u00e3o (Conde Francisco Matarazzo J\u00fanior) \u2013 100\/80 km\/h<\/li>\n<\/ul>\n<p><strong>SP-291\u00a0<\/strong><\/p>\n<ul class=\"wp-block-list\">\n<li>Km 2,02 \u2013 Ribeir\u00e3o Preto (Mario Doneg\u00e1) \u2013 60 km\/h<\/li>\n<li>Km 3,55 \u2013 Ribeir\u00e3o Preto (Mario Doneg\u00e1) \u2013 60 km\/h<\/li>\n<li>Km 23 \u2013 Prad\u00f3polis (Mario Doneg\u00e1) \u2013 90\/70 km\/h<\/li>\n<\/ul>\n<p><strong>SP-333\u00a0<\/strong><\/p>\n<ul class=\"wp-block-list\">\n<li>Km 6 \u2013 Cajuru (Abr\u00e3o Assed) \u2013 80 km\/h<\/li>\n<li>Km 45,03 \u2013 Serrana (Abr\u00e3o Assed) \u2013 100\/80 km\/h<\/li>\n<\/ul>\n<p><strong>SP-334\u00a0<\/strong><\/p>\n<ul class=\"wp-block-list\">\n<li>Km 457,07 \u2013 Pedregulho (C\u00e2ndido Portinari) \u2013 80 km\/h<\/li>\n<li>Km 449,9 \u2013 Pedregulho (C\u00e2ndido Portinari) \u2013 100\/80 km\/h<\/li>\n<li>Km 442,17 \u2013 Pedregulho (C\u00e2ndido Portinari) \u2013 100\/80 km\/h<\/li>\n<li>Km 427,31 \u2013 Pedregulho (C\u00e2ndido Portinari) \u2013 60 km\/h<\/li>\n<li>Km 418,15 \u2013 Cristais Paulista (C\u00e2ndido Portinari) \u2013 100\/80 km\/h<\/li>\n<li>Km 410 \u2013 Cristais Paulista (C\u00e2ndido Portinari) \u2013 100\/80 km\/h<\/li>\n<li>Km 407,02 \u2013 Franca (C\u00e2ndido Portinari) \u2013 100\/80 km\/h<\/li>\n<li>Km 406,93 \u2013 Franca (C\u00e2ndido Portinari) \u2013 100\/80 km\/h<\/li>\n<\/ul>\n<p><strong>SP-338\u00a0<\/strong><\/p>\n<ul class=\"wp-block-list\">\n<li>Km 293,25 \u2013 Cajuru (Abr\u00e3o Assed) \u2013 100\/80 km\/h<\/li>\n<li>Km 300,57 \u2013 Cajuru (Abr\u00e3o Assed) \u2013 80 km\/h<\/li>\n<\/ul>\n<p><strong>SP-345<\/strong><\/p>\n<ul class=\"wp-block-list\">\n<li>Km 7,03 \u2013 Itirapu\u00e3 (Eng. Ronan Rocha) \u2013 80 km\/h<\/li>\n<li>Km 58 \u2013 S\u00e3o Jos\u00e9 da Bela Vista (Pref. F\u00e1bio Talarico) \u2013 100\/80 km\/h<\/li>\n<li>Km 99,45 \u2013 Ipu\u00e3 (Pref. F\u00e1bio Talarico) \u2013 80 km\/h<\/li>\n<\/ul>\n<p><strong>SP-351<\/strong><\/p>\n<ul class=\"wp-block-list\">\n<li>Km 79,2 \u2013 Sales Oliveira (Altino Arantes) \u2013 80 km\/h<\/li>\n<li>Km 101,5 \u2013 Morro Agudo (Laureanous Brogna) \u2013 100\/80 km\/h<\/li>\n<li>Km 54,97 \u2013 Batatais (Altino Arantes) \u2013 100\/80 km\/h<\/li>\n<li>Km 50 \u2013 Batatais (Altino Arantes) \u2013 100\/80 km\/h<\/li>\n<li>Km 15,2 \u2013 Altin\u00f3polis (Altino Arantes) \u2013 100\/80 km\/h<\/li>\n<li>Km 11 \u2013 Santo Ant\u00f4nio da Alegria (Altino Arantes) \u2013 100\/80 km\/h<\/li>\n<\/ul>\n<p><strong>SP-373\u00a0<\/strong><\/p>\n<ul class=\"wp-block-list\">\n<li>Km 104,51 \u2013 Morro Agudo (D. Genoveva Lima de Carvalho Dias) \u2013 60 km\/h<\/li>\n<\/ul>\n<p>SAIBA MAIS<\/p>\n<p>Megaopera\u00e7\u00e3o prende 29 na regi\u00e3o de Ribeir\u00e3o por golpe em an\u00fancios de venda de carros na internet<\/p>\n<h3 class=\"wp-block-heading\"><strong>FIQUE ON<\/strong><\/h3>\n<p>Fique ligado em tudo que acontece em Ribeir\u00e3o Preto e regi\u00e3o. Siga os perfis do\u00a0<strong>acidade on<\/strong>\u00a0no\u00a0<a href=\"https:\/\/www.instagram.com\/acidadeonribeirao\">Instagram\u00a0<\/a>e no\u00a0<a href=\"https:\/\/www.facebook.com\/acidadeonribeirao\/\">Facebook.<\/a><\/p>\n<p>Receba not\u00edcias do\u00a0<strong>acidade on<\/strong>\u00a0no WhatsApp.\u00a0<a href=\"https:\/\/chat.whatsapp.com\/BjKQZ9oJwlz8VVT50NuePq\">Para entrar no grupo, basta clicar aqui.<\/a><\/p>\n<p>Fa\u00e7a uma den\u00fancia ou sugira uma reportagem sobre Ribeir\u00e3o Preto e regi\u00e3o pelo WhatsApp: 16 99117 7802.<\/p>\n<p>VEJA TAMB\u00c9M<\/p>\n<p>Qual a ordem correta dos filmes de \u2018Karat\u00ea Kid\u2019?<\/p>\n<p><!-- CONTENT END 2 -->\n<\/div>\n<\/div>\n<p><script async src=\"\/\/www.instagram.com\/embed.js\"><\/script><br \/>\n<br \/><br \/>\n<br \/><a href=\"https:\/\/www.acidadeon.com\/ribeiraopreto\/cotidiano\/saiba-quando-os-novos-radares-do-der-devem-comecar-a-funcionar-em-rodovias-da-regiao-de-ribeirao-preto\/\">Source link <\/a><\/p>\n","protected":false},"excerpt":{"rendered":"<p>O DER (Departamento de Estradas de Rodagem) instala 649 novos radares fixos de fiscaliza\u00e7\u00e3o de velocidade nas rodovias n\u00e3o concedidas do estado de S\u00e3o Paulo&#8230;.<\/p>\n","protected":false},"author":1,"featured_media":70083,"comment_status":"open","ping_status":"open","sticky":false,"template":"","format":"standard","meta":{"advanced_seo_description":"","jetpack_seo_html_title":"","jetpack_seo_noindex":false,"jetpack_post_was_ever_published":false,"_jetpack_newsletter_access":"","_jetpack_dont_email_post_to_subs":false,"_jetpack_newsletter_tier_id":0,"_jetpack_memberships_contains_paywalled_content":false,"_jetpack_memberships_contains_paid_content":false,"footnotes":"","jetpack_publicize_message":"","jetpack_publicize_feature_enabled":true,"jetpack_social_post_already_shared":true,"jetpack_social_options":{"image_generator_settings":{"template":"highway","default_image_id":0,"font":"","enabled":false},"version":2}},"categories":[11],"tags":[],"class_list":["post-70082","post","type-post","status-publish","format-standard","has-post-thumbnail","hentry","category-noticias-de-ribeirao-preto-sp-e-regiao-ismael-colosi"],"jetpack_publicize_connections":[],"jetpack_featured_media_url":"https:\/\/i0.wp.com\/noticiasribeiraopreto.com.br\/wp-content\/uploads\/2025\/05\/ConcessionriainstalanovosradaresemrodoviasdeAraraquara_Tamanho_2_image.jpg?fit=1200%2C900&ssl=1","jetpack-related-posts":[{"id":8061,"url":"https:\/\/noticiasribeiraopreto.com.br\/index.php\/2023\/11\/29\/rodovias-de-ribeirao-preto-e-regiao-terao-30-novos-radares-veja-os-locais\/","url_meta":{"origin":70082,"position":0},"title":"Rodovias de Ribeir\u00e3o Preto e regi\u00e3o ter\u00e3o 30 novos radares; Veja os locais","author":"noticiasribeiraopreto.com.br","date":"29 de November de 2023","format":false,"excerpt":"O DER (Departamento de Estradas de Rodagem), do Governo de S\u00e3o Paulo, abriu licita\u00e7\u00e3o para contrata\u00e7\u00e3o de 30 radares de velocidade em rodovias da regi\u00e3o de Ribeir\u00e3o Preto \u2013 ser\u00e3o 649 novos equipamentos em todo o Estado de S\u00e3o Paulo. Atualmente, a fiscaliza\u00e7\u00e3o nas rodovias estaduais \u00e9 feita apenas com\u2026","rel":"","context":"In &quot;Not\u00edcias de Ribeir\u00e3o Preto-SP e Regi\u00e3o&quot;","block_context":{"text":"Not\u00edcias de Ribeir\u00e3o Preto-SP e Regi\u00e3o","link":"https:\/\/noticiasribeiraopreto.com.br\/index.php\/category\/noticias-de-ribeirao-preto-sp-e-regiao-ismael-colosi\/"},"img":{"alt_text":"","src":"https:\/\/i0.wp.com\/noticiasribeiraopreto.com.br\/wp-content\/uploads\/2023\/11\/radar-de-transito.jpg?fit=1200%2C800&ssl=1&resize=350%2C200","width":350,"height":200,"srcset":"https:\/\/i0.wp.com\/noticiasribeiraopreto.com.br\/wp-content\/uploads\/2023\/11\/radar-de-transito.jpg?fit=1200%2C800&ssl=1&resize=350%2C200 1x, https:\/\/i0.wp.com\/noticiasribeiraopreto.com.br\/wp-content\/uploads\/2023\/11\/radar-de-transito.jpg?fit=1200%2C800&ssl=1&resize=525%2C300 1.5x, https:\/\/i0.wp.com\/noticiasribeiraopreto.com.br\/wp-content\/uploads\/2023\/11\/radar-de-transito.jpg?fit=1200%2C800&ssl=1&resize=700%2C400 2x, https:\/\/i0.wp.com\/noticiasribeiraopreto.com.br\/wp-content\/uploads\/2023\/11\/radar-de-transito.jpg?fit=1200%2C800&ssl=1&resize=1050%2C600 3x"},"classes":[]},{"id":81650,"url":"https:\/\/noticiasribeiraopreto.com.br\/index.php\/2026\/01\/13\/ribeirao-preto-tem-novo-radar\/","url_meta":{"origin":70082,"position":1},"title":"\u2028Ribeir\u00e3o Preto tem novo radar","author":"noticiasribeiraopreto.com.br","date":"13 de January de 2026","format":false,"excerpt":"DER-SP ativou mais dez novos radares de fiscaliza\u00e7\u00e3o eletr\u00f4nica em trechos estrat\u00e9gicos de rodovias sob sua gest\u00e3o; um deles fica em Ribeir\u00e3o Preto \u00c0 zero hora desta ter\u00e7a-feira, 13 de janeiro, o Departamento de Estradas de Rodagem de S\u00e3o Paulo (DER-SP), vinculado \u00e0 Secretaria de Meio Ambiente, Infraestrutura e Log\u00edstica\u2026","rel":"","context":"In &quot;Not\u00edcias de Ribeir\u00e3o Preto-SP e Regi\u00e3o&quot;","block_context":{"text":"Not\u00edcias de Ribeir\u00e3o Preto-SP e Regi\u00e3o","link":"https:\/\/noticiasribeiraopreto.com.br\/index.php\/category\/noticias-de-ribeirao-preto-sp-e-regiao-ismael-colosi\/"},"img":{"alt_text":"","src":"https:\/\/i0.wp.com\/noticiasribeiraopreto.com.br\/wp-content\/uploads\/2026\/01\/RadarDER-Divulgacao-scaled.jpeg?fit=1170%2C780&ssl=1&resize=350%2C200","width":350,"height":200,"srcset":"https:\/\/i0.wp.com\/noticiasribeiraopreto.com.br\/wp-content\/uploads\/2026\/01\/RadarDER-Divulgacao-scaled.jpeg?fit=1170%2C780&ssl=1&resize=350%2C200 1x, https:\/\/i0.wp.com\/noticiasribeiraopreto.com.br\/wp-content\/uploads\/2026\/01\/RadarDER-Divulgacao-scaled.jpeg?fit=1170%2C780&ssl=1&resize=525%2C300 1.5x, https:\/\/i0.wp.com\/noticiasribeiraopreto.com.br\/wp-content\/uploads\/2026\/01\/RadarDER-Divulgacao-scaled.jpeg?fit=1170%2C780&ssl=1&resize=700%2C400 2x, https:\/\/i0.wp.com\/noticiasribeiraopreto.com.br\/wp-content\/uploads\/2026\/01\/RadarDER-Divulgacao-scaled.jpeg?fit=1170%2C780&ssl=1&resize=1050%2C600 3x"},"classes":[]},{"id":79982,"url":"https:\/\/noticiasribeiraopreto.com.br\/index.php\/2025\/11\/12\/rodovias-da-regiao-ganham-radares-agora-sao-mais-de-400-em-sp\/","url_meta":{"origin":70082,"position":2},"title":"Rodovias da regi\u00e3o ganham radares; agora s\u00e3o mais de 400 em SP","author":"noticiasribeiraopreto.com.br","date":"12 de November de 2025","format":false,"excerpt":"DER-SP ativou mais 26 novos radares de fiscaliza\u00e7\u00e3o eletr\u00f4nica em trechos estrat\u00e9gicos de rodovias sob sua gest\u00e3o; tr\u00eas deles ficam na macrorregi\u00e3o de Ribeir\u00e3o Preto\u00c0 zero hora desta quarta-feira, 12 de novembro, o Departamento de Estradas de Rodagem de S\u00e3o Paulo (DER-SP), vinculado \u00e0 Secretaria de Meio Ambiente, Infraestrutura e\u2026","rel":"","context":"In &quot;Not\u00edcias de Ribeir\u00e3o Preto-SP e Regi\u00e3o&quot;","block_context":{"text":"Not\u00edcias de Ribeir\u00e3o Preto-SP e Regi\u00e3o","link":"https:\/\/noticiasribeiraopreto.com.br\/index.php\/category\/noticias-de-ribeirao-preto-sp-e-regiao-ismael-colosi\/"},"img":{"alt_text":"","src":"https:\/\/i0.wp.com\/noticiasribeiraopreto.com.br\/wp-content\/uploads\/2025\/11\/RadarDER-Divulgacao-DER-scaled.jpg?fit=1200%2C648&ssl=1&resize=350%2C200","width":350,"height":200,"srcset":"https:\/\/i0.wp.com\/noticiasribeiraopreto.com.br\/wp-content\/uploads\/2025\/11\/RadarDER-Divulgacao-DER-scaled.jpg?fit=1200%2C648&ssl=1&resize=350%2C200 1x, https:\/\/i0.wp.com\/noticiasribeiraopreto.com.br\/wp-content\/uploads\/2025\/11\/RadarDER-Divulgacao-DER-scaled.jpg?fit=1200%2C648&ssl=1&resize=525%2C300 1.5x, https:\/\/i0.wp.com\/noticiasribeiraopreto.com.br\/wp-content\/uploads\/2025\/11\/RadarDER-Divulgacao-DER-scaled.jpg?fit=1200%2C648&ssl=1&resize=700%2C400 2x, https:\/\/i0.wp.com\/noticiasribeiraopreto.com.br\/wp-content\/uploads\/2025\/11\/RadarDER-Divulgacao-DER-scaled.jpg?fit=1200%2C648&ssl=1&resize=1050%2C600 3x"},"classes":[]},{"id":78232,"url":"https:\/\/noticiasribeiraopreto.com.br\/index.php\/2025\/10\/07\/rodovia-da-regiao-ganha-novo-radar\/","url_meta":{"origin":70082,"position":3},"title":"Rodovia da regi\u00e3o \u2028ganha novo radar","author":"noticiasribeiraopreto.com.br","date":"7 de October de 2025","format":false,"excerpt":"\u00c0 zero hora desta ter\u00e7a-feira, 7 de outubro, o Departamento de Estradas de Rodagem de S\u00e3o Paulo (DER-SP), vinculado \u00e0 Secretaria de Meio Ambiente, Infraestrutura e Log\u00edstica (Semil), ativou mais 33 novos radares de fiscaliza\u00e7\u00e3o eletr\u00f4nica em trechos estrat\u00e9gicos de rodovias sob sua gest\u00e3o. Um deles fica no quil\u00f4metro 54,9\u2026","rel":"","context":"In &quot;Not\u00edcias de Ribeir\u00e3o Preto-SP e Regi\u00e3o&quot;","block_context":{"text":"Not\u00edcias de Ribeir\u00e3o Preto-SP e Regi\u00e3o","link":"https:\/\/noticiasribeiraopreto.com.br\/index.php\/category\/noticias-de-ribeirao-preto-sp-e-regiao-ismael-colosi\/"},"img":{"alt_text":"","src":"https:\/\/i0.wp.com\/noticiasribeiraopreto.com.br\/wp-content\/uploads\/2025\/10\/RadarDER-Divulgacao-DER.jpg?fit=800%2C602&ssl=1&resize=350%2C200","width":350,"height":200,"srcset":"https:\/\/i0.wp.com\/noticiasribeiraopreto.com.br\/wp-content\/uploads\/2025\/10\/RadarDER-Divulgacao-DER.jpg?fit=800%2C602&ssl=1&resize=350%2C200 1x, https:\/\/i0.wp.com\/noticiasribeiraopreto.com.br\/wp-content\/uploads\/2025\/10\/RadarDER-Divulgacao-DER.jpg?fit=800%2C602&ssl=1&resize=525%2C300 1.5x, https:\/\/i0.wp.com\/noticiasribeiraopreto.com.br\/wp-content\/uploads\/2025\/10\/RadarDER-Divulgacao-DER.jpg?fit=800%2C602&ssl=1&resize=700%2C400 2x"},"classes":[]},{"id":60759,"url":"https:\/\/noticiasribeiraopreto.com.br\/index.php\/2024\/11\/25\/novo-radar-comeca-a-multar-em-rodovia-de-ribeirao-preto\/","url_meta":{"origin":70082,"position":4},"title":"Novo radar come\u00e7a a multar em rodovia de Ribeir\u00e3o Preto","author":"noticiasribeiraopreto.com.br","date":"25 de November de 2024","format":false,"excerpt":"O novo radar de fiscaliza\u00e7\u00e3o de velocidade come\u00e7ou a funcionar nesta segunda-feira (25), no km 309 da rodovia Jos\u00e9 Fregonezi (SP-328), entre Ribeir\u00e3o Preto e Bonfim Paulista. O limite m\u00e1ximo de velocidade \u00e9 de 90 km\/h. O trecho, no sentido Norte, est\u00e1 sinalizado. A concession\u00e1ria Arteris ViaPaulista informou que foi\u2026","rel":"","context":"In &quot;Not\u00edcias de Ribeir\u00e3o Preto-SP e Regi\u00e3o&quot;","block_context":{"text":"Not\u00edcias de Ribeir\u00e3o Preto-SP e Regi\u00e3o","link":"https:\/\/noticiasribeiraopreto.com.br\/index.php\/category\/noticias-de-ribeirao-preto-sp-e-regiao-ismael-colosi\/"},"img":{"alt_text":"","src":"https:\/\/i0.wp.com\/noticiasribeiraopreto.com.br\/wp-content\/uploads\/2024\/11\/Imagem-do-WhatsApp-de-2024-11-18-as-17.09.53_da52cd65_2024-11-18_20-26-43_jpg_2024-11-18_20-26-43.webp.webp?fit=1200%2C900&ssl=1&resize=350%2C200","width":350,"height":200,"srcset":"https:\/\/i0.wp.com\/noticiasribeiraopreto.com.br\/wp-content\/uploads\/2024\/11\/Imagem-do-WhatsApp-de-2024-11-18-as-17.09.53_da52cd65_2024-11-18_20-26-43_jpg_2024-11-18_20-26-43.webp.webp?fit=1200%2C900&ssl=1&resize=350%2C200 1x, https:\/\/i0.wp.com\/noticiasribeiraopreto.com.br\/wp-content\/uploads\/2024\/11\/Imagem-do-WhatsApp-de-2024-11-18-as-17.09.53_da52cd65_2024-11-18_20-26-43_jpg_2024-11-18_20-26-43.webp.webp?fit=1200%2C900&ssl=1&resize=525%2C300 1.5x, https:\/\/i0.wp.com\/noticiasribeiraopreto.com.br\/wp-content\/uploads\/2024\/11\/Imagem-do-WhatsApp-de-2024-11-18-as-17.09.53_da52cd65_2024-11-18_20-26-43_jpg_2024-11-18_20-26-43.webp.webp?fit=1200%2C900&ssl=1&resize=700%2C400 2x, https:\/\/i0.wp.com\/noticiasribeiraopreto.com.br\/wp-content\/uploads\/2024\/11\/Imagem-do-WhatsApp-de-2024-11-18-as-17.09.53_da52cd65_2024-11-18_20-26-43_jpg_2024-11-18_20-26-43.webp.webp?fit=1200%2C900&ssl=1&resize=1050%2C600 3x"},"classes":[]},{"id":61820,"url":"https:\/\/noticiasribeiraopreto.com.br\/index.php\/2024\/12\/23\/novo-radar-comeca-a-funcionar-em-rodovia-de-ribeirao-veja-onde\/","url_meta":{"origin":70082,"position":5},"title":"Novo radar come\u00e7a a funcionar em rodovia de Ribeir\u00e3o; veja onde","author":"noticiasribeiraopreto.com.br","date":"23 de December de 2024","format":false,"excerpt":"Um novo radar est\u00e1 em opera\u00e7\u00e3o em Ribeir\u00e3o Preto. O equipamento foi instalado na rodovia Geovana Aparecida Deliberto (SPA 321\/322), no km 1+450 da pista sentido leste. O aparelho para monitorar a velocidade dos ve\u00edculos que circulam pela via, foi colocado em frente \u00e0 Funda\u00e7\u00e3o Casa. A velocidade m\u00e1xima permitida\u2026","rel":"","context":"In &quot;Not\u00edcias de Ribeir\u00e3o Preto-SP e Regi\u00e3o&quot;","block_context":{"text":"Not\u00edcias de Ribeir\u00e3o Preto-SP e Regi\u00e3o","link":"https:\/\/noticiasribeiraopreto.com.br\/index.php\/category\/noticias-de-ribeirao-preto-sp-e-regiao-ismael-colosi\/"},"img":{"alt_text":"","src":"https:\/\/i0.wp.com\/noticiasribeiraopreto.com.br\/wp-content\/uploads\/2024\/12\/Copia-de-Copia-de-Copia-de-TAMANHO-EXATO-PARA-FOTOS-NO-SISTEMA-NOVO-2024-12-23T140030.880_2024-12-23_17-00-34_png_2024-12-23_17-00-34.webp.webp?fit=1200%2C675&ssl=1&resize=350%2C200","width":350,"height":200,"srcset":"https:\/\/i0.wp.com\/noticiasribeiraopreto.com.br\/wp-content\/uploads\/2024\/12\/Copia-de-Copia-de-Copia-de-TAMANHO-EXATO-PARA-FOTOS-NO-SISTEMA-NOVO-2024-12-23T140030.880_2024-12-23_17-00-34_png_2024-12-23_17-00-34.webp.webp?fit=1200%2C675&ssl=1&resize=350%2C200 1x, https:\/\/i0.wp.com\/noticiasribeiraopreto.com.br\/wp-content\/uploads\/2024\/12\/Copia-de-Copia-de-Copia-de-TAMANHO-EXATO-PARA-FOTOS-NO-SISTEMA-NOVO-2024-12-23T140030.880_2024-12-23_17-00-34_png_2024-12-23_17-00-34.webp.webp?fit=1200%2C675&ssl=1&resize=525%2C300 1.5x, https:\/\/i0.wp.com\/noticiasribeiraopreto.com.br\/wp-content\/uploads\/2024\/12\/Copia-de-Copia-de-Copia-de-TAMANHO-EXATO-PARA-FOTOS-NO-SISTEMA-NOVO-2024-12-23T140030.880_2024-12-23_17-00-34_png_2024-12-23_17-00-34.webp.webp?fit=1200%2C675&ssl=1&resize=700%2C400 2x, https:\/\/i0.wp.com\/noticiasribeiraopreto.com.br\/wp-content\/uploads\/2024\/12\/Copia-de-Copia-de-Copia-de-TAMANHO-EXATO-PARA-FOTOS-NO-SISTEMA-NOVO-2024-12-23T140030.880_2024-12-23_17-00-34_png_2024-12-23_17-00-34.webp.webp?fit=1200%2C675&ssl=1&resize=1050%2C600 3x"},"classes":[]}],"jetpack_sharing_enabled":true,"jetpack_shortlink":"https:\/\/wp.me\/peQAOb-iem","_links":{"self":[{"href":"https:\/\/noticiasribeiraopreto.com.br\/index.php\/wp-json\/wp\/v2\/posts\/70082","targetHints":{"allow":["GET"]}}],"collection":[{"href":"https:\/\/noticiasribeiraopreto.com.br\/index.php\/wp-json\/wp\/v2\/posts"}],"about":[{"href":"https:\/\/noticiasribeiraopreto.com.br\/index.php\/wp-json\/wp\/v2\/types\/post"}],"author":[{"embeddable":true,"href":"https:\/\/noticiasribeiraopreto.com.br\/index.php\/wp-json\/wp\/v2\/users\/1"}],"replies":[{"embeddable":true,"href":"https:\/\/noticiasribeiraopreto.com.br\/index.php\/wp-json\/wp\/v2\/comments?post=70082"}],"version-history":[{"count":0,"href":"https:\/\/noticiasribeiraopreto.com.br\/index.php\/wp-json\/wp\/v2\/posts\/70082\/revisions"}],"wp:featuredmedia":[{"embeddable":true,"href":"https:\/\/noticiasribeiraopreto.com.br\/index.php\/wp-json\/wp\/v2\/media\/70083"}],"wp:attachment":[{"href":"https:\/\/noticiasribeiraopreto.com.br\/index.php\/wp-json\/wp\/v2\/media?parent=70082"}],"wp:term":[{"taxonomy":"category","embeddable":true,"href":"https:\/\/noticiasribeiraopreto.com.br\/index.php\/wp-json\/wp\/v2\/categories?post=70082"},{"taxonomy":"post_tag","embeddable":true,"href":"https:\/\/noticiasribeiraopreto.com.br\/index.php\/wp-json\/wp\/v2\/tags?post=70082"}],"curies":[{"name":"wp","href":"https:\/\/api.w.org\/{rel}","templated":true}]}}