{"id":70084,"date":"2025-05-22T15:55:46","date_gmt":"2025-05-22T18:55:46","guid":{"rendered":"https:\/\/noticiasribeiraopreto.com.br\/index.php\/2025\/05\/22\/cidade-a-150-km-de-ribeirao-preto-anuncia-resort-com-investimento-bilionario\/"},"modified":"2025-05-22T15:55:46","modified_gmt":"2025-05-22T18:55:46","slug":"cidade-a-150-km-de-ribeirao-preto-anuncia-resort-com-investimento-bilionario","status":"publish","type":"post","link":"https:\/\/noticiasribeiraopreto.com.br\/index.php\/2025\/05\/22\/cidade-a-150-km-de-ribeirao-preto-anuncia-resort-com-investimento-bilionario\/","title":{"rendered":"Cidade a 150 km de Ribeir\u00e3o Preto anuncia resort com investimento bilion\u00e1rio"},"content":{"rendered":"<p> <br \/>\n<\/p>\n<div data-td-block-uid=\"tdi_95\">\n<div class=\"tdb-block-inner td-fix-index\">\n<p>A cidade de <strong>C\u00e1ssia-MG<\/strong>, localizada a 150 quil\u00f4metros de<strong> Ribeir\u00e3o Preto<\/strong>, anunciou a constru\u00e7\u00e3o de um resort com investimento de R$ 1,2 bilh\u00e3o. A primeira fase do Canastra Eko Resort, na regi\u00e3o da <strong>Serra da Canastra, deve ficar pronta em 2028<\/strong>.<\/p>\n<p>O complexo ecol\u00f3gico tur\u00edstico ficar\u00e1 \u00e0s margens do Rio Grande, na represa de C\u00e1ssia\/Delfin\u00f3polis, em frente a Serra da Canastra. O empreendimento ser\u00e1 constru\u00eddo em \u00e1rea de 300 mil metros quadrados e conta com <strong>praia de \u00e1gua doce.<\/strong><\/p>\n<p><mark style=\"background-color:#fcb900\" class=\"has-inline-color has-black-color\">O resort vai receber um hotel, condom\u00ednio, beach club e parque aqu\u00e1tico.<\/mark> O hotel contar\u00e1 com 232 apartamentos e foi projetado em formato de navio. Al\u00e9m de atrair turistas, o empreendimento pretende gerar 300 postos de trabalho ap\u00f3s sua conclus\u00e3o.<\/p>\n<p>A expectativa \u00e9 que a Prefeitura de C\u00e1ssia e o Governo de Minas Gerais realizem obras de infraestrutura no entorno, como asfaltamento de 13 quil\u00f4metros de estrada entre a sede da cidade.<\/p>\n<p>SAIBA MAIS<br \/>Prefeitura de Ribeir\u00e3o aprova novo bairro para 4,5 mil moradores na zona Leste<\/p>\n<h2 class=\"wp-block-heading\"><strong>FIQUE ON<\/strong><\/h2>\n<p>Fique ligado em tudo que acontece em Ribeir\u00e3o Preto e regi\u00e3o. Siga os perfis do<strong>\u00a0acidade on\u00a0<\/strong>no<a href=\"https:\/\/www.instagram.com\/acidadeonribeirao\">\u00a0Instagram\u00a0<\/a>e no\u00a0<a href=\"https:\/\/www.facebook.com\/acidadeonribeirao\/\">Facebook.<\/a><\/p>\n<p>Receba not\u00edcias do\u00a0<strong>acidade on\u00a0<\/strong>no WhatsApp.\u00a0<a href=\"https:\/\/chat.whatsapp.com\/BjKQZ9oJwlz8VVT50NuePq\">Para entrar no grupo, basta clicar aqui.<\/a><\/p>\n<p>Fa\u00e7a uma den\u00fancia ou sugira uma reportagem sobre Ribeir\u00e3o Preto e regi\u00e3o pelo WhatsApp: 16 99117 7802.<\/p>\n<p>VEJA TAMB\u00c9M<br \/>Quais clubes v\u00e3o boicotar a elei\u00e7\u00e3o da CBF?<\/p>\n<p><!-- CONTENT END 1 -->\n<\/div>\n<\/div>\n<p><script async src=\"\/\/www.instagram.com\/embed.js\"><\/script><br \/>\n<br \/><br \/>\n<br \/><a href=\"https:\/\/www.acidadeon.com\/ribeiraopreto\/economia\/cidade-a-150-km-ribeirao-preto-anuncia-resort-com-investimento-bilionario\/\">Source link <\/a><\/p>\n","protected":false},"excerpt":{"rendered":"<p>A cidade de C\u00e1ssia-MG, localizada a 150 quil\u00f4metros de Ribeir\u00e3o Preto, anunciou a constru\u00e7\u00e3o de um resort com investimento de R$ 1,2 bilh\u00e3o. A primeira&#8230;<\/p>\n","protected":false},"author":1,"featured_media":70085,"comment_status":"open","ping_status":"open","sticky":false,"template":"","format":"standard","meta":{"advanced_seo_description":"","jetpack_seo_html_title":"","jetpack_seo_noindex":false,"jetpack_post_was_ever_published":false,"_jetpack_newsletter_access":"","_jetpack_dont_email_post_to_subs":false,"_jetpack_newsletter_tier_id":0,"_jetpack_memberships_contains_paywalled_content":false,"_jetpack_memberships_contains_paid_content":false,"footnotes":"","jetpack_publicize_message":"","jetpack_publicize_feature_enabled":true,"jetpack_social_post_already_shared":true,"jetpack_social_options":{"image_generator_settings":{"template":"highway","default_image_id":0,"font":"","enabled":false},"version":2}},"categories":[11],"tags":[],"class_list":["post-70084","post","type-post","status-publish","format-standard","has-post-thumbnail","hentry","category-noticias-de-ribeirao-preto-sp-e-regiao-ismael-colosi"],"jetpack_publicize_connections":[],"jetpack_featured_media_url":"https:\/\/i0.wp.com\/noticiasribeiraopreto.com.br\/wp-content\/uploads\/2025\/05\/cassia_2025-05-22_15-39-21.webp.webp?fit=1200%2C759&ssl=1","jetpack-related-posts":[{"id":72777,"url":"https:\/\/noticiasribeiraopreto.com.br\/index.php\/2025\/06\/20\/jornal-da-franca-conheca-uma-proposta-de-moradia-sustentavel-em-meio-a-serra-da-canastra\/","url_meta":{"origin":70084,"position":0},"title":"Jornal da Franca &#8211; Conhe\u00e7a uma proposta de moradia sustent\u00e1vel em meio \u00e0 Serra da Canastra","author":"noticiasribeiraopreto.com.br","date":"20 de June de 2025","format":false,"excerpt":"compartilhar no whatsapp compartilhar no telegram compartilhar no facebook compartilhar no linkedin Com conceito inovador, empreendimento une conforto, tecnologia e respeito ao meio ambiente, e \u00e9 assinado pela Alma Urban, bra\u00e7o do Alma Group voltado a projetos carbono zero Canastra Eko Resort faz parte de uma linha de projetos desenvolvidos\u2026","rel":"","context":"In &quot;Not\u00edcias de Franca-SP&quot;","block_context":{"text":"Not\u00edcias de Franca-SP","link":"https:\/\/noticiasribeiraopreto.com.br\/index.php\/category\/noticias-de-ribeirao-preto-sp-e-regiao-ismael-colosi\/noticias-franca-sp\/"},"img":{"alt_text":"","src":"https:\/\/i0.wp.com\/noticiasribeiraopreto.com.br\/wp-content\/uploads\/2025\/06\/canastra-eko-resort.jpg?fit=1200%2C675&ssl=1&resize=350%2C200","width":350,"height":200,"srcset":"https:\/\/i0.wp.com\/noticiasribeiraopreto.com.br\/wp-content\/uploads\/2025\/06\/canastra-eko-resort.jpg?fit=1200%2C675&ssl=1&resize=350%2C200 1x, https:\/\/i0.wp.com\/noticiasribeiraopreto.com.br\/wp-content\/uploads\/2025\/06\/canastra-eko-resort.jpg?fit=1200%2C675&ssl=1&resize=525%2C300 1.5x, https:\/\/i0.wp.com\/noticiasribeiraopreto.com.br\/wp-content\/uploads\/2025\/06\/canastra-eko-resort.jpg?fit=1200%2C675&ssl=1&resize=700%2C400 2x, https:\/\/i0.wp.com\/noticiasribeiraopreto.com.br\/wp-content\/uploads\/2025\/06\/canastra-eko-resort.jpg?fit=1200%2C675&ssl=1&resize=1050%2C600 3x"},"classes":[]},{"id":74864,"url":"https:\/\/noticiasribeiraopreto.com.br\/index.php\/2025\/07\/30\/hrt-incorporadora-lanca-o-maior-complexo-nautico-da-regiao\/","url_meta":{"origin":70084,"position":1},"title":"HRT Incorporadora Lan\u00e7a o Maior Complexo N\u00e1utico\u00a0da\u00a0Regi\u00e3o","author":"noticiasribeiraopreto.com.br","date":"30 de July de 2025","format":false,"excerpt":"No \u00faltimo domingo (20), a HRT Incorporadora realizou um evento memor\u00e1vel para celebrar o sucesso de vendas do Grand Hill Residence Resort, o maior complexo n\u00e1utico da regi\u00e3o. Localizado \u00e0s margens da represa de Jaguara, no munic\u00edpio de Sacramento (MG), a 5 minutos de Rifaina (SP), o empreendimento j\u00e1 soma\u2026","rel":"","context":"In &quot;Not\u00edcias de Ribeir\u00e3o Preto-SP e Regi\u00e3o&quot;","block_context":{"text":"Not\u00edcias de Ribeir\u00e3o Preto-SP e Regi\u00e3o","link":"https:\/\/noticiasribeiraopreto.com.br\/index.php\/category\/noticias-de-ribeirao-preto-sp-e-regiao-ismael-colosi\/"},"img":{"alt_text":"","src":"https:\/\/i0.wp.com\/noticiasribeiraopreto.com.br\/wp-content\/uploads\/2025\/07\/Informe-ON-35_2025-07-30_12-07-25.webp.webp?fit=1200%2C800&ssl=1&resize=350%2C200","width":350,"height":200,"srcset":"https:\/\/i0.wp.com\/noticiasribeiraopreto.com.br\/wp-content\/uploads\/2025\/07\/Informe-ON-35_2025-07-30_12-07-25.webp.webp?fit=1200%2C800&ssl=1&resize=350%2C200 1x, https:\/\/i0.wp.com\/noticiasribeiraopreto.com.br\/wp-content\/uploads\/2025\/07\/Informe-ON-35_2025-07-30_12-07-25.webp.webp?fit=1200%2C800&ssl=1&resize=525%2C300 1.5x, https:\/\/i0.wp.com\/noticiasribeiraopreto.com.br\/wp-content\/uploads\/2025\/07\/Informe-ON-35_2025-07-30_12-07-25.webp.webp?fit=1200%2C800&ssl=1&resize=700%2C400 2x, https:\/\/i0.wp.com\/noticiasribeiraopreto.com.br\/wp-content\/uploads\/2025\/07\/Informe-ON-35_2025-07-30_12-07-25.webp.webp?fit=1200%2C800&ssl=1&resize=1050%2C600 3x"},"classes":[]},{"id":71764,"url":"https:\/\/noticiasribeiraopreto.com.br\/index.php\/2025\/06\/10\/jornal-da-franca-essa-foto-do-ceu-estrelado-da-serra-da-canastra-ganha-premio-nacional-de-fotografia\/","url_meta":{"origin":70084,"position":2},"title":"Jornal da Franca &#8211; Essa foto do c\u00e9u estrelado da Serra da Canastra ganha pr\u00eamio nacional de fotografia","author":"noticiasribeiraopreto.com.br","date":"10 de June de 2025","format":false,"excerpt":"compartilhar no whatsapp compartilhar no telegram compartilhar no facebook compartilhar no linkedin Na imagem, um homem sentado aprecia a Via L\u00e1ctea, enquanto o firmamento \u00e9 o pano de fundo que ressalta as formas terrestres. O c\u00e9u estrelado da Serra da Canastra, localizada a poucos quil\u00f4metros de Franca, ganhou o Brasil\u2026","rel":"","context":"In &quot;Not\u00edcias de Franca-SP&quot;","block_context":{"text":"Not\u00edcias de Franca-SP","link":"https:\/\/noticiasribeiraopreto.com.br\/index.php\/category\/noticias-de-ribeirao-preto-sp-e-regiao-ismael-colosi\/noticias-franca-sp\/"},"img":{"alt_text":"","src":"https:\/\/i0.wp.com\/noticiasribeiraopreto.com.br\/wp-content\/uploads\/2025\/06\/essa-4.jpg?fit=1024%2C576&ssl=1&resize=350%2C200","width":350,"height":200,"srcset":"https:\/\/i0.wp.com\/noticiasribeiraopreto.com.br\/wp-content\/uploads\/2025\/06\/essa-4.jpg?fit=1024%2C576&ssl=1&resize=350%2C200 1x, https:\/\/i0.wp.com\/noticiasribeiraopreto.com.br\/wp-content\/uploads\/2025\/06\/essa-4.jpg?fit=1024%2C576&ssl=1&resize=525%2C300 1.5x, https:\/\/i0.wp.com\/noticiasribeiraopreto.com.br\/wp-content\/uploads\/2025\/06\/essa-4.jpg?fit=1024%2C576&ssl=1&resize=700%2C400 2x"},"classes":[]},{"id":50955,"url":"https:\/\/noticiasribeiraopreto.com.br\/index.php\/2024\/05\/22\/santa-rita-de-cassia-conheca-a-historia-da-padroeira-das-causas-impossiveis\/","url_meta":{"origin":70084,"position":3},"title":"Santa Rita de C\u00e1ssia: Conhe\u00e7a a hist\u00f3ria da padroeira das causas imposs\u00edveis","author":"noticiasribeiraopreto.com.br","date":"22 de May de 2024","format":false,"excerpt":"Nesta quarta-feira (22), \u00e9 comemorado o dia de Santa Rita de C\u00e1ssia, padroeira das causas imposs\u00edveis, protetora das vi\u00favas e conhecida como a \u201csanta das rosas\u201c. A religiosa nasceu em 1381, em Roccaporena, na It\u00e1lia, pr\u00f3ximo \u00e0 cidade de C\u00e1ssia. Ela aprendeu desde a inf\u00e2ncia os valores crist\u00e3os e at\u00e9\u2026","rel":"","context":"In &quot;Not\u00edcias de Ribeir\u00e3o Preto-SP e Regi\u00e3o&quot;","block_context":{"text":"Not\u00edcias de Ribeir\u00e3o Preto-SP e Regi\u00e3o","link":"https:\/\/noticiasribeiraopreto.com.br\/index.php\/category\/noticias-de-ribeirao-preto-sp-e-regiao-ismael-colosi\/"},"img":{"alt_text":"","src":"https:\/\/i0.wp.com\/noticiasribeiraopreto.com.br\/wp-content\/uploads\/2024\/05\/WhatsApp-Image-2024-05-22-at-07.48.59_2024-05-22_11-38-16_jpeg_2024-05-22_11-38-16.webp.webp?fit=1200%2C675&ssl=1&resize=350%2C200","width":350,"height":200,"srcset":"https:\/\/i0.wp.com\/noticiasribeiraopreto.com.br\/wp-content\/uploads\/2024\/05\/WhatsApp-Image-2024-05-22-at-07.48.59_2024-05-22_11-38-16_jpeg_2024-05-22_11-38-16.webp.webp?fit=1200%2C675&ssl=1&resize=350%2C200 1x, https:\/\/i0.wp.com\/noticiasribeiraopreto.com.br\/wp-content\/uploads\/2024\/05\/WhatsApp-Image-2024-05-22-at-07.48.59_2024-05-22_11-38-16_jpeg_2024-05-22_11-38-16.webp.webp?fit=1200%2C675&ssl=1&resize=525%2C300 1.5x, https:\/\/i0.wp.com\/noticiasribeiraopreto.com.br\/wp-content\/uploads\/2024\/05\/WhatsApp-Image-2024-05-22-at-07.48.59_2024-05-22_11-38-16_jpeg_2024-05-22_11-38-16.webp.webp?fit=1200%2C675&ssl=1&resize=700%2C400 2x, https:\/\/i0.wp.com\/noticiasribeiraopreto.com.br\/wp-content\/uploads\/2024\/05\/WhatsApp-Image-2024-05-22-at-07.48.59_2024-05-22_11-38-16_jpeg_2024-05-22_11-38-16.webp.webp?fit=1200%2C675&ssl=1&resize=1050%2C600 3x"},"classes":[]},{"id":39656,"url":"https:\/\/noticiasribeiraopreto.com.br\/index.php\/2024\/02\/27\/regiao-de-rp-fecha-2023-com-r-1542-bi\/","url_meta":{"origin":70084,"position":4},"title":"Regi\u00e3o de RP fecha 2023 com R$ 1,542 bi\u00a0","author":"noticiasribeiraopreto.com.br","date":"27 de February de 2024","format":false,"excerpt":"Dados da Funda\u00e7\u00e3o Sistema Estadual de An\u00e1lise de Dados (Seade), divulgados nesta ter\u00e7a-feira, 20 de fevereiro, revelam que R$ 1,542 bilh\u00e3o (R$ 1.542.400.000) foram investidos na Regi\u00e3o Administrativa de Ribeir\u00e3o Preto ao longo do ano passado. De acordo com a Pesquisa de Investimentos Anunciados no Estado de S\u00e3o Paulo (Piesp),\u2026","rel":"","context":"In &quot;Not\u00edcias de Ribeir\u00e3o Preto-SP e Regi\u00e3o&quot;","block_context":{"text":"Not\u00edcias de Ribeir\u00e3o Preto-SP e Regi\u00e3o","link":"https:\/\/noticiasribeiraopreto.com.br\/index.php\/category\/noticias-de-ribeirao-preto-sp-e-regiao-ismael-colosi\/"},"img":{"alt_text":"","src":"https:\/\/i0.wp.com\/noticiasribeiraopreto.com.br\/wp-content\/uploads\/2024\/02\/SeadeRA-Detalhe-Divulgacao-Alesp-scaled.jpg?fit=1000%2C572&ssl=1&resize=350%2C200","width":350,"height":200,"srcset":"https:\/\/i0.wp.com\/noticiasribeiraopreto.com.br\/wp-content\/uploads\/2024\/02\/SeadeRA-Detalhe-Divulgacao-Alesp-scaled.jpg?fit=1000%2C572&ssl=1&resize=350%2C200 1x, https:\/\/i0.wp.com\/noticiasribeiraopreto.com.br\/wp-content\/uploads\/2024\/02\/SeadeRA-Detalhe-Divulgacao-Alesp-scaled.jpg?fit=1000%2C572&ssl=1&resize=525%2C300 1.5x, https:\/\/i0.wp.com\/noticiasribeiraopreto.com.br\/wp-content\/uploads\/2024\/02\/SeadeRA-Detalhe-Divulgacao-Alesp-scaled.jpg?fit=1000%2C572&ssl=1&resize=700%2C400 2x"},"classes":[]},{"id":63451,"url":"https:\/\/noticiasribeiraopreto.com.br\/index.php\/2025\/02\/13\/adolescente-de-ribeirao-preto-escala-montanha-de-mais-de-6-mil-metros-no-chile\/","url_meta":{"origin":70084,"position":5},"title":"Adolescente de Ribeir\u00e3o Preto escala montanha de mais de 6 mil metros\u00a0no\u00a0Chile","author":"noticiasribeiraopreto.com.br","date":"13 de February de 2025","format":false,"excerpt":"Aos 17 anos, o jovem ribeir\u00e3o-pretano Kau\u00e3 Bermal retornou de uma expedi\u00e7\u00e3o na Cordilheira dos Andes, onde alcan\u00e7ou o cume do vulc\u00e3o San Pedro, com 6.145 metros de altitude, tornando-se o brasileiro mais jovem a conquistar essa subida. O adolescente segue os passos do pai, Filipe Bermal \u2014 que tamb\u00e9m\u2026","rel":"","context":"In &quot;Not\u00edcias de Ribeir\u00e3o Preto-SP e Regi\u00e3o&quot;","block_context":{"text":"Not\u00edcias de Ribeir\u00e3o Preto-SP e Regi\u00e3o","link":"https:\/\/noticiasribeiraopreto.com.br\/index.php\/category\/noticias-de-ribeirao-preto-sp-e-regiao-ismael-colosi\/"},"img":{"alt_text":"","src":"https:\/\/i0.wp.com\/noticiasribeiraopreto.com.br\/wp-content\/uploads\/2025\/02\/Copia-de-Copia-de-Copia-de-TAMANHO-EXATO-PARA-FOTOS-NO-SISTEMA-NOVO-2025-02-13T150030.574_2025-02-13_18-01-25_png_2025-02-13_18-01-25.webp.webp?fit=1200%2C675&ssl=1&resize=350%2C200","width":350,"height":200,"srcset":"https:\/\/i0.wp.com\/noticiasribeiraopreto.com.br\/wp-content\/uploads\/2025\/02\/Copia-de-Copia-de-Copia-de-TAMANHO-EXATO-PARA-FOTOS-NO-SISTEMA-NOVO-2025-02-13T150030.574_2025-02-13_18-01-25_png_2025-02-13_18-01-25.webp.webp?fit=1200%2C675&ssl=1&resize=350%2C200 1x, https:\/\/i0.wp.com\/noticiasribeiraopreto.com.br\/wp-content\/uploads\/2025\/02\/Copia-de-Copia-de-Copia-de-TAMANHO-EXATO-PARA-FOTOS-NO-SISTEMA-NOVO-2025-02-13T150030.574_2025-02-13_18-01-25_png_2025-02-13_18-01-25.webp.webp?fit=1200%2C675&ssl=1&resize=525%2C300 1.5x, https:\/\/i0.wp.com\/noticiasribeiraopreto.com.br\/wp-content\/uploads\/2025\/02\/Copia-de-Copia-de-Copia-de-TAMANHO-EXATO-PARA-FOTOS-NO-SISTEMA-NOVO-2025-02-13T150030.574_2025-02-13_18-01-25_png_2025-02-13_18-01-25.webp.webp?fit=1200%2C675&ssl=1&resize=700%2C400 2x, https:\/\/i0.wp.com\/noticiasribeiraopreto.com.br\/wp-content\/uploads\/2025\/02\/Copia-de-Copia-de-Copia-de-TAMANHO-EXATO-PARA-FOTOS-NO-SISTEMA-NOVO-2025-02-13T150030.574_2025-02-13_18-01-25_png_2025-02-13_18-01-25.webp.webp?fit=1200%2C675&ssl=1&resize=1050%2C600 3x"},"classes":[]}],"jetpack_sharing_enabled":true,"jetpack_shortlink":"https:\/\/wp.me\/peQAOb-ieo","_links":{"self":[{"href":"https:\/\/noticiasribeiraopreto.com.br\/index.php\/wp-json\/wp\/v2\/posts\/70084","targetHints":{"allow":["GET"]}}],"collection":[{"href":"https:\/\/noticiasribeiraopreto.com.br\/index.php\/wp-json\/wp\/v2\/posts"}],"about":[{"href":"https:\/\/noticiasribeiraopreto.com.br\/index.php\/wp-json\/wp\/v2\/types\/post"}],"author":[{"embeddable":true,"href":"https:\/\/noticiasribeiraopreto.com.br\/index.php\/wp-json\/wp\/v2\/users\/1"}],"replies":[{"embeddable":true,"href":"https:\/\/noticiasribeiraopreto.com.br\/index.php\/wp-json\/wp\/v2\/comments?post=70084"}],"version-history":[{"count":0,"href":"https:\/\/noticiasribeiraopreto.com.br\/index.php\/wp-json\/wp\/v2\/posts\/70084\/revisions"}],"wp:featuredmedia":[{"embeddable":true,"href":"https:\/\/noticiasribeiraopreto.com.br\/index.php\/wp-json\/wp\/v2\/media\/70085"}],"wp:attachment":[{"href":"https:\/\/noticiasribeiraopreto.com.br\/index.php\/wp-json\/wp\/v2\/media?parent=70084"}],"wp:term":[{"taxonomy":"category","embeddable":true,"href":"https:\/\/noticiasribeiraopreto.com.br\/index.php\/wp-json\/wp\/v2\/categories?post=70084"},{"taxonomy":"post_tag","embeddable":true,"href":"https:\/\/noticiasribeiraopreto.com.br\/index.php\/wp-json\/wp\/v2\/tags?post=70084"}],"curies":[{"name":"wp","href":"https:\/\/api.w.org\/{rel}","templated":true}]}}