{"id":70086,"date":"2025-05-22T16:31:09","date_gmt":"2025-05-22T19:31:09","guid":{"rendered":"https:\/\/noticiasribeiraopreto.com.br\/index.php\/2025\/05\/22\/jornal-da-franca-grupo-santa-casa-de-franca-inaugura-10-novos-leitos-de-uti-e-chega-a-346-leitos-sus\/"},"modified":"2025-05-22T16:31:09","modified_gmt":"2025-05-22T19:31:09","slug":"jornal-da-franca-grupo-santa-casa-de-franca-inaugura-10-novos-leitos-de-uti-e-chega-a-346-leitos-sus","status":"publish","type":"post","link":"https:\/\/noticiasribeiraopreto.com.br\/index.php\/2025\/05\/22\/jornal-da-franca-grupo-santa-casa-de-franca-inaugura-10-novos-leitos-de-uti-e-chega-a-346-leitos-sus\/","title":{"rendered":"Jornal da Franca &#8211; Grupo Santa Casa de Franca inaugura 10 novos leitos de UTI e chega a 346 leitos SUS"},"content":{"rendered":"<p> <br \/>\n<\/p>\n<div>\n\t                            <a class=\"mb-1\" href=\"https:\/\/api.whatsapp.com\/send?text=Olha essa Not\u00edcia no Jornal da Franca.%0D%0D*Grupo Santa Casa de Franca inaugura 10 novos leitos de UTI e chega a 346 leitos SUS*%0D%0Dclique na url abaixo%0Dhttps:\/\/www.jornaldafranca.com.br\/grupo-santa-casa-de-franca-inaugura-10-novos-leitos-de-uti-e-chega-a-346-leitos-sus\/\" target=\"_blank\"><span class=\"text-12 badge badge-pill badge-success\"><i class=\"fa fa-whatsapp\"\/> compartilhar no whatsapp<\/span><\/a><\/p>\n<p>\t                            <a class=\"mb-1\" href=\"https:\/\/telegram.me\/share\/url?url=https:\/\/www.jornaldafranca.com.br\/grupo-santa-casa-de-franca-inaugura-10-novos-leitos-de-uti-e-chega-a-346-leitos-sus\/&amp;text=Olha essa Not\u00edcia no Jornal da Franca.\" target=\"_blank\"><span class=\"text-12 badge badge-pill badge-info\"><i class=\"fa fa-telegram\"\/> compartilhar no telegram<\/span><\/a><\/p>\n<p>\t                            <a class=\"mb-1\" href=\"https:\/\/www.facebook.com\/sharer\/sharer.php?u=https:\/\/www.jornaldafranca.com.br\/grupo-santa-casa-de-franca-inaugura-10-novos-leitos-de-uti-e-chega-a-346-leitos-sus\/\" target=\"_blank\"><span class=\"text-12 badge badge-pill badge-primary\"><i class=\"fa fa-facebook\"\/> compartilhar no facebook<\/span><\/a><\/p>\n<p>\t                            <a class=\"mb-1\" href=\"https:\/\/www.linkedin.com\/shareArticle?mini=true&amp;url=https:\/\/www.jornaldafranca.com.br\/grupo-santa-casa-de-franca-inaugura-10-novos-leitos-de-uti-e-chega-a-346-leitos-sus\/&amp;title=Grupo Santa Casa de Franca inaugura 10 novos leitos de UTI e chega a 346 leitos SUS&amp;source=JORNAL DA FRANCA\" target=\"_blank\"><span class=\"text-12 badge badge-pill badge-secondary\"><i class=\"fa fa-linkedin\"\/> compartilhar no linkedin<\/span><\/a><\/p>\n<div class=\"lead text-20\">\n<p>Governo de S\u00e3o Paulo custear\u00e1 a estrutura, oferecendo maior acesso aos cuidados intensivos, em momento de alta demanda por vagas na rede.<\/p>\n<\/p><\/div>\n<p><img data-recalc-dims=\"1\" decoding=\"async\" src=\"https:\/\/i0.wp.com\/www.jornaldafranca.com.br\/wp-content\/uploads\/2025\/05\/02-2.jpg?ssl=1\" alt=\"\"\/><\/p>\n<p>Com um investimento de R$ 2,5 milh\u00f5es, o Grupo Santa Casa de Franca implanta mais 10 novos leitos de UTI nesta \u00faltima semana de maio de 2025,<\/p>\n<p>A a\u00e7\u00e3o vai ampliar o atendimento a pacientes do SUS em um momento de alta demanda e falta de leitos de UTI na rede p\u00fablica de sa\u00fade.<\/p>\n<p>A manuten\u00e7\u00e3o da estrutura ser\u00e1 custeada pelo Governo do Estado de S\u00e3o Paulo que, ciente da crise de falta de leitos, se mobiliza para contratar este servi\u00e7o.<\/p>\n<p>As novas unidades de terapia intensiva contam com equipamentos de \u00faltima gera\u00e7\u00e3o, incluindo ventiladores pulmonares, marcapassos card\u00edacos externos, cardioversores desfibriladores, camas hospitalares el\u00e9tricas, centrais de monitoriza\u00e7\u00e3o com monitores multipar\u00e2metro, entre outros dispositivos fundamentais para o tratamento de casos complexos.<\/p>\n<p><strong>Menos espera<\/strong><\/p>\n<p>A expans\u00e3o desses leitos de UTI \u00e9 crucial para ampliar o n\u00famero de interna\u00e7\u00f5es que exigem tratamento intensivo.<\/p>\n<p>Essa medida diminuir\u00e1 o tempo de espera e responder\u00e1 \u00e0 demanda aguda da rede no outono\/inverno, quando h\u00e1 um pico de doen\u00e7as respirat\u00f3rias \u2013 intensificado pelo baixo \u00edndice de vacina\u00e7\u00e3o \u2013 e outras condi\u00e7\u00f5es que demandam leitos de terapia intensiva.<\/p>\n<p>Para garantir a qualidade do atendimento, o Grupo Santa Casa de Franca est\u00e1 se mobilizando para a contrata\u00e7\u00e3o de m\u00e9dicos e profissionais de enfermagem.<\/p>\n<p><strong>Palavra do presidente<\/strong><\/p>\n<p>O presidente volunt\u00e1rio do Grupo Santa Casa de Franca, Dr. Sidnei Martins de Oliveira, ressalta: \u201cA inaugura\u00e7\u00e3o dos leitos representa um avan\u00e7o significativo para suprir boa parte da demanda por vagas na rede de assist\u00eancia de sa\u00fade p\u00fablica\u201d.<\/p>\n<p>Segundo ele, \u201co compromisso \u00e9 oferecer atendimento de qualidade, proporcionando aos pacientes um tratamento r\u00e1pido e eficaz. Sabemos que cada minuto faz a diferen\u00e7a; e quando falamos de quadros cl\u00ednicos que necessitam de tratamento intensivo, essa estrutura renovada nos permitir\u00e1 salvar ainda mais vidas\u201d.<\/p>\n<p>Com a amplia\u00e7\u00e3o, o Grupo Santa Casa de Franca mant\u00e9m firme sua posi\u00e7\u00e3o de refer\u00eancia em atendimento de alta complexidade para 22 munic\u00edpios, promovendo um atendimento r\u00e1pido, eficiente e humanizado para pacientes que necessitam desses cuidados.<\/p>\n<p><strong>Sobre o Grupo Santa Casa de Franca<\/strong><\/p>\n<p>O Grupo Santa Casa de Franca, refer\u00eancia regional de urg\u00eancia e emerg\u00eancia em m\u00e9dia e alta complexidade, envolve tr\u00eas unidades hospitalares: Hospital Geral, Hospital do C\u00e2ncer (Unidade Oncol\u00f3gica), Hospital do Cora\u00e7\u00e3o (Unidade Coronariana), al\u00e9m de um Centro de Reabilita\u00e7\u00e3o com atendimento multidisciplinar.<\/p>\n<p>A entidade tamb\u00e9m atua como OSS (Organiza\u00e7\u00e3o Social de Sa\u00fade) e administra os AMEs (Ambulat\u00f3rios M\u00e9dicos de Especialidades) das cidades de Franca, Casa Branca, Campinas, Vale do Jurumirim, S\u00e3o Carlos e Ribeir\u00e3o Preto.<\/p>\n<p>Sendo a \u00fanica institui\u00e7\u00e3o de refer\u00eancia terci\u00e1ria do SUS em toda a regi\u00e3o, atende a 22 munic\u00edpios do DRS-VIII (Departamento Regional de Sa\u00fade), incluindo Franca \u2013 o que abrange uma popula\u00e7\u00e3o estimada em mais de 700 mil habitantes.<\/p>\n<p><!-- CONTENT END 1 --><\/p>\n<hr\/><\/div>\n<p><br \/>\n<br \/><a href=\"https:\/\/www.jornaldafranca.com.br\/grupo-santa-casa-de-franca-inaugura-10-novos-leitos-de-uti-e-chega-a-346-leitos-sus\/\">Source link <\/a><\/p>\n","protected":false},"excerpt":{"rendered":"<p>compartilhar no whatsapp compartilhar no telegram compartilhar no facebook compartilhar no linkedin Governo de S\u00e3o Paulo custear\u00e1 a estrutura, oferecendo maior acesso aos cuidados intensivos,&#8230;<\/p>\n","protected":false},"author":1,"featured_media":70087,"comment_status":"open","ping_status":"open","sticky":false,"template":"","format":"standard","meta":{"advanced_seo_description":"","jetpack_seo_html_title":"","jetpack_seo_noindex":false,"jetpack_post_was_ever_published":false,"_jetpack_newsletter_access":"","_jetpack_dont_email_post_to_subs":false,"_jetpack_newsletter_tier_id":0,"_jetpack_memberships_contains_paywalled_content":false,"_jetpack_memberships_contains_paid_content":false,"footnotes":"","jetpack_publicize_message":"","jetpack_publicize_feature_enabled":true,"jetpack_social_post_already_shared":true,"jetpack_social_options":{"image_generator_settings":{"template":"highway","default_image_id":0,"font":"","enabled":false},"version":2}},"categories":[3597],"tags":[],"class_list":["post-70086","post","type-post","status-publish","format-standard","has-post-thumbnail","hentry","category-noticias-franca-sp"],"jetpack_publicize_connections":[],"jetpack_featured_media_url":"https:\/\/i0.wp.com\/noticiasribeiraopreto.com.br\/wp-content\/uploads\/2025\/05\/02-2.jpg?fit=1075%2C649&ssl=1","jetpack-related-posts":[{"id":69995,"url":"https:\/\/noticiasribeiraopreto.com.br\/index.php\/2025\/05\/21\/apos-crise-na-saude-com-falta-de-leitos-vacinacao-contra-gripe-e-liberada-em-franca\/","url_meta":{"origin":70086,"position":0},"title":"Ap\u00f3s crise na sa\u00fade com falta de leitos, vacina\u00e7\u00e3o contra gripe \u00e9 liberada em Franca","author":"noticiasribeiraopreto.com.br","date":"21 de May de 2025","format":false,"excerpt":"H\u00e1 quase um m\u00eas, a falta de leitos em Franca e regi\u00e3o voltou a se agravar, al\u00e9m da demora no atendimento em unidades de sa\u00fade do SUS. Depois de interven\u00e7\u00e3o do Minist\u00e9rio P\u00fablico Estadual e haver um aumento na demanda por atendimento, a Prefeitura de Franca divulgou que a vacina\u00e7\u00e3o\u2026","rel":"","context":"In &quot;Not\u00edcias de Franca-SP&quot;","block_context":{"text":"Not\u00edcias de Franca-SP","link":"https:\/\/noticiasribeiraopreto.com.br\/index.php\/category\/noticias-de-ribeirao-preto-sp-e-regiao-ismael-colosi\/noticias-franca-sp\/"},"img":{"alt_text":"","src":"https:\/\/i0.wp.com\/noticiasribeiraopreto.com.br\/wp-content\/uploads\/2025\/05\/vacina-e1716412248187.jpg?fit=700%2C467&ssl=1&resize=350%2C200","width":350,"height":200,"srcset":"https:\/\/i0.wp.com\/noticiasribeiraopreto.com.br\/wp-content\/uploads\/2025\/05\/vacina-e1716412248187.jpg?fit=700%2C467&ssl=1&resize=350%2C200 1x, https:\/\/i0.wp.com\/noticiasribeiraopreto.com.br\/wp-content\/uploads\/2025\/05\/vacina-e1716412248187.jpg?fit=700%2C467&ssl=1&resize=525%2C300 1.5x, https:\/\/i0.wp.com\/noticiasribeiraopreto.com.br\/wp-content\/uploads\/2025\/05\/vacina-e1716412248187.jpg?fit=700%2C467&ssl=1&resize=700%2C400 2x"},"classes":[]},{"id":65401,"url":"https:\/\/noticiasribeiraopreto.com.br\/index.php\/2025\/03\/19\/jornal-da-franca-veja-o-que-ainda-impede-a-conclusao-das-obras-do-hospital-publico-de-franca\/","url_meta":{"origin":70086,"position":1},"title":"Jornal da Franca &#8211; Veja o que ainda impede a conclus\u00e3o das obras do hospital p\u00fablico de Franca\u00a0","author":"noticiasribeiraopreto.com.br","date":"19 de March de 2025","format":false,"excerpt":"compartilhar no whatsapp compartilhar no telegram compartilhar no facebook compartilhar no linkedin Popula\u00e7\u00e3o de Franca aguarda unidade, que ter\u00e1 \u00e0 disposi\u00e7\u00e3o da popula\u00e7\u00e3o 225 leitos SUS Daniel Bassi e Tarc\u00edsio de Freitas durante vistoria as obras em Franca; unidade ter\u00e1 225 leitos SUS na cidade O presidente da C\u00e2mara Municipal\u2026","rel":"","context":"In &quot;Not\u00edcias de Franca-SP&quot;","block_context":{"text":"Not\u00edcias de Franca-SP","link":"https:\/\/noticiasribeiraopreto.com.br\/index.php\/category\/noticias-de-ribeirao-preto-sp-e-regiao-ismael-colosi\/noticias-franca-sp\/"},"img":{"alt_text":"","src":"https:\/\/i0.wp.com\/noticiasribeiraopreto.com.br\/wp-content\/uploads\/2025\/03\/IMG-20250319-WA0003-scaled.jpg?fit=1200%2C675&ssl=1&resize=350%2C200","width":350,"height":200,"srcset":"https:\/\/i0.wp.com\/noticiasribeiraopreto.com.br\/wp-content\/uploads\/2025\/03\/IMG-20250319-WA0003-scaled.jpg?fit=1200%2C675&ssl=1&resize=350%2C200 1x, https:\/\/i0.wp.com\/noticiasribeiraopreto.com.br\/wp-content\/uploads\/2025\/03\/IMG-20250319-WA0003-scaled.jpg?fit=1200%2C675&ssl=1&resize=525%2C300 1.5x, https:\/\/i0.wp.com\/noticiasribeiraopreto.com.br\/wp-content\/uploads\/2025\/03\/IMG-20250319-WA0003-scaled.jpg?fit=1200%2C675&ssl=1&resize=700%2C400 2x, https:\/\/i0.wp.com\/noticiasribeiraopreto.com.br\/wp-content\/uploads\/2025\/03\/IMG-20250319-WA0003-scaled.jpg?fit=1200%2C675&ssl=1&resize=1050%2C600 3x"},"classes":[]},{"id":70135,"url":"https:\/\/noticiasribeiraopreto.com.br\/index.php\/2025\/05\/23\/novos-leitos-de-uti-em-franca-vai-envolver-investimentos-de-r-25-milhoes\/","url_meta":{"origin":70086,"position":2},"title":"Novos leitos de UTI em Franca vai envolver investimentos de R$ 2,5 milh\u00f5es","author":"noticiasribeiraopreto.com.br","date":"23 de May de 2025","format":false,"excerpt":"Com um investimento de R$ 2,5 milh\u00f5es, o Grupo Santa Casa de Franca, na \u00faltima semana de maio de 2025, implanta mais 10 novos leitos de UTI, a\u00e7\u00e3o que vai ampliar o atendimento a pacientes do SUS em um momento de alta demanda e falta de leitos de UTI na\u2026","rel":"","context":"In &quot;Not\u00edcias de Franca-SP&quot;","block_context":{"text":"Not\u00edcias de Franca-SP","link":"https:\/\/noticiasribeiraopreto.com.br\/index.php\/category\/noticias-de-ribeirao-preto-sp-e-regiao-ismael-colosi\/noticias-franca-sp\/"},"img":{"alt_text":"","src":"https:\/\/i0.wp.com\/noticiasribeiraopreto.com.br\/wp-content\/uploads\/2025\/05\/leito-uti.png?fit=700%2C384&ssl=1&resize=350%2C200","width":350,"height":200,"srcset":"https:\/\/i0.wp.com\/noticiasribeiraopreto.com.br\/wp-content\/uploads\/2025\/05\/leito-uti.png?fit=700%2C384&ssl=1&resize=350%2C200 1x, https:\/\/i0.wp.com\/noticiasribeiraopreto.com.br\/wp-content\/uploads\/2025\/05\/leito-uti.png?fit=700%2C384&ssl=1&resize=525%2C300 1.5x, https:\/\/i0.wp.com\/noticiasribeiraopreto.com.br\/wp-content\/uploads\/2025\/05\/leito-uti.png?fit=700%2C384&ssl=1&resize=700%2C400 2x"},"classes":[]},{"id":72919,"url":"https:\/\/noticiasribeiraopreto.com.br\/index.php\/2025\/06\/23\/jornal-da-franca-vereador-marcelo-tidy-solta-o-verbo-veja-sua-fala-sobre-a-saude-publica-em-franca\/","url_meta":{"origin":70086,"position":3},"title":"Jornal da Franca &#8211; Vereador Marcelo Tidy solta o verbo: veja sua fala sobre a sa\u00fade p\u00fablica em Franca","author":"noticiasribeiraopreto.com.br","date":"23 de June de 2025","format":false,"excerpt":"compartilhar no whatsapp compartilhar no telegram compartilhar no facebook compartilhar no linkedin O parlamentar expressou sua indigna\u00e7\u00e3o com as longas filas de espera por cirurgias e procedimentos m\u00e9dicos, situa\u00e7\u00e3o que afeta a popula\u00e7\u00e3o. Na sess\u00e3o ordin\u00e1ria de ter\u00e7a-feira passada, dia 17 de junho, o vereador Marcelo Tidy (MDB) utilizou a\u2026","rel":"","context":"In &quot;Not\u00edcias de Franca-SP&quot;","block_context":{"text":"Not\u00edcias de Franca-SP","link":"https:\/\/noticiasribeiraopreto.com.br\/index.php\/category\/noticias-de-ribeirao-preto-sp-e-regiao-ismael-colosi\/noticias-franca-sp\/"},"img":{"alt_text":"","src":"https:\/\/i0.wp.com\/noticiasribeiraopreto.com.br\/wp-content\/uploads\/2025\/06\/tidytribuna1706.jpg?fit=930%2C558&ssl=1&resize=350%2C200","width":350,"height":200,"srcset":"https:\/\/i0.wp.com\/noticiasribeiraopreto.com.br\/wp-content\/uploads\/2025\/06\/tidytribuna1706.jpg?fit=930%2C558&ssl=1&resize=350%2C200 1x, https:\/\/i0.wp.com\/noticiasribeiraopreto.com.br\/wp-content\/uploads\/2025\/06\/tidytribuna1706.jpg?fit=930%2C558&ssl=1&resize=525%2C300 1.5x, https:\/\/i0.wp.com\/noticiasribeiraopreto.com.br\/wp-content\/uploads\/2025\/06\/tidytribuna1706.jpg?fit=930%2C558&ssl=1&resize=700%2C400 2x"},"classes":[]},{"id":72991,"url":"https:\/\/noticiasribeiraopreto.com.br\/index.php\/2025\/06\/23\/jornal-da-franca-presidente-da-camara-afirma-fila-por-internacoes-virou-caso-de-policia-em-franca\/","url_meta":{"origin":70086,"position":4},"title":"Jornal da Franca &#8211; Presidente da C\u00e2mara afirma: fila por interna\u00e7\u00f5es virou &#8220;caso de pol\u00edcia&#8221; em Franca","author":"noticiasribeiraopreto.com.br","date":"23 de June de 2025","format":false,"excerpt":"compartilhar no whatsapp compartilhar no telegram compartilhar no facebook compartilhar no linkedin Dezenas de pessoas aguardam por interna\u00e7\u00e3o na Santa Casa de Franca O presidente da C\u00e2mara Municipal de Franca, vereador Daniel Bassi, manifestou preocupa\u00e7\u00e3o com a crise vivenciada na sa\u00fade p\u00fablica da cidade, especialmente quanto \u00e0 falta de leitos\u2026","rel":"","context":"In &quot;Not\u00edcias de Franca-SP&quot;","block_context":{"text":"Not\u00edcias de Franca-SP","link":"https:\/\/noticiasribeiraopreto.com.br\/index.php\/category\/noticias-de-ribeirao-preto-sp-e-regiao-ismael-colosi\/noticias-franca-sp\/"},"img":{"alt_text":"","src":"https:\/\/i0.wp.com\/noticiasribeiraopreto.com.br\/wp-content\/uploads\/2025\/06\/bassipresidente-2-1.jpg?fit=930%2C558&ssl=1&resize=350%2C200","width":350,"height":200,"srcset":"https:\/\/i0.wp.com\/noticiasribeiraopreto.com.br\/wp-content\/uploads\/2025\/06\/bassipresidente-2-1.jpg?fit=930%2C558&ssl=1&resize=350%2C200 1x, https:\/\/i0.wp.com\/noticiasribeiraopreto.com.br\/wp-content\/uploads\/2025\/06\/bassipresidente-2-1.jpg?fit=930%2C558&ssl=1&resize=525%2C300 1.5x, https:\/\/i0.wp.com\/noticiasribeiraopreto.com.br\/wp-content\/uploads\/2025\/06\/bassipresidente-2-1.jpg?fit=930%2C558&ssl=1&resize=700%2C400 2x"},"classes":[]},{"id":69463,"url":"https:\/\/noticiasribeiraopreto.com.br\/index.php\/2025\/05\/06\/jornal-da-franca-camara-questiona-fiscalizacao-de-ruidos-reforma-no-alvaro-azzuz-e-saude-publica\/","url_meta":{"origin":70086,"position":5},"title":"Jornal da Franca &#8211; C\u00e2mara questiona fiscaliza\u00e7\u00e3o de ru\u00eddos, reforma no \u00c1lvaro Azzuz e sa\u00fade p\u00fablica","author":"noticiasribeiraopreto.com.br","date":"6 de May de 2025","format":false,"excerpt":"compartilhar no whatsapp compartilhar no telegram compartilhar no facebook compartilhar no linkedin Propostas tratam de controle de som em estabelecimentos e situa\u00e7\u00e3o dos Centros de Lazer A C\u00e2mara Municipal discute e vota nesta ter\u00e7a-feira uma s\u00e9rie de requerimentos apresentados pelo vereador Marcelo Tidy (MDB), que abordam temas relacionados \u00e0 fiscaliza\u00e7\u00e3o\u2026","rel":"","context":"In &quot;Not\u00edcias de Franca-SP&quot;","block_context":{"text":"Not\u00edcias de Franca-SP","link":"https:\/\/noticiasribeiraopreto.com.br\/index.php\/category\/noticias-de-ribeirao-preto-sp-e-regiao-ismael-colosi\/noticias-franca-sp\/"},"img":{"alt_text":"","src":"https:\/\/i0.wp.com\/noticiasribeiraopreto.com.br\/wp-content\/uploads\/2025\/05\/1746551372_plenariodiagonal_0.jpg?fit=930%2C558&ssl=1&resize=350%2C200","width":350,"height":200,"srcset":"https:\/\/i0.wp.com\/noticiasribeiraopreto.com.br\/wp-content\/uploads\/2025\/05\/1746551372_plenariodiagonal_0.jpg?fit=930%2C558&ssl=1&resize=350%2C200 1x, https:\/\/i0.wp.com\/noticiasribeiraopreto.com.br\/wp-content\/uploads\/2025\/05\/1746551372_plenariodiagonal_0.jpg?fit=930%2C558&ssl=1&resize=525%2C300 1.5x, https:\/\/i0.wp.com\/noticiasribeiraopreto.com.br\/wp-content\/uploads\/2025\/05\/1746551372_plenariodiagonal_0.jpg?fit=930%2C558&ssl=1&resize=700%2C400 2x"},"classes":[]}],"jetpack_sharing_enabled":true,"jetpack_shortlink":"https:\/\/wp.me\/peQAOb-ieq","_links":{"self":[{"href":"https:\/\/noticiasribeiraopreto.com.br\/index.php\/wp-json\/wp\/v2\/posts\/70086","targetHints":{"allow":["GET"]}}],"collection":[{"href":"https:\/\/noticiasribeiraopreto.com.br\/index.php\/wp-json\/wp\/v2\/posts"}],"about":[{"href":"https:\/\/noticiasribeiraopreto.com.br\/index.php\/wp-json\/wp\/v2\/types\/post"}],"author":[{"embeddable":true,"href":"https:\/\/noticiasribeiraopreto.com.br\/index.php\/wp-json\/wp\/v2\/users\/1"}],"replies":[{"embeddable":true,"href":"https:\/\/noticiasribeiraopreto.com.br\/index.php\/wp-json\/wp\/v2\/comments?post=70086"}],"version-history":[{"count":0,"href":"https:\/\/noticiasribeiraopreto.com.br\/index.php\/wp-json\/wp\/v2\/posts\/70086\/revisions"}],"wp:featuredmedia":[{"embeddable":true,"href":"https:\/\/noticiasribeiraopreto.com.br\/index.php\/wp-json\/wp\/v2\/media\/70087"}],"wp:attachment":[{"href":"https:\/\/noticiasribeiraopreto.com.br\/index.php\/wp-json\/wp\/v2\/media?parent=70086"}],"wp:term":[{"taxonomy":"category","embeddable":true,"href":"https:\/\/noticiasribeiraopreto.com.br\/index.php\/wp-json\/wp\/v2\/categories?post=70086"},{"taxonomy":"post_tag","embeddable":true,"href":"https:\/\/noticiasribeiraopreto.com.br\/index.php\/wp-json\/wp\/v2\/tags?post=70086"}],"curies":[{"name":"wp","href":"https:\/\/api.w.org\/{rel}","templated":true}]}}