{"id":70090,"date":"2025-05-22T16:50:00","date_gmt":"2025-05-22T19:50:00","guid":{"rendered":"https:\/\/noticiasribeiraopreto.com.br\/index.php\/2025\/05\/22\/prefeito-e-vice-sancionam-arraia-mio-di-bao-no-calendario-oficial-de-eventos-de-rp\/"},"modified":"2025-05-22T16:50:00","modified_gmt":"2025-05-22T19:50:00","slug":"prefeito-e-vice-sancionam-arraia-mio-di-bao-no-calendario-oficial-de-eventos-de-rp","status":"publish","type":"post","link":"https:\/\/noticiasribeiraopreto.com.br\/index.php\/2025\/05\/22\/prefeito-e-vice-sancionam-arraia-mio-di-bao-no-calendario-oficial-de-eventos-de-rp\/","title":{"rendered":"Prefeito e vice sancionam &#8216;Arrai\u00e1 Mi\u00f3 di B\u00e3o&#8217; no calend\u00e1rio oficial de eventos de RP"},"content":{"rendered":"<div class='code-block code-block-1' style='margin: 8px 0 8px auto; text-align: right; display: block; clear: both;'>\n<p><a href=\"https:\/\/wa.link\/vpicfd\"><img data-recalc-dims=\"1\" class=\"wp-image-4922\" style=\"aspect-ratio: 2.0253164556962027; width: 561px; height: auto;\" src=\"https:\/\/i0.wp.com\/ismaelcolosi.com.br\/wp-content\/uploads\/2023\/11\/grupo-de-empregos-whatsapp-e-facebook-ismael-colosi-vagas.jpg?ssl=1\" alt=\"\" \/><\/a><\/p>\n<!-- \/wp:image -->\n<\/div>\n<p> <br \/>\n<\/p>\n<div>\n<p><em>Projeto aprovado por unanimidade pela C\u00e2mara no \u00faltimo dia 5 deste m\u00eas, foi sancionado na data de hoje com as canetas do prefeito Ricardo Silva e do vice, Alessandro Maraca<\/em><\/p>\n<p>Em despacho na sede da Prefeitura Municipal na tarde desta quinta-feira (22), o prefeito de Ribeir\u00e3o Preto, Ricardo Silva (PSD) e o vice-prefeito Alessandro Maraca (MDB) assinaram a san\u00e7\u00e3o ao projeto de lei que coloca o evento \u201cArrai\u00e1 Mi\u00f3 di B\u00e3o \u2013 Ribeir\u00e3o\u201d no calend\u00e1rio de eventos oficiais no munic\u00edpio. O projeto, de autoria de Maraca quando vereador em 2024, foi resgatado pelo vereador Danilo Scochi (MDB) esse ano e aprovado por unanimidade pela C\u00e2mara de Vereadores, no \u00faltimo dia 5 deste m\u00eas.<\/p>\n<figure id=\"attachment_426525\" aria-describedby=\"caption-attachment-426525\" style=\"width: 2560px\" class=\"wp-caption alignnone\"><img data-recalc-dims=\"1\" loading=\"lazy\" decoding=\"async\" class=\"size-full wp-image-426525\" src=\"https:\/\/i0.wp.com\/www.tribunaribeirao.com.br\/wp-content\/uploads\/2025\/05\/Ricardo-e-Maraca-scaled.jpeg?resize=2560%2C1441&#038;ssl=1\" alt=\"\" width=\"2560\" height=\"1441\" srcset=\"https:\/\/www.tribunaribeirao.com.br\/wp-content\/uploads\/2025\/05\/Ricardo-e-Maraca-scaled.jpeg 2560w, https:\/\/www.tribunaribeirao.com.br\/wp-content\/uploads\/2025\/05\/Ricardo-e-Maraca-300x169.jpeg 300w, https:\/\/www.tribunaribeirao.com.br\/wp-content\/uploads\/2025\/05\/Ricardo-e-Maraca-1024x577.jpeg 1024w, https:\/\/www.tribunaribeirao.com.br\/wp-content\/uploads\/2025\/05\/Ricardo-e-Maraca-768x432.jpeg 768w, https:\/\/www.tribunaribeirao.com.br\/wp-content\/uploads\/2025\/05\/Ricardo-e-Maraca-1536x865.jpeg 1536w, https:\/\/www.tribunaribeirao.com.br\/wp-content\/uploads\/2025\/05\/Ricardo-e-Maraca-2048x1153.jpeg 2048w, https:\/\/www.tribunaribeirao.com.br\/wp-content\/uploads\/2025\/05\/Ricardo-e-Maraca-1920x1081.jpeg 1920w, https:\/\/www.tribunaribeirao.com.br\/wp-content\/uploads\/2025\/05\/Ricardo-e-Maraca-960x540.jpeg 960w, https:\/\/www.tribunaribeirao.com.br\/wp-content\/uploads\/2025\/05\/Ricardo-e-Maraca-710x400.jpeg 710w, https:\/\/www.tribunaribeirao.com.br\/wp-content\/uploads\/2025\/05\/Ricardo-e-Maraca-585x329.jpeg 585w\" sizes=\"auto, (max-width: 2560px) 100vw, 2560px\"\/><figcaption id=\"caption-attachment-426525\" class=\"wp-caption-text\">Prefeito Ricardo Silva e o vice, Alessandro Maraca assinam san\u00e7\u00e3o ao projeto \u2013 Foto Divulga\u00e7\u00e3o<\/figcaption><\/figure>\n<p>Realizado pela KA2RP Eventos o \u201cArrai\u00e1 Mi\u00f3 di B\u00e3o \u2013 Ribeir\u00e3o\u201d \u00e9 considerado a maior festa junina da regi\u00e3o da marcrorregi\u00e3o de Ribeir\u00e3o Preto e est\u00e1 em sua terceira edi\u00e7\u00e3o. Al\u00e9m das tradicionais m\u00fasicas juninas, apresenta\u00e7\u00f5es culturais e folcl\u00f3ricas e as comidas e bebidas t\u00edpicas, outro grande diferencial do evento \u00e9 estender um bra\u00e7o \u00e0 participa\u00e7\u00e3o de v\u00e1rias entidades beneficentes de Ribeir\u00e3o Preto. E a cada ano, uma, em especial, \u00e9 homenageada, com direito \u00e0 parte da renda da venda de alguns produtos.<\/p>\n<p>Em 2023 a homenageada foi a Casa das Mangueiras, em comemora\u00e7\u00e3o aos 50 anos de atividades. J\u00e1 em 2024, o homenageado foi o Lar Padre Euclides, entidade com 105 anos de hist\u00f3ria de assist\u00eancia social. Neste ano, a festa vai reverter o lucro da venda de suco para o Hospital de C\u00e2ncer de Ribeir\u00e3o Preto, mantido pela Funda\u00e7\u00e3o SobecCan, e que atua h\u00e1 31 anos em 28 cidades da Regi\u00e3o Metropolitana.<\/p>\n<p>Outra vertente do projeto \u00e9 o investimento em a\u00e7\u00f5es de sustentabilidade, como por exemplo, a destina\u00e7\u00e3o de todo material recicl\u00e1vel \u2013 especialmente alum\u00ednio das latas de refrigerantes e sucos, material pl\u00e1stico e papel\u00e3o -, para um ecoponto municipal, por meio da reconhecida ONG Cooperagir.<\/p>\n<p>O Arrai\u00e1 Mi\u00f3 di B\u00e3o \u2013 Ribeir\u00e3o! tamb\u00e9m ser\u00e1 um ponto de arrecada\u00e7\u00e3o de agasalhos nesse ano, colaborando com a campanha desenvolvida pelo Fundo Social de Solidariedade, coordenada pela primeira-dama, Carolina Trebi Penatti Silva, arrecadando roupas para pessoas carentes e artigos para pets (roupinhas, coleiras, etc.).<\/p>\n<figure id=\"attachment_426526\" aria-describedby=\"caption-attachment-426526\" style=\"width: 471px\" class=\"wp-caption alignnone\"><img data-recalc-dims=\"1\" loading=\"lazy\" decoding=\"async\" class=\"wp-image-426526\" src=\"https:\/\/i0.wp.com\/www.tribunaribeirao.com.br\/wp-content\/uploads\/2025\/05\/Danilo-Scochi.jpg?resize=471%2C288&#038;ssl=1\" alt=\"\" width=\"471\" height=\"288\"\/><figcaption id=\"caption-attachment-426526\" class=\"wp-caption-text\">O vereador Danilo Scochi (MDB) resgatou o projeto e fez defesa na C\u00e2mara Municipal \u2013 Foto Alfredo Risk<\/figcaption><\/figure>\n<p>\u00a0<\/p>\n<p>\u201cTrata-se de um importante evento realizado em parceria com as entidades do Terceiro Setor do Munic\u00edpio, no qual, al\u00e9m de propiciar ampla divulga\u00e7\u00e3o cultural da nossa cultura\u201d, destacou o vereador Danilo Scochi em defesa do projeto na C\u00e2mara.<\/p>\n<p><strong>Arrai\u00e1 Mi\u00f3 di B\u00e3o \u2013 2025<\/strong><\/p>\n<p>Em sua 3\u00aa edi\u00e7\u00e3o, a festa junina Arrai\u00e1 Mi\u00f3 di B\u00e3o \u2013 Ribeir\u00e3o 2025 acontecer\u00e1 de 30 de maio (pr\u00f3xima sexta-feira) a 29 de junho, no estacionamento do Novo Shopping (ao lado do Goril\u00e3o). O evento contar\u00e1 com 16 dias de festa, trazendo atra\u00e7\u00f5es para toda a fam\u00edlia, al\u00e9m de artistas locais, dan\u00e7as, comidas, bebidas t\u00edpicas e muitas a\u00e7\u00f5es de solidariedade.<\/p>\n<p>Com recorde de p\u00fablico nas edi\u00e7\u00f5es anteriores, o evento foi pensado para proporcionar uma experi\u00eancia em torno das tradi\u00e7\u00f5es populares, em um amplo espa\u00e7o com seguran\u00e7a, pre\u00e7os acess\u00edveis, al\u00e9m de entrada e estacionamento gratuitos. O Arrai\u00e1 Mi\u00f3 Di B\u00e3o re\u00fane espa\u00e7os tem\u00e1ticos, brincadeiras, experi\u00eancias gastron\u00f4micas que remetem \u00e0s ra\u00edzes juninas, al\u00e9m de apresentar artistas conhecidos como Liu Marques, Luisa e Clara Dias, Forr\u00f3 100 D\u00f3, Sydnei Santiago e Z\u00e9 Sim\u00f5es &amp; Parceiros e Neto e Matheus, entre outros.<\/p>\n<p>As interven\u00e7\u00f5es art\u00edsticas s\u00e3o destaque na programa\u00e7\u00e3o cultural, com a participa\u00e7\u00e3o das principais escolas e grupos de dan\u00e7a da cidade, incluindo companhias de escolas da rede p\u00fablica; grupos da terceira idade \u2013 com apoio da Secretaria Municipal da Cultura e Turismo de Ribeir\u00e3o Preto. Ao todo s\u00e3o mais de 400 artistas e profissionais envolvidos nas apresenta\u00e7\u00f5es e na execu\u00e7\u00e3o do evento. \u201cO Arrai\u00e1 \u00e9 uma celebra\u00e7\u00e3o que une folclore, m\u00fasica, dan\u00e7a e gastronomia, e que resgata o verdadeiro sentido da festa junina caipira do nosso interior\u201d, destaca Anderson Silva, da KA2RP Eventos, empresa realizadora do Arrai\u00e1.<\/p>\n<p>O evento tem o patroc\u00ednio do Savegnago Supermercados, Viva M\u00eddia OHH, como Media Partner e apoio do Grupo Santa Maria \u2013 Produtos para o Lar, Rede Ideal e Alcans.<\/p>\n<p>\u00a0<\/p>\n<p>\u2014\u2014\u2014\u2014\u2014\u2014\u2014\u2014\u2014\u2014\u2014\u2014\u2014\u2014\u2014\u2014\u2014\u2014\u2014\u2014\u2014\u2014\u2014\u2014\u2014\u2014\u2014\u2014\u2014\u2014\u2014\u2014\u2014\u2014\u2014\u2014\u2014\u2014\u2014\u2014\u2014\u2014\u2014\u2014\u2014\u2014\u2014\u2014\u2014\u2014\u2014\u2014\u2014-<\/p>\n<p>\u00a0<\/p>\n<p>Jornal Tribuna Ribeir\u00e3o<\/p>\n<p>Um Jornal com a cara de Ribeir\u00e3o!<\/p>\n<p>Impresso | WEB | Redes sociais<\/p>\n<p>Tribuna Ribeir\u00e3o \u2013 Fone: (16) 3632-2200 \u2013 WhatsApp: (16) 98161-8743<\/p>\n<p>Av. Bar\u00e3o do Bananal, 880 \u2013 Jardim Anhanguera, Ribeir\u00e3o Preto<\/p>\n<p>@tribunaribeirao @meiaderibeirao @dinoderibeirao<\/p>\n<p>#TribunaRibeir\u00e3o #News #Not\u00edcia #Ribeir\u00e3oPreto #Not\u00edciasDeRibeir\u00e3oPreto<\/p>\n<p>#ClassificadosTribunaRibeir\u00e3o #Jornalismo #ClassificadosRibeir\u00e3o<\/p>\n<\/div>\n<p><br \/>\n<br \/><a href=\"https:\/\/www.tribunaribeirao.com.br\/prefeito-e-vice-sancionam-arraia-mio-di-bao-no-calendario-oficial-de-eventos-de-rp\/\">Source link <\/a><\/p>\n<!-- CONTENT END 1 -->\n","protected":false},"excerpt":{"rendered":"<p>Projeto aprovado por unanimidade pela C\u00e2mara no \u00faltimo dia 5 deste m\u00eas, foi sancionado na data de hoje com as canetas do prefeito Ricardo Silva&#8230;<\/p>\n","protected":false},"author":1,"featured_media":70091,"comment_status":"open","ping_status":"open","sticky":false,"template":"","format":"standard","meta":{"advanced_seo_description":"","jetpack_seo_html_title":"","jetpack_seo_noindex":false,"jetpack_post_was_ever_published":false,"_jetpack_newsletter_access":"","_jetpack_dont_email_post_to_subs":false,"_jetpack_newsletter_tier_id":0,"_jetpack_memberships_contains_paywalled_content":false,"_jetpack_memberships_contains_paid_content":false,"footnotes":"","jetpack_publicize_message":"","jetpack_publicize_feature_enabled":true,"jetpack_social_post_already_shared":true,"jetpack_social_options":{"image_generator_settings":{"template":"highway","default_image_id":0,"font":"","enabled":false},"version":2}},"categories":[11],"tags":[],"class_list":["post-70090","post","type-post","status-publish","format-standard","has-post-thumbnail","hentry","category-noticias-de-ribeirao-preto-sp-e-regiao-ismael-colosi"],"jetpack_publicize_connections":[],"jetpack_featured_media_url":"https:\/\/i0.wp.com\/noticiasribeiraopreto.com.br\/wp-content\/uploads\/2025\/05\/01_2_Arraia_Mio_Di_Bao_Divulgacao_01.jpg?fit=1389%2C642&ssl=1","jetpack-related-posts":[{"id":70826,"url":"https:\/\/noticiasribeiraopreto.com.br\/index.php\/2025\/05\/30\/vai-comecar-o-arraia-mio-di-bao\/","url_meta":{"origin":70090,"position":0},"title":"Vai come\u00e7ar o Arrai\u00e1 Mi\u00f3 di B\u00e3o!\u00a0","author":"noticiasribeiraopreto.com.br","date":"30 de May de 2025","format":false,"excerpt":"30 de maio de 2025 11:0530 de maio de 2025 11:0510 Compartilhar0 A terceira edi\u00e7\u00e3o do Arrai\u00e1 Mi\u00f3 di B\u00e3o \u2013 Ribeir\u00e3o! promete mais. Sucesso de p\u00fablico e atra\u00e7\u00f5es, a j\u00e1 tradicional festa est\u00e1 de volta e com muitas novidades: uma grade de artistas locais, interven\u00e7\u00f5es art\u00edsticas, comidas e bebidas\u2026","rel":"","context":"In &quot;Not\u00edcias de Ribeir\u00e3o Preto-SP e Regi\u00e3o&quot;","block_context":{"text":"Not\u00edcias de Ribeir\u00e3o Preto-SP e Regi\u00e3o","link":"https:\/\/noticiasribeiraopreto.com.br\/index.php\/category\/noticias-de-ribeirao-preto-sp-e-regiao-ismael-colosi\/"},"img":{"alt_text":"","src":"https:\/\/i0.wp.com\/noticiasribeiraopreto.com.br\/wp-content\/uploads\/2025\/05\/arraia.jpeg?fit=1200%2C680&ssl=1&resize=350%2C200","width":350,"height":200,"srcset":"https:\/\/i0.wp.com\/noticiasribeiraopreto.com.br\/wp-content\/uploads\/2025\/05\/arraia.jpeg?fit=1200%2C680&ssl=1&resize=350%2C200 1x, https:\/\/i0.wp.com\/noticiasribeiraopreto.com.br\/wp-content\/uploads\/2025\/05\/arraia.jpeg?fit=1200%2C680&ssl=1&resize=525%2C300 1.5x, https:\/\/i0.wp.com\/noticiasribeiraopreto.com.br\/wp-content\/uploads\/2025\/05\/arraia.jpeg?fit=1200%2C680&ssl=1&resize=700%2C400 2x, https:\/\/i0.wp.com\/noticiasribeiraopreto.com.br\/wp-content\/uploads\/2025\/05\/arraia.jpeg?fit=1200%2C680&ssl=1&resize=1050%2C600 3x"},"classes":[]},{"id":62024,"url":"https:\/\/noticiasribeiraopreto.com.br\/index.php\/2025\/01\/01\/ricardo-silva-e-empossado-como-prefeito-de-ribeirao-preto-veja-o-video\/","url_meta":{"origin":70090,"position":1},"title":"Ricardo Silva \u00e9 empossado como prefeito de Ribeir\u00e3o Preto; Veja o v\u00eddeo","author":"noticiasribeiraopreto.com.br","date":"1 de January de 2025","format":false,"excerpt":"O prefeito de Ribeir\u00e3o Preto, Ricardo Silva (PSD), foi empossado na manh\u00e3 desta quarta-feira (1\u00ba de janeiro), na C\u00e2mara Municipal, para o mandato entre 2025 e 2028. Al\u00e9m dele, o vice Alessandro Maraca (MDB) e os 22 vereadores tamb\u00e9m foram empossados. A cerim\u00f4nia come\u00e7ou por volta das 10h e foi\u2026","rel":"","context":"In &quot;Not\u00edcias de Ribeir\u00e3o Preto-SP e Regi\u00e3o&quot;","block_context":{"text":"Not\u00edcias de Ribeir\u00e3o Preto-SP e Regi\u00e3o","link":"https:\/\/noticiasribeiraopreto.com.br\/index.php\/category\/noticias-de-ribeirao-preto-sp-e-regiao-ismael-colosi\/"},"img":{"alt_text":"","src":"https:\/\/i0.wp.com\/noticiasribeiraopreto.com.br\/wp-content\/uploads\/2025\/01\/ricardo-silva-5_2025-01-01_13-49-24_jpeg_2025-01-01_13-49-24.webp.webp?fit=1200%2C900&ssl=1&resize=350%2C200","width":350,"height":200,"srcset":"https:\/\/i0.wp.com\/noticiasribeiraopreto.com.br\/wp-content\/uploads\/2025\/01\/ricardo-silva-5_2025-01-01_13-49-24_jpeg_2025-01-01_13-49-24.webp.webp?fit=1200%2C900&ssl=1&resize=350%2C200 1x, https:\/\/i0.wp.com\/noticiasribeiraopreto.com.br\/wp-content\/uploads\/2025\/01\/ricardo-silva-5_2025-01-01_13-49-24_jpeg_2025-01-01_13-49-24.webp.webp?fit=1200%2C900&ssl=1&resize=525%2C300 1.5x, https:\/\/i0.wp.com\/noticiasribeiraopreto.com.br\/wp-content\/uploads\/2025\/01\/ricardo-silva-5_2025-01-01_13-49-24_jpeg_2025-01-01_13-49-24.webp.webp?fit=1200%2C900&ssl=1&resize=700%2C400 2x, https:\/\/i0.wp.com\/noticiasribeiraopreto.com.br\/wp-content\/uploads\/2025\/01\/ricardo-silva-5_2025-01-01_13-49-24_jpeg_2025-01-01_13-49-24.webp.webp?fit=1200%2C900&ssl=1&resize=1050%2C600 3x"},"classes":[]},{"id":61609,"url":"https:\/\/noticiasribeiraopreto.com.br\/index.php\/2024\/12\/17\/vice-prefeito-eleito-precisa-ser-internado-em-ribeirao-preto\/","url_meta":{"origin":70090,"position":2},"title":"Vice-prefeito eleito precisa ser internado em Ribeir\u00e3o Preto","author":"noticiasribeiraopreto.com.br","date":"17 de December de 2024","format":false,"excerpt":"O vereador e vice-prefeito eleito de Ribeir\u00e3o Preto, Alessandro Maraca (MDB), precisou ser internado ap\u00f3s ter sido diagnosticado com uma infec\u00e7\u00e3o renal (sepse) na \u00faltima quinta-feira (12). Segundo a assessoria de Maraca, o parlamentar est\u00e1 se recuperando e aguarda alta hospitalar ainda nesta ter\u00e7a-feira (17). Ele vinha reclamando de dores,\u2026","rel":"","context":"In &quot;Not\u00edcias de Ribeir\u00e3o Preto-SP e Regi\u00e3o&quot;","block_context":{"text":"Not\u00edcias de Ribeir\u00e3o Preto-SP e Regi\u00e3o","link":"https:\/\/noticiasribeiraopreto.com.br\/index.php\/category\/noticias-de-ribeirao-preto-sp-e-regiao-ismael-colosi\/"},"img":{"alt_text":"","src":"https:\/\/i0.wp.com\/noticiasribeiraopreto.com.br\/wp-content\/uploads\/2024\/12\/MARACA_2024-12-17_16-47-16_jpg_2024-12-17_16-47-16.webp.webp?fit=1200%2C800&ssl=1&resize=350%2C200","width":350,"height":200,"srcset":"https:\/\/i0.wp.com\/noticiasribeiraopreto.com.br\/wp-content\/uploads\/2024\/12\/MARACA_2024-12-17_16-47-16_jpg_2024-12-17_16-47-16.webp.webp?fit=1200%2C800&ssl=1&resize=350%2C200 1x, https:\/\/i0.wp.com\/noticiasribeiraopreto.com.br\/wp-content\/uploads\/2024\/12\/MARACA_2024-12-17_16-47-16_jpg_2024-12-17_16-47-16.webp.webp?fit=1200%2C800&ssl=1&resize=525%2C300 1.5x, https:\/\/i0.wp.com\/noticiasribeiraopreto.com.br\/wp-content\/uploads\/2024\/12\/MARACA_2024-12-17_16-47-16_jpg_2024-12-17_16-47-16.webp.webp?fit=1200%2C800&ssl=1&resize=700%2C400 2x, https:\/\/i0.wp.com\/noticiasribeiraopreto.com.br\/wp-content\/uploads\/2024\/12\/MARACA_2024-12-17_16-47-16_jpg_2024-12-17_16-47-16.webp.webp?fit=1200%2C800&ssl=1&resize=1050%2C600 3x"},"classes":[]},{"id":60282,"url":"https:\/\/noticiasribeiraopreto.com.br\/index.php\/2024\/11\/10\/vice-eleito-vai-intermediar-gabinete-de-transicao-com-a-camara-de-ribeirao-preto\/","url_meta":{"origin":70090,"position":3},"title":"Vice eleito vai intermediar gabinete de transi\u00e7\u00e3o com a C\u00e2mara de Ribeir\u00e3o Preto","author":"noticiasribeiraopreto.com.br","date":"10 de November de 2024","format":false,"excerpt":"O vice-prefeito eleito de Ribeir\u00e3o Preto, Alessandro Maraca (MDB), ser\u00e1 o respons\u00e1vel por ser o interlocutor do gabinete de transi\u00e7\u00e3o com a C\u00e2mara Municipal. Atualmente, Maraca exerce o mandato de vereador no Legislativo de Ribeir\u00e3o Preto. \u201cMaraca far\u00e1 o estreitamento deste di\u00e1logo, que consideramos muito necess\u00e1rio e democr\u00e1tico\u201d, disse o\u2026","rel":"","context":"In &quot;Not\u00edcias de Ribeir\u00e3o Preto-SP e Regi\u00e3o&quot;","block_context":{"text":"Not\u00edcias de Ribeir\u00e3o Preto-SP e Regi\u00e3o","link":"https:\/\/noticiasribeiraopreto.com.br\/index.php\/category\/noticias-de-ribeirao-preto-sp-e-regiao-ismael-colosi\/"},"img":{"alt_text":"","src":"https:\/\/i0.wp.com\/noticiasribeiraopreto.com.br\/wp-content\/uploads\/2024\/10\/maraca_2024-10-27_22-59-39_jpg_2024-10-27_22-59-39.webp.webp?fit=1200%2C871&ssl=1&resize=350%2C200","width":350,"height":200,"srcset":"https:\/\/i0.wp.com\/noticiasribeiraopreto.com.br\/wp-content\/uploads\/2024\/10\/maraca_2024-10-27_22-59-39_jpg_2024-10-27_22-59-39.webp.webp?fit=1200%2C871&ssl=1&resize=350%2C200 1x, https:\/\/i0.wp.com\/noticiasribeiraopreto.com.br\/wp-content\/uploads\/2024\/10\/maraca_2024-10-27_22-59-39_jpg_2024-10-27_22-59-39.webp.webp?fit=1200%2C871&ssl=1&resize=525%2C300 1.5x, https:\/\/i0.wp.com\/noticiasribeiraopreto.com.br\/wp-content\/uploads\/2024\/10\/maraca_2024-10-27_22-59-39_jpg_2024-10-27_22-59-39.webp.webp?fit=1200%2C871&ssl=1&resize=700%2C400 2x, https:\/\/i0.wp.com\/noticiasribeiraopreto.com.br\/wp-content\/uploads\/2024\/10\/maraca_2024-10-27_22-59-39_jpg_2024-10-27_22-59-39.webp.webp?fit=1200%2C871&ssl=1&resize=1050%2C600 3x"},"classes":[]},{"id":71818,"url":"https:\/\/noticiasribeiraopreto.com.br\/index.php\/2025\/06\/10\/ricardo-silva-vai-para-israel-nesta-quinta\/","url_meta":{"origin":70090,"position":4},"title":"Ricardo Silva vai para Israel nesta quinta","author":"noticiasribeiraopreto.com.br","date":"10 de June de 2025","format":false,"excerpt":"10 de junho de 2025 14:410 Compartilhar0 O prefeito de Ribeir\u00e3o Preto, Ricardo Silva (PSD) viaja para Israel, nesta quinta-feira, 12 de junho. Ele vai integrar uma delega\u00e7\u00e3o de prefeitos do Estado de S\u00e3o Paulo que, durante seis dias, realizar\u00e1 interc\u00e2mbio com aquele pa\u00eds. O vice-governador Fel\u00edcio Ramuht (PSD) chefiar\u00e1\u2026","rel":"","context":"In &quot;Not\u00edcias de Ribeir\u00e3o Preto-SP e Regi\u00e3o&quot;","block_context":{"text":"Not\u00edcias de Ribeir\u00e3o Preto-SP e Regi\u00e3o","link":"https:\/\/noticiasribeiraopreto.com.br\/index.php\/category\/noticias-de-ribeirao-preto-sp-e-regiao-ismael-colosi\/"},"img":{"alt_text":"","src":"https:\/\/i0.wp.com\/noticiasribeiraopreto.com.br\/wp-content\/uploads\/2025\/06\/Nogueira-Sil-Alfredo-Risk-scaled.jpg?fit=800%2C455&ssl=1&resize=350%2C200","width":350,"height":200,"srcset":"https:\/\/i0.wp.com\/noticiasribeiraopreto.com.br\/wp-content\/uploads\/2025\/06\/Nogueira-Sil-Alfredo-Risk-scaled.jpg?fit=800%2C455&ssl=1&resize=350%2C200 1x, https:\/\/i0.wp.com\/noticiasribeiraopreto.com.br\/wp-content\/uploads\/2025\/06\/Nogueira-Sil-Alfredo-Risk-scaled.jpg?fit=800%2C455&ssl=1&resize=525%2C300 1.5x, https:\/\/i0.wp.com\/noticiasribeiraopreto.com.br\/wp-content\/uploads\/2025\/06\/Nogueira-Sil-Alfredo-Risk-scaled.jpg?fit=800%2C455&ssl=1&resize=700%2C400 2x"},"classes":[]},{"id":82191,"url":"https:\/\/noticiasribeiraopreto.com.br\/index.php\/2026\/02\/06\/empresarios-reivindicam-zeladoria-e-melhorias-no-distrito-empresarial\/","url_meta":{"origin":70090,"position":5},"title":"Empres\u00e1rios reivindicam zeladoria e melhorias no Distrito Empresarial","author":"noticiasribeiraopreto.com.br","date":"6 de February de 2026","format":false,"excerpt":"\r \r \r \r \r 6 de fevereiro de 2026 17:42 \r Compartilhar0 \r Vereador Danilo Scochi foi pessoalmente ao Distrito atendendo pedido da Adderi e organizou uma comitiva para uma visita \u00e0 Prefeitura Atendendo a uma solicita\u00e7\u00e3o da Associa\u00e7\u00e3o de Desenvolvimento do Distrito Empresarial de Ribeir\u00e3o Preto (ADDERI), o\u2026","rel":"","context":"In &quot;Not\u00edcias de Ribeir\u00e3o Preto-SP e Regi\u00e3o&quot;","block_context":{"text":"Not\u00edcias de Ribeir\u00e3o Preto-SP e Regi\u00e3o","link":"https:\/\/noticiasribeiraopreto.com.br\/index.php\/category\/noticias-de-ribeirao-preto-sp-e-regiao-ismael-colosi\/"},"img":{"alt_text":"","src":"https:\/\/i0.wp.com\/noticiasribeiraopreto.com.br\/wp-content\/uploads\/2026\/02\/adderi-03-scaled.jpeg?fit=1200%2C675&ssl=1&resize=350%2C200","width":350,"height":200,"srcset":"https:\/\/i0.wp.com\/noticiasribeiraopreto.com.br\/wp-content\/uploads\/2026\/02\/adderi-03-scaled.jpeg?fit=1200%2C675&ssl=1&resize=350%2C200 1x, https:\/\/i0.wp.com\/noticiasribeiraopreto.com.br\/wp-content\/uploads\/2026\/02\/adderi-03-scaled.jpeg?fit=1200%2C675&ssl=1&resize=525%2C300 1.5x, https:\/\/i0.wp.com\/noticiasribeiraopreto.com.br\/wp-content\/uploads\/2026\/02\/adderi-03-scaled.jpeg?fit=1200%2C675&ssl=1&resize=700%2C400 2x, https:\/\/i0.wp.com\/noticiasribeiraopreto.com.br\/wp-content\/uploads\/2026\/02\/adderi-03-scaled.jpeg?fit=1200%2C675&ssl=1&resize=1050%2C600 3x"},"classes":[]}],"jetpack_sharing_enabled":true,"jetpack_shortlink":"https:\/\/wp.me\/peQAOb-ieu","_links":{"self":[{"href":"https:\/\/noticiasribeiraopreto.com.br\/index.php\/wp-json\/wp\/v2\/posts\/70090","targetHints":{"allow":["GET"]}}],"collection":[{"href":"https:\/\/noticiasribeiraopreto.com.br\/index.php\/wp-json\/wp\/v2\/posts"}],"about":[{"href":"https:\/\/noticiasribeiraopreto.com.br\/index.php\/wp-json\/wp\/v2\/types\/post"}],"author":[{"embeddable":true,"href":"https:\/\/noticiasribeiraopreto.com.br\/index.php\/wp-json\/wp\/v2\/users\/1"}],"replies":[{"embeddable":true,"href":"https:\/\/noticiasribeiraopreto.com.br\/index.php\/wp-json\/wp\/v2\/comments?post=70090"}],"version-history":[{"count":0,"href":"https:\/\/noticiasribeiraopreto.com.br\/index.php\/wp-json\/wp\/v2\/posts\/70090\/revisions"}],"wp:featuredmedia":[{"embeddable":true,"href":"https:\/\/noticiasribeiraopreto.com.br\/index.php\/wp-json\/wp\/v2\/media\/70091"}],"wp:attachment":[{"href":"https:\/\/noticiasribeiraopreto.com.br\/index.php\/wp-json\/wp\/v2\/media?parent=70090"}],"wp:term":[{"taxonomy":"category","embeddable":true,"href":"https:\/\/noticiasribeiraopreto.com.br\/index.php\/wp-json\/wp\/v2\/categories?post=70090"},{"taxonomy":"post_tag","embeddable":true,"href":"https:\/\/noticiasribeiraopreto.com.br\/index.php\/wp-json\/wp\/v2\/tags?post=70090"}],"curies":[{"name":"wp","href":"https:\/\/api.w.org\/{rel}","templated":true}]}}