{"id":70092,"date":"2025-05-22T17:33:07","date_gmt":"2025-05-22T20:33:07","guid":{"rendered":"https:\/\/noticiasribeiraopreto.com.br\/index.php\/2025\/05\/22\/jornal-da-franca-veja-5-preparados-caseiros-que-nao-funcionam-para-eliminar-baratas-da-sua-casa\/"},"modified":"2025-05-22T17:33:07","modified_gmt":"2025-05-22T20:33:07","slug":"jornal-da-franca-veja-5-preparados-caseiros-que-nao-funcionam-para-eliminar-baratas-da-sua-casa","status":"publish","type":"post","link":"https:\/\/noticiasribeiraopreto.com.br\/index.php\/2025\/05\/22\/jornal-da-franca-veja-5-preparados-caseiros-que-nao-funcionam-para-eliminar-baratas-da-sua-casa\/","title":{"rendered":"Jornal da Franca &#8211; Veja 5 preparados caseiros que n\u00e3o funcionam para eliminar baratas da sua casa"},"content":{"rendered":"<p> <br \/>\n<\/p>\n<div>\n\t                            <a class=\"mb-1\" href=\"https:\/\/api.whatsapp.com\/send?text=Olha essa Not\u00edcia no Jornal da Franca.%0D%0D*Veja 5 preparados caseiros que n\u00e3o funcionam para eliminar baratas da sua casa*%0D%0Dclique na url abaixo%0Dhttps:\/\/www.jornaldafranca.com.br\/veja-5-preparados-caseiros-que-nao-funcionam-para-eliminar-baratas-da-sua-casa\/\" target=\"_blank\"><span class=\"text-12 badge badge-pill badge-success\"><i class=\"fa fa-whatsapp\"\/> compartilhar no whatsapp<\/span><\/a><\/p>\n<p>\t                            <a class=\"mb-1\" href=\"https:\/\/telegram.me\/share\/url?url=https:\/\/www.jornaldafranca.com.br\/veja-5-preparados-caseiros-que-nao-funcionam-para-eliminar-baratas-da-sua-casa\/&amp;text=Olha essa Not\u00edcia no Jornal da Franca.\" target=\"_blank\"><span class=\"text-12 badge badge-pill badge-info\"><i class=\"fa fa-telegram\"\/> compartilhar no telegram<\/span><\/a><\/p>\n<p>\t                            <a class=\"mb-1\" href=\"https:\/\/www.facebook.com\/sharer\/sharer.php?u=https:\/\/www.jornaldafranca.com.br\/veja-5-preparados-caseiros-que-nao-funcionam-para-eliminar-baratas-da-sua-casa\/\" target=\"_blank\"><span class=\"text-12 badge badge-pill badge-primary\"><i class=\"fa fa-facebook\"\/> compartilhar no facebook<\/span><\/a><\/p>\n<p>\t                            <a class=\"mb-1\" href=\"https:\/\/www.linkedin.com\/shareArticle?mini=true&amp;url=https:\/\/www.jornaldafranca.com.br\/veja-5-preparados-caseiros-que-nao-funcionam-para-eliminar-baratas-da-sua-casa\/&amp;title=Veja 5 preparados caseiros que n\u00e3o funcionam para eliminar baratas da sua casa&amp;source=JORNAL DA FRANCA\" target=\"_blank\"><span class=\"text-12 badge badge-pill badge-secondary\"><i class=\"fa fa-linkedin\"\/> compartilhar no linkedin<\/span><\/a><\/p>\n<div class=\"lead text-20\">\n<p>Evite perder tempo com solu\u00e7\u00f5es ineficazes, descobrindo 5 rem\u00e9dios caseiros que n\u00e3o funcionam contra baratas, segundo especialistas<\/p>\n<\/p><\/div>\n<p><img data-recalc-dims=\"1\" decoding=\"async\" src=\"https:\/\/i0.wp.com\/www.jornaldafranca.com.br\/wp-content\/uploads\/2025\/05\/arma-vermelha_1046379-3738.jpg?ssl=1\" alt=\"\"\/><\/p>\n<p>Quem j\u00e1 enfrentou uma infesta\u00e7\u00e3o de baratas sabe o quanto pode ser dif\u00edcil se livrar delas completamente. Por isso, muitos recorrem a\u00a0receitas\u00a0caseiras, buscando alternativas naturais e baratas para espant\u00e1-las.<\/p>\n<p>Por\u00e9m, nem toda dica que circula na internet \u00e9 realmente eficaz. Alguns rem\u00e9dios, embora populares, n\u00e3o oferecem o resultado esperado, segundo especialistas da Universidade de Nebraska-Lincoln.<\/p>\n<p>A verdade \u00e9 que, ao usar certos produtos caseiros, muita gente acredita estar protegendo sua casa. S\u00f3 que, na pr\u00e1tica, esses m\u00e9todos n\u00e3o impedem que as baratas voltem.<\/p>\n<p>Pior ainda, em alguns casos, esses truques podem dar uma falsa sensa\u00e7\u00e3o de seguran\u00e7a e permitir que a infesta\u00e7\u00e3o aumente. Saber o que realmente funciona \u00e9 essencial para evitar dores de cabe\u00e7a no futuro.<\/p>\n<p><strong>Veja o que n\u00e3o funciona<\/strong><\/p>\n<p><span id=\"1_Usar_aromas_citricos_ou_cebola_nao_afasta_baratas\" class=\"ez-toc-section\"\/><strong>1. Usar aromas c\u00edtricos ou cebola n\u00e3o afasta baratas<\/strong><\/p>\n<p>Muita gente aposta em cheiros fortes para manter esses insetos longe. Lim\u00e3o, laranja, cebola e at\u00e9 sprays caseiros com cascas desses alimentos s\u00e3o frequentemente usados. No entanto, os especialistas afirmam que, apesar do cheiro desagrad\u00e1vel para humanos, esses aromas n\u00e3o causam qualquer efeito real nas baratas.<\/p>\n<p>Mesmo os produtos comerciais com perfume c\u00edtrico n\u00e3o oferecem resultado garantido. Baratas s\u00e3o adapt\u00e1veis e resistentes. Portanto, confiar apenas nesses odores pode deixar sua casa vulner\u00e1vel a novos focos da praga.<\/p>\n<p><strong>2. Ervas arom\u00e1ticas n\u00e3o impedem infesta\u00e7\u00f5es<\/strong><\/p>\n<p>Outra dica comum \u00e9 espalhar folhas de hortel\u00e3, alecrim ou tomilho em arm\u00e1rios e cantos da casa. A teoria diz que o cheiro dessas ervas repeliria os insetos. No entanto, de acordo com estudos, n\u00e3o h\u00e1 comprova\u00e7\u00e3o cient\u00edfica de que isso realmente funcione com baratas.<\/p>\n<p>Essas ervas at\u00e9 podem trazer um aroma agrad\u00e1vel ao ambiente, mas n\u00e3o devem ser tratadas como m\u00e9todo eficaz contra pragas. Ignorar o controle profissional pode permitir que a infesta\u00e7\u00e3o se agrave sem que voc\u00ea perceba.<\/p>\n<p><span id=\"3_Sal_talco_e_pimenta_vermelha_sao_inuteis\" class=\"ez-toc-section\"\/><strong>3. Sal, talco e pimenta vermelha s\u00e3o in\u00fateis<\/strong><\/p>\n<p>Sal espalhado no ch\u00e3o, talco nos cantos dos arm\u00e1rios e pimenta vermelha nas portas dos m\u00f3veis. Essas s\u00e3o algumas das solu\u00e7\u00f5es caseiras mais populares nas redes sociais. Mas a ci\u00eancia discorda completamente da efic\u00e1cia dessas\u00a0receitas.<\/p>\n<p>Segundo os pesquisadores, esses p\u00f3s n\u00e3o matam baratas nem impedem sua passagem. A pimenta vermelha, inclusive, pode ser ingerida pelos insetos sem causar qualquer dano. Portanto, esse tipo de tentativa apenas desperdi\u00e7a tempo e ingredientes da sua cozinha.<\/p>\n<p><span id=\"4_Bicarbonato_de_sodio_e_um_mito_perigoso\" class=\"ez-toc-section\"\/><strong>4. Bicarbonato de s\u00f3dio \u00e9 um mito perigoso<\/strong><\/p>\n<p>Entre os truques mais divulgados est\u00e1 a mistura de bicarbonato de s\u00f3dio com a\u00e7\u00facar ou farelo. A promessa \u00e9 de que a barata coma a subst\u00e2ncia e morra por conta de uma rea\u00e7\u00e3o qu\u00edmica no est\u00f4mago. No entanto, especialistas chamam isso de \u201cfarsa\u201d.<\/p>\n<p>N\u00e3o h\u00e1 evid\u00eancias reais de que essa t\u00e9cnica funcione. Al\u00e9m disso, usar esse tipo de isca pode fazer com que as baratas se espalhem ainda mais pela casa em busca de alimento, dificultando o controle da praga no futuro.<\/p>\n<p><span id=\"5_Agua_com_sabao_so_serve_em_contato_direto\" class=\"ez-toc-section\"\/><strong>5. \u00c1gua com sab\u00e3o s\u00f3 serve em contato direto<\/strong><\/p>\n<p>Talvez o \u00fanico item da lista que possa funcionar em situa\u00e7\u00f5es muito espec\u00edficas seja a mistura de \u00e1gua com sab\u00e3o. Quando aplicada diretamente em cima da barata, essa solu\u00e7\u00e3o pode sufocar o inseto e mat\u00e1-lo em poucos segundos. Por\u00e9m, isso s\u00f3 \u00e9 \u00fatil se voc\u00ea encontrar a barata e conseguir aplicar o produto na hora.<\/p>\n<p>Como m\u00e9todo de preven\u00e7\u00e3o ou controle de infesta\u00e7\u00e3o, ele n\u00e3o serve. Baratas s\u00e3o noturnas e vivem escondidas. Raramente est\u00e3o vis\u00edveis durante o dia, o que torna essa t\u00e9cnica praticamente in\u00fatil para resolver o problema a longo prazo.<\/p>\n<p><span id=\"Entao_o_que_realmente_funciona_contra_baratas\" class=\"ez-toc-section\"\/><strong>Ent\u00e3o, o que realmente funciona contra baratas?<\/strong><\/p>\n<p>Agora que sabemos o que n\u00e3o funciona, \u00e9 importante entender o que fazer. O primeiro passo \u00e9 manter a casa sempre limpa e livre de restos de alimentos. Tampar ralos, consertar vazamentos e vedar frestas tamb\u00e9m ajuda muito.<\/p>\n<p>Se a infesta\u00e7\u00e3o j\u00e1 come\u00e7ou, a recomenda\u00e7\u00e3o \u00e9 usar produtos espec\u00edficos para controle de pragas ou contratar um servi\u00e7o profissional. Armadilhas com gel inseticida, por exemplo, s\u00e3o muito mais eficazes do que qualquer receita caseira sem comprova\u00e7\u00e3o.<\/p>\n<p><span id=\"Consideracoes_finais\" class=\"ez-toc-section\"\/><strong>Palavra de especialistas<\/strong><\/p>\n<p>Rem\u00e9dios caseiros podem parecer inofensivos, mas confiar apenas neles para eliminar baratas da sua casa \u00e9 um erro. Eles n\u00e3o funcionam como prometem e ainda podem permitir que a praga se espalhe sem que voc\u00ea perceba. Por isso, antes de apostar em\u00a0receitas\u00a0populares, escute o que dizem os especialistas.<\/p>\n<p>Segundo not\u00edcia do portal<a href=\"https:\/\/informebrasil.com.br\/5-remedios-caseiros-que-nao-funcionam-para-eliminar-baratas-da-sua-casa-segundo-especialistas\/\" target=\"_blank\" rel=\"noopener\"><strong> Informe Brasil<\/strong><\/a>, prevenir e controlar baratas exige aten\u00e7\u00e3o, higiene e, quando necess\u00e1rio, ajuda profissional.<\/p>\n<p><!-- CONTENT END 1 --><\/p>\n<hr\/><\/div>\n<p><br \/>\n<br \/><a href=\"https:\/\/www.jornaldafranca.com.br\/veja-5-preparados-caseiros-que-nao-funcionam-para-eliminar-baratas-da-sua-casa\/\">Source link <\/a><\/p>\n","protected":false},"excerpt":{"rendered":"<p>compartilhar no whatsapp compartilhar no telegram compartilhar no facebook compartilhar no linkedin Evite perder tempo com solu\u00e7\u00f5es ineficazes, descobrindo 5 rem\u00e9dios caseiros que n\u00e3o funcionam&#8230;<\/p>\n","protected":false},"author":1,"featured_media":70093,"comment_status":"open","ping_status":"open","sticky":false,"template":"","format":"standard","meta":{"advanced_seo_description":"","jetpack_seo_html_title":"","jetpack_seo_noindex":false,"jetpack_post_was_ever_published":false,"_jetpack_newsletter_access":"","_jetpack_dont_email_post_to_subs":false,"_jetpack_newsletter_tier_id":0,"_jetpack_memberships_contains_paywalled_content":false,"_jetpack_memberships_contains_paid_content":false,"footnotes":"","jetpack_publicize_message":"","jetpack_publicize_feature_enabled":true,"jetpack_social_post_already_shared":true,"jetpack_social_options":{"image_generator_settings":{"template":"highway","default_image_id":0,"font":"","enabled":false},"version":2}},"categories":[3597],"tags":[],"class_list":["post-70092","post","type-post","status-publish","format-standard","has-post-thumbnail","hentry","category-noticias-franca-sp"],"jetpack_publicize_connections":[],"jetpack_featured_media_url":"https:\/\/i0.wp.com\/noticiasribeiraopreto.com.br\/wp-content\/uploads\/2025\/05\/arma-vermelha_1046379-3738.jpg?fit=740%2C494&ssl=1","jetpack-related-posts":[{"id":72002,"url":"https:\/\/noticiasribeiraopreto.com.br\/index.php\/2025\/06\/12\/jornal-da-franca-cinco-partidas-movimentam-a-rodada-da-copa-franca-de-basquete-neste-domingo-15\/","url_meta":{"origin":70092,"position":0},"title":"Jornal da Franca &#8211; Cinco partidas movimentam a rodada da Copa Franca de Basquete neste domingo, 15","author":"noticiasribeiraopreto.com.br","date":"12 de June de 2025","format":false,"excerpt":"compartilhar no whatsapp compartilhar no telegram compartilhar no facebook compartilhar no linkedin Secretaria de Esporte e Cultura de Franca promove competi\u00e7\u00e3o com 28 equipes participantes Jogos acontecem no Gin\u00e1sio Pedroc\u00e3o a partir das 8h30, reunindo equipes da regi\u00e3o \u00a0 A tradicional Copa Franca de Basquete ter\u00e1 mais uma rodada neste\u2026","rel":"","context":"In &quot;Not\u00edcias de Franca-SP&quot;","block_context":{"text":"Not\u00edcias de Franca-SP","link":"https:\/\/noticiasribeiraopreto.com.br\/index.php\/category\/noticias-de-ribeirao-preto-sp-e-regiao-ismael-colosi\/noticias-franca-sp\/"},"img":{"alt_text":"","src":"https:\/\/i0.wp.com\/noticiasribeiraopreto.com.br\/wp-content\/uploads\/2025\/06\/Copa-Basquete.jpeg?fit=1200%2C802&ssl=1&resize=350%2C200","width":350,"height":200,"srcset":"https:\/\/i0.wp.com\/noticiasribeiraopreto.com.br\/wp-content\/uploads\/2025\/06\/Copa-Basquete.jpeg?fit=1200%2C802&ssl=1&resize=350%2C200 1x, https:\/\/i0.wp.com\/noticiasribeiraopreto.com.br\/wp-content\/uploads\/2025\/06\/Copa-Basquete.jpeg?fit=1200%2C802&ssl=1&resize=525%2C300 1.5x, https:\/\/i0.wp.com\/noticiasribeiraopreto.com.br\/wp-content\/uploads\/2025\/06\/Copa-Basquete.jpeg?fit=1200%2C802&ssl=1&resize=700%2C400 2x, https:\/\/i0.wp.com\/noticiasribeiraopreto.com.br\/wp-content\/uploads\/2025\/06\/Copa-Basquete.jpeg?fit=1200%2C802&ssl=1&resize=1050%2C600 3x"},"classes":[]},{"id":69340,"url":"https:\/\/noticiasribeiraopreto.com.br\/index.php\/2025\/05\/05\/jornal-da-franca-implantacao-de-escola-civico-militar-em-franca-e-tema-de-debates-na-camara-municipal\/","url_meta":{"origin":70092,"position":1},"title":"Jornal da Franca &#8211; Implanta\u00e7\u00e3o de escola c\u00edvico-militar em Franca \u00e9 tema de debates na C\u00e2mara Municipal","author":"noticiasribeiraopreto.com.br","date":"5 de May de 2025","format":false,"excerpt":"compartilhar no whatsapp compartilhar no telegram compartilhar no facebook compartilhar no linkedin Mun\u00edcipe agradece apoio de vereadores e parlamentares para que Franca fosse contemplada com o modelo educacional A implanta\u00e7\u00e3o do Programa das Escolas C\u00edvico-Militares em Franca, pauta defendida pela direita, foi tema abordado durante a sess\u00e3o ordin\u00e1ria da C\u00e2mara\u2026","rel":"","context":"In &quot;Not\u00edcias de Franca-SP&quot;","block_context":{"text":"Not\u00edcias de Franca-SP","link":"https:\/\/noticiasribeiraopreto.com.br\/index.php\/category\/noticias-de-ribeirao-preto-sp-e-regiao-ismael-colosi\/noticias-franca-sp\/"},"img":{"alt_text":"","src":"https:\/\/i0.wp.com\/noticiasribeiraopreto.com.br\/wp-content\/uploads\/2025\/05\/1746449336_plenariodiagonal_0.jpg?fit=930%2C558&ssl=1&resize=350%2C200","width":350,"height":200,"srcset":"https:\/\/i0.wp.com\/noticiasribeiraopreto.com.br\/wp-content\/uploads\/2025\/05\/1746449336_plenariodiagonal_0.jpg?fit=930%2C558&ssl=1&resize=350%2C200 1x, https:\/\/i0.wp.com\/noticiasribeiraopreto.com.br\/wp-content\/uploads\/2025\/05\/1746449336_plenariodiagonal_0.jpg?fit=930%2C558&ssl=1&resize=525%2C300 1.5x, https:\/\/i0.wp.com\/noticiasribeiraopreto.com.br\/wp-content\/uploads\/2025\/05\/1746449336_plenariodiagonal_0.jpg?fit=930%2C558&ssl=1&resize=700%2C400 2x"},"classes":[]},{"id":69220,"url":"https:\/\/noticiasribeiraopreto.com.br\/index.php\/2025\/05\/03\/jornal-da-franca-socorristas-que-salvaram-crianca-em-franca-recebem-mocao-de-aplausos-da-camara\/","url_meta":{"origin":70092,"position":2},"title":"Jornal da Franca &#8211; Socorristas que salvaram crian\u00e7a em Franca\u00a0recebem Mo\u00e7\u00e3o de Aplausos da C\u00e2mara","author":"noticiasribeiraopreto.com.br","date":"3 de May de 2025","format":false,"excerpt":"compartilhar no whatsapp compartilhar no telegram compartilhar no facebook compartilhar no linkedin Mo\u00e7\u00e3o reconhece trabalho de equipe de sa\u00fade que atuou no salvamento de beb\u00ea A C\u00e2mara aprovou a Mo\u00e7\u00e3o de Aplausos n\u00ba 41 de 2025, de autoria do vereador Walker Bombeiro da Libras, para a equipe de sa\u00fade da\u2026","rel":"","context":"In &quot;Not\u00edcias de Franca-SP&quot;","block_context":{"text":"Not\u00edcias de Franca-SP","link":"https:\/\/noticiasribeiraopreto.com.br\/index.php\/category\/noticias-de-ribeirao-preto-sp-e-regiao-ismael-colosi\/noticias-franca-sp\/"},"img":{"alt_text":"","src":"https:\/\/i0.wp.com\/noticiasribeiraopreto.com.br\/wp-content\/uploads\/2025\/05\/mocaoravi17sessao.jpg?fit=1000%2C562&ssl=1&resize=350%2C200","width":350,"height":200,"srcset":"https:\/\/i0.wp.com\/noticiasribeiraopreto.com.br\/wp-content\/uploads\/2025\/05\/mocaoravi17sessao.jpg?fit=1000%2C562&ssl=1&resize=350%2C200 1x, https:\/\/i0.wp.com\/noticiasribeiraopreto.com.br\/wp-content\/uploads\/2025\/05\/mocaoravi17sessao.jpg?fit=1000%2C562&ssl=1&resize=525%2C300 1.5x, https:\/\/i0.wp.com\/noticiasribeiraopreto.com.br\/wp-content\/uploads\/2025\/05\/mocaoravi17sessao.jpg?fit=1000%2C562&ssl=1&resize=700%2C400 2x"},"classes":[]},{"id":64747,"url":"https:\/\/noticiasribeiraopreto.com.br\/index.php\/2025\/03\/12\/jornal-da-franca-autoridades-e-produtores-rurais-de-franca-fazem-abertura-da-16-edicao-do-simcafe\/","url_meta":{"origin":70092,"position":3},"title":"Jornal da Franca &#8211; Autoridades e produtores rurais de Franca fazem abertura da 16\u00b0 edi\u00e7\u00e3o do SimCaf\u00e9","author":"noticiasribeiraopreto.com.br","date":"12 de March de 2025","format":false,"excerpt":"compartilhar no whatsapp compartilhar no telegram compartilhar no facebook compartilhar no linkedin Evento re\u00fane cafeicultores e empresas do setor de agro de Franca e regi\u00e3o O Simcaf\u00e9 \u2013 Simp\u00f3sio do Agroneg\u00f3cio Caf\u00e9 da Alta Mogiana \u2013 teve sua 16\u00b0 edi\u00e7\u00e3o aberta nesta ter\u00e7a-feira com a presen\u00e7a de diversas autoridades pol\u00edticas.\u2026","rel":"","context":"In &quot;Not\u00edcias de Franca-SP&quot;","block_context":{"text":"Not\u00edcias de Franca-SP","link":"https:\/\/noticiasribeiraopreto.com.br\/index.php\/category\/noticias-de-ribeirao-preto-sp-e-regiao-ismael-colosi\/noticias-franca-sp\/"},"img":{"alt_text":"","src":"https:\/\/i0.wp.com\/noticiasribeiraopreto.com.br\/wp-content\/uploads\/2025\/03\/IMG_20250311_180004.jpg?fit=804%2C730&ssl=1&resize=350%2C200","width":350,"height":200,"srcset":"https:\/\/i0.wp.com\/noticiasribeiraopreto.com.br\/wp-content\/uploads\/2025\/03\/IMG_20250311_180004.jpg?fit=804%2C730&ssl=1&resize=350%2C200 1x, https:\/\/i0.wp.com\/noticiasribeiraopreto.com.br\/wp-content\/uploads\/2025\/03\/IMG_20250311_180004.jpg?fit=804%2C730&ssl=1&resize=525%2C300 1.5x, https:\/\/i0.wp.com\/noticiasribeiraopreto.com.br\/wp-content\/uploads\/2025\/03\/IMG_20250311_180004.jpg?fit=804%2C730&ssl=1&resize=700%2C400 2x"},"classes":[]},{"id":69837,"url":"https:\/\/noticiasribeiraopreto.com.br\/index.php\/2025\/05\/09\/jornal-da-franca-comissao-da-camara-de-franca-cobra-informacoes-das-secretarias-de-saude-e-educacao\/","url_meta":{"origin":70092,"position":4},"title":"Jornal da Franca &#8211; Comiss\u00e3o da C\u00e2mara de Franca cobra informa\u00e7\u00f5es das secretarias de Sa\u00fade e Educa\u00e7\u00e3o","author":"noticiasribeiraopreto.com.br","date":"9 de May de 2025","format":false,"excerpt":"compartilhar no whatsapp compartilhar no telegram compartilhar no facebook compartilhar no linkedin Grupo de vereadores fiscaliza condi\u00e7\u00f5es de trabalho de servidores municipais Os vereadores Mar\u00edlia Martins (PSOL), Gilson Pelizaro (PT), Marcelo Tidy (MDB) e Zezinho Cabeleireiro (PSD), integrantes da Comiss\u00e3o Especial de Assuntos Relevantes (CEAR) da C\u00e2mara Municipal de Franca,\u2026","rel":"","context":"In &quot;Not\u00edcias de Franca-SP&quot;","block_context":{"text":"Not\u00edcias de Franca-SP","link":"https:\/\/noticiasribeiraopreto.com.br\/index.php\/category\/noticias-de-ribeirao-preto-sp-e-regiao-ismael-colosi\/noticias-franca-sp\/"},"img":{"alt_text":"","src":"https:\/\/i0.wp.com\/noticiasribeiraopreto.com.br\/wp-content\/uploads\/2025\/05\/pLENARIO-10.jpg?fit=930%2C558&ssl=1&resize=350%2C200","width":350,"height":200,"srcset":"https:\/\/i0.wp.com\/noticiasribeiraopreto.com.br\/wp-content\/uploads\/2025\/05\/pLENARIO-10.jpg?fit=930%2C558&ssl=1&resize=350%2C200 1x, https:\/\/i0.wp.com\/noticiasribeiraopreto.com.br\/wp-content\/uploads\/2025\/05\/pLENARIO-10.jpg?fit=930%2C558&ssl=1&resize=525%2C300 1.5x, https:\/\/i0.wp.com\/noticiasribeiraopreto.com.br\/wp-content\/uploads\/2025\/05\/pLENARIO-10.jpg?fit=930%2C558&ssl=1&resize=700%2C400 2x"},"classes":[]},{"id":67863,"url":"https:\/\/noticiasribeiraopreto.com.br\/index.php\/2025\/04\/19\/jornal-da-franca-sesi-franca-quer-vencer-o-cordoba-e-deixar-a-champions-league-de-cabeca-erguida\/","url_meta":{"origin":70092,"position":5},"title":"Jornal da Franca &#8211; Sesi Franca quer vencer o C\u00f3rdoba e deixar a Champions League de cabe\u00e7a erguida","author":"noticiasribeiraopreto.com.br","date":"19 de April de 2025","format":false,"excerpt":"compartilhar no whatsapp compartilhar no telegram compartilhar no facebook compartilhar no linkedin Jogo de hoje servir\u00e1 para a equipe se reencontrar e encerrar campeonato honrosamente O Sesi Franca ainda procura se reencontrar ap\u00f3s a elimina\u00e7\u00e3o contra o Flamengo pelas semifinais da Champions League, por 91 a 65, na noite desta\u2026","rel":"","context":"In &quot;Not\u00edcias de Franca-SP&quot;","block_context":{"text":"Not\u00edcias de Franca-SP","link":"https:\/\/noticiasribeiraopreto.com.br\/index.php\/category\/noticias-de-ribeirao-preto-sp-e-regiao-ismael-colosi\/noticias-franca-sp\/"},"img":{"alt_text":"","src":"https:\/\/i0.wp.com\/noticiasribeiraopreto.com.br\/wp-content\/uploads\/2025\/04\/IMG_20250418_111654.jpg?fit=1080%2C710&ssl=1&resize=350%2C200","width":350,"height":200,"srcset":"https:\/\/i0.wp.com\/noticiasribeiraopreto.com.br\/wp-content\/uploads\/2025\/04\/IMG_20250418_111654.jpg?fit=1080%2C710&ssl=1&resize=350%2C200 1x, https:\/\/i0.wp.com\/noticiasribeiraopreto.com.br\/wp-content\/uploads\/2025\/04\/IMG_20250418_111654.jpg?fit=1080%2C710&ssl=1&resize=525%2C300 1.5x, https:\/\/i0.wp.com\/noticiasribeiraopreto.com.br\/wp-content\/uploads\/2025\/04\/IMG_20250418_111654.jpg?fit=1080%2C710&ssl=1&resize=700%2C400 2x, https:\/\/i0.wp.com\/noticiasribeiraopreto.com.br\/wp-content\/uploads\/2025\/04\/IMG_20250418_111654.jpg?fit=1080%2C710&ssl=1&resize=1050%2C600 3x"},"classes":[]}],"jetpack_sharing_enabled":true,"jetpack_shortlink":"https:\/\/wp.me\/peQAOb-iew","_links":{"self":[{"href":"https:\/\/noticiasribeiraopreto.com.br\/index.php\/wp-json\/wp\/v2\/posts\/70092","targetHints":{"allow":["GET"]}}],"collection":[{"href":"https:\/\/noticiasribeiraopreto.com.br\/index.php\/wp-json\/wp\/v2\/posts"}],"about":[{"href":"https:\/\/noticiasribeiraopreto.com.br\/index.php\/wp-json\/wp\/v2\/types\/post"}],"author":[{"embeddable":true,"href":"https:\/\/noticiasribeiraopreto.com.br\/index.php\/wp-json\/wp\/v2\/users\/1"}],"replies":[{"embeddable":true,"href":"https:\/\/noticiasribeiraopreto.com.br\/index.php\/wp-json\/wp\/v2\/comments?post=70092"}],"version-history":[{"count":0,"href":"https:\/\/noticiasribeiraopreto.com.br\/index.php\/wp-json\/wp\/v2\/posts\/70092\/revisions"}],"wp:featuredmedia":[{"embeddable":true,"href":"https:\/\/noticiasribeiraopreto.com.br\/index.php\/wp-json\/wp\/v2\/media\/70093"}],"wp:attachment":[{"href":"https:\/\/noticiasribeiraopreto.com.br\/index.php\/wp-json\/wp\/v2\/media?parent=70092"}],"wp:term":[{"taxonomy":"category","embeddable":true,"href":"https:\/\/noticiasribeiraopreto.com.br\/index.php\/wp-json\/wp\/v2\/categories?post=70092"},{"taxonomy":"post_tag","embeddable":true,"href":"https:\/\/noticiasribeiraopreto.com.br\/index.php\/wp-json\/wp\/v2\/tags?post=70092"}],"curies":[{"name":"wp","href":"https:\/\/api.w.org\/{rel}","templated":true}]}}