{"id":70094,"date":"2025-05-22T18:18:19","date_gmt":"2025-05-22T21:18:19","guid":{"rendered":"https:\/\/noticiasribeiraopreto.com.br\/index.php\/2025\/05\/22\/pm-e-flagrado-empinando-moto-em-ribeirao-preto-veja-video\/"},"modified":"2025-05-22T18:18:19","modified_gmt":"2025-05-22T21:18:19","slug":"pm-e-flagrado-empinando-moto-em-ribeirao-preto-veja-video","status":"publish","type":"post","link":"https:\/\/noticiasribeiraopreto.com.br\/index.php\/2025\/05\/22\/pm-e-flagrado-empinando-moto-em-ribeirao-preto-veja-video\/","title":{"rendered":"PM \u00e9 flagrado empinando moto em Ribeir\u00e3o Preto; veja v\u00eddeo"},"content":{"rendered":"<div class='code-block code-block-1' style='margin: 8px 0 8px auto; text-align: right; display: block; clear: both;'>\n<p><a href=\"https:\/\/wa.link\/vpicfd\"><img data-recalc-dims=\"1\" class=\"wp-image-4922\" style=\"aspect-ratio: 2.0253164556962027; width: 561px; height: auto;\" src=\"https:\/\/i0.wp.com\/ismaelcolosi.com.br\/wp-content\/uploads\/2023\/11\/grupo-de-empregos-whatsapp-e-facebook-ismael-colosi-vagas.jpg?ssl=1\" alt=\"\" \/><\/a><\/p>\n<!-- \/wp:image -->\n<\/div>\n<p> <br \/>\n<\/p>\n<p>Um <strong>policial militar foi flagrado empinando uma moto na rotat\u00f3ria entre a rua Petr\u00f3polis e a avenida Brasil<\/strong>, na zona Norte de <strong>Ribeir\u00e3o Preto.<\/strong><\/p>\n<p>Em nota, a <strong>Secretaria de Seguran\u00e7a P\u00fablica informou que tomou conhecimento do v\u00eddeo <\/strong>e <strong>determinou a imediata apura\u00e7\u00e3o para identificar o policial envolvido<\/strong> e adotar as medidas cab\u00edveis.<\/p>\n<p>A corpora\u00e7\u00e3o afirmou ainda que n\u00e3o compactua com condutas que contrariem os princ\u00edpios da disciplina e da \u00e9tica profissional, refor\u00e7ando seu compromisso com a responsabilidade e a corre\u00e7\u00e3o no uso dos equipamentos p\u00fablicos.<\/p>\n<h3 class=\"wp-block-heading\"><strong>Veja v\u00eddeo:<\/strong><\/h3>\n<blockquote class=\"instagram-media\" data-instgrm-permalink=\"https:\/\/www.instagram.com\/reel\/DJ-GYM9h3Gd\/?utm_source=ig_embed&amp;utm_campaign=loading\" data-instgrm-version=\"14\" style=\"background:#FFF;border:0;border-radius:3px;margin: 1px;max-width:540px;min-width:326px;padding:0;width:99.375%;width:-webkit-calc(100% - 2px);width:calc(100% - 2px)\">\n<div style=\"padding:16px\"> <a href=\"https:\/\/www.instagram.com\/reel\/DJ-GYM9h3Gd\/?utm_source=ig_embed&amp;utm_campaign=loading\" style=\"background:#FFFFFF;line-height:0;padding:0 0;text-align:center;text-decoration:none;width:100%\" target=\"_blank\"> <\/p>\n<div style=\"flex-direction: row;align-items: center\">\n<div style=\"background-color: #F4F4F4;border-radius: 50%;flex-grow: 0;height: 40px;margin-right: 14px;width: 40px\"><\/div>\n<div style=\"flex-direction: column;flex-grow: 1;justify-content: center\">\n<div style=\"background-color: #F4F4F4;border-radius: 4px;flex-grow: 0;height: 14px;margin-bottom: 6px;width: 100px\"><\/div>\n<div style=\"background-color: #F4F4F4;border-radius: 4px;flex-grow: 0;height: 14px;width: 60px\"><\/div>\n<\/div>\n<\/div>\n<div style=\"padding: 19% 0\"><\/div>\n<div style=\"height:50px;margin:0 auto 12px;width:50px\"><\/div>\n<div style=\"padding-top: 8px\">\n<div style=\"color:#3897f0;font-family:Arial,sans-serif;font-size:14px;font-style:normal;font-weight:550;line-height:18px\">Ver essa foto no Instagram<\/div>\n<\/div>\n<div style=\"padding: 12.5% 0\"><\/div>\n<div style=\"flex-direction: row;margin-bottom: 14px;align-items: center\">\n<div>\n<div style=\"background-color: #F4F4F4;border-radius: 50%;height: 12.5px;width: 12.5px\"><\/div>\n<div style=\"background-color: #F4F4F4;height: 12.5px;width: 12.5px;flex-grow: 0;margin-right: 14px;margin-left: 2px\"><\/div>\n<div style=\"background-color: #F4F4F4;border-radius: 50%;height: 12.5px;width: 12.5px\"><\/div>\n<\/div>\n<div style=\"margin-left: 8px\">\n<div style=\"background-color: #F4F4F4;border-radius: 50%;flex-grow: 0;height: 20px;width: 20px\"><\/div>\n<div style=\"width: 0;height: 0;border-top: 2px solid transparent;border-left: 6px solid #f4f4f4;border-bottom: 2px solid transparent\"><\/div>\n<\/div>\n<div style=\"margin-left: auto\">\n<div style=\"width: 0px;border-top: 8px solid #F4F4F4;border-right: 8px solid transparent\"><\/div>\n<div style=\"background-color: #F4F4F4;flex-grow: 0;height: 12px;width: 16px\"><\/div>\n<div style=\"width: 0;height: 0;border-top: 8px solid #F4F4F4;border-left: 8px solid transparent\"><\/div>\n<\/div>\n<\/div>\n<div style=\"flex-direction: column;flex-grow: 1;justify-content: center;margin-bottom: 24px\">\n<div style=\"background-color: #F4F4F4;border-radius: 4px;flex-grow: 0;height: 14px;margin-bottom: 6px;width: 224px\"><\/div>\n<div style=\"background-color: #F4F4F4;border-radius: 4px;flex-grow: 0;height: 14px;width: 144px\"><\/div>\n<\/div>\n<p><\/a><\/p>\n<p style=\"color:#c9c8cd;font-family:Arial,sans-serif;font-size:14px;line-height:17px;margin-bottom:0;margin-top:8px;overflow:hidden;padding:8px 0 7px;text-align:center\"><a href=\"https:\/\/www.instagram.com\/reel\/DJ-GYM9h3Gd\/?utm_source=ig_embed&amp;utm_campaign=loading\" style=\"color:#c9c8cd;font-family:Arial,sans-serif;font-size:14px;font-style:normal;font-weight:normal;line-height:17px;text-decoration:none\" target=\"_blank\">Uma publica\u00e7\u00e3o compartilhada por acidade on Ribeir\u00e3o (@acidadeonribeirao)<\/a><\/p>\n<\/div>\n<\/blockquote>\n<p>SAIBA MAIS<\/p>\n<p>USP Ribeir\u00e3o Preto busca participantes para pesquisa sobre bruxismo<\/p>\n<h4 class=\"wp-block-heading\"><strong>FIQUE ON<\/strong><\/h4>\n<p>Fique ligado em tudo que acontece em Ribeir\u00e3o Preto e regi\u00e3o. Siga os perfis do<strong>&nbsp;acidade on&nbsp;<\/strong>no<a href=\"https:\/\/www.instagram.com\/acidadeonribeirao\">&nbsp;Instagram&nbsp;<\/a>e no&nbsp;<a href=\"https:\/\/www.facebook.com\/acidadeonribeirao\/\">Facebook.<\/a><\/p>\n<p>Receba not\u00edcias do&nbsp;<strong>acidade on&nbsp;<\/strong>no WhatsApp.&nbsp;<a href=\"https:\/\/chat.whatsapp.com\/BjKQZ9oJwlz8VVT50NuePq\">Para entrar no grupo, basta clicar aqui.<\/a><\/p>\n<p>Fa\u00e7a uma den\u00fancia ou sugira uma reportagem sobre Ribeir\u00e3o Preto e regi\u00e3o pelo WhatsApp: 16 99117 7802.<\/p>\n<p>VEJA TAMB\u00c9M<\/p>\n<p>Sobre o que \u00e9 o novo document\u00e1rio da Rita Lee?<\/p>\n<p>O post PM \u00e9 flagrado empinando moto em Ribeir\u00e3o Preto; veja v\u00eddeo apareceu primeiro em ACidade ON Ribeir\u00e3o Preto.<\/p>\n<p><script async src=\"\/\/www.instagram.com\/embed.js\"><\/script><br \/>\n<br \/><br \/>\n<br \/><a href=\"https:\/\/www.acidadeon.com\/ribeiraopreto\/cotidiano\/pm-e-flagrado-empinando-moto-em-ribeirao-preto-veja-video\/\">Source link <\/a><\/p>\n<!-- CONTENT END 1 -->\n","protected":false},"excerpt":{"rendered":"<p>Um policial militar foi flagrado empinando uma moto na rotat\u00f3ria entre a rua Petr\u00f3polis e a avenida Brasil, na zona Norte de Ribeir\u00e3o Preto. Em&#8230;<\/p>\n","protected":false},"author":1,"featured_media":70095,"comment_status":"open","ping_status":"open","sticky":false,"template":"","format":"standard","meta":{"advanced_seo_description":"","jetpack_seo_html_title":"","jetpack_seo_noindex":false,"jetpack_post_was_ever_published":false,"_jetpack_newsletter_access":"","_jetpack_dont_email_post_to_subs":false,"_jetpack_newsletter_tier_id":0,"_jetpack_memberships_contains_paywalled_content":false,"_jetpack_memberships_contains_paid_content":false,"footnotes":"","jetpack_publicize_message":"","jetpack_publicize_feature_enabled":true,"jetpack_social_post_already_shared":true,"jetpack_social_options":{"image_generator_settings":{"template":"highway","default_image_id":0,"font":"","enabled":false},"version":2}},"categories":[11],"tags":[],"class_list":["post-70094","post","type-post","status-publish","format-standard","has-post-thumbnail","hentry","category-noticias-de-ribeirao-preto-sp-e-regiao-ismael-colosi"],"jetpack_publicize_connections":[],"jetpack_featured_media_url":"https:\/\/i0.wp.com\/noticiasribeiraopreto.com.br\/wp-content\/uploads\/2025\/05\/f_2025-05-22_20-48-47.webp.webp?fit=826%2C534&ssl=1","jetpack-related-posts":[{"id":70120,"url":"https:\/\/noticiasribeiraopreto.com.br\/index.php\/2025\/05\/22\/rp-mobi-divulga-data-para-ligar-semaforos-na-rotatoria-amin-calil-veja-quando\/","url_meta":{"origin":70094,"position":0},"title":"RP Mobi divulga data para ligar sem\u00e1foros na rotat\u00f3ria Amin Calil; Veja quando","author":"noticiasribeiraopreto.com.br","date":"22 de May de 2025","format":false,"excerpt":"A RP Mobi definiu a data para de in\u00edcio do funcionamento dos quatro sem\u00e1foros da rotat\u00f3ria Amin Calil, em Ribeir\u00e3o Preto. Segundo a empresa, a opera\u00e7\u00e3o ter\u00e1 in\u00edcio nesta sexta-feira (23). O hor\u00e1rio previsto \u00e9 \u00e0s 9h. Os sem\u00e1foros ficam nos acessos a partir da Via Francisco Magioni, rua Rodrigues\u2026","rel":"","context":"In &quot;Not\u00edcias de Ribeir\u00e3o Preto-SP e Regi\u00e3o&quot;","block_context":{"text":"Not\u00edcias de Ribeir\u00e3o Preto-SP e Regi\u00e3o","link":"https:\/\/noticiasribeiraopreto.com.br\/index.php\/category\/noticias-de-ribeirao-preto-sp-e-regiao-ismael-colosi\/"},"img":{"alt_text":"","src":"https:\/\/i0.wp.com\/noticiasribeiraopreto.com.br\/wp-content\/uploads\/2025\/05\/WhatsApp-Image-2025-05-22-at-17.47.57_2025-05-22_21-14-39.webp.webp?fit=1200%2C675&ssl=1&resize=350%2C200","width":350,"height":200,"srcset":"https:\/\/i0.wp.com\/noticiasribeiraopreto.com.br\/wp-content\/uploads\/2025\/05\/WhatsApp-Image-2025-05-22-at-17.47.57_2025-05-22_21-14-39.webp.webp?fit=1200%2C675&ssl=1&resize=350%2C200 1x, https:\/\/i0.wp.com\/noticiasribeiraopreto.com.br\/wp-content\/uploads\/2025\/05\/WhatsApp-Image-2025-05-22-at-17.47.57_2025-05-22_21-14-39.webp.webp?fit=1200%2C675&ssl=1&resize=525%2C300 1.5x, https:\/\/i0.wp.com\/noticiasribeiraopreto.com.br\/wp-content\/uploads\/2025\/05\/WhatsApp-Image-2025-05-22-at-17.47.57_2025-05-22_21-14-39.webp.webp?fit=1200%2C675&ssl=1&resize=700%2C400 2x, https:\/\/i0.wp.com\/noticiasribeiraopreto.com.br\/wp-content\/uploads\/2025\/05\/WhatsApp-Image-2025-05-22-at-17.47.57_2025-05-22_21-14-39.webp.webp?fit=1200%2C675&ssl=1&resize=1050%2C600 3x"},"classes":[]},{"id":75917,"url":"https:\/\/noticiasribeiraopreto.com.br\/index.php\/2025\/08\/18\/menino-de-10-anos-e-flagrado-em-manobras-arriscadas-com-moto\/","url_meta":{"origin":70094,"position":1},"title":"Menino de 10 anos \u00e9 flagrado em manobras arriscadas com moto","author":"noticiasribeiraopreto.com.br","date":"18 de August de 2025","format":false,"excerpt":"Crian\u00e7a estava empinando a moto, enquanto o pai filmava as cenas com o objetivo de monetizar em redes sociais 18 de agosto de 2025 13:2310 Compartilhar1 Por: Adalberto Luque Um menino de 10 anos foi flagrado, no final da tarde deste domingo (17), pilotando uma motocicleta de 125 cilindradas pelas\u2026","rel":"","context":"In &quot;Not\u00edcias de Ribeir\u00e3o Preto-SP e Regi\u00e3o&quot;","block_context":{"text":"Not\u00edcias de Ribeir\u00e3o Preto-SP e Regi\u00e3o","link":"https:\/\/noticiasribeiraopreto.com.br\/index.php\/category\/noticias-de-ribeirao-preto-sp-e-regiao-ismael-colosi\/"},"img":{"alt_text":"","src":"https:\/\/i0.wp.com\/noticiasribeiraopreto.com.br\/wp-content\/uploads\/2025\/08\/18-ago-2025-motoqueiromaluco1.jpg?fit=709%2C368&ssl=1&resize=350%2C200","width":350,"height":200,"srcset":"https:\/\/i0.wp.com\/noticiasribeiraopreto.com.br\/wp-content\/uploads\/2025\/08\/18-ago-2025-motoqueiromaluco1.jpg?fit=709%2C368&ssl=1&resize=350%2C200 1x, https:\/\/i0.wp.com\/noticiasribeiraopreto.com.br\/wp-content\/uploads\/2025\/08\/18-ago-2025-motoqueiromaluco1.jpg?fit=709%2C368&ssl=1&resize=525%2C300 1.5x, https:\/\/i0.wp.com\/noticiasribeiraopreto.com.br\/wp-content\/uploads\/2025\/08\/18-ago-2025-motoqueiromaluco1.jpg?fit=709%2C368&ssl=1&resize=700%2C400 2x"},"classes":[]},{"id":74691,"url":"https:\/\/noticiasribeiraopreto.com.br\/index.php\/2025\/07\/27\/operacao-recolhe-motos-apos-denuncia-de-manobras-perigosas-em-ribeirao-preto\/","url_meta":{"origin":70094,"position":2},"title":"Opera\u00e7\u00e3o recolhe motos ap\u00f3s den\u00fancia de manobras perigosas em Ribeir\u00e3o Preto","author":"noticiasribeiraopreto.com.br","date":"27 de July de 2025","format":false,"excerpt":"Uma opera\u00e7\u00e3o da GCM (Guarda Civil Metropolitana), com apoio da RP Mobi, apreendeu quatro motos neste s\u00e1bado (26), depois de uma den\u00fancia de manobras perigosas em um local conhecido como loteamento Belvedere, em Bonfim Paulista, distrito de Ribeir\u00e3o Preto. A GCM disse que v\u00e1rios ve\u00edculos, entre motos e carros, foram\u2026","rel":"","context":"In &quot;Not\u00edcias de Ribeir\u00e3o Preto-SP e Regi\u00e3o&quot;","block_context":{"text":"Not\u00edcias de Ribeir\u00e3o Preto-SP e Regi\u00e3o","link":"https:\/\/noticiasribeiraopreto.com.br\/index.php\/category\/noticias-de-ribeirao-preto-sp-e-regiao-ismael-colosi\/"},"img":{"alt_text":"","src":"https:\/\/i0.wp.com\/noticiasribeiraopreto.com.br\/wp-content\/uploads\/2025\/07\/OPERACAO_2025-07-27_18-08-32.webp.webp?fit=1200%2C742&ssl=1&resize=350%2C200","width":350,"height":200,"srcset":"https:\/\/i0.wp.com\/noticiasribeiraopreto.com.br\/wp-content\/uploads\/2025\/07\/OPERACAO_2025-07-27_18-08-32.webp.webp?fit=1200%2C742&ssl=1&resize=350%2C200 1x, https:\/\/i0.wp.com\/noticiasribeiraopreto.com.br\/wp-content\/uploads\/2025\/07\/OPERACAO_2025-07-27_18-08-32.webp.webp?fit=1200%2C742&ssl=1&resize=525%2C300 1.5x, https:\/\/i0.wp.com\/noticiasribeiraopreto.com.br\/wp-content\/uploads\/2025\/07\/OPERACAO_2025-07-27_18-08-32.webp.webp?fit=1200%2C742&ssl=1&resize=700%2C400 2x, https:\/\/i0.wp.com\/noticiasribeiraopreto.com.br\/wp-content\/uploads\/2025\/07\/OPERACAO_2025-07-27_18-08-32.webp.webp?fit=1200%2C742&ssl=1&resize=1050%2C600 3x"},"classes":[]},{"id":73096,"url":"https:\/\/noticiasribeiraopreto.com.br\/index.php\/2025\/06\/25\/motociclista-empina-moto-e-quase-atinge-familia-na-regiao-de-ribeirao-preto-assista-ao-video\/","url_meta":{"origin":70094,"position":3},"title":"Motociclista empina moto e quase atinge fam\u00edlia na regi\u00e3o de Ribeir\u00e3o Preto; Assista ao v\u00eddeo","author":"noticiasribeiraopreto.com.br","date":"25 de June de 2025","format":false,"excerpt":"Um motociclista, de 37 anos, perdeu o controle da moto ao empinar o ve\u00edculo e quase atingiu pessoas de uma fam\u00edlia que estavam reunidas na tarde desta ter\u00e7a-feira (24), na avenida Mario Rimoli, em Bebedouro, a 80 quil\u00f4metros de Ribeir\u00e3o Preto. O momento foi registrado por c\u00e2meras de seguran\u00e7a. Assista\u2026","rel":"","context":"In &quot;Not\u00edcias de Ribeir\u00e3o Preto-SP e Regi\u00e3o&quot;","block_context":{"text":"Not\u00edcias de Ribeir\u00e3o Preto-SP e Regi\u00e3o","link":"https:\/\/noticiasribeiraopreto.com.br\/index.php\/category\/noticias-de-ribeirao-preto-sp-e-regiao-ismael-colosi\/"},"img":{"alt_text":"","src":"https:\/\/i0.wp.com\/noticiasribeiraopreto.com.br\/wp-content\/uploads\/2025\/06\/MOTO_2025-06-25_15-05-01.webp.webp?fit=1200%2C796&ssl=1&resize=350%2C200","width":350,"height":200,"srcset":"https:\/\/i0.wp.com\/noticiasribeiraopreto.com.br\/wp-content\/uploads\/2025\/06\/MOTO_2025-06-25_15-05-01.webp.webp?fit=1200%2C796&ssl=1&resize=350%2C200 1x, https:\/\/i0.wp.com\/noticiasribeiraopreto.com.br\/wp-content\/uploads\/2025\/06\/MOTO_2025-06-25_15-05-01.webp.webp?fit=1200%2C796&ssl=1&resize=525%2C300 1.5x, https:\/\/i0.wp.com\/noticiasribeiraopreto.com.br\/wp-content\/uploads\/2025\/06\/MOTO_2025-06-25_15-05-01.webp.webp?fit=1200%2C796&ssl=1&resize=700%2C400 2x, https:\/\/i0.wp.com\/noticiasribeiraopreto.com.br\/wp-content\/uploads\/2025\/06\/MOTO_2025-06-25_15-05-01.webp.webp?fit=1200%2C796&ssl=1&resize=1050%2C600 3x"},"classes":[]},{"id":79227,"url":"https:\/\/noticiasribeiraopreto.com.br\/index.php\/2025\/10\/27\/homem-e-flagrado-furtando-arvore-de-quase-dois-metros-em-ribeirao-preto-veja-video\/","url_meta":{"origin":70094,"position":4},"title":"Homem \u00e9 flagrado furtando \u00e1rvore de quase dois metros em Ribeir\u00e3o Preto; Veja v\u00eddeo","author":"noticiasribeiraopreto.com.br","date":"27 de October de 2025","format":false,"excerpt":"Um homem foi flagrado furtando um Cipreste Italiano na manh\u00e3 desta segunda-feira (27), na rua Jo\u00e3o Nogueira, no bairro Paulo Gomes Romeu, zona Oeste de Ribeir\u00e3o Preto. Segundo o morador, a \u00e1rvore, de aproximadamente dois metros e avaliada em cerca de R$ 250, estava em frente \u00e0 sua resid\u00eancia e\u2026","rel":"","context":"In &quot;Not\u00edcias de Ribeir\u00e3o Preto-SP e Regi\u00e3o&quot;","block_context":{"text":"Not\u00edcias de Ribeir\u00e3o Preto-SP e Regi\u00e3o","link":"https:\/\/noticiasribeiraopreto.com.br\/index.php\/category\/noticias-de-ribeirao-preto-sp-e-regiao-ismael-colosi\/"},"img":{"alt_text":"","src":"https:\/\/i0.wp.com\/noticiasribeiraopreto.com.br\/wp-content\/uploads\/2025\/10\/Copia-de-Copia-de-Copia-de-TAMANHO-EXATO-PARA-FOTOS-NO-SISTEMA-NOVO-2025-10-27T173457.691_2025-10-27_20-35-49.webp.webp?fit=1200%2C675&ssl=1&resize=350%2C200","width":350,"height":200,"srcset":"https:\/\/i0.wp.com\/noticiasribeiraopreto.com.br\/wp-content\/uploads\/2025\/10\/Copia-de-Copia-de-Copia-de-TAMANHO-EXATO-PARA-FOTOS-NO-SISTEMA-NOVO-2025-10-27T173457.691_2025-10-27_20-35-49.webp.webp?fit=1200%2C675&ssl=1&resize=350%2C200 1x, https:\/\/i0.wp.com\/noticiasribeiraopreto.com.br\/wp-content\/uploads\/2025\/10\/Copia-de-Copia-de-Copia-de-TAMANHO-EXATO-PARA-FOTOS-NO-SISTEMA-NOVO-2025-10-27T173457.691_2025-10-27_20-35-49.webp.webp?fit=1200%2C675&ssl=1&resize=525%2C300 1.5x, https:\/\/i0.wp.com\/noticiasribeiraopreto.com.br\/wp-content\/uploads\/2025\/10\/Copia-de-Copia-de-Copia-de-TAMANHO-EXATO-PARA-FOTOS-NO-SISTEMA-NOVO-2025-10-27T173457.691_2025-10-27_20-35-49.webp.webp?fit=1200%2C675&ssl=1&resize=700%2C400 2x, https:\/\/i0.wp.com\/noticiasribeiraopreto.com.br\/wp-content\/uploads\/2025\/10\/Copia-de-Copia-de-Copia-de-TAMANHO-EXATO-PARA-FOTOS-NO-SISTEMA-NOVO-2025-10-27T173457.691_2025-10-27_20-35-49.webp.webp?fit=1200%2C675&ssl=1&resize=1050%2C600 3x"},"classes":[]},{"id":68555,"url":"https:\/\/noticiasribeiraopreto.com.br\/index.php\/2025\/04\/26\/bezerro-e-flagrado-sendo-transportado-em-porta-malas-de-carro-em-ribeirao-preto-veja-video\/","url_meta":{"origin":70094,"position":5},"title":"Bezerro \u00e9 flagrado sendo transportado em porta-malas de carro em Ribeir\u00e3o Preto; veja v\u00eddeo","author":"noticiasribeiraopreto.com.br","date":"26 de April de 2025","format":false,"excerpt":"Um Fiat\/P\u00e1lio verde foi flagrado transportando um bezerro no porta-malas do ve\u00edculo, na rodovia Anhaguera, em Ribeir\u00e3o Preto. Segundo a apura\u00e7\u00e3o do acidade on Ribeir\u00e3o, a motorista levava o animal para um pesqueiro da regi\u00e3o onde o bezerro receberia cuidados. Embora o transporte de animais em ve\u00edculos seja permitido, \u00e9\u2026","rel":"","context":"In &quot;Not\u00edcias de Ribeir\u00e3o Preto-SP e Regi\u00e3o&quot;","block_context":{"text":"Not\u00edcias de Ribeir\u00e3o Preto-SP e Regi\u00e3o","link":"https:\/\/noticiasribeiraopreto.com.br\/index.php\/category\/noticias-de-ribeirao-preto-sp-e-regiao-ismael-colosi\/"},"img":{"alt_text":"","src":"https:\/\/i0.wp.com\/noticiasribeiraopreto.com.br\/wp-content\/uploads\/2025\/04\/Copia-de-Copia-de-Copia-de-TAMANHO-EXATO-PARA-FOTOS-NO-SISTEMA-NOVO-55_2025-04-26_15-15-49.webp.webp?fit=1200%2C675&ssl=1&resize=350%2C200","width":350,"height":200,"srcset":"https:\/\/i0.wp.com\/noticiasribeiraopreto.com.br\/wp-content\/uploads\/2025\/04\/Copia-de-Copia-de-Copia-de-TAMANHO-EXATO-PARA-FOTOS-NO-SISTEMA-NOVO-55_2025-04-26_15-15-49.webp.webp?fit=1200%2C675&ssl=1&resize=350%2C200 1x, https:\/\/i0.wp.com\/noticiasribeiraopreto.com.br\/wp-content\/uploads\/2025\/04\/Copia-de-Copia-de-Copia-de-TAMANHO-EXATO-PARA-FOTOS-NO-SISTEMA-NOVO-55_2025-04-26_15-15-49.webp.webp?fit=1200%2C675&ssl=1&resize=525%2C300 1.5x, https:\/\/i0.wp.com\/noticiasribeiraopreto.com.br\/wp-content\/uploads\/2025\/04\/Copia-de-Copia-de-Copia-de-TAMANHO-EXATO-PARA-FOTOS-NO-SISTEMA-NOVO-55_2025-04-26_15-15-49.webp.webp?fit=1200%2C675&ssl=1&resize=700%2C400 2x, https:\/\/i0.wp.com\/noticiasribeiraopreto.com.br\/wp-content\/uploads\/2025\/04\/Copia-de-Copia-de-Copia-de-TAMANHO-EXATO-PARA-FOTOS-NO-SISTEMA-NOVO-55_2025-04-26_15-15-49.webp.webp?fit=1200%2C675&ssl=1&resize=1050%2C600 3x"},"classes":[]}],"jetpack_sharing_enabled":true,"jetpack_shortlink":"https:\/\/wp.me\/peQAOb-iey","_links":{"self":[{"href":"https:\/\/noticiasribeiraopreto.com.br\/index.php\/wp-json\/wp\/v2\/posts\/70094","targetHints":{"allow":["GET"]}}],"collection":[{"href":"https:\/\/noticiasribeiraopreto.com.br\/index.php\/wp-json\/wp\/v2\/posts"}],"about":[{"href":"https:\/\/noticiasribeiraopreto.com.br\/index.php\/wp-json\/wp\/v2\/types\/post"}],"author":[{"embeddable":true,"href":"https:\/\/noticiasribeiraopreto.com.br\/index.php\/wp-json\/wp\/v2\/users\/1"}],"replies":[{"embeddable":true,"href":"https:\/\/noticiasribeiraopreto.com.br\/index.php\/wp-json\/wp\/v2\/comments?post=70094"}],"version-history":[{"count":0,"href":"https:\/\/noticiasribeiraopreto.com.br\/index.php\/wp-json\/wp\/v2\/posts\/70094\/revisions"}],"wp:featuredmedia":[{"embeddable":true,"href":"https:\/\/noticiasribeiraopreto.com.br\/index.php\/wp-json\/wp\/v2\/media\/70095"}],"wp:attachment":[{"href":"https:\/\/noticiasribeiraopreto.com.br\/index.php\/wp-json\/wp\/v2\/media?parent=70094"}],"wp:term":[{"taxonomy":"category","embeddable":true,"href":"https:\/\/noticiasribeiraopreto.com.br\/index.php\/wp-json\/wp\/v2\/categories?post=70094"},{"taxonomy":"post_tag","embeddable":true,"href":"https:\/\/noticiasribeiraopreto.com.br\/index.php\/wp-json\/wp\/v2\/tags?post=70094"}],"curies":[{"name":"wp","href":"https:\/\/api.w.org\/{rel}","templated":true}]}}