{"id":70096,"date":"2025-05-22T18:27:02","date_gmt":"2025-05-22T21:27:02","guid":{"rendered":"https:\/\/noticiasribeiraopreto.com.br\/index.php\/2025\/05\/22\/jogador-pedro-severino-acena-da-janela-do-hospital-e-tem-quadro-estavel-diz-familia\/"},"modified":"2025-05-22T18:27:02","modified_gmt":"2025-05-22T21:27:02","slug":"jogador-pedro-severino-acena-da-janela-do-hospital-e-tem-quadro-estavel-diz-familia","status":"publish","type":"post","link":"https:\/\/noticiasribeiraopreto.com.br\/index.php\/2025\/05\/22\/jogador-pedro-severino-acena-da-janela-do-hospital-e-tem-quadro-estavel-diz-familia\/","title":{"rendered":"Jogador Pedro Severino acena da janela do hospital e tem quadro est\u00e1vel, diz fam\u00edlia"},"content":{"rendered":"<p> <br \/>\n<\/p>\n<div data-td-block-uid=\"tdi_95\">\n<div class=\"tdb-block-inner td-fix-index\">\n<p>O <strong>jogador Pedro Severino<\/strong>,<strong> <\/strong>que sofreu um acidente no dia 4 de mar\u00e7o, em Americana, no<strong> interior de S\u00e3o Paulo<\/strong>, <strong>n\u00e3o corre mais risco de morte e segue com quadro est\u00e1vel<\/strong>, em evolu\u00e7\u00e3o. A informa\u00e7\u00e3o foi dada pelo pai do atleta.<\/p>\n<p>Nesta quarta-feira (21), <strong>Pedro apareceu na janela do hospital e acenou<\/strong> para as pessoas que estavam em frente ao local. O atleta de 19 anos estava amparado pelos pais.<\/p>\n<figure class=\"wp-block-pullquote\">\n<blockquote>\n<p>Pedro \u00e9 um milagre, ele vem reagindo e n\u00e3o corre mais risco de morte. Ele saiu da UTI e est\u00e1 no quarto, mas ainda n\u00e3o h\u00e1 previs\u00e3o de alta<\/p>\n<p><cite>afirma o pai Lucas Severino<\/cite><\/p><\/blockquote>\n<\/figure>\n<p><strong>Pedro foi um dos jogadores envolvidos em um grave acidente de tr\u00e2nsito na madrugada do dia 4 de mar\u00e7o<\/strong>, no km 127 da Rodovia Anhanguera (SP-330), na altura do munic\u00edpio de Americana. <\/p>\n<p>Ap\u00f3s o acidente, o atleta foi internado no Hospital Municipal Dr. Waldemar Tebaldi, em Americana. Ainda na unidade, os m\u00e9dicos iniciaram o protocolo de morte cerebral. No dia 10 de mar\u00e7o, ele reagiu a est\u00edmulos, como tosse e respira\u00e7\u00e3o. <\/p>\n<p>Quatro dias depois, a equipe m\u00e9dica come\u00e7ou a retirar a ventila\u00e7\u00e3o mec\u00e2nica. No dia 25 de mar\u00e7o, Pedro deixou a UTI e seguiu para o quarto, onde continua em tratamento.<\/p>\n<p>O estado de sa\u00fade de Pedro Severino segue evoluindo. <strong>N\u00e3o h\u00e1 previs\u00e3o oficial de alta hospitalar.<\/strong><\/p>\n<p><strong>Com informa\u00e7\u00f5es CBN Ribeir\u00e3o<\/strong><\/p>\n<hr class=\"wp-block-separator has-alpha-channel-opacity\"\/>\n<p>SAIBA MAIS<\/p>\n<p>USP Ribeir\u00e3o Preto busca participantes para pesquisa sobre bruxismo<\/p>\n<h4 class=\"wp-block-heading\"><strong>FIQUE ON<\/strong><\/h4>\n<p>Fique ligado em tudo que acontece em Ribeir\u00e3o Preto e regi\u00e3o. Siga os perfis do<strong>\u00a0acidade on\u00a0<\/strong>no<a href=\"https:\/\/www.instagram.com\/acidadeonribeirao\">\u00a0Instagram\u00a0<\/a>e no\u00a0<a href=\"https:\/\/www.facebook.com\/acidadeonribeirao\/\">Facebook.<\/a><\/p>\n<p>Receba not\u00edcias do\u00a0<strong>acidade on\u00a0<\/strong>no WhatsApp.\u00a0<a href=\"https:\/\/chat.whatsapp.com\/BjKQZ9oJwlz8VVT50NuePq\">Para entrar no grupo, basta clicar aqui.<\/a><\/p>\n<p>Fa\u00e7a uma den\u00fancia ou sugira uma reportagem sobre Ribeir\u00e3o Preto e regi\u00e3o pelo WhatsApp: 16 99117 7802.<\/p>\n<p>VEJA TAMB\u00c9M<\/p>\n<p>Sobre o que \u00e9 o novo document\u00e1rio da Rita Lee?<\/p>\n<p><!-- CONTENT END 1 -->\n<\/div>\n<\/div>\n<p><script async src=\"\/\/www.instagram.com\/embed.js\"><\/script><br \/>\n<br \/><br \/>\n<br \/><a href=\"https:\/\/www.acidadeon.com\/ribeiraopreto\/esportes\/jogador-pedro-severino-acena-da-janela-do-hospital-e-tem-quadro-estavel-diz-familia\/\">Source link <\/a><\/p>\n","protected":false},"excerpt":{"rendered":"<p>O jogador Pedro Severino, que sofreu um acidente no dia 4 de mar\u00e7o, em Americana, no interior de S\u00e3o Paulo, n\u00e3o corre mais risco de&#8230;<\/p>\n","protected":false},"author":1,"featured_media":64242,"comment_status":"open","ping_status":"open","sticky":false,"template":"","format":"standard","meta":{"advanced_seo_description":"","jetpack_seo_html_title":"","jetpack_seo_noindex":false,"jetpack_post_was_ever_published":false,"_jetpack_newsletter_access":"","_jetpack_dont_email_post_to_subs":false,"_jetpack_newsletter_tier_id":0,"_jetpack_memberships_contains_paywalled_content":false,"_jetpack_memberships_contains_paid_content":false,"footnotes":"","jetpack_publicize_message":"","jetpack_publicize_feature_enabled":true,"jetpack_social_post_already_shared":true,"jetpack_social_options":{"image_generator_settings":{"template":"highway","default_image_id":0,"font":"","enabled":false},"version":2}},"categories":[11],"tags":[],"class_list":["post-70096","post","type-post","status-publish","format-standard","has-post-thumbnail","hentry","category-noticias-de-ribeirao-preto-sp-e-regiao-ismael-colosi"],"jetpack_publicize_connections":[],"jetpack_featured_media_url":"https:\/\/i0.wp.com\/noticiasribeiraopreto.com.br\/wp-content\/uploads\/2025\/03\/IMG-20250305-WA0006_2025-03-05_13-27-33_jpg_2025-03-05_13-27-33.webp.webp?fit=1200%2C799&ssl=1","jetpack-related-posts":[{"id":70106,"url":"https:\/\/noticiasribeiraopreto.com.br\/index.php\/2025\/05\/22\/video-jogador-pedro-severino-aparece-na-janela-do-hospital\/","url_meta":{"origin":70096,"position":0},"title":"V\u00cdDEO: Jogador Pedro Severino aparece na janela do hospital","author":"noticiasribeiraopreto.com.br","date":"22 de May de 2025","format":false,"excerpt":"22 de maio de 2025 18:3822 de maio de 2025 18:469 Compartilhar0 O jogador Pedro Severino, de 19 anos, segue internado em um hospital de Ribeir\u00e3o Preto, com quadro de sa\u00fade est\u00e1vel e evolu\u00e7\u00e3o positiva. O atleta foi um dos envolvidos em um grave acidente de tr\u00e2nsito na madrugada de\u2026","rel":"","context":"In &quot;Not\u00edcias de Ribeir\u00e3o Preto-SP e Regi\u00e3o&quot;","block_context":{"text":"Not\u00edcias de Ribeir\u00e3o Preto-SP e Regi\u00e3o","link":"https:\/\/noticiasribeiraopreto.com.br\/index.php\/category\/noticias-de-ribeirao-preto-sp-e-regiao-ismael-colosi\/"},"img":{"alt_text":"","src":"https:\/\/i0.wp.com\/noticiasribeiraopreto.com.br\/wp-content\/uploads\/2025\/05\/1747951067_pedro_severino.jpg?fit=750%2C500&ssl=1&resize=350%2C200","width":350,"height":200,"srcset":"https:\/\/i0.wp.com\/noticiasribeiraopreto.com.br\/wp-content\/uploads\/2025\/05\/1747951067_pedro_severino.jpg?fit=750%2C500&ssl=1&resize=350%2C200 1x, https:\/\/i0.wp.com\/noticiasribeiraopreto.com.br\/wp-content\/uploads\/2025\/05\/1747951067_pedro_severino.jpg?fit=750%2C500&ssl=1&resize=525%2C300 1.5x, https:\/\/i0.wp.com\/noticiasribeiraopreto.com.br\/wp-content\/uploads\/2025\/05\/1747951067_pedro_severino.jpg?fit=750%2C500&ssl=1&resize=700%2C400 2x"},"classes":[]},{"id":70101,"url":"https:\/\/noticiasribeiraopreto.com.br\/index.php\/2025\/05\/22\/video-jogador-pedro-severino-deixa-uti\/","url_meta":{"origin":70096,"position":1},"title":"V\u00cdDEO: Jogador Pedro Severino deixa UTI","author":"noticiasribeiraopreto.com.br","date":"22 de May de 2025","format":false,"excerpt":"22 de maio de 2025 18:383 Compartilhar0 O jogador Pedro Severino, de 19 anos, segue internado em um hospital de Ribeir\u00e3o Preto, com quadro de sa\u00fade est\u00e1vel e evolu\u00e7\u00e3o positiva. O atleta foi um dos envolvidos em um grave acidente de tr\u00e2nsito na madrugada de 4 de mar\u00e7o, na Rodovia\u2026","rel":"","context":"In &quot;Not\u00edcias de Ribeir\u00e3o Preto-SP e Regi\u00e3o&quot;","block_context":{"text":"Not\u00edcias de Ribeir\u00e3o Preto-SP e Regi\u00e3o","link":"https:\/\/noticiasribeiraopreto.com.br\/index.php\/category\/noticias-de-ribeirao-preto-sp-e-regiao-ismael-colosi\/"},"img":{"alt_text":"","src":"https:\/\/i0.wp.com\/noticiasribeiraopreto.com.br\/wp-content\/uploads\/2025\/05\/pedro_severino.jpg?fit=750%2C500&ssl=1&resize=350%2C200","width":350,"height":200,"srcset":"https:\/\/i0.wp.com\/noticiasribeiraopreto.com.br\/wp-content\/uploads\/2025\/05\/pedro_severino.jpg?fit=750%2C500&ssl=1&resize=350%2C200 1x, https:\/\/i0.wp.com\/noticiasribeiraopreto.com.br\/wp-content\/uploads\/2025\/05\/pedro_severino.jpg?fit=750%2C500&ssl=1&resize=525%2C300 1.5x, https:\/\/i0.wp.com\/noticiasribeiraopreto.com.br\/wp-content\/uploads\/2025\/05\/pedro_severino.jpg?fit=750%2C500&ssl=1&resize=700%2C400 2x"},"classes":[]},{"id":70118,"url":"https:\/\/noticiasribeiraopreto.com.br\/index.php\/2025\/05\/22\/veja-o-momento-em-que-o-jogador-pedro-severino-acena-da-janela-do-hospital\/","url_meta":{"origin":70096,"position":2},"title":"Veja o momento em que o jogador Pedro Severino acena da janela do hospital","author":"noticiasribeiraopreto.com.br","date":"22 de May de 2025","format":false,"excerpt":"O jogador Pedro Severino, de 19 anos, que sofreu um grave acidente de tr\u00e2nsito no dia 4 de mar\u00e7o, em Americana, no interior de S\u00e3o Paulo, segue apresentando evolu\u00e7\u00e3o no quadro cl\u00ednico e n\u00e3o corre mais risco de morte. A informa\u00e7\u00e3o foi confirmada pelo pai do atleta, Lucas Severino. Na\u2026","rel":"","context":"In &quot;Not\u00edcias de Ribeir\u00e3o Preto-SP e Regi\u00e3o&quot;","block_context":{"text":"Not\u00edcias de Ribeir\u00e3o Preto-SP e Regi\u00e3o","link":"https:\/\/noticiasribeiraopreto.com.br\/index.php\/category\/noticias-de-ribeirao-preto-sp-e-regiao-ismael-colosi\/"},"img":{"alt_text":"","src":"https:\/\/i0.wp.com\/noticiasribeiraopreto.com.br\/wp-content\/uploads\/2025\/05\/Copia-de-Copia-de-Copia-de-TAMANHO-EXATO-PARA-FOTOS-NO-SISTEMA-NOVO-89_2025-05-22_23-51-26.webp.webp?fit=1200%2C675&ssl=1&resize=350%2C200","width":350,"height":200,"srcset":"https:\/\/i0.wp.com\/noticiasribeiraopreto.com.br\/wp-content\/uploads\/2025\/05\/Copia-de-Copia-de-Copia-de-TAMANHO-EXATO-PARA-FOTOS-NO-SISTEMA-NOVO-89_2025-05-22_23-51-26.webp.webp?fit=1200%2C675&ssl=1&resize=350%2C200 1x, https:\/\/i0.wp.com\/noticiasribeiraopreto.com.br\/wp-content\/uploads\/2025\/05\/Copia-de-Copia-de-Copia-de-TAMANHO-EXATO-PARA-FOTOS-NO-SISTEMA-NOVO-89_2025-05-22_23-51-26.webp.webp?fit=1200%2C675&ssl=1&resize=525%2C300 1.5x, https:\/\/i0.wp.com\/noticiasribeiraopreto.com.br\/wp-content\/uploads\/2025\/05\/Copia-de-Copia-de-Copia-de-TAMANHO-EXATO-PARA-FOTOS-NO-SISTEMA-NOVO-89_2025-05-22_23-51-26.webp.webp?fit=1200%2C675&ssl=1&resize=700%2C400 2x, https:\/\/i0.wp.com\/noticiasribeiraopreto.com.br\/wp-content\/uploads\/2025\/05\/Copia-de-Copia-de-Copia-de-TAMANHO-EXATO-PARA-FOTOS-NO-SISTEMA-NOVO-89_2025-05-22_23-51-26.webp.webp?fit=1200%2C675&ssl=1&resize=1050%2C600 3x"},"classes":[]},{"id":65845,"url":"https:\/\/noticiasribeiraopreto.com.br\/index.php\/2025\/03\/25\/jogador-pedro-severino-deixa-uti-e-vai-para-o-quarto-diz-hospital\/","url_meta":{"origin":70096,"position":3},"title":"Jogador Pedro Severino deixa UTI e vai para o quarto, diz hospital","author":"noticiasribeiraopreto.com.br","date":"25 de March de 2025","format":false,"excerpt":"O jogador Pedro Severino, de 19 anos, deixou a UTI e foi transferido para o quarto no in\u00edcio da noite desta segunda-feira (24), segundo boletim m\u00e9dico divulgado pelo Hospital Unimed Ribeir\u00e3o Preto, onde o\u00a0atleta\u00a0permanece\u00a0internado, ap\u00f3s sofrer um\u00a0acidente\u00a0de\u00a0carro\u00a0no dia\u00a04 de mar\u00e7o. Segundo o hospital, o quadro neurol\u00f3gico do atleta ainda inspira\u2026","rel":"","context":"In &quot;Not\u00edcias de Ribeir\u00e3o Preto-SP e Regi\u00e3o&quot;","block_context":{"text":"Not\u00edcias de Ribeir\u00e3o Preto-SP e Regi\u00e3o","link":"https:\/\/noticiasribeiraopreto.com.br\/index.php\/category\/noticias-de-ribeirao-preto-sp-e-regiao-ismael-colosi\/"},"img":{"alt_text":"","src":"https:\/\/i0.wp.com\/noticiasribeiraopreto.com.br\/wp-content\/uploads\/2025\/03\/Molde-Midiass-8_2025-03-04_17-03-50_jpg_2025-03-04_17-03-50.webp.webp?fit=960%2C539&ssl=1&resize=350%2C200","width":350,"height":200,"srcset":"https:\/\/i0.wp.com\/noticiasribeiraopreto.com.br\/wp-content\/uploads\/2025\/03\/Molde-Midiass-8_2025-03-04_17-03-50_jpg_2025-03-04_17-03-50.webp.webp?fit=960%2C539&ssl=1&resize=350%2C200 1x, https:\/\/i0.wp.com\/noticiasribeiraopreto.com.br\/wp-content\/uploads\/2025\/03\/Molde-Midiass-8_2025-03-04_17-03-50_jpg_2025-03-04_17-03-50.webp.webp?fit=960%2C539&ssl=1&resize=525%2C300 1.5x, https:\/\/i0.wp.com\/noticiasribeiraopreto.com.br\/wp-content\/uploads\/2025\/03\/Molde-Midiass-8_2025-03-04_17-03-50_jpg_2025-03-04_17-03-50.webp.webp?fit=960%2C539&ssl=1&resize=700%2C400 2x"},"classes":[]},{"id":64980,"url":"https:\/\/noticiasribeiraopreto.com.br\/index.php\/2025\/03\/14\/jogador-pedro-severino-respira-sem-aparelhos-em-parte-do-dia-diz-boletim-medico\/","url_meta":{"origin":70096,"position":4},"title":"Jogador Pedro Severino respira sem aparelhos em parte do dia, diz boletim m\u00e9dico","author":"noticiasribeiraopreto.com.br","date":"14 de March de 2025","format":false,"excerpt":"O jogador Pedro Severino, de 19 anos, est\u00e1 em processo de retirada da ventila\u00e7\u00e3o mec\u00e2nica, o que permite que ele passe per\u00edodos do dia com respira\u00e7\u00e3o espont\u00e2nea, segundo o boletim m\u00e9dico divulgado na manh\u00e3 desta sexta-feira (14), pelo Hospital Unimed Ribeir\u00e3o Preto.\u00a0O atleta segue\u00a0internado\u00a0na\u00a0UTI (Unidade de Terapia Intensiva), ap\u00f3s sofrer\u2026","rel":"","context":"In &quot;Not\u00edcias de Ribeir\u00e3o Preto-SP e Regi\u00e3o&quot;","block_context":{"text":"Not\u00edcias de Ribeir\u00e3o Preto-SP e Regi\u00e3o","link":"https:\/\/noticiasribeiraopreto.com.br\/index.php\/category\/noticias-de-ribeirao-preto-sp-e-regiao-ismael-colosi\/"},"img":{"alt_text":"","src":"https:\/\/i0.wp.com\/noticiasribeiraopreto.com.br\/wp-content\/uploads\/2025\/03\/IMG-20250305-WA0006_2025-03-05_13-27-33_jpg_2025-03-05_13-27-33.webp.webp?fit=1200%2C799&ssl=1&resize=350%2C200","width":350,"height":200,"srcset":"https:\/\/i0.wp.com\/noticiasribeiraopreto.com.br\/wp-content\/uploads\/2025\/03\/IMG-20250305-WA0006_2025-03-05_13-27-33_jpg_2025-03-05_13-27-33.webp.webp?fit=1200%2C799&ssl=1&resize=350%2C200 1x, https:\/\/i0.wp.com\/noticiasribeiraopreto.com.br\/wp-content\/uploads\/2025\/03\/IMG-20250305-WA0006_2025-03-05_13-27-33_jpg_2025-03-05_13-27-33.webp.webp?fit=1200%2C799&ssl=1&resize=525%2C300 1.5x, https:\/\/i0.wp.com\/noticiasribeiraopreto.com.br\/wp-content\/uploads\/2025\/03\/IMG-20250305-WA0006_2025-03-05_13-27-33_jpg_2025-03-05_13-27-33.webp.webp?fit=1200%2C799&ssl=1&resize=700%2C400 2x, https:\/\/i0.wp.com\/noticiasribeiraopreto.com.br\/wp-content\/uploads\/2025\/03\/IMG-20250305-WA0006_2025-03-05_13-27-33_jpg_2025-03-05_13-27-33.webp.webp?fit=1200%2C799&ssl=1&resize=1050%2C600 3x"},"classes":[]},{"id":64223,"url":"https:\/\/noticiasribeiraopreto.com.br\/index.php\/2025\/03\/05\/hospital-interrompe-protocolo-de-morte-encefalica-de-jogador-de-ribeirao-preto\/","url_meta":{"origin":70096,"position":5},"title":"Hospital interrompe protocolo de morte encef\u00e1lica de jogador de Ribeir\u00e3o Preto","author":"noticiasribeiraopreto.com.br","date":"5 de March de 2025","format":false,"excerpt":"O Hospital Municipal Dr. Waldemar Tebaldi, em Americana, onde est\u00e1 internado o atleta Pedro Severino, informou que interrompeu o protocolo de morte encef\u00e1lica devido \u00e0 presen\u00e7a de reflexo de tosse no paciente. O comunicado, emitido na tarde desta quarta-feira (5), esclareceu que o jovem seguir\u00e1 com seda\u00e7\u00e3o, ventila\u00e7\u00e3o mec\u00e2nica, uso\u2026","rel":"","context":"In &quot;Not\u00edcias de Ribeir\u00e3o Preto-SP e Regi\u00e3o&quot;","block_context":{"text":"Not\u00edcias de Ribeir\u00e3o Preto-SP e Regi\u00e3o","link":"https:\/\/noticiasribeiraopreto.com.br\/index.php\/category\/noticias-de-ribeirao-preto-sp-e-regiao-ismael-colosi\/"},"img":{"alt_text":"","src":"https:\/\/i0.wp.com\/noticiasribeiraopreto.com.br\/wp-content\/uploads\/2025\/03\/Molde-Midiass-8_2025-03-04_17-03-50_jpg_2025-03-04_17-03-50.webp.webp?fit=960%2C539&ssl=1&resize=350%2C200","width":350,"height":200,"srcset":"https:\/\/i0.wp.com\/noticiasribeiraopreto.com.br\/wp-content\/uploads\/2025\/03\/Molde-Midiass-8_2025-03-04_17-03-50_jpg_2025-03-04_17-03-50.webp.webp?fit=960%2C539&ssl=1&resize=350%2C200 1x, https:\/\/i0.wp.com\/noticiasribeiraopreto.com.br\/wp-content\/uploads\/2025\/03\/Molde-Midiass-8_2025-03-04_17-03-50_jpg_2025-03-04_17-03-50.webp.webp?fit=960%2C539&ssl=1&resize=525%2C300 1.5x, https:\/\/i0.wp.com\/noticiasribeiraopreto.com.br\/wp-content\/uploads\/2025\/03\/Molde-Midiass-8_2025-03-04_17-03-50_jpg_2025-03-04_17-03-50.webp.webp?fit=960%2C539&ssl=1&resize=700%2C400 2x"},"classes":[]}],"jetpack_sharing_enabled":true,"jetpack_shortlink":"https:\/\/wp.me\/peQAOb-ieA","_links":{"self":[{"href":"https:\/\/noticiasribeiraopreto.com.br\/index.php\/wp-json\/wp\/v2\/posts\/70096","targetHints":{"allow":["GET"]}}],"collection":[{"href":"https:\/\/noticiasribeiraopreto.com.br\/index.php\/wp-json\/wp\/v2\/posts"}],"about":[{"href":"https:\/\/noticiasribeiraopreto.com.br\/index.php\/wp-json\/wp\/v2\/types\/post"}],"author":[{"embeddable":true,"href":"https:\/\/noticiasribeiraopreto.com.br\/index.php\/wp-json\/wp\/v2\/users\/1"}],"replies":[{"embeddable":true,"href":"https:\/\/noticiasribeiraopreto.com.br\/index.php\/wp-json\/wp\/v2\/comments?post=70096"}],"version-history":[{"count":0,"href":"https:\/\/noticiasribeiraopreto.com.br\/index.php\/wp-json\/wp\/v2\/posts\/70096\/revisions"}],"wp:featuredmedia":[{"embeddable":true,"href":"https:\/\/noticiasribeiraopreto.com.br\/index.php\/wp-json\/wp\/v2\/media\/64242"}],"wp:attachment":[{"href":"https:\/\/noticiasribeiraopreto.com.br\/index.php\/wp-json\/wp\/v2\/media?parent=70096"}],"wp:term":[{"taxonomy":"category","embeddable":true,"href":"https:\/\/noticiasribeiraopreto.com.br\/index.php\/wp-json\/wp\/v2\/categories?post=70096"},{"taxonomy":"post_tag","embeddable":true,"href":"https:\/\/noticiasribeiraopreto.com.br\/index.php\/wp-json\/wp\/v2\/tags?post=70096"}],"curies":[{"name":"wp","href":"https:\/\/api.w.org\/{rel}","templated":true}]}}