{"id":70099,"date":"2025-05-22T18:36:55","date_gmt":"2025-05-22T21:36:55","guid":{"rendered":"https:\/\/noticiasribeiraopreto.com.br\/index.php\/2025\/05\/22\/h2obras-contesta-cancelamento-da-obra-do-centro-administrativo-de-ribeirao-entenda\/"},"modified":"2025-05-22T18:36:55","modified_gmt":"2025-05-22T21:36:55","slug":"h2obras-contesta-cancelamento-da-obra-do-centro-administrativo-de-ribeirao-entenda","status":"publish","type":"post","link":"https:\/\/noticiasribeiraopreto.com.br\/index.php\/2025\/05\/22\/h2obras-contesta-cancelamento-da-obra-do-centro-administrativo-de-ribeirao-entenda\/","title":{"rendered":"H2Obras contesta cancelamento da obra do Centro Administrativo de Ribeir\u00e3o; entenda"},"content":{"rendered":"<p> <br \/>\n<\/p>\n<div data-td-block-uid=\"tdi_95\">\n<div class=\"tdb-block-inner td-fix-index\">\n<p>A <strong>H2Obras<\/strong>, empresa que venceu a licita\u00e7\u00e3o para constru\u00e7\u00e3o do novo <strong>Centro Administrativo de Ribeir\u00e3o Preto<\/strong>, informou \u00e0 Justi\u00e7a que n\u00e3o foi intimada sobre o cancelamento da obra. O prefeito<strong> Ricardo Silva (PSD) <\/strong>anunciou o cancelamento da obra em abril, no balan\u00e7o de 100 dias de governo.<\/p>\n<p>Em documento anexado em processo na \u00faltima segunda-feira (19), os advogados da empresa afirmam que a prefeitura est\u00e1 divulgando um suposto \u201cencerramento\u201d ou \u201ccancelamento\u201d do contrato, mas que isso ainda n\u00e3o ocorreu.<\/p>\n<p>\u201c[\u2026] <mark style=\"background-color:#fcb900\" class=\"has-inline-color has-black-color\">a H2OBRAS sequer foi intimada regularmente de qualquer ato posterior \u00e0 injustificada suspens\u00e3o das obras <\/mark>que pudesse, na conformidade da Lei, sugerir que o contrato pudesse, mesmo em tese, vir a ser extinto\u201d, aponta.<\/p>\n<p>No pedido, a empresa solicitou que a prefeitura exiba documentos sobre o cancelamento do contrato, que tem valor de R$ 173 milh\u00f5es. \u201c[\u2026] tais documentos, se existirem \u2013 e a H2OBRAS n\u00e3o tem conhecimento de nada nesse sentido \u2013, podem servir \u00e0 instru\u00e7\u00e3o do processo.<\/p>\n<h2 class=\"wp-block-heading\"><strong>O que diz a prefeitura?<\/strong><\/h2>\n<p>A <strong>Prefeitura de Ribeir\u00e3o Preto <\/strong>informou que <mark style=\"background-color:#fcb900\" class=\"has-inline-color has-black-color\">o processo para rescis\u00e3o contratual est\u00e1 pr\u00f3ximo de ser conclu\u00eddo<\/mark>. <\/p>\n<p>O munic\u00edpio informou que a empresa j\u00e1 foi chamada para reuni\u00f5es presenciais e que est\u00e3o cientes da solicita\u00e7\u00e3o. O of\u00edcio sobre a quebra do contrato deve ser enviado nos pr\u00f3ximos dias.<\/p>\n<p>SAIBA MAIS<br \/>Entenda a situa\u00e7\u00e3o do terreno onde seria constru\u00eddo o novo Centro Administrativo de Ribeir\u00e3o<\/p>\n<h2 class=\"wp-block-heading\"><strong>FIQUE ON<\/strong><\/h2>\n<p>Fique ligado em tudo que acontece em Ribeir\u00e3o Preto e regi\u00e3o. Siga os perfis do<strong>\u00a0acidade on\u00a0<\/strong>no<a href=\"https:\/\/www.instagram.com\/acidadeonribeirao\">\u00a0Instagram\u00a0<\/a>e no\u00a0<a href=\"https:\/\/www.facebook.com\/acidadeonribeirao\/\">Facebook.<\/a><\/p>\n<p>Receba not\u00edcias do\u00a0<strong>acidade on\u00a0<\/strong>no WhatsApp.\u00a0<a href=\"https:\/\/chat.whatsapp.com\/BjKQZ9oJwlz8VVT50NuePq\">Para entrar no grupo, basta clicar aqui.<\/a><\/p>\n<p>Fa\u00e7a uma den\u00fancia ou sugira uma reportagem sobre Ribeir\u00e3o Preto e regi\u00e3o pelo WhatsApp: 16 99117 7802.<\/p>\n<p>VEJA TAMB\u00c9M<br \/>Quais clubes v\u00e3o boicotar a elei\u00e7\u00e3o da CBF?<\/p>\n<p><!-- CONTENT END 1 -->\n<\/div>\n<\/div>\n<p><script async src=\"\/\/www.instagram.com\/embed.js\"><\/script><br \/>\n<br \/><br \/>\n<br \/><a href=\"https:\/\/www.acidadeon.com\/ribeiraopreto\/politica\/h2obras-contesta-cancelamento-da-obra-do-centro-administrativo-de-ribeirao-entenda\/\">Source link <\/a><\/p>\n","protected":false},"excerpt":{"rendered":"<p>A H2Obras, empresa que venceu a licita\u00e7\u00e3o para constru\u00e7\u00e3o do novo Centro Administrativo de Ribeir\u00e3o Preto, informou \u00e0 Justi\u00e7a que n\u00e3o foi intimada sobre o&#8230;<\/p>\n","protected":false},"author":1,"featured_media":70100,"comment_status":"open","ping_status":"open","sticky":false,"template":"","format":"standard","meta":{"advanced_seo_description":"","jetpack_seo_html_title":"","jetpack_seo_noindex":false,"jetpack_post_was_ever_published":false,"_jetpack_newsletter_access":"","_jetpack_dont_email_post_to_subs":false,"_jetpack_newsletter_tier_id":0,"_jetpack_memberships_contains_paywalled_content":false,"_jetpack_memberships_contains_paid_content":false,"footnotes":"","jetpack_publicize_message":"","jetpack_publicize_feature_enabled":true,"jetpack_social_post_already_shared":true,"jetpack_social_options":{"image_generator_settings":{"template":"highway","default_image_id":0,"font":"","enabled":false},"version":2}},"categories":[11],"tags":[],"class_list":["post-70099","post","type-post","status-publish","format-standard","has-post-thumbnail","hentry","category-noticias-de-ribeirao-preto-sp-e-regiao-ismael-colosi"],"jetpack_publicize_connections":[],"jetpack_featured_media_url":"https:\/\/i0.wp.com\/noticiasribeiraopreto.com.br\/wp-content\/uploads\/2025\/05\/centro_administrativo_1024x576_20112019183024.jpg?fit=1024%2C575&ssl=1","jetpack-related-posts":[{"id":70254,"url":"https:\/\/noticiasribeiraopreto.com.br\/index.php\/2025\/05\/24\/empresa-ainda-nao-foi-notificada-da-rescisao\/","url_meta":{"origin":70099,"position":0},"title":"Empresa ainda n\u00e3o foi notificada da rescis\u00e3o\u00a0","author":"noticiasribeiraopreto.com.br","date":"24 de May de 2025","format":false,"excerpt":"24 de maio de 2025 08:3023 de maio de 2025 18:3710 Compartilhar0 Humberto Tarc\u00edsio de Castro J\u00fanior, s\u00f3cio diretor da H2Obras Constru\u00e7\u00f5es Ltda, de S\u00e3o Paulo (SP), vencedora da licita\u00e7\u00e3o para constru\u00e7\u00e3o do novo centro administrativo da prefeitura de Ribeir\u00e3o Preto, afirmou ao Tribuna nesta sexta-feira, 23 de maio, que\u2026","rel":"","context":"In &quot;Not\u00edcias de Ribeir\u00e3o Preto-SP e Regi\u00e3o&quot;","block_context":{"text":"Not\u00edcias de Ribeir\u00e3o Preto-SP e Regi\u00e3o","link":"https:\/\/noticiasribeiraopreto.com.br\/index.php\/category\/noticias-de-ribeirao-preto-sp-e-regiao-ismael-colosi\/"},"img":{"alt_text":"","src":"https:\/\/i0.wp.com\/noticiasribeiraopreto.com.br\/wp-content\/uploads\/2025\/05\/CentroRP-Alfredo-Risk.jpg?fit=1200%2C665&ssl=1&resize=350%2C200","width":350,"height":200,"srcset":"https:\/\/i0.wp.com\/noticiasribeiraopreto.com.br\/wp-content\/uploads\/2025\/05\/CentroRP-Alfredo-Risk.jpg?fit=1200%2C665&ssl=1&resize=350%2C200 1x, https:\/\/i0.wp.com\/noticiasribeiraopreto.com.br\/wp-content\/uploads\/2025\/05\/CentroRP-Alfredo-Risk.jpg?fit=1200%2C665&ssl=1&resize=525%2C300 1.5x, https:\/\/i0.wp.com\/noticiasribeiraopreto.com.br\/wp-content\/uploads\/2025\/05\/CentroRP-Alfredo-Risk.jpg?fit=1200%2C665&ssl=1&resize=700%2C400 2x, https:\/\/i0.wp.com\/noticiasribeiraopreto.com.br\/wp-content\/uploads\/2025\/05\/CentroRP-Alfredo-Risk.jpg?fit=1200%2C665&ssl=1&resize=1050%2C600 3x"},"classes":[]},{"id":70683,"url":"https:\/\/noticiasribeiraopreto.com.br\/index.php\/2025\/05\/28\/prefeitura-de-ribeirao-rescinde-contrato-de-obra-do-novo-centro-administrativo\/","url_meta":{"origin":70099,"position":1},"title":"Prefeitura de Ribeir\u00e3o rescinde contrato de obra do novo Centro Administrativo","author":"noticiasribeiraopreto.com.br","date":"28 de May de 2025","format":false,"excerpt":"A Prefeitura de Ribeir\u00e3o Preto publicou no Di\u00e1rio Oficial desta quarta-feira (28), a rescis\u00e3o unilateral do contrato com a empresa H2Obras Constru\u00e7\u00f5es, respons\u00e1vel pela obra do novo Centro Administrativo. Conforme publica\u00e7\u00e3o, a decis\u00e3o de encerrar o contrato de presta\u00e7\u00e3o de servi\u00e7os n\u00ba 239\/2024 est\u00e1 amparada nos incisos I do artigo\u2026","rel":"","context":"In &quot;Not\u00edcias de Ribeir\u00e3o Preto-SP e Regi\u00e3o&quot;","block_context":{"text":"Not\u00edcias de Ribeir\u00e3o Preto-SP e Regi\u00e3o","link":"https:\/\/noticiasribeiraopreto.com.br\/index.php\/category\/noticias-de-ribeirao-preto-sp-e-regiao-ismael-colosi\/"},"img":{"alt_text":"","src":"https:\/\/i0.wp.com\/noticiasribeiraopreto.com.br\/wp-content\/uploads\/2025\/05\/centro_administrativo_500x320_19022019180823.jpg?fit=500%2C322&ssl=1&resize=350%2C200","width":350,"height":200},"classes":[]},{"id":71056,"url":"https:\/\/noticiasribeiraopreto.com.br\/index.php\/2025\/06\/02\/terreno-do-centro-administrativo-podera-ser-devolvido\/","url_meta":{"origin":70099,"position":2},"title":"Terreno do Centro Administrativo poder\u00e1 ser devolvido","author":"noticiasribeiraopreto.com.br","date":"2 de June de 2025","format":false,"excerpt":"2 de junho de 2025 11:054 Compartilhar0 O Tribuna Ribeir\u00e3o apurou que a Funda\u00e7\u00e3o Educand\u00e1rio Coronel Quito Junqueira solicitou a prefeitura a devolu\u00e7\u00e3o da \u00e1rea doada para a prefeitura construir o Centro Administrativo municipal. A \u00e1rea com 105.982,53 m2 fica localizada na Avenida Paschoal Innechy, no Jardim Independ\u00eancia, zona Norte\u2026","rel":"","context":"In &quot;Not\u00edcias de Ribeir\u00e3o Preto-SP e Regi\u00e3o&quot;","block_context":{"text":"Not\u00edcias de Ribeir\u00e3o Preto-SP e Regi\u00e3o","link":"https:\/\/noticiasribeiraopreto.com.br\/index.php\/category\/noticias-de-ribeirao-preto-sp-e-regiao-ismael-colosi\/"},"img":{"alt_text":"","src":"https:\/\/i0.wp.com\/noticiasribeiraopreto.com.br\/wp-content\/uploads\/2025\/06\/CentroRP-Detalhe-Google-Maps-02-scaled.jpg?fit=800%2C450&ssl=1&resize=350%2C200","width":350,"height":200,"srcset":"https:\/\/i0.wp.com\/noticiasribeiraopreto.com.br\/wp-content\/uploads\/2025\/06\/CentroRP-Detalhe-Google-Maps-02-scaled.jpg?fit=800%2C450&ssl=1&resize=350%2C200 1x, https:\/\/i0.wp.com\/noticiasribeiraopreto.com.br\/wp-content\/uploads\/2025\/06\/CentroRP-Detalhe-Google-Maps-02-scaled.jpg?fit=800%2C450&ssl=1&resize=525%2C300 1.5x, https:\/\/i0.wp.com\/noticiasribeiraopreto.com.br\/wp-content\/uploads\/2025\/06\/CentroRP-Detalhe-Google-Maps-02-scaled.jpg?fit=800%2C450&ssl=1&resize=700%2C400 2x"},"classes":[]},{"id":70703,"url":"https:\/\/noticiasribeiraopreto.com.br\/index.php\/2025\/05\/29\/prefeitura-oficializa-rescisao-de-contrato-do-centro-administrativo\/","url_meta":{"origin":70099,"position":3},"title":"Prefeitura oficializa\u00a0rescis\u00e3o de contrato do Centro administrativo\u00a0","author":"noticiasribeiraopreto.com.br","date":"29 de May de 2025","format":false,"excerpt":"29 de maio de 2025 08:3028 de maio de 2025 20:0612 Compartilhar0 A prefeitura de Ribeir\u00e3o Preto publicou, no Di\u00e1rio Oficial do Munic\u00edpio (DOM) desta quarta-feira, 28 de maio, a rescis\u00e3o unilateral do contrato de presta\u00e7\u00e3o de servi\u00e7os n\u00ba 239\/2024, assinado com a empresa H2Obras Constru\u00e7\u00f5es Ltda., de S\u00e3o Paulo\u2026","rel":"","context":"In &quot;Not\u00edcias de Ribeir\u00e3o Preto-SP e Regi\u00e3o&quot;","block_context":{"text":"Not\u00edcias de Ribeir\u00e3o Preto-SP e Regi\u00e3o","link":"https:\/\/noticiasribeiraopreto.com.br\/index.php\/category\/noticias-de-ribeirao-preto-sp-e-regiao-ismael-colosi\/"},"img":{"alt_text":"","src":"https:\/\/i0.wp.com\/noticiasribeiraopreto.com.br\/wp-content\/uploads\/2025\/05\/CentroRP-Alfredo-Risk-2.jpg?fit=1200%2C665&ssl=1&resize=350%2C200","width":350,"height":200,"srcset":"https:\/\/i0.wp.com\/noticiasribeiraopreto.com.br\/wp-content\/uploads\/2025\/05\/CentroRP-Alfredo-Risk-2.jpg?fit=1200%2C665&ssl=1&resize=350%2C200 1x, https:\/\/i0.wp.com\/noticiasribeiraopreto.com.br\/wp-content\/uploads\/2025\/05\/CentroRP-Alfredo-Risk-2.jpg?fit=1200%2C665&ssl=1&resize=525%2C300 1.5x, https:\/\/i0.wp.com\/noticiasribeiraopreto.com.br\/wp-content\/uploads\/2025\/05\/CentroRP-Alfredo-Risk-2.jpg?fit=1200%2C665&ssl=1&resize=700%2C400 2x, https:\/\/i0.wp.com\/noticiasribeiraopreto.com.br\/wp-content\/uploads\/2025\/05\/CentroRP-Alfredo-Risk-2.jpg?fit=1200%2C665&ssl=1&resize=1050%2C600 3x"},"classes":[]},{"id":60661,"url":"https:\/\/noticiasribeiraopreto.com.br\/index.php\/2024\/11\/21\/tj-sp-derruba-suspensao-do-contrato-para-obra-do-centro-administrativo-de-ribeirao-preto\/","url_meta":{"origin":70099,"position":4},"title":"TJ-SP derruba suspens\u00e3o do contrato para obra do Centro Administrativo de Ribeir\u00e3o Preto","author":"noticiasribeiraopreto.com.br","date":"21 de November de 2024","format":false,"excerpt":"O TJ-SP (Tribunal de Justi\u00e7a de S\u00e3o Paulo) acatou, na \u00faltima segunda-feira (18), um recurso da Prefeitura de Ribeir\u00e3o Preto contra a decis\u00e3o que suspendeu o contrato para constru\u00e7\u00e3o do novo Centro Administrativo. De acordo com a decis\u00e3o do desembargador Rubens Rihl, os documentos apresentados pela prefeitura comprovam a exist\u00eancia\u2026","rel":"","context":"In &quot;Not\u00edcias de Ribeir\u00e3o Preto-SP e Regi\u00e3o&quot;","block_context":{"text":"Not\u00edcias de Ribeir\u00e3o Preto-SP e Regi\u00e3o","link":"https:\/\/noticiasribeiraopreto.com.br\/index.php\/category\/noticias-de-ribeirao-preto-sp-e-regiao-ismael-colosi\/"},"img":{"alt_text":"","src":"https:\/\/i0.wp.com\/noticiasribeiraopreto.com.br\/wp-content\/uploads\/2024\/06\/AnyConv.com__centro-administrativo-projeto_2024-06-26_13-44-03.webp.webp?fit=753%2C378&ssl=1&resize=350%2C200","width":350,"height":200,"srcset":"https:\/\/i0.wp.com\/noticiasribeiraopreto.com.br\/wp-content\/uploads\/2024\/06\/AnyConv.com__centro-administrativo-projeto_2024-06-26_13-44-03.webp.webp?fit=753%2C378&ssl=1&resize=350%2C200 1x, https:\/\/i0.wp.com\/noticiasribeiraopreto.com.br\/wp-content\/uploads\/2024\/06\/AnyConv.com__centro-administrativo-projeto_2024-06-26_13-44-03.webp.webp?fit=753%2C378&ssl=1&resize=525%2C300 1.5x, https:\/\/i0.wp.com\/noticiasribeiraopreto.com.br\/wp-content\/uploads\/2024\/06\/AnyConv.com__centro-administrativo-projeto_2024-06-26_13-44-03.webp.webp?fit=753%2C378&ssl=1&resize=700%2C400 2x"},"classes":[]},{"id":62242,"url":"https:\/\/noticiasribeiraopreto.com.br\/index.php\/2025\/01\/08\/ricardo-suspende-obra-do-novo-centro-administrativo-de-ribeirao-preto\/","url_meta":{"origin":70099,"position":5},"title":"Ricardo suspende obra do novo Centro Administrativo de Ribeir\u00e3o Preto","author":"noticiasribeiraopreto.com.br","date":"8 de January de 2025","format":false,"excerpt":"O prefeito de Ribeir\u00e3o Preto, Ricardo Silva (PSD), anunciou na manh\u00e3 desta quarta-feira (8) a suspens\u00e3o das obras do Centro Administrativo no Jardim Independ\u00eancia, na zona Norte. A obra est\u00e1 avaliada em R$ 173 milh\u00f5es. Segundo Ricardo Silva, a decis\u00e3o \u00e9 administrativa, portanto n\u00e3o passou por decis\u00e3o judicial. O chefe\u2026","rel":"","context":"In &quot;Not\u00edcias de Ribeir\u00e3o Preto-SP e Regi\u00e3o&quot;","block_context":{"text":"Not\u00edcias de Ribeir\u00e3o Preto-SP e Regi\u00e3o","link":"https:\/\/noticiasribeiraopreto.com.br\/index.php\/category\/noticias-de-ribeirao-preto-sp-e-regiao-ismael-colosi\/"},"img":{"alt_text":"","src":"https:\/\/i0.wp.com\/noticiasribeiraopreto.com.br\/wp-content\/uploads\/2024\/12\/centro-administrativo_2024-12-06_20-50-03_jpg_2024-12-06_20-50-03.webp.webp?fit=1200%2C869&ssl=1&resize=350%2C200","width":350,"height":200,"srcset":"https:\/\/i0.wp.com\/noticiasribeiraopreto.com.br\/wp-content\/uploads\/2024\/12\/centro-administrativo_2024-12-06_20-50-03_jpg_2024-12-06_20-50-03.webp.webp?fit=1200%2C869&ssl=1&resize=350%2C200 1x, https:\/\/i0.wp.com\/noticiasribeiraopreto.com.br\/wp-content\/uploads\/2024\/12\/centro-administrativo_2024-12-06_20-50-03_jpg_2024-12-06_20-50-03.webp.webp?fit=1200%2C869&ssl=1&resize=525%2C300 1.5x, https:\/\/i0.wp.com\/noticiasribeiraopreto.com.br\/wp-content\/uploads\/2024\/12\/centro-administrativo_2024-12-06_20-50-03_jpg_2024-12-06_20-50-03.webp.webp?fit=1200%2C869&ssl=1&resize=700%2C400 2x, https:\/\/i0.wp.com\/noticiasribeiraopreto.com.br\/wp-content\/uploads\/2024\/12\/centro-administrativo_2024-12-06_20-50-03_jpg_2024-12-06_20-50-03.webp.webp?fit=1200%2C869&ssl=1&resize=1050%2C600 3x"},"classes":[]}],"jetpack_sharing_enabled":true,"jetpack_shortlink":"https:\/\/wp.me\/peQAOb-ieD","_links":{"self":[{"href":"https:\/\/noticiasribeiraopreto.com.br\/index.php\/wp-json\/wp\/v2\/posts\/70099","targetHints":{"allow":["GET"]}}],"collection":[{"href":"https:\/\/noticiasribeiraopreto.com.br\/index.php\/wp-json\/wp\/v2\/posts"}],"about":[{"href":"https:\/\/noticiasribeiraopreto.com.br\/index.php\/wp-json\/wp\/v2\/types\/post"}],"author":[{"embeddable":true,"href":"https:\/\/noticiasribeiraopreto.com.br\/index.php\/wp-json\/wp\/v2\/users\/1"}],"replies":[{"embeddable":true,"href":"https:\/\/noticiasribeiraopreto.com.br\/index.php\/wp-json\/wp\/v2\/comments?post=70099"}],"version-history":[{"count":0,"href":"https:\/\/noticiasribeiraopreto.com.br\/index.php\/wp-json\/wp\/v2\/posts\/70099\/revisions"}],"wp:featuredmedia":[{"embeddable":true,"href":"https:\/\/noticiasribeiraopreto.com.br\/index.php\/wp-json\/wp\/v2\/media\/70100"}],"wp:attachment":[{"href":"https:\/\/noticiasribeiraopreto.com.br\/index.php\/wp-json\/wp\/v2\/media?parent=70099"}],"wp:term":[{"taxonomy":"category","embeddable":true,"href":"https:\/\/noticiasribeiraopreto.com.br\/index.php\/wp-json\/wp\/v2\/categories?post=70099"},{"taxonomy":"post_tag","embeddable":true,"href":"https:\/\/noticiasribeiraopreto.com.br\/index.php\/wp-json\/wp\/v2\/tags?post=70099"}],"curies":[{"name":"wp","href":"https:\/\/api.w.org\/{rel}","templated":true}]}}