{"id":70101,"date":"2025-05-22T18:45:02","date_gmt":"2025-05-22T21:45:02","guid":{"rendered":"https:\/\/noticiasribeiraopreto.com.br\/index.php\/2025\/05\/22\/video-jogador-pedro-severino-deixa-uti\/"},"modified":"2025-05-22T18:45:02","modified_gmt":"2025-05-22T21:45:02","slug":"video-jogador-pedro-severino-deixa-uti","status":"publish","type":"post","link":"https:\/\/noticiasribeiraopreto.com.br\/index.php\/2025\/05\/22\/video-jogador-pedro-severino-deixa-uti\/","title":{"rendered":"V\u00cdDEO: Jogador Pedro Severino deixa UTI"},"content":{"rendered":"<div class='code-block code-block-1' style='margin: 8px 0 8px auto; text-align: right; display: block; clear: both;'>\n<p><a href=\"https:\/\/wa.link\/vpicfd\"><img data-recalc-dims=\"1\" class=\"wp-image-4922\" style=\"aspect-ratio: 2.0253164556962027; width: 561px; height: auto;\" src=\"https:\/\/i0.wp.com\/ismaelcolosi.com.br\/wp-content\/uploads\/2023\/11\/grupo-de-empregos-whatsapp-e-facebook-ismael-colosi-vagas.jpg?ssl=1\" alt=\"\" \/><\/a><\/p>\n<!-- \/wp:image -->\n<\/div>\n<p> <br \/>\n<\/p>\n<div id=\"\">\n<p>\n\t\t\t\t\t\t\t\t\t<span class=\"entry-meta-item penci-posted-on\"><i class=\"fa fa-clock-o\"\/><time class=\"entry-date published updated\" datetime=\"2025-05-22T18:38:52-03:00\">22 de maio de 2025 18:38<\/time><\/span><span class=\"entry-meta-item penci-post-countview\"><span class=\"entry-meta-item penci-post-countview penci_post-meta_item\"><i class=\"fa fa-eye\"\/><span class=\"penci-post-countview-number penci-post-countview-p426537\">3<\/span><\/span><\/span>\t\t\t\t\t\t\t\t<\/p>\n<p><!-- .entry-meta --><br \/>\n\t\t\t\t\t\t\t\t<span class=\"penci-social-buttons penci-social-share-footer\"><span class=\"penci-social-share-text\">Compartilhar<\/span><a href=\"#\" class=\"penci-post-like penci_post-meta_item  single-like-button penci-social-item like\" data-post_id=\"426537\" title=\"Like\" data-like=\"Like\" data-unlike=\"Unlike\"><i class=\"fa fa-thumbs-o-up\"\/><span class=\"penci-share-number\">0<\/span><\/a><i class=\"fa fa-facebook\"\/><a class=\"penci-social-item twitter\" target=\"_blank\" rel=\"noopener\" title=\"\" href=\"https:\/\/twitter.com\/intent\/tweet?text=V\u00cdDEO:%20Jogador%20Pedro%20Severino%20deixa%20UTI%20-%20https:\/\/www.tribunaribeirao.com.br\/video-jogador-pedro-severino-deixa-uti\/\"><i class=\"fa fa-twitter\"\/><\/a><i class=\"fa fa-linkedin\"\/><i class=\"fa fa-whatsapp\"\/><i class=\"fa fa-telegram\"\/><i class=\"fa fa-envelope\"\/><\/span>\t\t\t\t\t\t\t<\/div>\n<div>\n<p><iframe loading=\"lazy\" title=\"Pedro Severino deixa a UTI\" width=\"500\" height=\"281\" src=\"https:\/\/www.youtube.com\/embed\/P2U-9pVdpLY?feature=oembed\" frameborder=\"0\" allow=\"accelerometer; autoplay; clipboard-write; encrypted-media; gyroscope; picture-in-picture; web-share\" referrerpolicy=\"strict-origin-when-cross-origin\" allowfullscreen><\/iframe><\/p>\n<p>O jogador Pedro Severino, de 19 anos, segue internado em um hospital de Ribeir\u00e3o Preto, com quadro de sa\u00fade est\u00e1vel e evolu\u00e7\u00e3o positiva. O atleta foi um dos envolvidos em um grave acidente de tr\u00e2nsito na madrugada de 4 de mar\u00e7o, na Rodovia Anhanguera (SP-330), na altura de Americana (SP).<\/p>\n<p>De acordo com informa\u00e7\u00f5es da fam\u00edlia, Pedro deixou a Unidade de Terapia Intensiva (UTI) e agora se recupera em um quarto hospitalar. Na quarta-feira (21), ele apareceu na janela do hospital e acenou para amigos e familiares que o aguardavam do lado de fora. \u201cPedro \u00e9 um milagre. Ele vem reagindo muito bem e n\u00e3o corre mais risco de morte, mas ainda n\u00e3o h\u00e1 previs\u00e3o de alta\u201d, afirmou emocionado o pai do jogador, Lucas Severino.<\/p>\n<p>Logo ap\u00f3s o acidente, Pedro foi socorrido e internado no Hospital Municipal Dr. Waldemar Tebaldi, em Americana. Na ocasi\u00e3o, chegou a ter protocolo de morte encef\u00e1lica iniciado, ap\u00f3s apresentar quadro extremamente grave. No entanto, no dia 10 de mar\u00e7o, reagiu a est\u00edmulos como tosse e respira\u00e7\u00e3o, surpreendendo a equipe m\u00e9dica.<\/p>\n<p>Quatro dias depois, os m\u00e9dicos come\u00e7aram a reduzir a ventila\u00e7\u00e3o mec\u00e2nica. Em 25 de mar\u00e7o, o atleta deixou a UTI e foi transferido para o quarto, onde permanece em recupera\u00e7\u00e3o.<\/p>\n<p>Apesar da melhora significativa, a fam\u00edlia informa que o jovem segue sem previs\u00e3o de alta hospitalar, mas continua respondendo bem ao tratamento.<\/p>\n<p>\u2014<\/p>\n<p>Jornal Tribuna Ribeir\u00e3o<\/p>\n<p>Um Jornal com a cara de Ribeir\u00e3o!<\/p>\n<p>\u00a0<\/p>\n<p>Impresso | WEB | Redes sociais<\/p>\n<p>Tribuna Ribeir\u00e3o \u2013 Fone: (16) 3632-2200 \u2013 Whatsapp: (16) 98161-8743<\/p>\n<p>Av. Bar\u00e3o do Bananal, 880 \u2013 Jardim Anhanguera, Ribeir\u00e3o Preto<\/p>\n<p>\u00a0<\/p>\n<p>@tribunaribeirao @meiaderibeirao @dinoderibeirao<\/p>\n<p>\u00a0<\/p>\n<p>#TribunaRibeir\u00e3o #News #Not\u00edcia #Ribeir\u00e3oPreto #Not\u00edciasDeRibeir\u00e3oPreto<\/p>\n<p>#ClassificadosTribunaRibeir\u00e3o #Jornalismo #ClassificadosRibeir\u00e3o<\/p>\n<\/div>\n<p><script async src=\"\/\/platform.twitter.com\/widgets.js\" charset=\"utf-8\"><\/script><br \/>\n<br \/><br \/>\n<br \/><a href=\"https:\/\/www.tribunaribeirao.com.br\/video-jogador-pedro-severino-deixa-uti\/\">Source link <\/a><\/p>\n<!-- CONTENT END 1 -->\n","protected":false},"excerpt":{"rendered":"<p>22 de maio de 2025 18:383 Compartilhar0 O jogador Pedro Severino, de 19 anos, segue internado em um hospital de Ribeir\u00e3o Preto, com quadro de&#8230;<\/p>\n","protected":false},"author":1,"featured_media":70103,"comment_status":"open","ping_status":"open","sticky":false,"template":"","format":"standard","meta":{"advanced_seo_description":"","jetpack_seo_html_title":"","jetpack_seo_noindex":false,"jetpack_post_was_ever_published":false,"_jetpack_newsletter_access":"","_jetpack_dont_email_post_to_subs":false,"_jetpack_newsletter_tier_id":0,"_jetpack_memberships_contains_paywalled_content":false,"_jetpack_memberships_contains_paid_content":false,"footnotes":"","jetpack_publicize_message":"","jetpack_publicize_feature_enabled":true,"jetpack_social_post_already_shared":true,"jetpack_social_options":{"image_generator_settings":{"template":"highway","default_image_id":0,"font":"","enabled":false},"version":2}},"categories":[11],"tags":[],"class_list":["post-70101","post","type-post","status-publish","format-standard","has-post-thumbnail","hentry","category-noticias-de-ribeirao-preto-sp-e-regiao-ismael-colosi"],"jetpack_publicize_connections":[],"jetpack_featured_media_url":"https:\/\/i0.wp.com\/noticiasribeiraopreto.com.br\/wp-content\/uploads\/2025\/05\/pedro_severino.jpg?fit=750%2C500&ssl=1","jetpack-related-posts":[{"id":70106,"url":"https:\/\/noticiasribeiraopreto.com.br\/index.php\/2025\/05\/22\/video-jogador-pedro-severino-aparece-na-janela-do-hospital\/","url_meta":{"origin":70101,"position":0},"title":"V\u00cdDEO: Jogador Pedro Severino aparece na janela do hospital","author":"noticiasribeiraopreto.com.br","date":"22 de May de 2025","format":false,"excerpt":"22 de maio de 2025 18:3822 de maio de 2025 18:469 Compartilhar0 O jogador Pedro Severino, de 19 anos, segue internado em um hospital de Ribeir\u00e3o Preto, com quadro de sa\u00fade est\u00e1vel e evolu\u00e7\u00e3o positiva. O atleta foi um dos envolvidos em um grave acidente de tr\u00e2nsito na madrugada de\u2026","rel":"","context":"In &quot;Not\u00edcias de Ribeir\u00e3o Preto-SP e Regi\u00e3o&quot;","block_context":{"text":"Not\u00edcias de Ribeir\u00e3o Preto-SP e Regi\u00e3o","link":"https:\/\/noticiasribeiraopreto.com.br\/index.php\/category\/noticias-de-ribeirao-preto-sp-e-regiao-ismael-colosi\/"},"img":{"alt_text":"","src":"https:\/\/i0.wp.com\/noticiasribeiraopreto.com.br\/wp-content\/uploads\/2025\/05\/1747951067_pedro_severino.jpg?fit=750%2C500&ssl=1&resize=350%2C200","width":350,"height":200,"srcset":"https:\/\/i0.wp.com\/noticiasribeiraopreto.com.br\/wp-content\/uploads\/2025\/05\/1747951067_pedro_severino.jpg?fit=750%2C500&ssl=1&resize=350%2C200 1x, https:\/\/i0.wp.com\/noticiasribeiraopreto.com.br\/wp-content\/uploads\/2025\/05\/1747951067_pedro_severino.jpg?fit=750%2C500&ssl=1&resize=525%2C300 1.5x, https:\/\/i0.wp.com\/noticiasribeiraopreto.com.br\/wp-content\/uploads\/2025\/05\/1747951067_pedro_severino.jpg?fit=750%2C500&ssl=1&resize=700%2C400 2x"},"classes":[]},{"id":65845,"url":"https:\/\/noticiasribeiraopreto.com.br\/index.php\/2025\/03\/25\/jogador-pedro-severino-deixa-uti-e-vai-para-o-quarto-diz-hospital\/","url_meta":{"origin":70101,"position":1},"title":"Jogador Pedro Severino deixa UTI e vai para o quarto, diz hospital","author":"noticiasribeiraopreto.com.br","date":"25 de March de 2025","format":false,"excerpt":"O jogador Pedro Severino, de 19 anos, deixou a UTI e foi transferido para o quarto no in\u00edcio da noite desta segunda-feira (24), segundo boletim m\u00e9dico divulgado pelo Hospital Unimed Ribeir\u00e3o Preto, onde o\u00a0atleta\u00a0permanece\u00a0internado, ap\u00f3s sofrer um\u00a0acidente\u00a0de\u00a0carro\u00a0no dia\u00a04 de mar\u00e7o. Segundo o hospital, o quadro neurol\u00f3gico do atleta ainda inspira\u2026","rel":"","context":"In &quot;Not\u00edcias de Ribeir\u00e3o Preto-SP e Regi\u00e3o&quot;","block_context":{"text":"Not\u00edcias de Ribeir\u00e3o Preto-SP e Regi\u00e3o","link":"https:\/\/noticiasribeiraopreto.com.br\/index.php\/category\/noticias-de-ribeirao-preto-sp-e-regiao-ismael-colosi\/"},"img":{"alt_text":"","src":"https:\/\/i0.wp.com\/noticiasribeiraopreto.com.br\/wp-content\/uploads\/2025\/03\/Molde-Midiass-8_2025-03-04_17-03-50_jpg_2025-03-04_17-03-50.webp.webp?fit=960%2C539&ssl=1&resize=350%2C200","width":350,"height":200,"srcset":"https:\/\/i0.wp.com\/noticiasribeiraopreto.com.br\/wp-content\/uploads\/2025\/03\/Molde-Midiass-8_2025-03-04_17-03-50_jpg_2025-03-04_17-03-50.webp.webp?fit=960%2C539&ssl=1&resize=350%2C200 1x, https:\/\/i0.wp.com\/noticiasribeiraopreto.com.br\/wp-content\/uploads\/2025\/03\/Molde-Midiass-8_2025-03-04_17-03-50_jpg_2025-03-04_17-03-50.webp.webp?fit=960%2C539&ssl=1&resize=525%2C300 1.5x, https:\/\/i0.wp.com\/noticiasribeiraopreto.com.br\/wp-content\/uploads\/2025\/03\/Molde-Midiass-8_2025-03-04_17-03-50_jpg_2025-03-04_17-03-50.webp.webp?fit=960%2C539&ssl=1&resize=700%2C400 2x"},"classes":[]},{"id":72024,"url":"https:\/\/noticiasribeiraopreto.com.br\/index.php\/2025\/06\/12\/video-veja-o-momento-em-que-o-jogador-pedro-severino-deixa-hospital-sob-aplausos\/","url_meta":{"origin":70101,"position":2},"title":"V\u00eddeo: Veja o momento em que o jogador Pedro Severino deixa hospital sob aplausos","author":"noticiasribeiraopreto.com.br","date":"12 de June de 2025","format":false,"excerpt":"O jogador Pedro Severino deixou o hospital sob aplausos na \u00faltima ter\u00e7a-feira (10), depois de sofrer um grave acidente de carro e permanecer internado por 96 dias na Unimed Ribeir\u00e3o Preto. O v\u00eddeo foi divulgado nesta quinta-feira (12), data em que a equipe m\u00e9dica que est\u00e1 \u00e0 frente do tratamento\u2026","rel":"","context":"In &quot;Not\u00edcias de Ribeir\u00e3o Preto-SP e Regi\u00e3o&quot;","block_context":{"text":"Not\u00edcias de Ribeir\u00e3o Preto-SP e Regi\u00e3o","link":"https:\/\/noticiasribeiraopreto.com.br\/index.php\/category\/noticias-de-ribeirao-preto-sp-e-regiao-ismael-colosi\/"},"img":{"alt_text":"","src":"https:\/\/i0.wp.com\/noticiasribeiraopreto.com.br\/wp-content\/uploads\/2025\/06\/WhatsApp-Image-2025-06-12-at-13.06.09_2025-06-12_16-06-44.webp.webp?fit=1200%2C1036&ssl=1&resize=350%2C200","width":350,"height":200,"srcset":"https:\/\/i0.wp.com\/noticiasribeiraopreto.com.br\/wp-content\/uploads\/2025\/06\/WhatsApp-Image-2025-06-12-at-13.06.09_2025-06-12_16-06-44.webp.webp?fit=1200%2C1036&ssl=1&resize=350%2C200 1x, https:\/\/i0.wp.com\/noticiasribeiraopreto.com.br\/wp-content\/uploads\/2025\/06\/WhatsApp-Image-2025-06-12-at-13.06.09_2025-06-12_16-06-44.webp.webp?fit=1200%2C1036&ssl=1&resize=525%2C300 1.5x, https:\/\/i0.wp.com\/noticiasribeiraopreto.com.br\/wp-content\/uploads\/2025\/06\/WhatsApp-Image-2025-06-12-at-13.06.09_2025-06-12_16-06-44.webp.webp?fit=1200%2C1036&ssl=1&resize=700%2C400 2x, https:\/\/i0.wp.com\/noticiasribeiraopreto.com.br\/wp-content\/uploads\/2025\/06\/WhatsApp-Image-2025-06-12-at-13.06.09_2025-06-12_16-06-44.webp.webp?fit=1200%2C1036&ssl=1&resize=1050%2C600 3x"},"classes":[]},{"id":70118,"url":"https:\/\/noticiasribeiraopreto.com.br\/index.php\/2025\/05\/22\/veja-o-momento-em-que-o-jogador-pedro-severino-acena-da-janela-do-hospital\/","url_meta":{"origin":70101,"position":3},"title":"Veja o momento em que o jogador Pedro Severino acena da janela do hospital","author":"noticiasribeiraopreto.com.br","date":"22 de May de 2025","format":false,"excerpt":"O jogador Pedro Severino, de 19 anos, que sofreu um grave acidente de tr\u00e2nsito no dia 4 de mar\u00e7o, em Americana, no interior de S\u00e3o Paulo, segue apresentando evolu\u00e7\u00e3o no quadro cl\u00ednico e n\u00e3o corre mais risco de morte. A informa\u00e7\u00e3o foi confirmada pelo pai do atleta, Lucas Severino. Na\u2026","rel":"","context":"In &quot;Not\u00edcias de Ribeir\u00e3o Preto-SP e Regi\u00e3o&quot;","block_context":{"text":"Not\u00edcias de Ribeir\u00e3o Preto-SP e Regi\u00e3o","link":"https:\/\/noticiasribeiraopreto.com.br\/index.php\/category\/noticias-de-ribeirao-preto-sp-e-regiao-ismael-colosi\/"},"img":{"alt_text":"","src":"https:\/\/i0.wp.com\/noticiasribeiraopreto.com.br\/wp-content\/uploads\/2025\/05\/Copia-de-Copia-de-Copia-de-TAMANHO-EXATO-PARA-FOTOS-NO-SISTEMA-NOVO-89_2025-05-22_23-51-26.webp.webp?fit=1200%2C675&ssl=1&resize=350%2C200","width":350,"height":200,"srcset":"https:\/\/i0.wp.com\/noticiasribeiraopreto.com.br\/wp-content\/uploads\/2025\/05\/Copia-de-Copia-de-Copia-de-TAMANHO-EXATO-PARA-FOTOS-NO-SISTEMA-NOVO-89_2025-05-22_23-51-26.webp.webp?fit=1200%2C675&ssl=1&resize=350%2C200 1x, https:\/\/i0.wp.com\/noticiasribeiraopreto.com.br\/wp-content\/uploads\/2025\/05\/Copia-de-Copia-de-Copia-de-TAMANHO-EXATO-PARA-FOTOS-NO-SISTEMA-NOVO-89_2025-05-22_23-51-26.webp.webp?fit=1200%2C675&ssl=1&resize=525%2C300 1.5x, https:\/\/i0.wp.com\/noticiasribeiraopreto.com.br\/wp-content\/uploads\/2025\/05\/Copia-de-Copia-de-Copia-de-TAMANHO-EXATO-PARA-FOTOS-NO-SISTEMA-NOVO-89_2025-05-22_23-51-26.webp.webp?fit=1200%2C675&ssl=1&resize=700%2C400 2x, https:\/\/i0.wp.com\/noticiasribeiraopreto.com.br\/wp-content\/uploads\/2025\/05\/Copia-de-Copia-de-Copia-de-TAMANHO-EXATO-PARA-FOTOS-NO-SISTEMA-NOVO-89_2025-05-22_23-51-26.webp.webp?fit=1200%2C675&ssl=1&resize=1050%2C600 3x"},"classes":[]},{"id":70096,"url":"https:\/\/noticiasribeiraopreto.com.br\/index.php\/2025\/05\/22\/jogador-pedro-severino-acena-da-janela-do-hospital-e-tem-quadro-estavel-diz-familia\/","url_meta":{"origin":70101,"position":4},"title":"Jogador Pedro Severino acena da janela do hospital e tem quadro est\u00e1vel, diz fam\u00edlia","author":"noticiasribeiraopreto.com.br","date":"22 de May de 2025","format":false,"excerpt":"O jogador Pedro Severino, que sofreu um acidente no dia 4 de mar\u00e7o, em Americana, no interior de S\u00e3o Paulo, n\u00e3o corre mais risco de morte e segue com quadro est\u00e1vel, em evolu\u00e7\u00e3o. A informa\u00e7\u00e3o foi dada pelo pai do atleta. Nesta quarta-feira (21), Pedro apareceu na janela do hospital\u2026","rel":"","context":"In &quot;Not\u00edcias de Ribeir\u00e3o Preto-SP e Regi\u00e3o&quot;","block_context":{"text":"Not\u00edcias de Ribeir\u00e3o Preto-SP e Regi\u00e3o","link":"https:\/\/noticiasribeiraopreto.com.br\/index.php\/category\/noticias-de-ribeirao-preto-sp-e-regiao-ismael-colosi\/"},"img":{"alt_text":"","src":"https:\/\/i0.wp.com\/noticiasribeiraopreto.com.br\/wp-content\/uploads\/2025\/03\/IMG-20250305-WA0006_2025-03-05_13-27-33_jpg_2025-03-05_13-27-33.webp.webp?fit=1200%2C799&ssl=1&resize=350%2C200","width":350,"height":200,"srcset":"https:\/\/i0.wp.com\/noticiasribeiraopreto.com.br\/wp-content\/uploads\/2025\/03\/IMG-20250305-WA0006_2025-03-05_13-27-33_jpg_2025-03-05_13-27-33.webp.webp?fit=1200%2C799&ssl=1&resize=350%2C200 1x, https:\/\/i0.wp.com\/noticiasribeiraopreto.com.br\/wp-content\/uploads\/2025\/03\/IMG-20250305-WA0006_2025-03-05_13-27-33_jpg_2025-03-05_13-27-33.webp.webp?fit=1200%2C799&ssl=1&resize=525%2C300 1.5x, https:\/\/i0.wp.com\/noticiasribeiraopreto.com.br\/wp-content\/uploads\/2025\/03\/IMG-20250305-WA0006_2025-03-05_13-27-33_jpg_2025-03-05_13-27-33.webp.webp?fit=1200%2C799&ssl=1&resize=700%2C400 2x, https:\/\/i0.wp.com\/noticiasribeiraopreto.com.br\/wp-content\/uploads\/2025\/03\/IMG-20250305-WA0006_2025-03-05_13-27-33_jpg_2025-03-05_13-27-33.webp.webp?fit=1200%2C799&ssl=1&resize=1050%2C600 3x"},"classes":[]},{"id":64589,"url":"https:\/\/noticiasribeiraopreto.com.br\/index.php\/2025\/03\/10\/jogador-pedro-severino-apresenta-reacao-a-estimulos-diz-hospital-em-novo-boletim-medico\/","url_meta":{"origin":70101,"position":5},"title":"Jogador Pedro Severino apresenta rea\u00e7\u00e3o a est\u00edmulos, diz hospital em novo boletim m\u00e9dico","author":"noticiasribeiraopreto.com.br","date":"10 de March de 2025","format":false,"excerpt":"O jogador Pedro Severino, de 19 anos, apresentou rea\u00e7\u00f5es a est\u00edmulos nas \u00faltimas 24 horas, segundo boletim m\u00e9dico divulgado na manh\u00e3 desta segunda-feira (10). Ele segue internado na UTI (Unidade de Terapia Intensiva) do Hospital Unimed Ribeir\u00e3o Preto, ap\u00f3s sofrer um acidente de carro na \u00faltima ter\u00e7a-feira (4). Conforme o\u2026","rel":"","context":"In &quot;Not\u00edcias de Ribeir\u00e3o Preto-SP e Regi\u00e3o&quot;","block_context":{"text":"Not\u00edcias de Ribeir\u00e3o Preto-SP e Regi\u00e3o","link":"https:\/\/noticiasribeiraopreto.com.br\/index.php\/category\/noticias-de-ribeirao-preto-sp-e-regiao-ismael-colosi\/"},"img":{"alt_text":"","src":"https:\/\/i0.wp.com\/noticiasribeiraopreto.com.br\/wp-content\/uploads\/2025\/03\/IMG-20250305-WA0006_2025-03-05_13-27-33_jpg_2025-03-05_13-27-33.webp.webp?fit=1200%2C799&ssl=1&resize=350%2C200","width":350,"height":200,"srcset":"https:\/\/i0.wp.com\/noticiasribeiraopreto.com.br\/wp-content\/uploads\/2025\/03\/IMG-20250305-WA0006_2025-03-05_13-27-33_jpg_2025-03-05_13-27-33.webp.webp?fit=1200%2C799&ssl=1&resize=350%2C200 1x, https:\/\/i0.wp.com\/noticiasribeiraopreto.com.br\/wp-content\/uploads\/2025\/03\/IMG-20250305-WA0006_2025-03-05_13-27-33_jpg_2025-03-05_13-27-33.webp.webp?fit=1200%2C799&ssl=1&resize=525%2C300 1.5x, https:\/\/i0.wp.com\/noticiasribeiraopreto.com.br\/wp-content\/uploads\/2025\/03\/IMG-20250305-WA0006_2025-03-05_13-27-33_jpg_2025-03-05_13-27-33.webp.webp?fit=1200%2C799&ssl=1&resize=700%2C400 2x, https:\/\/i0.wp.com\/noticiasribeiraopreto.com.br\/wp-content\/uploads\/2025\/03\/IMG-20250305-WA0006_2025-03-05_13-27-33_jpg_2025-03-05_13-27-33.webp.webp?fit=1200%2C799&ssl=1&resize=1050%2C600 3x"},"classes":[]}],"jetpack_sharing_enabled":true,"jetpack_shortlink":"https:\/\/wp.me\/peQAOb-ieF","_links":{"self":[{"href":"https:\/\/noticiasribeiraopreto.com.br\/index.php\/wp-json\/wp\/v2\/posts\/70101","targetHints":{"allow":["GET"]}}],"collection":[{"href":"https:\/\/noticiasribeiraopreto.com.br\/index.php\/wp-json\/wp\/v2\/posts"}],"about":[{"href":"https:\/\/noticiasribeiraopreto.com.br\/index.php\/wp-json\/wp\/v2\/types\/post"}],"author":[{"embeddable":true,"href":"https:\/\/noticiasribeiraopreto.com.br\/index.php\/wp-json\/wp\/v2\/users\/1"}],"replies":[{"embeddable":true,"href":"https:\/\/noticiasribeiraopreto.com.br\/index.php\/wp-json\/wp\/v2\/comments?post=70101"}],"version-history":[{"count":0,"href":"https:\/\/noticiasribeiraopreto.com.br\/index.php\/wp-json\/wp\/v2\/posts\/70101\/revisions"}],"wp:featuredmedia":[{"embeddable":true,"href":"https:\/\/noticiasribeiraopreto.com.br\/index.php\/wp-json\/wp\/v2\/media\/70103"}],"wp:attachment":[{"href":"https:\/\/noticiasribeiraopreto.com.br\/index.php\/wp-json\/wp\/v2\/media?parent=70101"}],"wp:term":[{"taxonomy":"category","embeddable":true,"href":"https:\/\/noticiasribeiraopreto.com.br\/index.php\/wp-json\/wp\/v2\/categories?post=70101"},{"taxonomy":"post_tag","embeddable":true,"href":"https:\/\/noticiasribeiraopreto.com.br\/index.php\/wp-json\/wp\/v2\/tags?post=70101"}],"curies":[{"name":"wp","href":"https:\/\/api.w.org\/{rel}","templated":true}]}}